{"id":45699,"date":"2025-01-31T21:07:02","date_gmt":"2025-01-31T20:07:02","guid":{"rendered":"https:\/\/correspondenciadeprensa.com\/?p=45699"},"modified":"2025-01-31T21:07:02","modified_gmt":"2025-01-31T20:07:02","slug":"israel-aumenta-la-cantidad-de-ninos-detenidos-y-torturados-en-las-carceles-sharon-zhang","status":"publish","type":"post","link":"https:\/\/correspondenciadeprensa.com\/?p=45699","title":{"rendered":"Israel &#8211; Aumenta la cantidad de ni\u00f1os detenidos y torturados en las c\u00e1rceles. [Sharon Zhang]"},"content":{"rendered":"\n<p class=\"has-text-align-right wp-block-paragraph\"><sub>Foto: Majdi Fathi \/ NurPhoto via Getty Images<\/sub><\/p>\n\n\n\n<p class=\"has-text-color has-link-color wp-elements-1 wp-block-paragraph\" style=\"color:#010000\"><strong>Rehenes del silencio<\/strong><\/p>\n\n\n\n<p class=\"has-text-color has-link-color wp-elements-2 wp-block-paragraph\" style=\"color:#010000\"><strong>Aumenta la cantidad de ni\u00f1os detenidos y torturados en c\u00e1rceles de Israel*<\/strong><\/p>\n\n\n\n<p class=\"has-text-color has-link-color wp-elements-3 wp-block-paragraph\" style=\"color:#010000\"><strong>Traducci\u00f3n de <em><a href=\"https:\/\/brecha.com.uy\/rehenes-del-silencio\/\">Brecha<\/a><\/em>, 31-1-2025<\/strong><\/p>\n\n\n\n<p class=\"has-text-color has-link-color wp-elements-4 wp-block-paragraph\" style=\"color:#010000\"><strong><em><a href=\"https:\/\/correspondenciadeprensa.com\/\">Correspondencia de Prensa<\/a><\/em>, 31-1-2025<\/strong><\/p>\n\n\n\n<p class=\"has-text-align-justify has-text-color has-link-color wp-elements-5 wp-block-paragraph\" style=\"color:#010000\"><strong>Son al menos 300 los ni\u00f1os palestinos en prisiones y centros de tortura israel\u00edes. Save the Children inform\u00f3 que la mayor\u00eda son obligados a desnudarse frente a los soldados, sometidos a golpizas y privados de agua y comida. Esta semana, Defensa de Ni\u00f1as y Ni\u00f1os Internacional &#8211; Palestina denunci\u00f3 que la cifra de ni\u00f1os detenidos sin cargos lleg\u00f3 a un nuevo r\u00e9cord.<\/strong><\/p>\n\n\n\n<p class=\"has-text-align-justify has-text-color has-link-color wp-elements-6 wp-block-paragraph\" style=\"color:#010000\">Un n\u00famero r\u00e9cord de ni\u00f1os palestinos han sido detenidos sin cargos por Israel, seg\u00fan inform\u00f3 esta semana la filial palestina de la ONG Defensa de Ni\u00f1as y Ni\u00f1os Internacional (DCIP, por sus siglas en ingl\u00e9s), mientras los l\u00edderes mundiales y los grandes medios de comunicaci\u00f3n centran sus historias casi \u00fanicamente en los rehenes israel\u00edes en Gaza.<\/p>\n\n\n\n<p class=\"has-text-align-justify has-text-color has-link-color wp-elements-7 wp-block-paragraph\" style=\"color:#010000\">DCIP<em><a href=\"https:\/\/www.dci-palestine.org\/palestinian_child_administrative_detainees_reach_all_time_high\"> anunci\u00f3 en un informe<\/a><\/em> este lunes que, al 31 de diciembre, 112 ni\u00f1os palestinos se encontraban presos bajo detenci\u00f3n administrativa, una forma de detenci\u00f3n por la que las autoridades arrestan y retienen a una persona sin cargos ni juicio. Como fuente de su afirmaci\u00f3n, el grupo cit\u00f3 los datos actuales del propio Servicio Penitenciario de Israel. Se trata del mayor n\u00famero de ni\u00f1os palestinos detenidos sin cargos por Israel desde que DCIP comenz\u00f3 a monitorear esta tendencia en 2008, dijo el grupo.<\/p>\n\n\n\n<p class=\"has-text-align-justify has-text-color has-link-color wp-elements-8 wp-block-paragraph\" style=\"color:#010000\">\u00abDetener ni\u00f1os indefinidamente, sin cargos ni juicio, equivale a ejercer la detenci\u00f3n arbitraria\u00bb, dijo en un comunicado Ayed Abu Eqtaish, quien dirige el programa de rendici\u00f3n de cuentas de DCIP.<em><a href=\"https:\/\/ihl-databases.icrc.org\/es\/customary-ihl\/v2\/rule99\"> La detenci\u00f3n arbitraria<\/a><\/em> es una violaci\u00f3n del derecho internacional humanitario.<\/p>\n\n\n\n<p class=\"has-text-align-justify has-text-color has-link-color wp-elements-9 wp-block-paragraph\" style=\"color:#010000\">Los ni\u00f1os detenidos bajo esta modalidad representaban m\u00e1s de un tercio de los 300 ni\u00f1os palestinos presos en c\u00e1rceles y centros de tortura israel\u00edes a finales del a\u00f1o pasado. Seg\u00fan DCIP, Israel detiene y procesa a entre 500 y 700<em><a href=\"https:\/\/www.dci-palestine.org\/children_in_israeli_detention\"> ni\u00f1os palestinos por a\u00f1o<\/a><\/em>. La organizaci\u00f3n se\u00f1al\u00f3 que casi todos estos ni\u00f1os fueron arrestados cuando se intensific\u00f3 la violencia militar y de los colonos israel\u00edes en la Cisjordania ocupada, a partir del 7 de octubre de 2023, en medio del genocidio en Gaza.<\/p>\n\n\n\n<p class=\"has-text-align-justify has-text-color has-link-color wp-elements-10 wp-block-paragraph\" style=\"color:#010000\">En los \u00faltimos d\u00edas, algunos ni\u00f1os que se encontraban en detenci\u00f3n administrativa fueron liberados como parte del acuerdo de alto el fuego en Gaza. DCIP se\u00f1al\u00f3 que funcionarios israel\u00edes han amenazado a las familias de estos ni\u00f1os para disuadirlos de hablar con los medios.<\/p>\n\n\n\n<p class=\"has-text-align-justify has-text-color has-link-color wp-elements-11 wp-block-paragraph\" style=\"color:#010000\">Una investigaci\u00f3n de Save the Children de julio de 2023 hall\u00f3 que, en los centros de detenci\u00f3n israel\u00edes, la gran mayor\u00eda de los ni\u00f1os presos sufren<em><a href=\"https:\/\/www.savethechildren.net\/news\/stripped-beaten-and-blindfolded-new-research-reveals-ongoing-violence-and-abuse-palestinian\"> palizas<\/a><\/em> de los soldados israel\u00edes, son obligados a desnudarse para ser registrados y se los priva de alimentos y agua. \u00abDesde el 7 de octubre, los ni\u00f1os palestinos detenidos han informado constantemente de un aumento de los casos de malos tratos y torturas, junto con el deterioro de las condiciones carcelarias\u00bb, dice la documentaci\u00f3n recopilada por DCIP. En setiembre,<em><a href=\"https:\/\/www.dci-palestine.org\/number_of_palestinian_children_in_administrative_detention_quadrupled_since_last_year\"> el grupo inform\u00f3<\/a><\/em> que el n\u00famero de ni\u00f1os que Israel manten\u00eda en detenci\u00f3n administrativa se hab\u00eda cuadruplicado durante el a\u00f1o pasado.<\/p>\n\n\n\n<p class=\"has-text-align-justify has-text-color has-link-color wp-elements-12 wp-block-paragraph\" style=\"color:#010000\">Las fuerzas israel\u00edes arrestan a palestinos sin presentar cargos de forma habitual. Human Rights Watch ha se\u00f1alado que<em><a href=\"https:\/\/www.hrw.org\/news\/2023\/11\/29\/why-does-israel-have-so-many-palestinians-detention-and-available-swap\"> la mayor\u00eda de los palestinos detenidos<\/a><\/em> en prisiones y campos de tortura israel\u00edes nunca fueron acusados formalmente de ning\u00fan delito y, a menudo, se les niega el acceso a representaci\u00f3n legal o cualquier otra forma de recurso.<\/p>\n\n\n\n<p class=\"has-text-align-justify has-text-color has-link-color wp-elements-13 wp-block-paragraph\" style=\"color:#010000\">Adem\u00e1s, aunque se supone que las \u00f3rdenes de detenci\u00f3n administrativa tienen un plazo m\u00e1ximo de seis meses, los funcionarios israel\u00edes pueden renovarlas indefinidamente usando informaci\u00f3n que ni siquiera se pone a disposici\u00f3n del detenido. Hay miles de palestinos retenidos de esta manera, seg\u00fan<em><a href=\"https:\/\/www.btselem.org\/administrative_detention\/statistics\"> las cifras de las propias autoridades penitenciarias israel\u00edes<\/a><\/em> presentadas por la organizaci\u00f3n israel\u00ed B\u2019Tselem.<\/p>\n\n\n\n<p class=\"has-text-align-justify has-text-color has-link-color wp-elements-14 wp-block-paragraph\" style=\"color:#010000\">La ONU, Amnist\u00eda Internacional, Save the Children, Human Rights Watch, B\u2019Tselem, Al Haq, Addameer y decenas de otras organizaciones de derechos humanos han dicho en reiteradas ocasiones que estas pr\u00e1cticas de detenci\u00f3n de Israel, que llevan d\u00e9cadas, violan el derecho internacional y privan a sus v\u00edctimas del debido proceso, incluso a las personas acusadas formalmente. Tambi\u00e9n violan leyes que protegen espec\u00edficamente los derechos de los ni\u00f1os, como se\u00f1al\u00f3 recientemente el Comit\u00e9 de los Derechos del Ni\u00f1o de la ONU.&nbsp;<\/p>\n\n\n\n<p class=\"has-text-color has-link-color wp-elements-15 wp-block-paragraph\" style=\"color:#010000\"><strong>*<\/strong>Publicado originalmente en<a href=\"https:\/\/truthout.org\/articles\/report-israel-detaining-record-number-of-palestinian-children-without-charges\/\"> <em>Truthout<\/em><\/a>, 27-1-2025.<\/p>\n\n\n\n<p class=\"wp-block-paragraph\"><\/p>\n","protected":false},"excerpt":{"rendered":"<p>Son al menos 300 los ni\u00f1os palestinos en prisiones y centros de tortura israel\u00edes. Save the Children inform\u00f3 que la mayor\u00eda son obligados a desnudarse frente a los soldados, sometidos a golpizas y privados de agua y comida.<\/p>\n","protected":false},"author":102520410,"featured_media":45701,"comment_status":"closed","ping_status":"closed","sticky":false,"template":"","format":"standard","meta":{"_coblocks_attr":"","_coblocks_dimensions":"","_coblocks_responsive_height":"","_coblocks_accordion_ie_support":"","advanced_seo_description":"","jetpack_seo_html_title":"","jetpack_seo_noindex":false,"jetpack_seo_schema_type":"","_jetpack_newsletter_access":"","_jetpack_dont_email_post_to_subs":false,"_jetpack_newsletter_tier_id":0,"_jetpack_memberships_contains_paywalled_content":false,"_wpcom_ai_launchpad_first_post":false,"_jetpack_feature_clip_id":0,"_jetpack_memberships_contains_paid_content":false,"footnotes":"","jetpack_post_was_ever_published":false},"categories":[703605966,9937],"tags":[703610607,703605151],"class_list":["post-45699","post","type-post","status-publish","format-standard","has-post-thumbnail","hentry","category-derechos-humanos","category-israel","tag-dcip","tag-gaza","fallback-thumbnail"],"jetpack_likes_enabled":false,"jetpack_sharing_enabled":true,"jetpack_shortlink":"https:\/\/wp.me\/p7lt2C-bT5","amp_enabled":true,"jetpack_featured_media_url":"https:\/\/i0.wp.com\/correspondenciadeprensa.com\/wp-content\/uploads\/2025\/01\/Israel31012025.jpg?fit=1202%2C572&ssl=1","_links":{"self":[{"href":"https:\/\/correspondenciadeprensa.com\/index.php?rest_route=\/wp\/v2\/posts\/45699","targetHints":{"allow":["GET"]}}],"collection":[{"href":"https:\/\/correspondenciadeprensa.com\/index.php?rest_route=\/wp\/v2\/posts"}],"about":[{"href":"https:\/\/correspondenciadeprensa.com\/index.php?rest_route=\/wp\/v2\/types\/post"}],"author":[{"embeddable":true,"href":"https:\/\/correspondenciadeprensa.com\/index.php?rest_route=\/wp\/v2\/users\/102520410"}],"replies":[{"embeddable":true,"href":"https:\/\/correspondenciadeprensa.com\/index.php?rest_route=%2Fwp%2Fv2%2Fcomments&post=45699"}],"version-history":[{"count":5,"href":"https:\/\/correspondenciadeprensa.com\/index.php?rest_route=\/wp\/v2\/posts\/45699\/revisions"}],"predecessor-version":[{"id":45705,"href":"https:\/\/correspondenciadeprensa.com\/index.php?rest_route=\/wp\/v2\/posts\/45699\/revisions\/45705"}],"wp:featuredmedia":[{"embeddable":true,"href":"https:\/\/correspondenciadeprensa.com\/index.php?rest_route=\/wp\/v2\/media\/45701"}],"wp:attachment":[{"href":"https:\/\/correspondenciadeprensa.com\/index.php?rest_route=%2Fwp%2Fv2%2Fmedia&parent=45699"}],"wp:term":[{"taxonomy":"category","embeddable":true,"href":"https:\/\/correspondenciadeprensa.com\/index.php?rest_route=%2Fwp%2Fv2%2Fcategories&post=45699"},{"taxonomy":"post_tag","embeddable":true,"href":"https:\/\/correspondenciadeprensa.com\/index.php?rest_route=%2Fwp%2Fv2%2Ftags&post=45699"}],"curies":[{"name":"wp","href":"https:\/\/api.w.org\/{rel}","templated":true}]}}