{"id":4369,"date":"2018-04-16T18:07:00","date_gmt":"2018-04-16T21:07:00","guid":{"rendered":"https:\/\/correspondenciadeprensa.com\/2018\/04\/16\/brasil-la-humillacion-de-lula-jamas-habra-absolucion-de-la-historia\/"},"modified":"2018-04-16T18:07:00","modified_gmt":"2018-04-16T21:07:00","slug":"brasil-la-humillacion-de-lula-jamas-habra-absolucion-de-la-historia","status":"publish","type":"post","link":"https:\/\/correspondenciadeprensa.com\/?p=4369","title":{"rendered":"Brasil &#8211; La humillaci\u00f3n de Lula: Jam\u00e1s habr\u00e1 \u201cabsoluci\u00f3n de la historia"},"content":{"rendered":"<p class=\"MsoNormal\" style=\"margin:0;color:rgb(0,0,0);font-family:sans-serif;font-size:medium;font-style:normal;font-variant-ligatures:normal;font-variant-caps:normal;font-weight:400;letter-spacing:normal;orphans:2;text-indent:0;text-transform:none;white-space:normal;widows:2;word-spacing:0;text-decoration-style:initial;text-decoration-color:initial;text-align:left;\"><span style=\"font-size:12pt;font-family:Arial, sans-serif;\"><br \/>\n<b>Brasil<\/b><\/span><\/p>\n<p><b>La <\/b><span style=\"font-size:12pt;font-family:Arial, sans-serif;\"><b>humillaci\u00f3n de Lula muestra que no hubo \u201cconciliaci\u00f3n\u201d ni que jam\u00e1s habr\u00e1 \u201cabsoluci\u00f3n de la historia\u201d<\/b><\/span><\/p>\n<p class=\"MsoNormal\" style=\"margin:0;color:rgb(0,0,0);font-family:sans-serif;font-size:medium;font-style:normal;font-variant-ligatures:normal;font-variant-caps:normal;font-weight:400;letter-spacing:normal;orphans:2;text-indent:0;text-transform:none;white-space:normal;widows:2;word-spacing:0;text-decoration-style:initial;text-decoration-color:initial;text-align:left;\"><span style=\"font-size:10pt;font-family:Arial, sans-serif;\"><b> <\/b><\/span><span style=\"font-size:10pt;font-family:Arial, sans-serif;\"><b>Gabriel Brito *<\/b><\/span><\/p>\n<p class=\"MsoNormal\" style=\"margin:0;color:rgb(0,0,0);font-family:sans-serif;font-size:medium;font-style:normal;font-variant-ligatures:normal;font-variant-caps:normal;font-weight:400;letter-spacing:normal;orphans:2;text-indent:0;text-transform:none;white-space:normal;widows:2;word-spacing:0;text-decoration-style:initial;text-decoration-color:initial;text-align:left;\"><span style=\"font-size:10pt;font-family:Arial, sans-serif;\"><b>Correio da Cidadania, 12-4-201<\/b><\/span><b>, <\/b><span style=\"font-size:10pt;font-family:Arial, sans-serif;\"><a href=\"http:\/\/www.correiocidadania.com.br\/\" target=\"_blank\"><b>http:\/\/www.correiocidadania.com.br\/<\/b><\/a><\/span><\/p>\n<p class=\"MsoNormal\" style=\"margin:0;color:rgb(0,0,0);font-family:sans-serif;font-size:medium;font-style:normal;font-variant-ligatures:normal;font-variant-caps:normal;font-weight:400;letter-spacing:normal;orphans:2;text-indent:0;text-transform:none;white-space:normal;widows:2;word-spacing:0;text-decoration-style:initial;text-decoration-color:initial;text-align:left;\"><span style=\"font-size:10pt;font-family:Arial, sans-serif;\"><b>Traducci\u00f3n de Ernesto Herrera \u2013 Correspondencia de Prensa<\/b><\/span><\/p>\n<p class=\"MsoNormal\" style=\"margin:0;color:rgb(0,0,0);font-family:sans-serif;font-size:medium;font-style:normal;font-variant-ligatures:normal;font-variant-caps:normal;font-weight:400;letter-spacing:normal;orphans:2;text-indent:0;text-transform:none;white-space:normal;widows:2;word-spacing:0;text-decoration-style:initial;text-decoration-color:initial;text-align:left;\"><span style=\"font-size:10pt;font-family:Arial, sans-serif;\">La escena es de aquellas que no se puede creer ver. Lula est\u00e1 preso, s\u00ed, es verdad. Dur\u00edsimo golpe a todos los que so\u00f1aron con una pa\u00eds mejor. Incluso para aquellos que hab\u00edan roto hace tiempo con el Partido de los Trabajadores y los consideran un instrumento de profundizaci\u00f3n del orden neoliberal, con discurso demag\u00f3gico que no resisti\u00f3 las vicisitudes de una crisis econ\u00f3mica superior al \u201cmal rodaje\u201d y cuyo impacto era imposible disimular.   <\/span><\/p>\n<p class=\"MsoNormal\" style=\"margin:0;color:rgb(0,0,0);font-family:sans-serif;font-size:medium;font-style:normal;font-variant-ligatures:normal;font-variant-caps:normal;font-weight:400;letter-spacing:normal;orphans:2;text-indent:0;text-transform:none;white-space:normal;widows:2;word-spacing:0;text-decoration-style:initial;text-decoration-color:initial;text-align:left;\"><span style=\"font-size:10pt;font-family:Arial, sans-serif;\">Lula preso es un golpe de muerte en los \u00faltimos 40 a\u00f1os de luchas sociales y de los trabajadores. La tragedia ya era anunciada, al final, estamos hablando de sectores que hace tiempos se despegaron de sus supuestos representados, inclusive bajo innumerables alertas. Tal vez por eso mismo la burgues\u00eda brasilera se haya sentido a voluntad para quebrar las reglas de su propio juego y excluirlo de la escena pol\u00edtico-electoral. Como venimos publicando, su proyecto neocolonial expoliador no puede valerse por medios democr\u00e1ticos. Y despu\u00e9s de aquello que llamamos falsa polarizaci\u00f3n, simbolizada en la disputas con el PSDB, ahora es hora de partir para el asalto.<\/span><\/p>\n<p class=\"MsoNormal\" style=\"margin:0;color:rgb(0,0,0);font-family:sans-serif;font-size:medium;font-style:normal;font-variant-ligatures:normal;font-variant-caps:normal;font-weight:400;letter-spacing:normal;orphans:2;text-indent:0;text-transform:none;white-space:normal;widows:2;word-spacing:0;text-decoration-style:initial;text-decoration-color:initial;text-align:left;\"><span style=\"font-size:10pt;font-family:Arial, sans-serif;\"><b>Hechos versus propaganda<\/b><\/span><\/p>\n<p class=\"MsoNormal\" style=\"margin:0;color:rgb(0,0,0);font-family:sans-serif;font-size:medium;font-style:normal;font-variant-ligatures:normal;font-variant-caps:normal;font-weight:400;letter-spacing:normal;orphans:2;text-indent:0;text-transform:none;white-space:normal;widows:2;word-spacing:0;text-decoration-style:initial;text-decoration-color:initial;text-align:left;\"><span style=\"font-size:10pt;font-family:Arial, sans-serif;\">Como escribi\u00f3 el analista pol\u00edtico Fabio Lu\u00eds Barbosa dos Santos, en su libro<span> <\/span><b>M\u00e1s all\u00e1 del PT. La crisis de la izquierda brasilera en perspectiva latinoamericana<\/b>: \u201cse observa una polarizaci\u00f3n sin ninguna correspondencia con lo que estaba en disputa: la gesti\u00f3n de la crisis se profundiza en el pa\u00eds. En cuanto el tono de las acusaciones entre los candidatos se eleva, se rebaja el debate pol\u00edtico. Un clima de hostilidad visceral intoxic\u00f3 el electorado, ampliado por la media corporativa. No es dif\u00edcil percibir la funci\u00f3n de esa polarizaci\u00f3n postica, que ocult\u00f3 las cuestiones relevantes para Brasil. Junio de 2013 desencaden\u00f3 la insatisfacci\u00f3n con el padr\u00f3n lulista de desarrollo del subdesarrollo, que en este momento tuvo expresiones a la izquierda y a la derecha\u201d.<\/span><\/p>\n<p class=\"MsoNormal\" style=\"margin:0;color:rgb(0,0,0);font-family:sans-serif;font-size:medium;font-style:normal;font-variant-ligatures:normal;font-variant-caps:normal;font-weight:400;letter-spacing:normal;orphans:2;text-indent:0;text-transform:none;white-space:normal;widows:2;word-spacing:0;text-decoration-style:initial;text-decoration-color:initial;text-align:left;\"><span style=\"font-size:10pt;font-family:Arial, sans-serif;\">Puede parecer persecuci\u00f3n a los aturdidos partidarios de los gobiernos de Lula, pero es nuevamente dif\u00edcil tejer explicaciones sobre la humillante derrota sin pasar por las protestas de 20013, hasta hoy discriminados por una izquierda que ahora reclama unidad y dice condenar el sectarismo. Hace eso de la boca para afuera, pero sigue torciendo la nariz para las manifestaciones pol\u00edticas m\u00e1s diversas de la historia de Brasil. Y pag\u00f3 caro por propagandear de forma fantasiosa un caminada de progreso del grueso de la poblaci\u00f3n, cuando no pas\u00f3 de un vuelo de gallina, un momento de avance material, en una vida cercada de privaciones y violencias.  <\/span><\/p>\n<p class=\"MsoNormal\" style=\"margin:0;color:rgb(0,0,0);font-family:sans-serif;font-size:medium;font-style:normal;font-variant-ligatures:normal;font-variant-caps:normal;font-weight:400;letter-spacing:normal;orphans:2;text-indent:0;text-transform:none;white-space:normal;widows:2;word-spacing:0;text-decoration-style:initial;text-decoration-color:initial;text-align:left;\"><span style=\"font-size:10pt;font-family:Arial, sans-serif;\">\u201cVamos a los datos oficiales contenidos en el Catastro \u00danico del Bolsa Familia, disponible en el sitios del Ministerio de Desarrollo Social; en febrero de 2013, hab\u00eda 71,1 millones de personas que viv\u00edan con medio salario m\u00ednimo. Da 35 % de la poblaci\u00f3n brasilera. Estamos hablando de un per\u00edodo en que se completaban 10 a\u00f1os de gobiernos petistas, aquellos que supuestamente reducir\u00edan dram\u00e1ticamente la pobreza. S\u00f3lo supuestamente. Saltemos para 2015, el \u00faltimo a\u00f1o completo de Dilma Rous\u00adseff y, como tal, el \u00faltimo a\u00f1o del ciclo petista (hasta ahora). Hab\u00eda entonces 73.327.179 personas pobres, lo que da cerca de 36% de su poblaci\u00f3n total. Por tanto, aument\u00f3 el n\u00famero de pobres (en poco m\u00e1s de dos millones de personas) y aument\u00f3 tambi\u00e9n un poco el porcentaje de pobres en el conjunto de la poblaci\u00f3n\u201d, escribi\u00f3 Clovis Rossi, en la Folha de. S\u00e3o Paulo<\/span><\/p>\n<p class=\"MsoNormal\" style=\"margin:0;color:rgb(0,0,0);font-family:sans-serif;font-size:medium;font-style:normal;font-variant-ligatures:normal;font-variant-caps:normal;font-weight:400;letter-spacing:normal;orphans:2;text-indent:0;text-transform:none;white-space:normal;widows:2;word-spacing:0;text-decoration-style:initial;text-decoration-color:initial;text-align:left;\"><span style=\"font-size:10pt;font-family:Arial, sans-serif;\"><b>\u00bfUnidad en torno a qu\u00e9?<\/b><\/span><\/p>\n<p class=\"MsoNormal\" style=\"margin:0;color:rgb(0,0,0);font-family:sans-serif;font-size:medium;font-style:normal;font-variant-ligatures:normal;font-variant-caps:normal;font-weight:400;letter-spacing:normal;orphans:2;text-indent:0;text-transform:none;white-space:normal;widows:2;word-spacing:0;text-decoration-style:initial;text-decoration-color:initial;text-align:left;\"><span style=\"font-size:10pt;font-family:Arial, sans-serif;\">Por tanto, si hay sectores y grupos que todav\u00eda se interesan por esa tal unidad contra el mal menor \u2013ni siempre asociado al car\u00e1cter de la explotaci\u00f3n capitalista enraizada en Brasil- contin\u00faa necesario entender qui\u00e9n y por qu\u00e9 se hicieron aquellos levantamientos masivos. Entre otras cosas porque con resistencia po\u00e9tica y consignas de las redes sociales o churrascos entre amigos en el Sindicato de los Metal\u00fargicos no se saldr\u00e1 de la confusi\u00f3n.<\/span><\/p>\n<p class=\"MsoNormal\" style=\"margin:0;color:rgb(0,0,0);font-family:sans-serif;font-size:medium;font-style:normal;font-variant-ligatures:normal;font-variant-caps:normal;font-weight:400;letter-spacing:normal;orphans:2;text-indent:0;text-transform:none;white-space:normal;widows:2;word-spacing:0;text-decoration-style:initial;text-decoration-color:initial;text-align:left;\"><span style=\"font-size:10pt;font-family:Arial, sans-serif;\">\u201cLamentablemente, el PT y su militancia est\u00e1n obsoletos, se ahogaron en un mar de prepotencia e intolerancia delante de la alteridad. Toda cr\u00edtica viene siendo tratada como discurso de odio y, a seguir, achatada en un bloque unitario y amorfo de \u201cantipetismo\u201d. El extremismo petista parte, entonces, hacia la soluci\u00f3n m\u00e1s simple: denunciar como fascista todo lo que le desagrada, enfatizando el discurso de polarizaci\u00f3n partidaria, que es la forma no s\u00f3lo de destruir el enemigo, sino tambi\u00e9n de doblar las cr\u00edticas venidas de la izquierda, seg\u00fan la tentativa de construir un discurso unificado hegem\u00f3nico de \u201clas izquierdas\u201d, es decir, la unificaci\u00f3n que atiende la voluntad del gobernismo\u201d, escribi\u00f3 en Correio da Cidadania, en 2014, la abogada de derechos humanos Priscila Prisco, al comentar la contrataci\u00f3n de la empresa de marketing Ma\u00adrissol, involucrada de establecer \u201cperfiles sobre el antipetismo\u201d.<\/span><\/p>\n<p class=\"MsoNormal\" style=\"margin:0;color:rgb(0,0,0);font-family:sans-serif;font-size:medium;font-style:normal;font-variant-ligatures:normal;font-variant-caps:normal;font-weight:400;letter-spacing:normal;orphans:2;text-indent:0;text-transform:none;white-space:normal;widows:2;word-spacing:0;text-decoration-style:initial;text-decoration-color:initial;text-align:left;\"><span style=\"font-size:10pt;font-family:Arial, sans-serif;\">S\u00ed, quien un d\u00eda tuvo a Florestan Fernandes para comprender la mec\u00e1nica de la lucha de clases brasilera, atac\u00f3 con una oscura empresa de marketing y sus encuestas de campo que ven a manifestantes como clientes de una democracia que s\u00f3lo podr\u00eda realizarse por el mercado y por el consumo.<\/span><\/p>\n<p class=\"MsoNormal\" style=\"margin:0;color:rgb(0,0,0);font-family:sans-serif;font-size:medium;font-style:normal;font-variant-ligatures:normal;font-variant-caps:normal;font-weight:400;letter-spacing:normal;orphans:2;text-indent:0;text-transform:none;white-space:normal;widows:2;word-spacing:0;text-decoration-style:initial;text-decoration-color:initial;text-align:left;\"><span style=\"font-size:10pt;font-family:Arial, sans-serif;\">Qued\u00f3 patente, desde entonces y con renovados ejemplos, la muerte del partido como instrumento de transformaci\u00f3n social. La acomodaci\u00f3n y burocratizaci\u00f3n de la sigla lleg\u00f3 a tal punto que, adem\u00e1s de incapaz de comprender la realidad, o se recus\u00f3 a hacerlo, siempre respondi\u00f3 con m\u00e1s y m\u00e1s austeridad. No solamente en 2015-2016, en el mandato nacido muerto de Dilma, sino en aquel huracanado 2013 y tambi\u00e9n en 2014.<\/span><\/p>\n<p class=\"MsoNormal\" style=\"margin:0;color:rgb(0,0,0);font-family:sans-serif;font-size:medium;font-style:normal;font-variant-ligatures:normal;font-variant-caps:normal;font-weight:400;letter-spacing:normal;orphans:2;text-indent:0;text-transform:none;white-space:normal;widows:2;word-spacing:0;text-decoration-style:initial;text-decoration-color:initial;text-align:left;\"><span style=\"font-size:10pt;font-family:Arial, sans-serif;\">\u201cConfrontado con la impotencia de cambiar el orden, el pueblo brasilero asisti\u00f3 a una radicalizaci\u00f3n reaccionaria durante el proceso electoral. En este contexto, muchos cuadros acudieron a una defensa apasionada del petismo, vaci\u00e1ndola de cualquier potencial de cambio. De otro lado, una clase dominante siempre opuesta al protagonismo popular sinti\u00f3 que el momento lulista pasaba y retom\u00f3 la ofensiva. Sin alternativas program\u00e1ticas a presentar, su discurso se desliz\u00f3 r\u00e1pidamente a preconceptos y rencores que revelaban la intolerancia con la existencia de un partido de trabajadores, aunque desprovisto de autonom\u00eda de clase\u201d, observa Fabio Lu\u00eds en su libro.<\/span><\/p>\n<p class=\"MsoNormal\" style=\"margin:0;color:rgb(0,0,0);font-family:sans-serif;font-size:medium;font-style:normal;font-variant-ligatures:normal;font-variant-caps:normal;font-weight:400;letter-spacing:normal;orphans:2;text-indent:0;text-transform:none;white-space:normal;widows:2;word-spacing:0;text-decoration-style:initial;text-decoration-color:initial;text-align:left;\"><span style=\"font-size:10pt;font-family:Arial, sans-serif;\"><b>La falsa polarizaci\u00f3n y su destrucci\u00f3n final<\/b><\/span><\/p>\n<p class=\"MsoNormal\" style=\"margin:0;color:rgb(0,0,0);font-family:sans-serif;font-size:medium;font-style:normal;font-variant-ligatures:normal;font-variant-caps:normal;font-weight:400;letter-spacing:normal;orphans:2;text-indent:0;text-transform:none;white-space:normal;widows:2;word-spacing:0;text-decoration-style:initial;text-decoration-color:initial;text-align:left;\"><span style=\"font-size:10pt;font-family:Arial, sans-serif;\">De impotencia en impotencia y propaganda chapa blanca irresponsable, alienada de suelo social, fuimos siendo tragados por los sectores reaccionarios de la sociedad, estos que irguieron un monumental apartheid social y apenas toleran el habilidoso arbitraje pol\u00edtico de Lula. Pues si del lado de ac\u00e1 nos acomodamos, por la all\u00e1 jam\u00e1s descansaron en su lucha de clases. Cuando las condiciones del \u201cgana-gana\u201d se borraron su ofensiva siniestra ya estaba armada. Porque siempre estuvo, basta revisar los acervos de los medios hegem\u00f3nicos y sus portadas entre 2003 y 2012.<\/span><\/p>\n<p class=\"MsoNormal\" style=\"margin:0;color:rgb(0,0,0);font-family:sans-serif;font-size:medium;font-style:normal;font-variant-ligatures:normal;font-variant-caps:normal;font-weight:400;letter-spacing:normal;orphans:2;text-indent:0;text-transform:none;white-space:normal;widows:2;word-spacing:0;text-decoration-style:initial;text-decoration-color:initial;text-align:left;\"><span style=\"font-size:10pt;font-family:Arial, sans-serif;\"> <\/span><span style=\"font-size:10pt;font-family:Arial, sans-serif;\">\u201cLos \u00edtems de la cuesti\u00f3n es que el PT se torn\u00f3 prescindible para realizar las reformas antipopulares exigidas en el momento. En 2015, la militancia estaba aprisionada entre la dispersi\u00f3n y la resignaci\u00f3n. Acomodados al neoliberalismo, los defensores del gobierno recorr\u00edan a argumentos cada vez m\u00e1s delirantes, sin resonancia popular\u201d, dice Fabio Luis.<\/span><\/p>\n<p class=\"MsoNormal\" style=\"margin:0;color:rgb(0,0,0);font-family:sans-serif;font-size:medium;font-style:normal;font-variant-ligatures:normal;font-variant-caps:normal;font-weight:400;letter-spacing:normal;orphans:2;text-indent:0;text-transform:none;white-space:normal;widows:2;word-spacing:0;text-decoration-style:initial;text-decoration-color:initial;text-align:left;\"><span style=\"font-size:10pt;font-family:Arial, sans-serif;\">Traicionada la ciudadan\u00eda en los los momentos decisivos, tambi\u00e9n podemos comprender la ausencia de rebeld\u00eda ante tama\u00f1a ofensiva conservadora. La acomodaci\u00f3n, burocratizaci\u00f3n y desmovilizaci\u00f3n fue tanta que en la hora en que las cosas salieron del control no hubo fuerzas para el combate. Y cuando hubo se dio el \u201cinexplicable\u201d marcha atr\u00e1s.<\/span><\/p>\n<p class=\"MsoNormal\" style=\"margin:0;color:rgb(0,0,0);font-family:sans-serif;font-size:medium;font-style:normal;font-variant-ligatures:normal;font-variant-caps:normal;font-weight:400;letter-spacing:normal;orphans:2;text-indent:0;text-transform:none;white-space:normal;widows:2;word-spacing:0;text-decoration-style:initial;text-decoration-color:initial;text-align:left;\"><span style=\"font-size:10pt;font-family:Arial, sans-serif;\">Eso se vio en todos los momentos posibles: en la tentativa de nominar a Lula para la Casa Civil (Ndet: cargo de confianza presidencial que act\u00faa como una jefatura ministerial ), en las dos votaciones del impeachment de Dilma, en las fuertes protestas contra Temer en 2016, en las millares de alianzas con el PMDB en las elecciones municipales y en las dos huelgas generales entregadas a este gobierno en 2017, en la estrategia mezquina de las centrales sindicales que vislumbraban una victoria electoral a partir de un pa\u00eds arruinado en este 2018.<\/span><\/p>\n<p class=\"MsoNormal\" style=\"margin:0;color:rgb(0,0,0);font-family:sans-serif;font-size:medium;font-style:normal;font-variant-ligatures:normal;font-variant-caps:normal;font-weight:400;letter-spacing:normal;orphans:2;text-indent:0;text-transform:none;white-space:normal;widows:2;word-spacing:0;text-decoration-style:initial;text-decoration-color:initial;text-align:left;\"><span style=\"font-size:10pt;font-family:Arial, sans-serif;\">S\u00f3lo rest\u00f3, como fue dicho, la resistencia po\u00e9tica. \u201cEn cuanto la actitud de Lula, creo que, la opci\u00f3n de permanecer en el pa\u00eds, era lo inverso a entregarse resignadamente en Curitiba. Era como si \u00e9l dijese al juez Sergio Moro: me encanta el modo. Sobre la militancia que lo rode\u00f3, era toda ella de izquierda, en una especie de mistificaci\u00f3n de Lula como efecto de su decisi\u00f3n de no entregarse en Curitiba y hacer un juego de fuerza con Moro, juego ese que Lula gan\u00f3, a mi ver, en el campo pol\u00edtico. En tanto, me parece que esa movilizaci\u00f3n est\u00e1 restringida al campo de la izquierda y no contamina a la sociedad\u201d, complementa Marcelo Casta\u00f1eda.<\/span><\/p>\n<p class=\"MsoNormal\" style=\"margin:0;color:rgb(0,0,0);font-family:sans-serif;font-size:medium;font-style:normal;font-variant-ligatures:normal;font-variant-caps:normal;font-weight:400;letter-spacing:normal;orphans:2;text-indent:0;text-transform:none;white-space:normal;widows:2;word-spacing:0;text-decoration-style:initial;text-decoration-color:initial;text-align:left;\"><span style=\"font-size:10pt;font-family:Arial, sans-serif;\">Sobre los metal\u00fargicos del ABC, adem\u00e1s, cabe recordar que se trat\u00f3 de una organizaci\u00f3n pionera en proponer la tesis de negociar sobre lo legislado, ya en 2007, ahora tornada realidad en la Reforma Laboral de Temer. Al final, hablamos de aquella clase trabajadora que \u201cfue al para\u00edso\u201d, consigui\u00f3 sus victorias, tendr\u00e1 jubilaci\u00f3n. Por eso, una vez m\u00e1s, no se comprende lo que fue 2013, levantamiento de la generaci\u00f3n nacida y crecida bajo la \u00e9gida de la mercantilizaci\u00f3n total de la vida. Tambi\u00e9n por eso jam\u00e1s podr\u00eda partir de ah\u00ed una resistencia real y destrucci\u00f3n de la figura de Lula y del PT.<\/span><\/p>\n<p class=\"MsoNormal\" style=\"margin:0;color:rgb(0,0,0);font-family:sans-serif;font-size:medium;font-style:normal;font-variant-ligatures:normal;font-variant-caps:normal;font-weight:400;letter-spacing:normal;orphans:2;text-indent:0;text-transform:none;white-space:normal;widows:2;word-spacing:0;text-decoration-style:initial;text-decoration-color:initialtext-align: left;text-align:left;\"><span style=\"font-size:10pt;font-family:Arial, sans-serif;\">\u201cEn 2012, yo estaba luchando por el Pinheirinho, cuando Dilma firm\u00f3 la desapropiaci\u00f3n y vi m\u00e1s de 600 familias ser masacradas. En 2013, yo estaba luchando por el asentamiento Milton Santos, cuando tambi\u00e9n Dilma afirm\u00f3 el decreto que manten\u00eda a los asentados en sus tierras, pero que ya estaban asentados hac\u00eda muchos a\u00f1os. En 2013, yo estaba en las calles luchando por el transporte p\u00fablico de calidad, en cuanto el PT condenaba a los que luchaban de ser brazo de la derecha. En 2014, yo estaba luchando contra el gran desv\u00edo de dinero que fue la Copa del Mundo del gobierno del PT, en cuanto Dilma firmaba la Ley Antiterrorismo, que antecede lo que peor ha de venir a los movimientos sociales. De 2016 hasta hoy estoy en las calles, en las ocupaciones, en las periferias, en los sindicatos, haciendo lucha, formaci\u00f3n y resistencia, en cuanto buena parte de los movimientos que blinda a Lula en San Bernardo se recusaban a movilizarse porque hallaba que cuanto peor-mejor, pues las chances del PT aumentar\u00edan en las pr\u00f3ximas elecciones. Ahora no voy a salir a la calle por Lula y por el PT. No me condenen por eso\u201d, escribi\u00f3 una lectora a la redacci\u00f3n del Correio da Cidadania, que pide el anonimato pues lidia en su cotidiano con el proxenetismo de la derecha rabiosa y su proyecto reaccionario de Escuela Sin Partido.<\/span><\/p>\n<p class=\"MsoNormal\" style=\"margin:0;color:rgb(0,0,0);font-family:sans-serif;font-size:medium;font-style:normal;font-variant-ligatures:normal;font-variant-caps:normal;font-weight:400;letter-spacing:normal;orphans:2;text-indent:0;text-transform:none;white-space:normal;widows:2;word-spacing:0;text-decoration-style:initial;text-decoration-color:initial;text-align:left;\"><span style=\"font-size:10pt;font-family:Arial, sans-serif;\">Sin dudas, son tiempos sombr\u00edos que pueden acentuarse. S\u00f3lo por estos d\u00edas, lidiamos con noticias de masacres y rebeliones en el presidio de Par\u00e1, carnicer\u00edas en Fortaleza, en nueva demostraci\u00f3n de la quiebra del Estado brasilero y ascenso de su brazo paralelo, y la informaci\u00f3n de que en Bah\u00eda, gobernada por los petistas Jac\u00adques Wagner y Rui Costa, el asesinato de negros creci\u00f3 118% en los \u00faltimos diez a\u00f1os.<\/span><\/p>\n<p class=\"MsoNormal\" style=\"margin:0;color:rgb(0,0,0);font-family:sans-serif;font-size:medium;font-style:normal;font-variant-ligatures:normal;font-variant-caps:normal;font-weight:400;letter-spacing:normal;orphans:2;text-indent:0;text-transform:none;white-space:normal;widows:2;word-spacing:0;text-decoration-style:initial;text-decoration-color:initial;text-align:left;\"><span style=\"font-size:10pt;font-family:Arial, sans-serif;\">Un pa\u00eds destrozado, sin dudas, y con instituciones que no est\u00e1n a la altura de nada, todav\u00eda que el destruido PT de ellas dependa para recomponerse pol\u00edticamente, pues por las calles sabe que pasar\u00e1 verg\u00fcenza y hablar\u00e1 solito. <\/span><\/p>\n<p class=\"MsoNormal\" style=\"margin:0;color:rgb(0,0,0);font-family:sans-serif;font-size:medium;font-style:normal;font-variant-ligatures:normal;font-variant-caps:normal;font-weight:400;letter-spacing:normal;orphans:2;text-indent:0;text-transform:none;white-space:normal;widows:2;word-spacing:0;text-decoration-style:initial;text-decoration-color:initial;text-align:left;\"><span style=\"font-size:10pt;font-family:Arial, sans-serif;\">\u201cLa decisi\u00f3n del STF (Ndt: Supremo Tribunal Federal) sacraliz\u00f3 el desbarranque final de las instituciones p\u00fablicas brasileras. Con claridad meridiana los jueces decidieron con la presi\u00f3n inmediata de los que operan con la fuerza f\u00edsica del Estado, las Fuerzas Armadas, que se pronunciaron con amenazas a la forma institucional. Jueces supremos que deciden bajo el dictado de la fuerza muestran que no tienen poder de hecho y de derecho. Adem\u00e1s, la historia de nuestra Suprema Corte est\u00e1 plena de episodios en que magistrados, en colegio o individualmente, se curvan ante los ca\u00f1ones. Perderemos incluso la ficci\u00f3n del pacto constitucional que todav\u00eda ofrece alguna garant\u00eda de sobrevida a la sociedad civil. Si hubiese di\u00e1logo y buen sentido de todos, los pr\u00f3ximos a\u00f1os ser\u00e1n profundamente oscuros. Y tal situaci\u00f3n apenas prolonga lo que vivimos desde el golpe de Estado que instaur\u00f3 la supuesta Rep\u00fablica brasilera\u201d, contextualiz\u00f3 al IHU (Ndt: Instituto Humanitas Unisinos) el fil\u00f3sofo Roberto Romano.<\/span><\/p>\n<p class=\"MsoNormal\" style=\"margin:0;color:rgb(0,0,0);font-family:sans-serif;font-size:medium;font-style:normal;font-variant-ligatures:normal;font-variant-caps:normal;font-weight:400;letter-spacing:normal;orphans:2;text-indent:0;text-transform:none;white-space:normal;widows:2;word-spacing:0;text-decoration-style:initial;text-decoration-color:initial;text-align:left;\"><span style=\"font-size:10pt;font-family:Arial, sans-serif;\">Pero,<\/span><span> <\/span><span style=\"font-size:10pt;font-family:Arial, sans-serif;\">nuevamente recurriendo a la excelente<\/span><span> <\/span><span style=\"font-size:10pt;font-family:Arial, sans-serif;\">obra de Fabio Lu\u00eds y recordando las cr\u00edticas del soci\u00f3logo Ricardo Antunes, para quien el lulismo \u201cno toc\u00f3 las estructuras de la tragedia brasilera\u201d, no habr\u00e1 la propalada absoluci\u00f3n de la historia. \u201cLa transformaci\u00f3n del PT en brazo izquierdo del partido del orden ser\u00e1 integrada como un cap\u00edtulo de la contrarrevoluci\u00f3n permanente, que caracteriza la historia brasilera contempor\u00e1nea. La comprensi\u00f3n de los a\u00f1os sombr\u00edos que vendr\u00e1n no deber\u00e1 ser hecha por contraste, sino como desdoblamiento de los gobiernos que lo proceder\u00e1n. No hubo inflexi\u00f3n hist\u00f3rica: el sentido de la actuaci\u00f3n, aunque el ritmo, el tiempo y los medios difieran. Al contrario de ser una novedad, es casi una ley de la historia que la frustraci\u00f3n de los gobiernos identificados con la izquierda prepara el terreno para el ascenso de la derecha radical\u201d.<\/span><\/p>\n<p class=\"MsoNormal\" style=\"margin:0;color:rgb(0,0,0);font-family:sans-serif;font-size:medium;font-style:normal;font-variant-ligatures:normal;font-variant-caps:normal;font-weight:400;letter-spacing:normal;orphans:2;text-indent:0;text-transform:none;white-space:normal;widows:2;word-spacing:0;text-decoration-style:initial;text-decoration-color:initial;text-align:left;\"><span style=\"font-size:10pt;font-family:Arial, sans-serif;\">* Periodista, editor de Correio da Cidadania.<\/span><\/p>\n<div align=\"center\" class=\"MsoNormal\" style=\"color:rgb(0,0,0);font-family:sans-serif;font-size:medium;font-style:normal;font-variant-ligatures:normal;font-variant-caps:normal;font-weight:400;letter-spacing:normal;orphans:2;text-indent:0;text-transform:none;white-space:normal;widows:2;word-spacing:0;text-decoration-style:initial;text-decoration-color:initial;text-align:center;\">\n<hr>\n<\/div>\n<p class=\"MsoNormal\" style=\"margin:0;color:rgb(0,0,0);font-family:sans-serif;font-size:medium;font-style:normal;font-variant-ligatures:normal;font-variant-caps:normal;font-weight:400;letter-spacing:normal;orphans:2;text-indent:0;text-transform:none;white-space:normal;widows:2;word-spacing:0;text-decoration-style:initial;text-decoration-color:initial;text-align:left;\"><span style=\"font-size:12pt;font-family:Arial, sans-serif;\"><b>Con Lula preso y la izquierda de reh\u00e9n<\/b><\/span><\/p>\n<p class=\"MsoNormal\" style=\"margin:0;color:rgb(0,0,0);font-family:sans-serif;font-size:medium;font-style:normal;font-variant-ligatures:normal;font-variant-caps:normal;font-weight:400;letter-spacing:normal;orphans:2;text-indent:0;text-transform:none;white-space:normal;widows:2;word-spacing:0;text-decoration-style:initial;text-decoration-color:initial;text-align:left;\"><span style=\"font-size:12pt;font-family:Arial, sans-serif;\"><b>La captura<\/b><\/span><\/p>\n<p class=\"MsoNormal\" style=\"margin:0;color:rgb(0,0,0);font-family:sans-serif;font-size:medium;font-style:normal;font-variant-ligatures:normal;font-variant-caps:normal;font-weight:400;letter-spacing:normal;orphans:2;text-indent:0;text-transform:none;white-space:normal;widows:2;word-spacing:0;text-decoration-style:initial;text-decoration-color:initial;text-align:left;\"><span style=\"font-size:10pt;font-family:Arial, sans-serif;\"><b>Daniel Gatti<\/b><\/span><\/p>\n<p class=\"MsoNormal\" style=\"margin:0;color:rgb(0,0,0);font-family:sans-serif;font-size:medium;font-style:normal;font-variant-ligatures:normal;font-variant-caps:normal;font-weight:400;letter-spacing:normal;orphans:2;text-indent:0;text-transform:none;white-space:normal;widows:2;word-spacing:0;text-decoration-style:initial;text-decoration-color:initial;text-align:left;\"><span style=\"font-size:10pt;font-family:Arial, sans-serif;\"><b>Brecha, 13-4-2018<\/b><\/span><b>, <\/b><span style=\"font-size:10pt;font-family:Arial, sans-serif;\"><a href=\"https:\/\/brecha.com.uy\/\" target=\"_blank\"><b>https:\/\/brecha.com.uy\/<\/b><\/a><\/span><\/p>\n<p class=\"MsoNormal\" style=\"margin:0;color:rgb(0,0,0);font-family:sans-serif;font-size:medium;font-style:normal;font-variant-ligatures:normal;font-variant-caps:normal;font-weight:400;letter-spacing:normal;orphans:2;text-indent:0;text-transform:none;white-space:normal;widows:2;word-spacing:0;text-decoration-style:initial;text-decoration-color:initial;text-align:left;\">\n<p class=\"MsoNormal\" style=\"margin:0;color:rgb(0,0,0);font-family:sans-serif;font-size:medium;font-style:normal;font-variant-ligatures:normal;font-variant-caps:normal;font-weight:400;letter-spacing:normal;orphans:2;text-indent:0;text-transform:none;white-space:normal;widows:2;word-spacing:0;text-decoration-style:initial;text-decoration-color:initial;text-align:left;\"><span style=\"font-size:10pt;font-family:Arial, sans-serif;\">\u201c\u00bfQu\u00e9 esperanza podemos tener? Ninguna. No hay nada en el horizonte que permita pensar que a corto o mediano plazo surja algo que ofrezca alguna perspectiva de cambio\u201d, dice a Brecha desde Porto Alegre Jair Krischke. El veterano luchador, presidente del Movimiento de Justicia y Derechos Humanos de Brasil (Mjdh), piensa que del actual estado de cosas en su pa\u00eds la principal responsabilidad recae en el Partido de los Trabajadores (PT). \u201cDe la derecha se sabe lo que se puede esperar. Nada bueno, obvio. Pero el PT hab\u00eda llegado al gobierno ofreciendo otra cosa, y cuando se puso a gobernar termin\u00f3 cayendo en las mismas pr\u00e1cticas que denunciaba. Las componendas, la compra de votos, los favores a las empresas. Desde el \u2018mensal\u00e3o\u2019 hasta ahora. Mat\u00f3 la esperanza de la gente, y eso es lo peor. Y termin\u00f3 generando esa imagen de que todos los pol\u00edticos son la misma mierda.\u201d Hoy la sociedad brasile\u00f1a, dice Krischke, est\u00e1 m\u00e1s despolitizada que nunca, la gente no se moviliza por nada. La pol\u00edtica no le interesa, una paradoja en un pa\u00eds en el que hay 35 partidos pol\u00edticos. \u201cUna fantochada, porque en much\u00edsimos casos se trata de partidos creados para obtener prebendas, que no tienen existencia real, y es tambi\u00e9n responsabilidad del PT no haber cambiado nada de ese sistema durante los largos a\u00f1os en que gobern\u00f3.\u201d Krischke descree que haya habido una conspiraci\u00f3n contra el PT. \u201c\u00bfPara qu\u00e9, si hac\u00eda la misma pol\u00edtica de sus supuestos adversarios?\u201d<\/span><\/p>\n<p class=\"MsoNormal\" style=\"margin:0;color:rgb(0,0,0);font-family:sans-serif;font-size:medium;font-style:normal;font-variant-ligatures:normal;font-variant-caps:normal;font-weight:400;letter-spacing:normal;orphans:2;text-indent:0;text-transform:none;white-space:normal;widows:2;word-spacing:0;text-decoration-style:initial;text-decoration-color:initialtext-align: left;text-align:left;\"><span style=\"font-size:10pt;font-family:Arial, sans-serif;\"><b>\u2014\u00bfLa misma pol\u00edtica?<\/b><\/span><\/p>\n<p class=\"MsoNormal\" style=\"margin:0;color:rgb(0,0,0);font-family:sans-serif;font-size:medium;font-style:normal;font-variant-ligatures:normal;font-variant-caps:normal;font-weight:400;letter-spacing:normal;orphans:2;text-indent:0;text-transform:none;white-space:normal;widows:2;word-spacing:0;text-decoration-style:initial;text-decoration-color:initial;text-align:left;\"><span style=\"font-size:10pt;font-family:Arial, sans-serif;\">\u2014A grandes rasgos s\u00ed. Los ricos nunca ganaron tanto como bajo los gobiernos del PT. Y el juez Sergio Moro, el que llev\u00f3 a Lula a la c\u00e1rcel, no exist\u00eda cuando qued\u00f3 al descubierto el [esc\u00e1ndalo de corrupci\u00f3n llamado] mensal\u00e3o. Se puede decir todo lo que se quiera sobre Moro, su encarnizamiento con Lula, pero no es invento la trama de corrupci\u00f3n.<\/span><\/p>\n<p class=\"MsoNormal\" style=\"margin:0;color:rgb(0,0,0);font-family:sans-serif;font-size:medium;font-style:normal;font-variant-ligatures:normal;font-variant-caps:normal;font-weight:400;letter-spacing:normal;orphans:2;text-indent:0;text-transform:none;white-space:normal;widows:2;word-spacing:0;text-decoration-style:initial;text-decoration-color:initial;text-align:left;\"><span style=\"font-size:10pt;font-family:Arial, sans-serif;\">A Krischke no le preocupa tanto que no surja un candidato a presidente \u201cpotable\u201d. En octubre pr\u00f3ximo, recuerda, se elige tambi\u00e9n un parlamento, \u201calgo mucho m\u00e1s importante\u201d. Si el actual Congreso es \u201cde los m\u00e1s impresentables que ha habido en la historia brasile\u00f1a, poblado de corruptos que se permiten destituir a una presidenta a la que no se le prob\u00f3 delito grave alguno, de gente reaccionaria\u201d, es muy probable que el pr\u00f3ximo sea aun peor. Krischke le augura una nueva ca\u00edda al PT, y no cree que los partidos a su izquierda est\u00e9n en condiciones de recuperar el grueso del antiguo electorado petista. El presidente del Mjdh desconf\u00eda de los sondeos que le atribuyen al ultraderechista Jair Bolsonaro una votaci\u00f3n cercana al 20 por ciento. Cuando Lula estaba en carrera, dice, Bolsonaro aparec\u00eda como \u201cel tipo carism\u00e1tico que se le opon\u00eda frontalmente. Con Lula fuera de competencia, no es tan seguro que conserve esos votos, y quienes m\u00e1s se encargar\u00e1n de perjudicarlo ser\u00e1n sus supuestos amigos. En los ochenta, en plena dictadura, cuando Bolsonaro era capit\u00e1n en Curitiba, reclam\u00f3 un aumento de salarios para la tropa y amenaz\u00f3 con poner bombas en cuarteles. Tuvo que pedir la baja. Es probable que cuando se oficialicen todas las candidaturas, los propios militares saquen los trapitos al sol de Bolsonaro y \u00e9ste se desinfle\u201d. Aun as\u00ed, Krischke no descarta que se concrete el escenario que m\u00e1s prev\u00e9n las encuestadoras: un balotaje entre Bolsonaro y Ciro Gomes, ex ministro de Lula y aliado del PT en el estado de Cear\u00e1. Tr\u00e1nsfuga del Psdb, del Pmdb, del Partido Socialista y actual candidato del peque\u00f1o Partido Democr\u00e1tico Laborista, fundado por Leonel Brizzola, Gomes, un moderado entre los moderados, podr\u00eda captar buena parte del electorado hu\u00e9rfano de Lula. Mucho m\u00e1s que Geraldo Alckmin, ex gobernador de San Pablo y dirigente del Psdb de Fernando Henrique Cardoso, o que cualquier referente del Pmdb. Tampoco ser\u00eda descabellado pensar en una alianza entre el Psdb y el Pmdb para enfrentar a Bolsonaro en una segunda vuelta. \u201cSon todos escenarios posibles\u201d, dice Krischke. De todos ellos la izquierda est\u00e1 ausente. Y lo que m\u00e1s preocupa es el ascenso de la derecha social, esa que se inclina por Bolsonaro pero que tambi\u00e9n se encarna en grupos violentos como el Movimiento Brasil Libre, una organizaci\u00f3n \u201cliberal\u201d creada en 2014 que recibe \u201cfuertes ayudas del exterior, en particular desde Estados Unidos, y que est\u00e1 implantada en todo Brasil\u201d, o por los evang\u00e9licos, que tienen una creciente presencia parlamentaria (87 diputados federales y tres senadores) y en gobiernos municipales.<\/span><\/p>\n<p class=\"MsoNormal\" style=\"margin:0;color:rgb(0,0,0);font-family:sans-serif;font-size:medium;font-style:normal;font-variant-ligatures:normal;font-variant-caps:normal;font-weight:400;letter-spacing:normal;orphans:2;text-indent:0;text-transform:none;white-space:normal;widows:2;word-spacing:0;text-decoration-style:initial;text-decoration-color:initial;text-align:left;\"><span style=\"font-size:10pt;font-family:Arial, sans-serif;\">***<\/span><\/p>\n<p class=\"MsoNormal\" style=\"margin:0;color:rgb(0,0,0);font-family:sans-serif;font-size:medium;font-style:normal;font-variant-ligatures:normal;font-variant-caps:normal;font-weight:400;letter-spacing:normal;orphans:2;text-indent:0;text-transform:none;white-space:normal;widows:2;word-spacing:0;text-decoration-style:initial;text-decoration-color:initial;text-align:left;\"><span style=\"font-size:10pt;font-family:Arial, sans-serif;\">Esther Solano es una investigadora en ciencias sociales espa\u00f1ola que reside desde hace a\u00f1os en San Pablo. El panorama pol\u00edtico y social brasile\u00f1o actual le parece tan nebuloso y poco alentador para la izquierda como a Jair Krischke. Coincide igualmente con el militante humanitario en que el PT es responsable de su ca\u00edda, en que no fue capaz de construir una verdadera alternativa a la derecha y en que fue v\u00edctima de sus relaciones \u00edntimas con sectores del empresariado y del poder econ\u00f3mico. En conversaci\u00f3n con Brecha remarca tambi\u00e9n que, como otros gobiernos \u201cprogresistas\u201d de la regi\u00f3n que optaron por alianzas similares, los del PT incurrieron en pr\u00e1cticas que llegada la hora de los ajustes de cuentas por parte de sus adversarios iban a ser f\u00e1cilmente \u201cjudicializables\u201d. Pero Solano afirma al mismo tiempo que \u201cel adversario ha jugado, y mucho\u201d, y que la acci\u00f3n de los jueces del Lava Jato, en particular S\u00e9rgio Moro, \u201cno es inocente ni mucho menos. Nada hay de independiente en el poder judicial brasile\u00f1o. Es un poder profundamente clasista y profundamente politizado. Se embander\u00f3 en la lucha contra la corrupci\u00f3n, pero de manera muy equ\u00edvoca, a partir de sistemas tan poco transparentes como la delaci\u00f3n premiada\u201d (v\u00e9ase nota en p\u00e1gina 11). A Solano no le consta (\u201cno hay prueba alguna, se estar\u00eda entrando en la especulaci\u00f3n\u201d, piensa) que Moro haya actuado digitado desde el exterior, l\u00e9ase desde Estados Unidos. Washington bien puede haber encontrado en el \u201ccombate a la corrupci\u00f3n\u201d una veta para deshacerse de gobiernos inc\u00f3modos como el brasile\u00f1o, que hab\u00eda desafiado a la superpotencia sobre todo en el plano internacional, con su promoci\u00f3n de las alianzas Sur-Sur (v\u00e9ase columna de Camilo L\u00f3pez Burian), la apuesta a los Brics, la resistencia a los golpes de nuevo tipo en Honduras, en Paraguay, la defensa de Ch\u00e1vez en Venezuela o la promoci\u00f3n de organismos aut\u00f3nomos como la Unasur, pero Moro no tiene por qu\u00e9 haber sido una correa de trasmisi\u00f3n. \u201cEs cierto que Moro sigui\u00f3 cursos sobre lavado de activos promovidos por el Departamento de Estado, pero en realidad lo que lo mueve es la megaloman\u00eda, un deseo mesi\u00e1nico de pararse como salvador del pa\u00eds. Lo inspiran sobre todo sus colegas de la operaci\u00f3n Manos Limpias italiana.\u201d Aquellos jueces de la pen\u00ednsula que la emprendieron contra dirigentes pol\u00edticos de todos los sectores terminaron formando sus propios partidos, y \u201csu operaci\u00f3n de limpieza acab\u00f3 libr\u00e1ndole el camino a un Silvio Berlusconi. En Brasil, el m\u00e1s favorecido podr\u00eda ser un personaje nefasto como Bolsonaro, que se presenta como el \u00fanico pol\u00edtico ajeno a las tramas de corrupci\u00f3n\u201d.<\/span><\/p>\n<p class=\"MsoNormal\" style=\"margin:0;color:rgb(0,0,0);font-family:sans-serif;font-size:medium;font-style:normal;font-variant-ligatures:normal;font-variant-caps:normal;font-weight:400;letter-spacing:normal;orphans:2;text-indent:0;text-transform:none;white-space:normal;widows:2;word-spacing:0;text-decoration-style:initial;text-decoration-color:initial;text-align:left;\"><span style=\"font-size:10pt;font-family:Arial, sans-serif;\">Tan clara ha quedado la naturaleza pol\u00edtica de la operaci\u00f3n Lava Jato y la persecuci\u00f3n a Lula \u2013afirma Solano\u2013, que gente de izquierda muy cr\u00edtica del PT ha defendido al ex presidente y ha aparecido junto a \u00e9l en los d\u00edas previos a su encarcelamiento. En ese sentido, el PT hasta podr\u00eda sacar partido de esta ofensiva, tendiendo puentes a su izquierda. \u201cFue muy inteligente Lula cuando en su \u00faltimo discurso p\u00fablico levant\u00f3 las figuras j\u00f3venes de Guilherme Boulos, probable candidato a la presidencia por el Partido Socialismo y Libertad (Psol), y Manuela d\u2019Almeida, del Partido Comunista de Brasil, por encima de las de aspirantes de su propio partido, como el ex alcalde de San Pablo Fernando Haddad.\u201d<\/span><\/p>\n<p class=\"MsoNormal\" style=\"margin:0;color:rgb(0,0,0);font-family:sans-serif;font-size:medium;font-style:normal;font-variant-ligatures:normal;font-variant-caps:normal;font-weight:400;letter-spacing:normal;orphans:2;text-indent:0;text-transform:none;white-space:normal;widows:2;word-spacing:0;text-decoration-style:initial;text-decoration-color:initial;text-align:left;\"><span style=\"font-size:10pt;font-family:Arial, sans-serif;\">Solano cree que \u201cobjetivamente\u201d habr\u00eda hoy condiciones para que en Brasil se formara una especie de frente amplio que uniera a distintos sectores de izquierda o progresistas, con un PT a la baja, muy cuestionado, y sin figura de recambio para Lula. Pero lejos estar\u00eda esa alianza de ser s\u00f3lida, porque las diferencias program\u00e1ticas entre los distintos partidos, por ejemplo entre el Psol y el PT, son muy profundas y el PT sigue siendo, a pesar de todo, una m\u00e1quina trituradora. \u201cDemasiadas asimetr\u00edas\u201d, dice. Y la credibilidad de un Lula o un PT que se presenten como articuladores de una uni\u00f3n de las izquierdas es al menos cuestionable. Ni uno ni otro se han hecho autocr\u00edtica alguna, y sin una reformulaci\u00f3n que plantee claramente el tema del v\u00ednculo entre \u00e9tica y pol\u00edtica, el PT seguir\u00e1 previsiblemente por los mismos carriles, sugiere Solano.<\/span><\/p>\n<p class=\"MsoNormal\" style=\"margin:0;color:rgb(0,0,0);font-family:sans-serif;font-size:medium;font-style:normal;font-variant-ligatures:normal;font-variant-caps:normal;font-weight:400;letter-spacing:normal;orphans:2;text-indent:0;text-transform:none;white-space:normal;widows:2;word-spacing:0;text-decoration-style:initial;text-decoration-color:initial;text-align:left;\"><span style=\"font-size:10pt;font-family:Arial, sans-serif;\">\u201cLo que es tambi\u00e9n evidente es que desde que gobierna Michel Temer Brasil es un pa\u00eds a\u00fan m\u00e1s desigual. Lula hab\u00eda logrado sacar a decenas de millones de personas de la pobreza. De manera no muy s\u00f3lida, es cierto, pero lo hizo. En el Brasil actual, la que ha logrado la hegemon\u00eda no es cualquier derecha: es la m\u00e1s rancia, la m\u00e1s atrasada, esclavista, ligada al poder financiero, a los capitales extranjeros. Esa es la que promueve las privatizaciones, la salida del pa\u00eds de la escena internacional, el recorte del gasto p\u00fablico, las reformas laboral y de la previsi\u00f3n social.\u201d Solano piensa que \u201cconstruir una democracia en Brasil sin un combate radical a la desigualdad\u201d es una quimera, \u201cm\u00e1s aun cuando el sistema pol\u00edtico ha sido totalmente capturado por el poder econ\u00f3mico\u201d. Una \u201creforma antisistema\u201d ser\u00eda la \u00fanica salida, pero no hay hoy nadie que la proponga o que tenga la suficiente fuerza para hacerla.<\/span><\/p>\n<div align=\"center\" class=\"MsoNormal\" style=\"color:rgb(0,0,0);font-family:sans-serif;font-size:medium;font-style:normal;font-variant-ligatures:normal;font-variant-caps:normal;font-weight:400;letter-spacing:normal;orphans:2;text-indent:0;text-transform:none;white-space:normal;widows:2;word-spacing:0;text-decoration-style:initial;text-decoration-color:initial;text-align:center;\">\n<hr>\n<\/div>\n<p class=\"MsoNormal\" style=\"margin:0;color:rgb(0,0,0);font-family:sans-serif;font-size:medium;font-style:normal;font-variant-ligatures:normal;font-variant-caps:normal;font-weight:400;letter-spacing:normal;orphans:2;text-indent:0;text-transform:none;white-space:normal;widows:2;word-spacing:0;text-decoration-style:initial;text-decoration-color:initial;text-align:left;\"><span style=\"font-size:12pt;font-family:Arial, sans-serif;\"><b>\u00bfInocente o culpable?<\/b><\/span><\/p>\n<p class=\"MsoNormal\" style=\"margin:0;color:rgb(0,0,0);font-family:sans-serif;font-size:medium;font-style:normal;font-variant-ligatures:normal;font-variant-caps:normal;font-weight:400;letter-spacing:normal;orphans:2;text-indent:0;text-transform:none;white-space:normal;widows:2;word-spacing:0;text-decoration-style:initial;text-decoration-color:initial;text-align:left;\"><span style=\"font-size:10pt;font-family:Arial, sans-serif;\"><b>Ra\u00fal Zibechi<\/b><\/span><\/p>\n<p class=\"MsoNormal\" style=\"margin:0;color:rgb(0,0,0);font-family:sans-serif;font-size:medium;font-style:normal;font-variant-ligatures:normal;font-variant-caps:normal;font-weight:400;letter-spacing:normal;orphans:2;text-indent:0;text-transform:none;white-space:normal;widows:2;word-spacing:0;text-decoration-style:initial;text-decoration-color:initial;text-align:left;\"><span style=\"font-size:10pt;font-family:Arial, sans-serif;\"><b>Brecha, 13-4-2018<\/b><\/span><b>, <\/b><span style=\"font-size:10pt;font-family:Arial, sans-serif;\"><a href=\"https:\/\/brecha.com.uy\/\" target=\"_blank\"><b>https:\/\/brecha.com.uy\/<\/b><\/a><\/span><\/p>\n<p class=\"MsoNormal\" style=\"margin:0;color:rgb(0,0,0);font-family:sans-serif;font-size:medium;font-style:normal;font-variant-ligatures:normal;font-variant-caps:normal;font-weight:400;letter-spacing:normal;orphans:2text-indent: 0;text-transform:none;white-space:normal;widows:2;word-spacing:0;text-decoration-style:initial;text-decoration-color:initialtext-align: left;text-align:left;\"><span style=\"font-size:10pt;font-family:Arial, sans-serif;\">La izquierda cerr\u00f3 filas en torno a Lula, asegurando su inocencia, con el argumento de la falta de pruebas, ya que el juez S\u00e9rgio Moro lo proces\u00f3 por declaraciones de un ejecutivo de la constructora Oas, que al delatarlo se asegur\u00f3 un trato privilegiado (delaci\u00f3n premiada es la figura) por parte de la justicia.<\/span><\/p>\n<p class=\"MsoNormal\" style=\"margin:0;color:rgb(0,0,0);font-family:sans-serif;font-size:medium;font-style:normal;font-variant-ligatures:normal;font-variant-caps:normal;font-weight:400;letter-spacing:normal;orphans:2;text-indent:0;text-transform:none;white-space:normal;widows:2;word-spacing:0;text-decoration-style:initial;text-decoration-color:initial;text-align:left;\"><span style=\"font-size:10pt;font-family:Arial, sans-serif;\">Si los argumentos de Moro, y detr\u00e1s suyo de la derecha brasile\u00f1a, suenan cuestionables, los de quienes lo defienden tienen tambi\u00e9n sus puntos d\u00e9biles. En efecto, entre Lula y las grandes constructoras brasile\u00f1as hubo relaciones carnales, con cruce de favores que pueden no ser ilegales, pero son cuestionables.<\/span><\/p>\n<p class=\"MsoNormal\" style=\"margin:0;color:rgb(0,0,0);font-family:sans-serif;font-size:medium;font-style:normal;font-variant-ligatures:normal;font-variant-caps:normal;font-weight:400;letter-spacing:normal;orphans:2;text-indent:0;text-transform:none;white-space:normal;widows:2;word-spacing:0;text-decoration-style:initial;text-decoration-color:initial;text-align:left;\"><span style=\"font-size:10pt;font-family:Arial, sans-serif;\">Durante a\u00f1os el ex presidente se dedic\u00f3 a ofrecer su prestigio y el de su gobierno para lubricar negocios de las multinacionales brasile\u00f1as. En los dos primeros a\u00f1os despu\u00e9s de dejar la presidencia (en enero de 2011) la mitad de los viajes realizados por Lula fueron pagados por las constructoras, todos en Am\u00e9rica Latina y \u00c1frica, donde esas empresas concentran sus mayores intereses. Durante este tiempo Lula visit\u00f3 30 pa\u00edses, de los cuales 20 est\u00e1n en \u00c1frica y Am\u00e9rica Latina. Las constructoras pagaron 13 de esos viajes, la casi totalidad por Odebrecht, Oas y Camargo Correa (Folha de S\u00e3o Paulo, 22-III-13).<\/span><\/p>\n<p class=\"MsoNormal\" style=\"margin:0;color:rgb(0,0,0);font-family:sans-serif;font-size:medium;font-style:normal;font-variant-ligatures:normal;font-variant-caps:normal;font-weight:400;letter-spacing:normal;orphans:2;text-indent:0;text-transform:none;white-space:normal;widows:2;word-spacing:0;text-decoration-style:initial;text-decoration-color:initial;text-align:left;\"><span style=\"font-size:10pt;font-family:Arial, sans-serif;\">Un telegrama enviado por la embajada de Brasil en Mozambique, luego de una de las visitas de Lula, destaca el papel del ex presidente como verdadero embajador de las multinacionales. \u201cAl asociar su prestigio a las empresas que operan aqu\u00ed, el ex presidente Lula desarroll\u00f3, a los ojos de los mozambique\u00f1os, su compromiso con los resultados de la actividad empresarial brasile\u00f1a\u201d, escribi\u00f3 la embajadora L\u00edgia Scherer.<\/span><\/p>\n<p class=\"MsoNormal\" style=\"margin:0;color:rgb(0,0,0);font-family:sans-serif;font-size:medium;font-style:normal;font-variant-ligatures:normal;font-variant-caps:normal;font-weight:400;letter-spacing:normal;orphans:2;text-indent:0;text-transform:none;white-space:normal;widows:2;word-spacing:0;text-decoration-style:initial;text-decoration-color:initial;text-align:left;\"><span style=\"font-size:10pt;font-family:Arial, sans-serif;\">En agosto de 2011, Lula comenz\u00f3 una gira latinoamericana por Bolivia, donde lleg\u00f3 con su comitiva en un avi\u00f3n privado de Oas, la empresa que pretend\u00eda construir una carretera para atravesar el Territorio Ind\u00edgena y Parque Nacional Isiboro S\u00e9cure (Tipnis), lo que provoc\u00f3 masivas movilizaciones de las comunidades ind\u00edgenas, apoyadas por la poblaci\u00f3n urbana. De all\u00ed sigui\u00f3 viaje en el mismo avi\u00f3n a Costa Rica, donde la empresa disputaba una licitaci\u00f3n para construir una carretera que finalmente se le adjudic\u00f3 por 500 millones de d\u00f3lares.<\/span><\/p>\n<p class=\"MsoNormal\" style=\"margin:0;color:rgb(0,0,0);font-family:sans-serif;font-size:medium;font-style:normal;font-variant-ligatures:normal;font-variant-caps:normal;font-weight:400;letter-spacing:normal;orphans:2;text-indent:0;text-transform:none;white-space:normal;widows:2;word-spacing:0;text-decoration-style:initial;text-decoration-color:initial;text-align:left;\"><span style=\"font-size:10pt;font-family:Arial, sans-serif;\">Se trata de empresas muy poderosas, que cuentan con cientos de miles de empleados y negocios en decenas de pa\u00edses. La casi totalidad de las obras de infraestructura contempladas en el proyecto Integraci\u00f3n de la Infraestructura Regional Sudamericana (Iirsa), en total m\u00e1s de quinientas obras por 100.000 millones de d\u00f3lares, fueron o est\u00e1n siendo construidas por las constructoras brasile\u00f1as. El estatal Banco Nacional de Desarrollo Econ\u00f3mico y Social (Bndes) es el principal financiador de estas obras, pero lo hace a condici\u00f3n de que el pa\u00eds que recibe el pr\u00e9stamo contrate empresas brasile\u00f1as.<\/span><\/p>\n<p class=\"MsoNormal\" style=\"margin:0;color:rgb(0,0,0);font-family:sans-serif;font-size:medium;font-style:normal;font-variant-ligatures:normal;font-variant-caps:normal;font-weight:400;letter-spacing:normal;orphans:2;text-indent:0;text-transform:none;white-space:normal;widows:2;word-spacing:0;text-decoration-style:initial;text-decoration-color:initial;text-align:left;\"><span style=\"font-size:10pt;font-family:Arial, sans-serif;\">El papel de Lula es el de promover \u201csus\u201d empresas, contribuyendo a allanar dificultades gracias a su enorme prestigio y a la caja millonaria del Bndes, que lleg\u00f3 a ser uno de los bancos de fomento m\u00e1s importantes del mundo, con m\u00e1s fondos para invertir en la regi\u00f3n que la suma del Fmi y el Banco Mundial.<\/span><\/p>\n<p class=\"MsoNormal\" style=\"margin:0;color:rgb(0,0,0);font-family:sans-serif;font-size:medium;font-style:normal;font-variant-ligatures:normal;font-variant-caps:normal;font-weight:400;letter-spacing:normal;orphans:2;text-indent:0;text-transform:none;white-space:normal;widows:2;word-spacing:0;text-decoration-style:initial;text-decoration-color:initial;text-align:left;\"><span style=\"font-size:10pt;font-family:Arial, sans-serif;\">Algunas de esas obras generaron conflictos graves, como el que llev\u00f3 al gobierno de Rafael Correa a expulsar a Odebrecht de Ecuador por graves fallas en la represa sobre el r\u00edo San Francisco, aun antes de ser inaugurada.<\/span><\/p>\n<p class=\"MsoNormal\" style=\"margin:0;color:rgb(0,0,0);font-family:sans-serif;font-size:medium;font-style:normal;font-variant-ligatures:normal;font-variant-caps:normal;font-weight:400;letter-spacing:normal;orphans:2;text-indent:0;text-transform:none;white-space:normal;widows:2;word-spacing:0;text-decoration-style:initial;text-decoration-color:initial;text-align:left;\"><span style=\"font-size:10pt;font-family:Arial, sans-serif;\">El poder de las grandes empresas brasile\u00f1as se hace sentir de modo particular en los peque\u00f1os pa\u00edses de la regi\u00f3n. En Bolivia, Petrobras controla la mitad de los hidrocarburos, es responsable del 20 por ciento del Pbi boliviano y del 24 por ciento de las recaudaciones tributarias del Estado.<\/span><\/p>\n<p class=\"MsoNormal\" style=\"margin:0;color:rgb(0,0,0);font-family:sans-serif;font-size:medium;font-style:normal;font-variant-ligatures:normal;font-variant-caps:normal;font-weight:400;letter-spacing:normal;orphans:2;text-indent:0;text-transform:none;white-space:normal;widows:2;word-spacing:0;text-decoration-style:initial;text-decoration-color:initial;text-align:left;\"><span style=\"font-size:10pt;font-family:Arial, sans-serif;\">Como embajador de las multinacionales brasile\u00f1as, Lula no comete ning\u00fan delito. Sin embargo, esas mismas empresas financian las campa\u00f1as electorales del Partido de los Trabajadores, aunque tambi\u00e9n financian a la mayor parte de los partidos. No son donaciones, sino inversiones: por cada d\u00f3lar o real que ponen en la campa\u00f1a, reciben siete en obras aprobadas por los mismos cargos municipales, estatales o federales que ayudaron a ascender. (1)<\/span><\/p>\n<p class=\"MsoNormal\" style=\"margin:0;color:rgb(0,0,0);font-family:sans-serif;font-size:medium;font-style:normal;font-variant-ligatures:normal;font-variant-caps:normal;font-weight:400;letter-spacing:normal;orphans:2;text-indent:0;text-transform:none;white-space:normal;widows:2;word-spacing:0;text-decoration-style:initial;text-decoration-color:initial;text-align:left;\"><span style=\"font-size:10pt;font-family:Arial, sans-serif;\">El asunto de la corrupci\u00f3n tiene una faceta legal y otra \u00e9tica. Se puede no cometer ning\u00fan delito, pero ser corrupto. Por lo menos desde la \u00e9tica que profes\u00f3 siempre la izquierda en todo el mundo. Cuando los cargos de los partidos tradicionales importaban coches libres de impuestos, en el Uruguay de las vacas gordas, se aten\u00edan estrictamente a las leyes que ellos mismos hab\u00edan aprobado. La izquierda, hagamos memoria, mentaba corrupci\u00f3n aunque no existiera delito.<\/span><\/p>\n<p class=\"MsoNormal\" style=\"margin:0;color:rgb(0,0,0);font-family:sans-serif;font-size:medium;font-style:normal;font-variant-ligatures:normal;font-variant-caps:normal;font-weight:400;letter-spacing:normal;orphans:2;text-indent:0;text-transform:none;white-space:normal;widows:2;word-spacing:0;text-decoration-style:initial;text-decoration-color:initial;text-align:left;\"><span style=\"font-size:10pt;font-family:Arial, sans-serif;\">En el caso de Lula, y m\u00e1s all\u00e1 del juez Moro, la izquierda debe hacerse preguntas. \u00bfEs leg\u00edtimo mantener relaciones carnales con empresas multinacionales que han dado sobradas muestras de sobreexplotar a sus trabajadores? \u00bfPod\u00eda Lula ignorar la corrupci\u00f3n que salt\u00f3 en su primer gobierno consistente en comprar decenas de diputados, y que recibi\u00f3 el nombre de mensal\u00e3o? \u00bfPod\u00eda ignorar los tremendos casos de corrupci\u00f3n de la estatal Petrobras y de las constructoras?<\/span><\/p>\n<p class=\"MsoNormal\" style=\"margin:0;color:rgb(0,0,0);font-family:sans-serif;font-size:medium;font-style:normal;font-variant-ligatures:normal;font-variant-caps:normal;font-weight:400;letter-spacing:normal;orphans:2;text-indent:0;text-transform:none;white-space:normal;widows:2;word-spacing:0;text-decoration-style:initial;text-decoration-color:initial;text-align:left;\"><span style=\"font-size:10pt;font-family:Arial, sans-serif;\">La legitimidad no tiene nada que ver con la justicia. Nadie va preso por cometer actos re\u00f1idos con la \u00e9tica de la izquierda, que siempre proclam\u00f3 rigurosidad en ese sentido. Mirar para otro lado porque no nos conviene o porque son los \u201cnuestros\u201d, es de un pragmatismo suicida. La gente com\u00fan termina por percibir las mentiras. Luego da un paso al costado, probablemente para siempre.<\/span><\/p>\n<p class=\"MsoNormal\" style=\"margin:0;color:rgb(0,0,0);font-family:sans-serif;font-size:medium;font-style:normal;font-variant-ligatures:normal;font-variant-caps:normal;font-weight:400;letter-spacing:normal;orphans:2;text-indent:0;text-transform:none;white-space:normal;widows:2;word-spacing:0;text-decoration-style:initial;text-decoration-color:initial;text-align:left;\"><span style=\"font-size:10pt;font-family:Arial, sans-serif;\"><b><u>Nota<\/u><\/b><\/span><\/p>\n<p class=\"MsoNormal\" style=\"margin:0;color:rgb(0,0,0);font-family:sans-serif;font-size:medium;font-style:normal;font-variant-ligatures:normal;font-variant-caps:normal;font-weight:400;letter-spacing:normal;orphans:2;text-indent:0;text-transform:none;white-space:normal;widows:2;word-spacing:0;text-decoration-style:initial;text-decoration-color:initial;text-align:left;\"><span style=\"font-size:10pt;font-family:Arial, sans-serif;\">1) Zibechi, R., Brasil Potencia. Entre la integraci\u00f3n regional y un nuevo imperialismo. Editorial Quimant\u00fa (2012).<\/span><\/p>\n<div align=\"center\" class=\"MsoNormal\" style=\"color:rgb(0,0,0);font-family:sans-serif;font-size:medium;font-style:normal;font-variant-ligatures:normal;font-variant-caps:normal;font-weight:400;letter-spacing:normal;orphans:2;text-indent:0;text-transform:none;white-space:normal;widows:2;word-spacing:0;text-decoration-style:initial;text-decoration-color:initial;text-align:center;\">\n<hr>\n<\/div>\n<p class=\"MsoNormal\" style=\"margin:0;color:rgb(0,0,0);font-family:sans-serif;font-size:medium;font-style:normal;font-variant-ligatures:normal;font-variant-caps:normal;font-weight:400;letter-spacing:normal;orphans:2;text-indent:0;text-transform:none;white-space:normal;widows:2;word-spacing:0;text-decoration-style:initial;text-decoration-color:initial;text-align:left;\"><span style=\"font-size:12pt;font-family:Arial, sans-serif;\"><b>Superar el lulismo<\/b><\/span><\/p>\n<p class=\"MsoNormal\" style=\"margin:0;color:rgb(0,0,0);font-family:sans-serif;font-size:medium;font-style:normal;font-variant-ligatures:normal;font-variant-caps:normal;font-weight:400;letter-spacing:normal;orphans:2;text-indent:0;text-transform:none;white-space:normal;widows:2;word-spacing:0;text-decoration-style:initial;text-decoration-color:initial;text-align:left;\"><span style=\"font-size:10pt;font-family:Arial, sans-serif;\"><b>Luis Felipe Miguel<\/b><\/span><\/p>\n<p class=\"MsoNormal\" style=\"margin:0;color:rgb(0,0,0);font-family:sans-serif;font-size:medium;font-style:normal;font-variant-ligatures:normal;font-variant-caps:normal;font-weight:400;letter-spacing:normal;orphans:2;text-indent:0;text-transform:none;white-space:normal;widows:2;word-spacing:0;text-decoration-style:initial;text-decoration-color:initial;text-align:left;\"><span style=\"font-size:10pt;font-family:Arial, sans-serif;\"><b>Brecha, 13-4-2018<\/b><\/span><b>, <\/b><span style=\"font-size:10pt;font-family:Arial, sans-serif;\"><a href=\"https:\/\/brecha.com.uy\/\" target=\"_blank\"><b>https:\/\/brecha.com.uy\/<\/b><\/a><\/span><\/p>\n<p class=\"MsoNormal\" style=\"margin:0;color:rgb(0,0,0);font-family:sans-serif;font-size:medium;font-style:normal;font-variant-ligatures:normal;font-variant-caps:normal;font-weight:400;letter-spacing:normal;orphans:2;text-indent:0;text-transform:none;white-space:normal;widows:2;word-spacing:0;text-decoration-style:initial;text-decoration-color:initial;text-align:left;\"><span style=\"font-size:10pt;font-family:Arial, sans-serif;\">La prisi\u00f3n del ex presidente Luiz In\u00e1cio Lula da Silva marca un nuevo e importante paso en la consolidaci\u00f3n del r\u00e9gimen pol\u00edtico establecido en Brasil a partir del golpe parlamentario de 2016. Considerado un verdadero h\u00e9roe por millones de brasile\u00f1os pobres, gracias a las pol\u00edticas sociales compensatorias que estableci\u00f3, Lula ha resistido a a\u00f1os de una campa\u00f1a violenta de los medios empresariales en su contra y se mantiene como candidato favorito para las elecciones presidenciales en octubre. Proscrito de participar por decisi\u00f3n de la justicia, mantuvo su campa\u00f1a electoral, ampliando el desgaste que su exclusi\u00f3n genera a la legitimidad del pleito. Por eso los due\u00f1os del poder consideraron que la soluci\u00f3n ser\u00eda encarcelarlo.<\/span><\/p>\n<p class=\"MsoNormal\" style=\"margin:0;color:rgb(0,0,0);font-family:sans-serif;font-size:medium;font-style:normal;font-variant-ligatures:normal;font-variant-caps:normal;font-weight:400;letter-spacing:normal;orphans:2;text-indent:0;text-transform:none;white-space:normal;widows:2;word-spacing:0;text-decoration-style:initial;text-decoration-color:initial;text-align:left;\"><span style=\"font-size:10pt;font-family:Arial, sans-serif;\">Merece recordar que el ex presidente es v\u00edctima de una persecuci\u00f3n judicial, denunciada por los principales juristas de Brasil. Una condena injusta, sin pruebas que la fundamenten y por medio de un juicio claramente parcial, seguido de una prisi\u00f3n tambi\u00e9n ilegal, en desacuerdo con la Constituci\u00f3n brasile\u00f1a, que estipula que nadie ser\u00e1 preso antes de agotar los recursos judiciales.<\/span><\/p>\n<p class=\"MsoNormal\" style=\"margin:0;color:rgb(0,0,0);font-family:sans-serif;font-size:medium;font-style:normal;font-variant-ligatures:normal;font-variant-caps:normal;font-weight:400;letter-spacing:normal;orphans:2;text-indent:0;text-transform:none;white-space:normal;widows:2;word-spacing:0;text-decoration-style:initial;text-decoration-color:initial;text-align:left;\"><span style=\"font-size:10pt;font-family:Arial, sans-serif;\">El s\u00e1bado pasado Lula se entreg\u00f3, contrariando a los militantes que intentaban imped\u00edrselo. Pero se neg\u00f3 a seguir el guion determinado por sus adversarios y realiz\u00f3 una gran manifestaci\u00f3n pol\u00edtica. El acto mostr\u00f3, en primer lugar, que, incluso preso, Lula sigue ocupando un papel central en la pol\u00edtica brasile\u00f1a. Su discurso emocional de casi una hora transform\u00f3 lo que ser\u00eda el triunfo final de la operaci\u00f3n en su contra en una fuerte denuncia contra el accionar y la reacci\u00f3n de las clases dominantes brasile\u00f1as.<\/span><\/p>\n<p class=\"MsoNormal\" style=\"margin:0;color:rgb(0,0,0);font-family:sans-serif;font-size:medium;font-style:normal;font-variant-ligatures:normal;font-variant-caps:normal;font-weight:400;letter-spacing:normal;orphans:2;text-indent:0;text-transform:none;white-space:normal;widows:2;word-spacing:0;text-decoration-style:initial;text-decoration-color:initial;text-align:left;\"><span style=\"font-size:10pt;font-family:Arial, sans-serif;\">Pero adem\u00e1s revel\u00f3 que el sector popular brasile\u00f1o se encuentra en un momento decisivo para pensar su futuro. El encarcelamiento se\u00f1ala el agotamiento del proyecto pol\u00edtico liderado por Lula, que apost\u00f3 por una v\u00eda de menor fricci\u00f3n con las elites, con el fin de garantizar avances en las condiciones de vida de los m\u00e1s pobres.<\/span><\/p>\n<p class=\"MsoNormal\" style=\"margin:0;color:rgb(0,0,0);font-family:sans-serif;font-size:medium;font-style:normal;font-variant-ligatures:normal;font-variant-caps:normal;font-weight:400;letter-spacing:normal;orphans:2;text-indent:0;text-transform:none;white-space:normal;widows:2;word-spacing:0;text-decoration-style:initial;text-decoration-color:initial;text-align:left;\"><span style=\"font-size:10pt;font-family:Arial, sans-serif;\">Lula irrumpi\u00f3 en la pol\u00edtica brasile\u00f1a como l\u00edder de las huelgas metal\u00fargicas de 1978 y 1979, que marcaron el resurgimiento del movimiento obrero que la dictadura hab\u00eda aniquilado luego del golpe de 1964. Comand\u00f3 la fundaci\u00f3n del PT, un partido socialista, radicalmente democr\u00e1tico, que se posicionaba en contra de toda la corrupta elite pol\u00edtica brasile\u00f1a. Con el paso del tiempo, Lula y el PT cambiaron de posici\u00f3n, por sus derrotas, pero sobre todo por sus victorias. De ser una organizaci\u00f3n casi marginal pas\u00f3 a ser un partido central en el sistema pol\u00edtico brasile\u00f1o, conquistando administraciones locales y una importante bancada en el Congreso. Y con la mayor\u00eda electoral al alcance de su mano el PT estim\u00f3 que ten\u00eda incentivos para abandonar la intransigencia inicial y participar m\u00e1s activamente en el juego de la pol\u00edtica institucional.<\/span><\/p>\n<p class=\"MsoNormal\" style=\"margin:0;color:rgb(0,0,0);font-family:sans-serif;font-size:medium;font-style:normal;font-variant-ligatures:normal;font-variant-caps:normal;font-weight:400;letter-spacing:normal;orphans:2;text-indent:0;text-transform:none;white-space:normal;widows:2;word-spacing:0;text-decoration-style:initial;text-decoration-color:initial;text-align:left;\"><span style=\"font-size:10pt;font-family:Arial, sans-serif;\">Cuando finalmente alcanz\u00f3 la presidencia, en las elecciones de 2002, Lula ya hab\u00eda abrazado una visi\u00f3n m\u00e1s realista \u2013e incluso desencantada\u2013 de las posibilidades de transformaci\u00f3n de Brasil. Entendi\u00f3 que era necesario buscar un camino que minimizase la oposici\u00f3n de los grupos privilegiados. Su gobierno se abraz\u00f3 con la elite pol\u00edtica tradicional, concedi\u00e9ndole cargos y poder. Evit\u00f3 tocar los lucros de los bancos, fue cuidadoso al tratar con el capital trasnacional, mantuvo intactas las bases de la pol\u00edtica econ\u00f3mica liberal heredada de sus antecesores. Todo para garantizar el cumplimiento de un \u00fanico objetivo, la lucha contra la pobreza extrema de decenas de millones de personas en el pa\u00eds.<\/span><\/p>\n<p class=\"MsoNormal\" style=\"margin:0;color:rgb(0,0,0);font-family:sans-serif;font-size:medium;font-style:normal;font-variant-ligatures:normal;font-variant-caps:normal;font-weight:400;letter-spacing:normal;orphans:2;text-indent:0;text-transform:none;white-space:normal;widows:2;word-spacing:0;text-decoration-style:initial;text-decoration-color:initial;text-align:left;\"><span style=\"font-size:10pt;font-family:Arial, sans-serif;\">El proyecto tuvo \u00e9xito. Las pol\u00edticas iniciadas por el gobierno de Lula mejoraron de manera significativa las condiciones de vida de los pobres y permitieron un fen\u00f3meno real de ascensi\u00f3n social. La izquierda criticaba la capitulaci\u00f3n ante el discurso liberal de la \u201cigualdad de oportunidades\u201d, la opci\u00f3n por la inclusi\u00f3n social a trav\u00e9s del consumo y la aceptaci\u00f3n de una matriz de desarrollo predatoria, pero no es posible negar el cambio de la din\u00e1mica social causado por Lula. A pesar de la oposici\u00f3n violenta de los medios de comunicaci\u00f3n, los gobiernos del PT consiguieron renovar sus mandatos en cada elecci\u00f3n. Fue lo que oblig\u00f3 a la derecha a buscar un nuevo camino y lo que llev\u00f3 al golpe en 2016.<\/span><\/p>\n<p class=\"MsoNormal\" style=\"margin:0;color:rgb(0,0,0);font-family:sans-serif;font-size:medium;font-style:normal;font-variant-ligatures:normal;font-variant-caps:normal;font-weight:400;letter-spacing:normal;orphans:2;text-indent:0;text-transform:none;white-space:normal;widows:2;word-spacing:0;text-decoration-style:initial;text-decoration-color:initial;text-align:left;\"><span style=\"font-size:10pt;font-family:Arial, sans-serif;\">El golpe demostr\u00f3 el agotamiento del \u201clulismo\u201d. La conciliaci\u00f3n que el ex presidente buscaba activamente, por considerar que el camino del enfrentamiento estaba condenado al fracaso, la rompieron las clases dominantes. Incluso luego del golpe, Lula se\u00f1al\u00f3 la posibilidad de una recomposici\u00f3n. Siendo candidato y en el caso de que volviera a gobernar, su opci\u00f3n preferencial ser\u00eda intentar pactar un nuevo y amplio consenso, que volviera a garantizar las pol\u00edticas para los m\u00e1s pobres a cambio de paz social. Pero no encontr\u00f3 receptividad, y su detenci\u00f3n es la demostraci\u00f3n definitiva de que el espacio de negociaci\u00f3n fue eliminado.<\/span><\/p>\n<p class=\"MsoNormal\" style=\"margin:0;color:rgb(0,0,0);font-family:sans-serif;font-size:medium;font-style:normal;font-variant-ligatures:normal;font-variant-caps:normal;font-weight:400;letter-spacing:normal;orphans:2;text-indent:0;text-transform:none;white-space:normal;widows:2;word-spacing:0;text-decoration-style:initial;text-decoration-color:initial;text-align:left;\"><span style=\"font-size:10pt;font-family:Arial, sans-serif;\">Adem\u00e1s del prejuicio de clase, siempre presente, y la intolerancia de las elites brasile\u00f1as hacia cualquier reducci\u00f3n de las desigualdades, un rasgo perenne en la historia del pa\u00eds, es un hecho que los cambios promovidos por el PT desencadenaron procesos que trascendieron algunos de sus propios l\u00edmites. Las pol\u00edticas de transferencia de renta y la dinamizaci\u00f3n de la econom\u00eda fortalecieron la posici\u00f3n de la clase trabajadora frente al capital. La movilidad social, en particular el acceso de los pobres a la ense\u00f1anza superior, desacomod\u00f3 privilegios que las clases medias y las elites estimaban intocables. La regulaci\u00f3n de las ganancias de las empresas no se endureci\u00f3, pero la pol\u00edtica exterior de aproximaci\u00f3n Sur-Sur y el apoyo a la producci\u00f3n nacional en sectores estrat\u00e9gicos incomodaron al imperialismo.<\/span><\/p>\n<p class=\"MsoNormal\" style=\"margin:0;color:rgb(0,0,0);font-family:sans-serif;font-size:medium;font-style:normal;font-variant-ligatures:normal;font-variant-caps:normal;font-weight:400;letter-spacing:normal;orphans:2;text-indent:0;text-transform:none;white-space:normal;widows:2;word-spacing:0;text-decoration-style:initial;text-decoration-color:initial;text-align:left;\"><span style=\"font-size:10pt;font-family:Arial, sans-serif;\">El problema que se le presenta a la izquierda es c\u00f3mo construir un proyecto que vaya m\u00e1s all\u00e1 de la restauraci\u00f3n del orden que fue roto con el golpe de 2016, y de los derechos que sufrieron un retroceso a partir de entonces. El PT parece paralizado, incapaz de generar alternativas, pero tambi\u00e9n de renunciar a su posici\u00f3n hegem\u00f3nica en la izquierda brasile\u00f1a. El propio Lula, sin embargo, en el acto que antecedi\u00f3 a su detenci\u00f3n, se\u00f1al\u00f3 la necesidad de incorporar al frente del escenario a personalidades de otros partidos, en particular a Guilherme Boulos, candidato presidencial del Partido Socialismo y Libertad (Psol, una escisi\u00f3n por izquierda del PT), que estaba presente y recibi\u00f3 grandes elogios del ex presidente.<\/span><\/p>\n<p class=\"MsoNormal\" style=\"margin:0;color:rgb(0,0,0);font-family:sans-serif;font-size:medium;font-style:normal;font-variant-ligatures:normal;font-variant-caps:normal;font-weight:400;letter-spacing:normal;orphans:2;text-indent:0;text-transform:none;white-space:normal;widows:2;word-spacing:0;text-decoration-style:initial;text-decoration-color:initial;text-align:left;\"><span style=\"font-size:10pt;font-family:Arial, sans-serif;\">Se ha agotado la apuesta por luchar exclusivamente dentro de las instituciones. El programa del lulismo daba por sentado que, al ganar las elecciones, estar\u00edan dadas las condiciones para implementar pol\u00edticas que, en beneficio de las mayor\u00edas, garantizar\u00edan la victoria en las siguientes elecciones. El golpe rompi\u00f3 este ciclo. La respuesta ha sido d\u00e9bil, porque la pol\u00edtica de conciliaci\u00f3n exigi\u00f3 la desmovilizaci\u00f3n de los movimientos sociales, como forma de garantizar que no se extralimitar\u00edan, y porque las nuevas bases lulistas, los millones de beneficiados por sus pol\u00edticas, siempre fueron instruidas a manifestarse exclusivamente a trav\u00e9s del voto.<\/span><\/p>\n<p class=\"MsoNormal\" style=\"margin:0;color:rgb(0,0,0);font-family:sans-serif;font-size:medium;font-style:normal;font-variant-ligatures:normal;font-variant-caps:normal;font-weight:400;letter-spacing:normal;orphans:2;text-indent:0;text-transform:none;white-space:normal;widows:2;word-spacing:0;text-decoration-style:initial;text-decoration-color:initial;text-align:left;\"><span style=\"font-size:10pt;font-family:Arial, sans-serif;\">Cabe a la izquierda brasile\u00f1a superar el lulismo, entendiendo que el camino del menor roce no fue capaz de garantizar la estabilidad deseada, y que nos desarm\u00f3 para la lucha. Al mismo tiempo, debe preservar sus grandes virtudes: la capacidad de comunicarse con las masas, rechazando cualquier discurso sectario, y el sentido de urgencia frente a las necesidades de los m\u00e1s pobres.<span> <\/span><\/span><\/p>\n","protected":false},"excerpt":{"rendered":"<p>El problema que se le presenta a la izquierda es c\u00f3mo construir un proyecto que vaya m\u00e1s all\u00e1 de la restauraci\u00f3n del orden que fue roto con el golpe de 2016, y de los derechos que sufrieron un retroceso a partir de entonces&#8230;<\/p>\n","protected":false},"author":102520410,"featured_media":0,"comment_status":"open","ping_status":"open","sticky":false,"template":"","format":"aside","meta":{"_coblocks_attr":"","_coblocks_dimensions":"","_coblocks_responsive_height":"","_coblocks_accordion_ie_support":"","advanced_seo_description":"","jetpack_seo_html_title":"","jetpack_seo_noindex":false,"jetpack_seo_schema_type":"","_jetpack_newsletter_access":"","_jetpack_dont_email_post_to_subs":false,"_jetpack_newsletter_tier_id":0,"_jetpack_memberships_contains_paywalled_content":false,"_wpcom_ai_launchpad_first_post":false,"_jetpack_feature_clip_id":0,"_jetpack_memberships_contains_paid_content":false,"footnotes":"","jetpack_post_was_ever_published":false},"categories":[],"tags":[17212],"class_list":["post-4369","post","type-post","status-publish","format-aside","hentry","tag-america-latina","post_format-post-format-aside"],"jetpack_likes_enabled":false,"jetpack_sharing_enabled":true,"jetpack_shortlink":"https:\/\/wp.me\/p7lt2C-18t","amp_enabled":true,"jetpack_featured_media_url":"","_links":{"self":[{"href":"https:\/\/correspondenciadeprensa.com\/index.php?rest_route=\/wp\/v2\/posts\/4369","targetHints":{"allow":["GET"]}}],"collection":[{"href":"https:\/\/correspondenciadeprensa.com\/index.php?rest_route=\/wp\/v2\/posts"}],"about":[{"href":"https:\/\/correspondenciadeprensa.com\/index.php?rest_route=\/wp\/v2\/types\/post"}],"author":[{"embeddable":true,"href":"https:\/\/correspondenciadeprensa.com\/index.php?rest_route=\/wp\/v2\/users\/102520410"}],"replies":[{"embeddable":true,"href":"https:\/\/correspondenciadeprensa.com\/index.php?rest_route=%2Fwp%2Fv2%2Fcomments&post=4369"}],"version-history":[{"count":0,"href":"https:\/\/correspondenciadeprensa.com\/index.php?rest_route=\/wp\/v2\/posts\/4369\/revisions"}],"wp:attachment":[{"href":"https:\/\/correspondenciadeprensa.com\/index.php?rest_route=%2Fwp%2Fv2%2Fmedia&parent=4369"}],"wp:term":[{"taxonomy":"category","embeddable":true,"href":"https:\/\/correspondenciadeprensa.com\/index.php?rest_route=%2Fwp%2Fv2%2Fcategories&post=4369"},{"taxonomy":"post_tag","embeddable":true,"href":"https:\/\/correspondenciadeprensa.com\/index.php?rest_route=%2Fwp%2Fv2%2Ftags&post=4369"}],"curies":[{"name":"wp","href":"https:\/\/api.w.org\/{rel}","templated":true}]}}