{"id":40935,"date":"2024-04-24T20:00:00","date_gmt":"2024-04-24T18:00:00","guid":{"rendered":"https:\/\/correspondenciadeprensa.com\/?p=40935"},"modified":"2024-04-24T19:09:24","modified_gmt":"2024-04-24T17:09:24","slug":"argentina-una-masiva-marcha-universitaria-repudio-el-inedito-ajuste-de-milei-sebastian-lacunza","status":"publish","type":"post","link":"https:\/\/correspondenciadeprensa.com\/?p=40935","title":{"rendered":"Argentina &#8211; Una masiva marcha universitaria repudi\u00f3 el in\u00e9dito ajuste de Milei. [Sebasti\u00e1n Lacunza]"},"content":{"rendered":"\n<p class=\"has-text-align-right wp-block-paragraph\"><sub>Buenos Aires, 23-4-2024. Foto: Luis Robayo, AFP<\/sub><\/p>\n\n\n\n<p class=\"has-text-color has-link-color wp-elements-1 wp-block-paragraph\" style=\"color:#010000\"><strong>Sebasti\u00e1n Lacunza desde Buenoas Aires<\/strong><\/p>\n\n\n\n<p class=\"has-text-color has-link-color wp-elements-2 wp-block-paragraph\" style=\"color:#010000\"><strong><em><a href=\"https:\/\/ladiaria.com.uy\/mundo\/articulo\/2024\/4\/una-masiva-marcha-universitaria-repudio-el-inedito-ajuste-de-milei\/\">La Diaria<\/a><\/em>, 24-4-2024<\/strong><\/p>\n\n\n\n<p class=\"has-text-color has-link-color wp-elements-3 wp-block-paragraph\" style=\"color:#010000\"><strong><em><a href=\"https:\/\/correspondenciadeprensa.com\/\">Correspondencia de Prensa<\/a><\/em>, 24-4-2024<\/strong><\/p>\n\n\n\n<p class=\"has-text-color has-link-color wp-elements-4 wp-block-paragraph\" style=\"color:#010000\"><strong>Centenares de miles de personas salieron a las calles a rechazar un recorte que amenaza con el cierre de la educaci\u00f3n superior. El ultraderechista abroquel\u00f3 un amplio arco en su contra.<\/strong><\/p>\n\n\n\n<p class=\"has-text-align-justify has-text-color has-link-color wp-elements-5 wp-block-paragraph\" style=\"color:#010000\">Buenos Aires, C\u00f3rdoba, Rosario y las principales ciudades argentinas vivieron este martes hist\u00f3ricas manifestaciones en defensa de la educaci\u00f3n universitaria p\u00fablica, que se ve amenazada por una rebaja proyectada del presupuesto de este a\u00f1o de 70% y una abierta agresividad por parte del presidente Javier Milei y sus voceros, que denuncian dilapidaci\u00f3n de recursos y adoctrinamiento marxista.<\/p>\n\n\n\n<p class=\"has-text-align-justify has-text-color has-link-color wp-elements-6 wp-block-paragraph\" style=\"color:#010000\">La masividad y variedad de sectores sociales, culturales e ideol\u00f3gicos que salieron a las calles expresan el valor que tiene la educaci\u00f3n superior estatal para los argentinos. No exentas de problemas, m\u00e1s de 60 universidades repartidas en todo el pa\u00eds albergan 2,16 millones de alumnos de diferentes procedencias econ\u00f3micas, geogr\u00e1ficas y sociales, y la libertad de c\u00e1tedra y el sistema de gobierno que rigen hace m\u00e1s de 100 a\u00f1os llevaron a una diversidad de abordajes de muy diversas miradas.<\/p>\n\n\n\n<p class=\"has-text-align-justify has-text-color has-link-color wp-elements-7 wp-block-paragraph\" style=\"color:#010000\">Adem\u00e1s, cientos de miles de estudiantes cursan en institutos p\u00fablicos terciarios y de formaci\u00f3n docente.<\/p>\n\n\n\n<p class=\"has-text-align-justify has-text-color has-link-color wp-elements-8 wp-block-paragraph\" style=\"color:#010000\">El c\u00edrculo se cierra con un amplio consenso sobre la calidad acad\u00e9mica, superior en general a las privadas y muy reconocida en estad\u00edsticas comparativas internacionales, lo que ubica a las universidades p\u00fablicas y al Consejo Nacional de Investigaciones Cient\u00edficas y T\u00e9cnicas (Conicet) en el coraz\u00f3n de la autoestima de millones de familias argentinas, que ven al menos en ese \u00e1mbito la concreci\u00f3n del sue\u00f1o de un pa\u00eds frustrado en otros aspectos.<\/p>\n\n\n\n<p class=\"has-text-align-justify has-text-color has-link-color wp-elements-9 wp-block-paragraph\" style=\"color:#010000\">En la ciudad de Buenos Aires marcharon unas 500.000 personas, seg\u00fan la estimaci\u00f3n de la Universidad de Buenos Aires. Durante el acto central en la Plaza de Mayo, los organizadores mencionaron la cifra de 800.000, mientras que el gobierno de la ciudad de Buenos Aires, a cargo de Jorge Macri, aliado de Milei, cont\u00f3 150.000. La Casa Rosada rebaj\u00f3 el n\u00famero a unas decenas de miles y la calific\u00f3 como \u201cuna marcha opositora\u201d.<\/p>\n\n\n\n<p class=\"has-text-align-justify has-text-color has-link-color wp-elements-10 wp-block-paragraph\" style=\"color:#010000\">La constataci\u00f3n de <em>la diaria<\/em> fue que el punto de encuentro, en la Plaza de los Dos Congresos, donde confluyeron las columnas de las trece facultades de la Universidad de Buenos Aires y una veintena de altas casas de estudios del conurbano de la capital, ten\u00eda una densidad de concurrentes que dificultaba severamente la movilidad. Desde all\u00ed hasta Plaza de Mayo \u2014unas diez cuadras\u2014, la situaci\u00f3n era igualmente compacta, algo extraordinario en otras marchas tambi\u00e9n masivas, como las de \u201cMemoria, Verdad y Justicia\u201d que se realiza cada 24 de marzo.<\/p>\n\n\n\n<p class=\"has-text-align-justify has-text-color has-link-color wp-elements-11 wp-block-paragraph\" style=\"color:#010000\">Desde el mediod\u00eda, las inmediaciones de facultades en barrios distantes como Caballito, N\u00fa\u00f1ez, San Crist\u00f3bal y Barrio Norte entraron en ebullici\u00f3n.<\/p>\n\n\n\n<p class=\"has-text-align-justify has-text-color has-link-color wp-elements-12 wp-block-paragraph\" style=\"color:#010000\">Susana Coliva, docente de castellano y literatura en una escuela secundaria p\u00fablica de Parque Avellaneda, un barrio de clase media de Buenos Aires, caminaba hacia la plaza del Congreso junto a un grupo de colegas y alumnos.<\/p>\n\n\n\n<p class=\"has-text-align-justify has-text-color has-link-color wp-elements-13 wp-block-paragraph\" style=\"color:#010000\">\u201cPrimera egresada de mi familia\u201d, dec\u00eda el cartel que portaba, un t\u00f3pico muy reiterado en quienes enaltecen las universidades p\u00fablicas. \u201c\u00c9ste es un ataque que ven\u00eda anunciado desde la campa\u00f1a, pero no sab\u00edamos que iba a ser tan grande. La financiaci\u00f3n de la universidad se encuentra en el piso m\u00e1s bajo de la historia\u201d, indic\u00f3 a <em>la diaria<\/em>.<\/p>\n\n\n\n<p class=\"has-text-align-justify has-text-color has-link-color wp-elements-14 wp-block-paragraph\" style=\"color:#010000\">Los oradores comenzaron a hablar pasadas las 17.30. Una de ellas fue Taty Almeyda, Madre de Plaza de Mayo L\u00ednea Fundadora. \u201cEste presidente dice que es una marcha pol\u00edtica. Pol\u00edtica es la vida, pero no es partidista. Y que est\u00e9n los sindicatos, es importante. Ellos tambi\u00e9n, gracias a la educaci\u00f3n p\u00fablica y gratuita, siguen mandando a sus hijos al colegio\u201d, areng\u00f3 la dirigente de derechos humanos.<\/p>\n\n\n\n<p class=\"has-text-align-justify has-text-color has-link-color wp-elements-15 wp-block-paragraph\" style=\"color:#010000\">Piera Fern\u00e1ndez de Piccoli, titular de la Federaci\u00f3n Universitaria Argentina (que agrupa a los centros de estudiantes), fue la encargada de leer el discurso conjunto firmado tambi\u00e9n por el Frente Sindical de Universidades Nacionales y el Consejo Universitario Nacional (CIN), que agrupa a los rectores.<\/p>\n\n\n\n<p class=\"has-text-align-justify has-text-color has-link-color wp-elements-16 wp-block-paragraph\" style=\"color:#010000\">\u201cLa educaci\u00f3n es un derecho humano fundamental porque se impone sobre el ingrato azar de la desigualdad. Defender esta concepci\u00f3n de la educaci\u00f3n es de vital importancia y, m\u00e1s a\u00fan, en una universidad argentina en la que sus estudiantes se enfrentan al aumento generalizado de precios que impacta sobre salarios, servicios, alquiler y transporte, poni\u00e9ndose en jaque el acceso, la permanencia y el egreso\u201d, ley\u00f3 la joven frente a la multitud.<\/p>\n\n\n\n<p class=\"has-text-align-justify has-text-color has-link-color wp-elements-17 wp-block-paragraph\" style=\"color:#010000\">\u201cY ya lo ve, y ya lo ve, el que no salta, vot\u00f3 a Milei\u201d, fue el c\u00e1ntico m\u00e1s recurrente. Sin embargo, estuvo lejos de haber un tono pol\u00edtico \u00fanico. Se hicieron presentes el gobernador de la provincia de Buenos Aires, Axel Kicillof, un peronista de izquierda, y el expostulante presidencial que perdi\u00f3 la segunda vuelta con Milei, Sergio Massa, de centro.<\/p>\n\n\n\n<p class=\"has-text-align-justify has-text-color has-link-color wp-elements-18 wp-block-paragraph\" style=\"color:#010000\">Tambi\u00e9n hubo numerosas presencias de dirigentes de partidos de izquierda y de la centrista Uni\u00f3n C\u00edvica Radical (UCR).<\/p>\n\n\n\n<p class=\"has-text-align-justify has-text-color has-link-color wp-elements-19 wp-block-paragraph\" style=\"color:#010000\">Este partido, muy influyente en las universidades p\u00fablicas argentinas, se debate en estos meses entre un sector amigable a iniciativas del gobierno de ultraderecha, por lo tanto, cercano al conservador PRO de Mauricio Macri, y otro de perfil socialdem\u00f3crata, que pretende retomar la vertiente del fallecido exmandatario Ra\u00fal Alfons\u00edn.<\/p>\n\n\n\n<p class=\"has-text-align-justify has-text-color has-link-color wp-elements-20 wp-block-paragraph\" style=\"color:#010000\">Antes de desconcentrar, Dana V\u00e1zquez, de 22 a\u00f1os, estudiante de traductorado de ingl\u00e9s y empleada en un bar, habl\u00f3 con <em>la diaria<\/em>. Oriunda de Monte Grande, suroeste de la provincia de Buenos Aires, dijo estar presente \u201cpor m\u00ed, mis hermanos y mis primos, que queremos estudiar en la educaci\u00f3n p\u00fablica\u201d. Admiti\u00f3 que \u201cpor supuesto\u201d tiene primos y conocidos que estudian en terciarios y universidades p\u00fablicas, que reciben alguna ayuda social en declive y votaron a Milei.<\/p>\n\n\n\n<p class=\"has-text-color has-link-color wp-elements-21 wp-block-paragraph\" style=\"color:#010000\"><strong>Pluralidad<\/strong><\/p>\n\n\n\n<p class=\"has-text-align-justify has-text-color has-link-color wp-elements-22 wp-block-paragraph\" style=\"color:#010000\">En Argentina hay 132 universidades, de las cuales 61 son de gesti\u00f3n estatal nacional, seis provinciales, 64 privadas y una extranjera, seg\u00fan el anuario \u201cEstad\u00edsticas Universitarias 2022\u201d del Ministerio de Educaci\u00f3n. El mismo informe indic\u00f3 que hab\u00eda 2,72 millones de estudiantes universitarios de todos los niveles, de los cuales 2,16 millones (79%) lo hac\u00edan en casas de estudios estatales.<\/p>\n\n\n\n<p class=\"has-text-align-justify has-text-color has-link-color wp-elements-23 wp-block-paragraph\" style=\"color:#010000\">La contundencia y transversalidad de la convocatoria se explica por dos aspectos centrales.<\/p>\n\n\n\n<p class=\"has-text-align-justify has-text-color has-link-color wp-elements-24 wp-block-paragraph\" style=\"color:#010000\">El primero es un recorte del presupuesto sin precedentes, que llev\u00f3 a varios decanos de diversas facultades a anunciar que podr\u00edan cerrar sus puertas en las pr\u00f3ximas semanas o meses. Seg\u00fan la Asociaci\u00f3n Civil por la Igualdad y la Justicia, con base en datos oficiales, el presupuesto universitario previsto para 2024 es 71% inferior al de 2023 y, por lejos, el m\u00e1s bajo desde que existen registros.<\/p>\n\n\n\n<p class=\"has-text-align-justify has-text-color has-link-color wp-elements-25 wp-block-paragraph\" style=\"color:#010000\">La forma en que el gobierno de ultraderecha lleva a cabo el hachazo universitario se vale de sus dos herramientas esenciales: motosierra y licuadora.<\/p>\n\n\n\n<p class=\"has-text-align-justify has-text-color has-link-color wp-elements-26 wp-block-paragraph\" style=\"color:#010000\">Como el Congreso no sancion\u00f3 un presupuesto nacional para 2024 \u2014a pedido de Milei tras su victoria electoral\u2014, la administraci\u00f3n p\u00fablica se rige por el de 2023. En un pa\u00eds que alcanz\u00f3 287% de inflaci\u00f3n interanual en el primer trimestre, el mantenimiento de las mismas partidas estipuladas en 2022 para 2023 \u201clic\u00faa\u201d el gasto. Entre enero y marzo, lo efectivamente girado a las universidades nacionales fue inferior en un 40% en comparaci\u00f3n con el a\u00f1o pasado.<\/p>\n\n\n\n<p class=\"has-text-align-justify has-text-color has-link-color wp-elements-27 wp-block-paragraph\" style=\"color:#010000\">El segundo factor que aglutin\u00f3 el rechazo desde sectores ideol\u00f3gicos que estuvieron incluso enfrentados en las d\u00e9cadas pasadas es la denostaci\u00f3n cotidiana de la universidad que lleva a cabo Milei, un economista que no demuestra una formaci\u00f3n especialmente elevada.<\/p>\n\n\n\n<p class=\"has-text-align-justify has-text-color has-link-color wp-elements-28 wp-block-paragraph\" style=\"color:#010000\">A los agravios e insultos de todo tipo, el presidente extremista le suma la acusaci\u00f3n de una supuesta corrupci\u00f3n generalizada \u2014sin especificar ning\u00fan dato concreto, m\u00e1s all\u00e1 de alguna an\u00e9cdota o <em>fake news<\/em>\u2014 y hostigamientos puntuales. D\u00edas atr\u00e1s, la diatriba del presidente argentino hizo blanco en la decana de la Facultad de Comunicaci\u00f3n de la Universidad Nacional de C\u00f3rdoba y docentes de la materia Producci\u00f3n Gr\u00e1fica, por una consigna de trabajo pr\u00e1ctico a los alumnos para que realizaran una cr\u00f3nica sobre la marcha universitaria. Ese hecho fue identificado por Milei como un intento de adoctrinamiento.<\/p>\n\n\n\n<p class=\"has-text-align-justify has-text-color has-link-color wp-elements-29 wp-block-paragraph\" style=\"color:#010000\">La ofensiva del presidente, egresado de las universidades privadas de Belgrano y CEMA, caus\u00f3 \u201cperplejidad\u201d incluso en docentes que tienen una \u00f3ptica ortodoxa o conservadora, indic\u00f3 un profesor de la Facultad de Ciencias Econ\u00f3micas que prefiri\u00f3 guardar anonimato \u201cpara evitar represalias\u201d, ya que trabaja adem\u00e1s en una dependencia gubernamental. \u201cSus cr\u00edticas sobre un supuesto sesgo marxista o heterodoxo no tienen que ver en absoluto con lo que pasa en nuestra facultad\u201d, expres\u00f3.<\/p>\n\n\n\n<p class=\"has-text-align-justify has-text-color has-link-color wp-elements-30 wp-block-paragraph\" style=\"color:#010000\">La pluralidad ideol\u00f3gica en las universidades es un hecho incontrastable. Patricia Bullrich, una derechista de l\u00ednea dura que fue candidata a presidenta y hoy es la aguerrida ministra de Seguridad de Milei, fue apoyada para la primera vuelta de 2023 por 16 rectores identificados con la UCR, algunos de ellos de universidades muy importantes, como C\u00f3rdoba, La Plata y Rosario.<\/p>\n\n\n\n<p class=\"has-text-align-justify has-text-color has-link-color wp-elements-31 wp-block-paragraph\" style=\"color:#010000\">El peronismo y la izquierda tienen su peso, mientras en otras no se registra una adscripci\u00f3n ideol\u00f3gica o partidaria muy definida. En cualquier caso, en todas rige un sistema de gobierno colegiado, con representaci\u00f3n de minor\u00edas.<\/p>\n\n\n\n<p class=\"has-text-align-justify has-text-color has-link-color wp-elements-32 wp-block-paragraph\" style=\"color:#010000\">\u201cUn alumno que cursa la carrera de Econom\u00eda en la UBA accede a un programa y contenidos similares a las universidades de elite de los pa\u00edses centrales y al cabo de cinco o seis a\u00f1os pudo optar por estudios y c\u00e1tedras de las m\u00e1s diversas tendencias\u201d, dijo a <em>la diaria<\/em> Javier Curcio, docente y director del Departamento de Econom\u00eda.<\/p>\n\n\n\n<p class=\"has-text-align-justify has-text-color has-link-color wp-elements-33 wp-block-paragraph\" style=\"color:#010000\">Con 45.000 alumnos, la Facultad de Ciencias Econ\u00f3micas es una de las m\u00e1s pobladas del mundo. Semanas atr\u00e1s, las autoridades comenzaron a economizar en cuestiones b\u00e1sicas, como el uso de ascensores y la iluminaci\u00f3n de \u00e1reas comunes. A su vez, las facultades de ciencias dieron cuenta de un deterioro en los insumos de investigaci\u00f3n. El Hospital de Cl\u00ednicas, uno de los dependientes de la Facultad de Medicina, no hab\u00eda recibido ning\u00fan aporte del Estado nacional hasta comienzos de abril.<\/p>\n\n\n\n<p class=\"has-text-align-justify has-text-color has-link-color wp-elements-34 wp-block-paragraph\" style=\"color:#010000\">El salario de los docentes y no docentes perdi\u00f3 un tercio de su valor en los \u00faltimos meses, en gran medida, desde la devaluaci\u00f3n de 54,3% decidida por Milei no bien asumi\u00f3, que dispar\u00f3 la inflaci\u00f3n.<\/p>\n\n\n\n<p class=\"has-text-align-justify has-text-color has-link-color wp-elements-35 wp-block-paragraph\" style=\"color:#010000\">Curcio especific\u00f3 que un profesor adjunto con dedicaci\u00f3n simple \u2014unas cuatro horas de clase por semana\u2014 gana un sueldo mensual de entre 200 y 300 d\u00f3lares, y un titular de c\u00e1tedra y dedicaci\u00f3n exclusiva, llega a entre 1.500 y 1.800 d\u00f3lares, dependiendo de la antig\u00fcedad. Esos valores son un 60% inferiores en t\u00e9rminos reales a los de 2015, indic\u00f3.<\/p>\n\n\n\n<p class=\"has-text-align-justify has-text-color has-link-color wp-elements-36 wp-block-paragraph\" style=\"color:#010000\">La ofensiva de Milei se choc\u00f3 con vertientes hist\u00f3ricas con d\u00e9cadas de desarrollo.<\/p>\n\n\n\n<p class=\"has-text-align-justify has-text-color has-link-color wp-elements-37 wp-block-paragraph\" style=\"color:#010000\">En 1918, una revuelta de estudiantes en la Universidad de C\u00f3rdoba, la m\u00e1s antigua de Argentina, puso fin al r\u00e9gimen elitista y conservador, de caracter\u00edsticas hereditarias, que hab\u00eda regido hasta entonces. Como resultado de la protesta, naci\u00f3 el gobierno tripartito entre docentes, estudiantes y egresados, y la libertad de c\u00e1tedra.<\/p>\n\n\n\n<p class=\"has-text-align-justify has-text-color has-link-color wp-elements-38 wp-block-paragraph\" style=\"color:#010000\">Durante las dos primeras presidencias de Juan Domingo Per\u00f3n (1945-1955), la universidad expandi\u00f3 sus fronteras sociales gracias a la pol\u00edtica de gratuidad e ingreso irrestricto.<\/p>\n\n\n\n<p class=\"has-text-align-justify has-text-color has-link-color wp-elements-39 wp-block-paragraph\" style=\"color:#010000\">Fue el punto de partida de una verdadera democratizaci\u00f3n del alumnado. El tercer gran salto de la universidad p\u00fablica argentina se dio con el resurgir de la democracia y se potenci\u00f3 en este siglo, que fue la multiplicaci\u00f3n de la matr\u00edcula. Fueron creadas universidades en provincias que carec\u00edan de ellas, as\u00ed como una veintena en los municipios del Gran Buenos Aires.<\/p>\n\n\n\n<p class=\"has-text-align-justify has-text-color has-link-color wp-elements-40 wp-block-paragraph\" style=\"color:#010000\">La consecuencia de este desarrollo es que, en 1970, se contabilizaban 283.000 graduados universitarios, que representaban 1,7% de la poblaci\u00f3n de 25 a\u00f1os y m\u00e1s. En 2022, esa cifra hab\u00eda llegado a 5,3 millones, 18,5% de los adultos.<\/p>\n","protected":false},"excerpt":{"rendered":"<p>Centenares de miles de personas salieron a las calles a rechazar un recorte que amenaza con el cierre de la educaci\u00f3n superior. El ultraderechista abroquel\u00f3 un amplio arco en su contra.<\/p>\n","protected":false},"author":102520410,"featured_media":40938,"comment_status":"closed","ping_status":"closed","sticky":false,"template":"","format":"standard","meta":{"_coblocks_attr":"","_coblocks_dimensions":"","_coblocks_responsive_height":"","_coblocks_accordion_ie_support":"","advanced_seo_description":"","jetpack_seo_html_title":"","jetpack_seo_noindex":false,"jetpack_seo_schema_type":"","_jetpack_newsletter_access":"","_jetpack_dont_email_post_to_subs":false,"_jetpack_newsletter_tier_id":0,"_jetpack_memberships_contains_paywalled_content":false,"_wpcom_ai_launchpad_first_post":false,"_jetpack_feature_clip_id":0,"_jetpack_memberships_contains_paid_content":false,"footnotes":"","jetpack_post_was_ever_published":false},"categories":[],"tags":[17212,9886659,703605821,703605453,703609855],"class_list":["post-40935","post","type-post","status-publish","format-standard","has-post-thumbnail","hentry","tag-america-latina","tag-bullrich","tag-educacion","tag-macri","tag-milei","fallback-thumbnail"],"jetpack_likes_enabled":false,"jetpack_sharing_enabled":true,"jetpack_shortlink":"https:\/\/wp.me\/p7lt2C-aEf","amp_enabled":true,"jetpack_featured_media_url":"https:\/\/i0.wp.com\/correspondenciadeprensa.com\/wp-content\/uploads\/2024\/04\/Argentina24042024-2683092709-e1713978277911.jpg?fit=1227%2C636&ssl=1","_links":{"self":[{"href":"https:\/\/correspondenciadeprensa.com\/index.php?rest_route=\/wp\/v2\/posts\/40935","targetHints":{"allow":["GET"]}}],"collection":[{"href":"https:\/\/correspondenciadeprensa.com\/index.php?rest_route=\/wp\/v2\/posts"}],"about":[{"href":"https:\/\/correspondenciadeprensa.com\/index.php?rest_route=\/wp\/v2\/types\/post"}],"author":[{"embeddable":true,"href":"https:\/\/correspondenciadeprensa.com\/index.php?rest_route=\/wp\/v2\/users\/102520410"}],"replies":[{"embeddable":true,"href":"https:\/\/correspondenciadeprensa.com\/index.php?rest_route=%2Fwp%2Fv2%2Fcomments&post=40935"}],"version-history":[{"count":6,"href":"https:\/\/correspondenciadeprensa.com\/index.php?rest_route=\/wp\/v2\/posts\/40935\/revisions"}],"predecessor-version":[{"id":40942,"href":"https:\/\/correspondenciadeprensa.com\/index.php?rest_route=\/wp\/v2\/posts\/40935\/revisions\/40942"}],"wp:featuredmedia":[{"embeddable":true,"href":"https:\/\/correspondenciadeprensa.com\/index.php?rest_route=\/wp\/v2\/media\/40938"}],"wp:attachment":[{"href":"https:\/\/correspondenciadeprensa.com\/index.php?rest_route=%2Fwp%2Fv2%2Fmedia&parent=40935"}],"wp:term":[{"taxonomy":"category","embeddable":true,"href":"https:\/\/correspondenciadeprensa.com\/index.php?rest_route=%2Fwp%2Fv2%2Fcategories&post=40935"},{"taxonomy":"post_tag","embeddable":true,"href":"https:\/\/correspondenciadeprensa.com\/index.php?rest_route=%2Fwp%2Fv2%2Ftags&post=40935"}],"curies":[{"name":"wp","href":"https:\/\/api.w.org\/{rel}","templated":true}]}}