{"id":39654,"date":"2024-02-05T14:55:00","date_gmt":"2024-02-05T13:55:00","guid":{"rendered":"https:\/\/correspondenciadeprensa.com\/?p=39654"},"modified":"2024-02-05T14:57:21","modified_gmt":"2024-02-05T13:57:21","slug":"el-salvador-bukele-se-proclama-reelecto-violando-la-constitucion-y-sin-resultados-oficiales-dossier","status":"publish","type":"post","link":"https:\/\/correspondenciadeprensa.com\/?p=39654","title":{"rendered":"El Salvador &#8211; Bukele se proclama reelecto violando la Constituci\u00f3n y sin resultados oficiales. [Dossier]"},"content":{"rendered":"\n<p class=\"has-text-align-right wp-block-paragraph\"><sub>Foto: Carlos Barrera<\/sub><\/p>\n\n\n\n<p class=\"has-text-color has-link-color wp-elements-1 wp-block-paragraph\" style=\"color:#010000\"><strong><em><a href=\"https:\/\/elfaro.net\/es\/202402\/el_salvador\/27232\/bukele-se-proclama-reelecto-violando-la-constitucion-y-sin-resultados-oficiales\">Redacci\u00f3n El Faro<\/a><\/em>, 5-2-2024<\/strong><\/p>\n\n\n\n<p class=\"has-text-color has-link-color wp-elements-2 wp-block-paragraph\" style=\"color:#010000\"><strong><em><a href=\"https:\/\/correspondenciadeprensa.com\/\">Correspondencia de Prensa<\/a><\/em>, 5-2-2024<\/strong><\/p>\n\n\n\n<p class=\"has-text-align-justify has-text-color has-link-color wp-elements-3 wp-block-paragraph\" style=\"color:#010000\">Dos horas antes de que el Tribunal Supremo Electoral ofreciera los primeros resultados preliminares, el presidente Bukele se proclam\u00f3 ganador de las elecciones y dijo haber obtenido la mayor\u00eda de las diputaciones. El TSE, que dispon\u00eda de m\u00e1s de $70 millones para estas elecciones, fracas\u00f3 en trasladar informaci\u00f3n precisa hasta el final de la jornada de ayer. No hubo informaci\u00f3n alguna sobre las legislativas.&nbsp;<\/p>\n\n\n\n<p class=\"has-text-align-justify has-text-color has-link-color wp-elements-4 wp-block-paragraph\" style=\"color:#010000\">Tras una jornada que finaliz\u00f3 sin resultados oficiales, el presidente Nayib Bukele proclam\u00f3 su triunfo en las elecciones presidenciales y el de su partido en las legislativas. Desde la plaza central del pa\u00eds y cuando el Tribunal Supremo Electoral presentaba unos resultados que no cuadraban matem\u00e1ticamente con el 22% que dec\u00eda haber escrutado, Bukele se atrevi\u00f3 a hacer algo que nadie m\u00e1s hab\u00eda hecho en casi un siglo: declararse presidente para un segundo periodo consecutivo.&nbsp;<\/p>\n\n\n\n<p class=\"has-text-align-justify has-text-color has-link-color wp-elements-5 wp-block-paragraph\" style=\"color:#010000\">De hecho, lo hizo antes. Bukele no esper\u00f3 siquiera a que el Tribunal diera datos preliminares y minutos antes de las 7 de la noche ya se hab\u00eda declarado ganador con el 85 % de los votos en un tuit, apenas dos horas despu\u00e9s del cierre de urnas, cuando el Tribunal no hab\u00eda dado ni un dato y en la mayor\u00eda de centros de votaci\u00f3n no se hab\u00edan abierto las urnas de diputados: \u201cDe acuerdo a nuestros n\u00fameros hemos ganado la elecci\u00f3n presidencial con m\u00e1s del 85 % de los votos y un m\u00ednimo de 58 de 60 diputados de la Asamblea\u201d.&nbsp; A la madrugada de este martes 5 de febrero, el Tribunal a\u00fan no hab\u00eda llegado ni al 50 % del conteo.<\/p>\n\n\n\n<p class=\"has-text-align-justify has-text-color has-link-color wp-elements-6 wp-block-paragraph\" style=\"color:#010000\">Durante m\u00e1s de 3 horas, tras cerradas las urnas, no hubo conteo preliminar ni datos b\u00e1sicos. Hasta cerca&nbsp; de las 10 de la noche, el Tribunal dio datos parciales, pero sin contexto: con el 22 % de Juntas Receptoras de Votos procesadas, Bukele aparec\u00eda con 1,090,522 votos; y por debajo, con 93,846 votos, en un lejano segundo lugar, el candidato del FMLN, Manuel Flores.&nbsp; Ante un padr\u00f3n de 6.2 millones de personas, los datos ofrecidos por el Tribunal parec\u00edan inconsistentes, ya que si esa cantidad de votos correspond\u00eda al 22 % significaba que pr\u00e1cticamente el 100 % de la gente vot\u00f3 y lo hizo por Bukele. Pero el Tribunal no dio dato alguno de abstenciones y es improbable que todas las personas del padr\u00f3n hayan votado, cuando normalmente el porcentaje de votantes ronda el 50 %. Para el cierre de la nota, no hab\u00eda informaci\u00f3n de votos v\u00e1lidos, abstencionismo, nulos y ninguna informaci\u00f3n preliminar sobre elecci\u00f3n de diputados.&nbsp;&nbsp;&nbsp;<\/p>\n\n\n\n<p class=\"has-text-align-justify has-text-color has-link-color wp-elements-7 wp-block-paragraph\" style=\"color:#010000\">Sin resultados disponibles, Bukele apareci\u00f3 en el balc\u00f3n del Palacio Nacional a las 10:24 de la noche, acompa\u00f1ado de su esposa. Abajo, en la Plaza Gerardo Barrios, una multitud esperaba sus palabras. \u201cEl pueblo salvadore\u00f1o dijo: queremos continuar el camino que llevamos\u2026 El Salvador quiere hacer comercio con todos, El Salvador quiere que vengan a visitarnos, queremos que vengan, que nos visiten, que nos conozcan. Pero lo que no vamos a ser es sus lacayos. Ya probamos sus recetas durante 50 a\u00f1os\u201d, dijo.&nbsp;<\/p>\n\n\n\n<p class=\"has-text-align-justify has-text-color has-link-color wp-elements-8 wp-block-paragraph\" style=\"color:#010000\">Nunca en la historia reciente del pa\u00eds hubo tal escasez de informaci\u00f3n con respecto al conteo preliminar de votos. A las 10:22 de la noche se dej\u00f3 de actualizar el portal de informaci\u00f3n del Tribunal. Casi a las 12 de la noche la p\u00e1gina oficial daba error y no mostraba ninguna informaci\u00f3n.&nbsp;<\/p>\n\n\n\n<p class=\"has-text-align-justify has-text-color has-link-color wp-elements-9 wp-block-paragraph\" style=\"color:#010000\">Ante ese panorama, expertos en materia electoral elevaron cuestionamientos en redes sociales. Ruth L\u00f3pez, exasesora del Tribunal y con maestr\u00eda en derecho electoral, se preguntaba en su cuenta de X: \u201c\u00bfAcaso vot\u00f3 el 100%?\u201d.&nbsp; Cerca de las 12 de la noche, ella misma resumi\u00f3 en otro tuit gran parte de la situaci\u00f3n que muchos observadores del proceso describ\u00edan en sus redes: \u201cLas Juntas Receptoras de Votos a esta hora: no pueden transmitir. No tienen sistema. El sistema est\u00e1 muy lento. No lleg\u00f3 papel especial para imprimir. Actas a mano. No hay internet. Se duplican papeletas en el sistema\u201d.<\/p>\n\n\n\n<p class=\"has-text-align-justify has-text-color has-link-color wp-elements-10 wp-block-paragraph\" style=\"color:#010000\">Alrededor de la medianoche El Faro recibi\u00f3 reportes de diferentes fuentes desde dentro de los centros de votaci\u00f3n y otras m\u00e1s se hicieron p\u00fablicas en videos subidos a redes sociales. La informaci\u00f3n coincid\u00eda: el sistema fall\u00f3, multiplicaba actas. Algunas de esas fuentes dijeron que el Tribunal les hab\u00eda exigido empezar el conteo desde cero con un nuevo proceso de contingencia.&nbsp;<\/p>\n\n\n\n<p class=\"has-text-align-justify has-text-color has-link-color wp-elements-11 wp-block-paragraph\" style=\"color:#010000\">En las urnas de la capital, al menos en los cinco centros de votaci\u00f3n a los que acudi\u00f3 El Faro, hubo estimados de asistencia de un 42 %. Era notoria la ventaja de Bukele con respecto al resto de contendientes.&nbsp;&nbsp;<\/p>\n\n\n\n<p class=\"has-text-align-justify has-text-color has-link-color wp-elements-12 wp-block-paragraph\" style=\"color:#010000\">La ineficiencia del Tribunal hizo que palidecieran las dem\u00e1s irregularidades de la jornada y las que ven\u00edan denunci\u00e1ndose desde semanas antes.&nbsp; <a href=\"https:\/\/elfaro.net\/es\/202311\/el_salvador\/27156\/oscar-ortiz-sin-financiamiento-considerariamos-retirarnos-de-las-elecciones\">Partidos como el FMLN<\/a> y Arena insistieron en que no hab\u00edan recibido la deuda pol\u00edtica de 2021 y por ello no pudieron hacer campa\u00f1a. Bukele y sus aliados se saltaron el reglamento electoral y <a href=\"https:\/\/elfaro.net\/es\/202401\/el_salvador\/27222\/gobierno-del-candidato-y-presidente-nayib-bukele-regala-comida-donada-por-china\">repartieron comida donada por China<\/a> e inauguraron obras como la Biblioteca P\u00fablica en el centro capitalino -en la que China invirti\u00f3 $54 millones-.&nbsp;<\/p>\n\n\n\n<p class=\"has-text-align-justify has-text-color has-link-color wp-elements-13 wp-block-paragraph\" style=\"color:#010000\">A pesar de que el C\u00f3digo Electoral impide la propaganda desde tres d\u00edas antes de la elecci\u00f3n, la televisi\u00f3n y radio estuvieron saturadas de anuncios gubernamentales pagados con dinero p\u00fablico durante toda la jornada electoral. Uno de ellos se repet\u00eda constantemente y en \u00e9l se llamaba a mantener el rumbo del pa\u00eds e impedir que otros pol\u00edticos liberaran a los pandilleros encarcelados. La campa\u00f1a gubernamental en apoyo a Bukele, <a href=\"https:\/\/elfaro.net\/es\/202312\/columnas\/27176\/Fraude-al-fraude-Bukele-sigue-siendo-presidente.htm\">que nunca dej\u00f3 su cargo para competir<\/a>, se bas\u00f3 en esa falacia: que la \u00fanica manera de mantener a los pandilleros presos era reeligiendo al presidente y otorg\u00e1ndole mayor\u00eda legislativa.&nbsp;<\/p>\n\n\n\n<p class=\"has-text-align-justify has-text-color has-link-color wp-elements-14 wp-block-paragraph\" style=\"color:#010000\">El proceso estuvo tambi\u00e9n cargado de ataques contra los periodistas nacionales e internacionales.<\/p>\n\n\n\n<p class=\"has-text-align-justify has-text-color has-link-color wp-elements-15 wp-block-paragraph\" style=\"color:#010000\">La Asociaci\u00f3n de Periodistas de El Salvador (APES) registr\u00f3 desde el 5 de enero 164 agresiones contra periodistas, la gran mayor\u00eda de documentadas durante la jornada del domingo. El 66 % de las agresiones fueron casos de restricciones al ejercicio period\u00edstico y casi una cuarta parte fueron declaraciones estigmatizantes emitidas por funcionarios p\u00fablicos, incluyendo al mismo presidente Bukele. Lo m\u00e1s grave, sin embargo, fue cuando agentes de la Polic\u00eda impidieron durante parte de la tarde la cobertura en los centros de votaci\u00f3n.<\/p>\n\n\n\n<p class=\"has-text-align-justify has-text-color has-link-color wp-elements-16 wp-block-paragraph\" style=\"color:#010000\">Andr\u00e9s Caballero, comisionado presidencial de derechos humanos y libertad de expresi\u00f3n, acus\u00f3 a los periodistas de maquillar las estad\u00edsticas de agresiones en su contra. \u201cExclusi\u00f3n, ciberacoso, barreras legales&#8230; suena a una serie de Netflix\u201d, escribi\u00f3 en un post de X a las 7:46 de la ma\u00f1ana.&nbsp;<\/p>\n\n\n\n<p class=\"has-text-align-justify has-text-color has-link-color wp-elements-17 wp-block-paragraph\" style=\"color:#010000\">Minutos despu\u00e9s, el vicepresidente F\u00e9lix Ulloa atac\u00f3 en la red social X a varios medios: \u201cVamos a elecciones con una oposici\u00f3n irrelevante, con medios facciosos\u201d, dijo Ulloa, y enlist\u00f3 a distintos medios nacionales e internacionales, entre ellos El Faro. \u201cTodos ellos ser\u00e1n incapaces de reconocer la voluntad soberana y mayoritaria y seguir\u00e1n hablando de dictadura\u201d, agreg\u00f3. Minutos despu\u00e9s, Ulloa elimin\u00f3 la publicaci\u00f3n.&nbsp;<\/p>\n\n\n\n<p class=\"has-text-align-justify has-text-color has-link-color wp-elements-18 wp-block-paragraph\" style=\"color:#010000\">A las 3:30 de la tarde, Bukele irrumpi\u00f3 la jornada con una conferencia de prensa transmitida en vivo. En ella, Bukele contest\u00f3 ocho preguntas a la prensa internacional y no se permiti\u00f3 ninguna de periodistas salvadore\u00f1os. Al final de la conferencia, los periodistas locales fueron fotografiados por el equipo de prensa de Casa Presidencial mientras intentaban que Bukele contestara alguno de sus cuestionamientos.&nbsp;<\/p>\n\n\n\n<p class=\"has-text-align-justify has-text-color has-link-color wp-elements-19 wp-block-paragraph\" style=\"color:#010000\">El consorcio de organizaciones que fiscalizaron el proceso electoral, Observa 2024, describi\u00f3 esa actividad como un incumplimiento al C\u00f3digo Electoral, espec\u00edficamente el art\u00edculo 175 que proh\u00edbe la campa\u00f1a el d\u00eda de la votaci\u00f3n. El consorcio determin\u00f3 que en la tercera parte de los 80 centros de votaci\u00f3n observados detectaron propaganda partidista.&nbsp;<\/p>\n\n\n\n<p class=\"has-text-align-justify has-text-color has-link-color wp-elements-20 wp-block-paragraph\" style=\"color:#010000\">Cuando un periodista de Univisi\u00f3n pregunt\u00f3 si apoyar\u00eda la modificaci\u00f3n de la Constituci\u00f3n para incluir la reelecci\u00f3n presidencial indefinida, Bukele respondi\u00f3 que no cre\u00eda necesario modificar la Carta Magna y luego lo increp\u00f3: \u201cTodos los reportajes de Univisi\u00f3n son negativos&#8230; \u00bfPara qui\u00e9n trabajan?\u201d. Asegur\u00f3 que \u201cel 100 % de los latinos\u201d en Estados Unidos lo apoyaba. El d\u00eda anterior, el vicepresidente F\u00e9lix Ulloa hab\u00eda declarado a ese mismo periodista de Univisi\u00f3n que no se pod\u00eda descartar que Bukele busque un tercer periodo m\u00e1s en el Ejecutivo en el a\u00f1o 2029. \u201cEn pol\u00edtica todo es posible\u201d, dijo.&nbsp;<\/p>\n\n\n\n<p class=\"has-text-align-justify has-text-color has-link-color wp-elements-21 wp-block-paragraph\" style=\"color:#010000\">Un reportero de El Pa\u00eds de Espa\u00f1a pregunt\u00f3 a Bukele si respaldaba otras declaraciones en las que Ulloa dijo al New York Times: \u201cNo estamos desmantelando (la democracia), la estamos eliminando, sustituyendo por algo nuevo\u201d.&nbsp;<\/p>\n\n\n\n<p class=\"has-text-align-justify has-text-color has-link-color wp-elements-22 wp-block-paragraph\" style=\"color:#010000\">Bukele respondi\u00f3: \u201cNo le creo nada al New York Times\u201d y luego dio su versi\u00f3n: El Salvador nunca tuvo democracia. Es la primera vez que tenemos democracia&#8230; Se entrenaba pandilleros con dinero p\u00fablico para ense\u00f1arles a disparar en la cabeza y el coraz\u00f3n a la gente&#8230; Eso es a lo que ustedes le han puesto democracia\u201d, dijo al reportero espa\u00f1ol.&nbsp;<\/p>\n\n\n\n<p class=\"has-text-color has-link-color wp-elements-23 wp-block-paragraph\" style=\"color:#010000\">En varios centros de votaci\u00f3n en Estados Unidos y M\u00e9xico, votantes se quejaron de que el personal a cargo de dirigir la votaci\u00f3n llevaba identificativos del partido oficial, Nuevas Ideas.&nbsp;<\/p>\n\n\n\n<p class=\"has-text-align-justify has-text-color has-link-color wp-elements-24 wp-block-paragraph\" style=\"color:#010000\">El medio Focos TV revel\u00f3 el s\u00e1bado 2 de febrero un audio de tres horas en el que se escucha una <a href=\"https:\/\/focostv.com\/el-audio-del-comando-nacional-nuevas-ideas-controla-en-nombre-del-tse-centros-de-votacion-en-el-extranjero\/\">reuni\u00f3n de la comisionada presidencial Carolina Recinos y jefes de centros de votaci\u00f3n en Estados Unidos <\/a>donde discuten la estrategia para el d\u00eda de elecciones y ella da instrucciones para trabajar en funci\u00f3n de Nuevas Ideas: \u201cEs un lujo poder estar con tantos jefes de centro que, si bien es cierto los ha contratado el Tribunal, son gente nuestra, son gente comprometida\u201d.<\/p>\n\n\n\n<p class=\"has-text-align-justify has-text-color has-link-color wp-elements-25 wp-block-paragraph\" style=\"color:#010000\">La jornada cerr\u00f3 con una plaza Gerardo Barrios saturada de seguidores de Bukele, que habl\u00f3 desde el balc\u00f3n de Palacio Nacional aun cuando el Tribunal segu\u00eda sin dar dato alguno sobre la elecci\u00f3n de diputados y apenas el 22 % de unos inexplicables resultados presidenciales.<\/p>\n\n\n\n<p class=\"has-text-align-justify has-text-color has-link-color wp-elements-26 wp-block-paragraph\" style=\"color:#010000\">Fiel a su desconocimiento de los Acuerdos de Paz de 1992, Bukele los volvi\u00f3 a atacar: \u201cAqu\u00ed no ten\u00edamos paz, viv\u00edamos en guerra, m\u00e1s de lo que nos desangramos en la guerra\u201d. Fue el pre\u00e1mbulo para justificar el r\u00e9gimen de excepci\u00f3n vigente desde marzo de 2022 y enarbolar la desarticulaci\u00f3n de las pandillas.&nbsp;<\/p>\n\n\n\n<p class=\"has-text-align-justify has-text-color has-link-color wp-elements-27 wp-block-paragraph\" style=\"color:#010000\">\u201cLes pregunto: \u00bfacaso hubi\u00e9ramos podido ganar la guerra contra las pandillas con el fiscal arenero? \u00bfacaso hubi\u00e9ramos podido ganar la guerra contra las pandillas con la Sala de lo Constitucional anterior? \u00bfAcaso hubi\u00e9ramos podido ganar la guerra contra las pandillas sin aprobar el Plan Control Territorial? \u00bfAcaso hubi\u00e9ramos podido ganar la guerra contra las pandillas sin el r\u00e9gimen de excepci\u00f3n que ha sido renovado 24 veces?\u201d, pregunt\u00f3 Bukele a una multitud que respondi\u00f3 cada vez con un sonoro \u201cno\u201d. Por supuesto, Bukele no mencion\u00f3 que el exfiscal que fue destituido por su Asamblea Legislativa hab\u00eda creado <a href=\"https:\/\/elfaro.net\/es\/202201\/el_salvador\/25931\/Fiscal%C3%ADa-allana-oficinas-de-fiscales-que-realizaron-la-investigaci%C3%B3n-Catedral.htm\">un grupo especial<\/a> que investigaba su corrupci\u00f3n y sus pactos con las pandillas ni tampoco que el Plan Control Territorial fue una estrategia que nunca se aplic\u00f3 y que sirvi\u00f3 para justificar desde el oficialismo una reducci\u00f3n de homicidios que se deb\u00eda a <a href=\"https:\/\/elfaro.net\/es\/202108\/el_salvador\/25668\/Gobierno-de-Bukele-negoci%C3%B3-con-las-tres-pandillas-e-intent%C3%B3-esconder-la-evidencia.htm\">su pacto con las organizaciones criminales<\/a>.&nbsp;<\/p>\n\n\n\n<p class=\"has-text-align-justify has-text-color has-link-color wp-elements-28 wp-block-paragraph\" style=\"color:#010000\">No desperdici\u00f3 la oportunidad para volver a increpar a los periodistas: \u201cLe pregunto a esos periodistas, \u00bfpor qu\u00e9 desean que nos maten? \u00bfPor qu\u00e9 desean ver sangre de salvadore\u00f1os? \u00bfPor qu\u00e9 debemos morir nosotros y nuestros hijos para que ustedes est\u00e9n contentos que estamos respetando su falsa democracia que ni ustedes mismos respetan en sus propios pa\u00edses?\u201d, pregunt\u00f3 desde el balc\u00f3n.&nbsp;<\/p>\n\n\n\n<p class=\"has-text-align-justify has-text-color has-link-color wp-elements-29 wp-block-paragraph\" style=\"color:#010000\">\u201cUstedes han visto, gracias a Dios y a este pueblo noble y&nbsp; unido, c\u00f3mo El Salvador pas\u00f3 de ser el m\u00e1s inseguro al m\u00e1s seguro. Ahora, en estos pr\u00f3ximos cinco a\u00f1os, esperen a ver lo que vamos a ver\u201d, dijo Bukele casi al cierre de su discurso. La multitud respondi\u00f3 con v\u00edtores y poco despu\u00e9s el cielo se ilumin\u00f3 con un despliegue de fuegos artificiales, mientras Bukele y su esposa saludaban a la multitud que celebraba unos resultados que no eran oficiales.&nbsp;<\/p>\n\n\n\n<p class=\"has-text-align-justify has-text-color has-link-color wp-elements-30 wp-block-paragraph\" style=\"color:#010000\">Para entonces, Bukele ya hab\u00eda recibido por redes sociales la felicitaci\u00f3n y el reconocimiento de su triunfo electoral por parte de la presidenta de Honduras, Xiomara Castro, y del nuevo presidente de Guatemala, Bernardo Ar\u00e9valo.&nbsp;<\/p>\n\n\n\n<p class=\"has-text-align-center has-text-color has-link-color wp-elements-31 wp-block-paragraph\" style=\"color:#010000\"><strong>***<\/strong><\/p>\n\n\n\n<p class=\"has-text-color has-link-color wp-elements-32 wp-block-paragraph\" style=\"color:#010000\"><strong>Nayib Bukele se autoproclama ganador \u00abcon m\u00e1s del 85 % de los votos\u00bb<\/strong><\/p>\n\n\n\n<p class=\"has-text-color has-link-color wp-elements-33 wp-block-paragraph\" style=\"color:#010000\"><strong><em><a href=\"https:\/\/100noticias.com.ni\/internacionales\/129435-nayib-bukele-ganador-elecciones-el-salvador\/\" target=\"_blank\" rel=\"noreferrer noopener\">100% Noticias<\/a><\/em>, EFE, San Salvador, 4-2-2024<\/strong><\/p>\n\n\n\n<p class=\"has-text-align-justify has-text-color has-link-color wp-elements-34 wp-block-paragraph\" style=\"color:#010000\">\u00abDe acuerdo a nuestros n\u00fameros, hemos ganado la elecci\u00f3n presidencial con m\u00e1s del 85% de los votos y un m\u00ednimo de 58 de 60 diputados de la Asamblea\u00bb, proclam\u00f3 el gobernante salvadore\u00f1o, el primero que se presenta a la relecci\u00f3n desde el fin de la guerra civil en el pa\u00eds, en 1992.<\/p>\n\n\n<div class=\"wp-block-image\">\n<figure class=\"aligncenter size-full\"><img data-recalc-dims=\"1\" loading=\"lazy\" decoding=\"async\" width=\"656\" height=\"371\" data-attachment-id=\"39661\" data-permalink=\"https:\/\/correspondenciadeprensa.com\/?attachment_id=39661\" data-orig-file=\"https:\/\/i0.wp.com\/correspondenciadeprensa.com\/wp-content\/uploads\/2024\/02\/El-Salvador05022024-II.jpg?fit=719%2C407&amp;ssl=1\" data-orig-size=\"719,407\" data-comments-opened=\"0\" data-image-title=\"El-Salvador05022024-II\" data-image-description=\"\" data-image-caption=\"\" data-large-file=\"https:\/\/i0.wp.com\/correspondenciadeprensa.com\/wp-content\/uploads\/2024\/02\/El-Salvador05022024-II.jpg?fit=656%2C371&amp;ssl=1\" src=\"https:\/\/i0.wp.com\/correspondenciadeprensa.com\/wp-content\/uploads\/2024\/02\/El-Salvador05022024-II.jpg?resize=656%2C371&#038;ssl=1\" alt=\"\" class=\"wp-image-39661\" srcset=\"https:\/\/i0.wp.com\/correspondenciadeprensa.com\/wp-content\/uploads\/2024\/02\/El-Salvador05022024-II.jpg?w=719&amp;ssl=1 719w, https:\/\/i0.wp.com\/correspondenciadeprensa.com\/wp-content\/uploads\/2024\/02\/El-Salvador05022024-II.jpg?resize=300%2C170&amp;ssl=1 300w\" sizes=\"auto, (max-width: 656px) 100vw, 656px\" \/><figcaption class=\"wp-element-caption\"><sub>As\u00ed como en 2019, Nayib Bukele, interrumpi\u00f3 la jornada electoral con una conferencia de prensa transmitida por la televisi\u00f3n estatal. Pidi\u00f3 a la gente ir a votar para defender lo que consider\u00f3 logros de su gesti\u00f3n y luego arremeti\u00f3 contra la prensa. Foto de El Faro: Carlos Barrera.<\/sub><\/figcaption><\/figure>\n<\/div>\n\n\n<p class=\"has-text-align-justify has-text-color has-link-color wp-elements-35 wp-block-paragraph\" style=\"color:#010000\">El presidente de El Salvador, Nayib Bukele, se autoproclam\u00f3 hoy ganador de las elecciones generales celebradas este domingo, \u00abcon m\u00e1s del 85 % de los votos\u00bb, seg\u00fan public\u00f3 en la red social X, y dijo que se trata de un \u00abr\u00e9cord en toda la historia democr\u00e1tica del mundo\u00bb.<br><br>\u00abDe acuerdo a nuestros n\u00fameros, hemos ganado la elecci\u00f3n presidencial con m\u00e1s del 85% de los votos y un m\u00ednimo de 58 de 60 diputados de la Asamblea\u00bb, proclam\u00f3 el gobernante salvadore\u00f1o, el primero que se presenta a la relecci\u00f3n desde el fin de la guerra civil en el pa\u00eds, en 1992.<br><br>Bukele, que se postul\u00f3 para la reelecci\u00f3n a pesar de que la Constituci\u00f3n lo impide, ech\u00f3 mano de una argucia legal para presentarse a unos comicios en los que todas las encuestas le daban como claro favorito.<br><br>\u00abEl r\u00e9cord en toda la historia democr\u00e1tica del mundo. Nos vemos a las 9pm frente al Palacio Nacional. Dios bendiga a El Salvador\u00bb, public\u00f3 Bukele, sin aguardar a que se conozcan datos oficiales del recuento de esta jornada electoral, en la que adem\u00e1s de comicios presidenciales, se celebraron elecciones leguislativas y municipales.<br><br>Bukele, un expublicista de 42 a\u00f1os, requer\u00eda mantener la mayor\u00eda que gan\u00f3 hace dos a\u00f1os en el Parlamento y que le permiti\u00f3 decretar el 27 de marzo de 2022 el r\u00e9gimen de excepci\u00f3n con el que ha cimentado su controvertida lucha contra las pandillas y la inseguridad ciudadana, durante la cual 76.000 pesonas han sido detenidas, muchas de ellas sin garant\u00eda de sus derechos fundamentales, seg\u00fan han denunciado activivistas y organismos internacionales.<br><br>El actual mandatario ten\u00eda garantizada la reelecci\u00f3n por una elevada mayor\u00eda, seg\u00fan pronosticaban todas las encuestas electorales, habida cuenta del escaso respaldo ciudadano a los otros cuatro aspirantes presidenciales.<\/p>\n\n\n\n<p class=\"has-text-align-justify has-text-color has-link-color wp-elements-36 wp-block-paragraph\" style=\"color:#010000\">Entre estos candidatos figuraban Manuel Flores, del Frente Farabundo Mart\u00ed para la Liberaci\u00f3n Nacional (FMLN, izquierda), y Joel S\u00e1nchez, de Alianza Republicana Nacionalista (Arena, derecha), las dos formaciones que gobernaron el pa\u00eds hasta la llegada de Bukele y su partido, Nuevas Ideas (NI).<br><br>De confirmarse estos datos, Bukele ser\u00e1 el primer presidente reelegido en los \u00faltimos 32 a\u00f1os, gracias a una estratagema legal que consisti\u00f3 en que la Sala de lo Constitucional de la Corte Suprema, que hab\u00eda sido nombrada por un Congreso de mayor\u00eda oficialista y sin seguir el procedimiento legal, cambi\u00f3 el criterio de interpretaci\u00f3n de la Constituci\u00f3n.<\/p>\n\n\n\n<p class=\"has-text-color has-link-color wp-elements-37 wp-block-paragraph\" style=\"color:#010000\"><strong>Show de Bukele<\/strong><\/p>\n\n\n\n<p class=\"has-text-align-justify has-text-color has-link-color wp-elements-38 wp-block-paragraph\" style=\"color:#010000\">El presidente de El Salvador y candidato a la reelecci\u00f3n, Nayib Bukele, acudi\u00f3 a votar este domingo con el espect\u00e1culo esperado: fuegos artificiales, v\u00edtores de seguidores y un batall\u00f3n de youtubers retransmitiendo su llegada, mientras sonaba \u00abEs el fin del mundo como lo conocemos, y me siento bien\u00bb.<\/p>\n\n\n\n<p class=\"has-text-align-justify has-text-color has-link-color wp-elements-39 wp-block-paragraph\" style=\"color:#010000\">Con los fuegos artificiales desprendiendo humo celeste -el color de su partido Nuevas Ideas (NI)-, seguidores de la formaci\u00f3n uniformados lanzando vivas a Bukele y los votantes all\u00ed arremolinados sacando entre empujones sus tel\u00e9fonos m\u00f3viles para inmortalizarlo, aquello parec\u00eda m\u00e1s un mitin electoral o un concierto de rock que el acto de un candidato depositando su voto.<\/p>\n\n\n\n<p class=\"has-text-align-justify has-text-color has-link-color wp-elements-40 wp-block-paragraph\" style=\"color:#010000\">Pero Bukele, antiguo publicista, conoce como pocos el poder de la comunicaci\u00f3n, mostr\u00e1ndose al mundo como un mandatario moderno (le acompa\u00f1aba su distintiva gorra blanca), pero implacable, escoltado por decenas de miembros de las fuerzas de seguridad.<\/p>\n\n\n\n<p class=\"has-text-align-justify has-text-color has-link-color wp-elements-41 wp-block-paragraph\" style=\"color:#010000\">La canci\u00f3n elegida para acompa\u00f1arle en su camino a las urnas tampoco fue casual: \u00abIt&#8217;s the end of the world as we know it (and I feel fine)\u00bb, de R.E.M. Bukele termin\u00f3 durante su legislatura con ese El Salvador conocido por todos, el de la violencia de las pandillas, pasando, dice, a convertirse en el pa\u00eds m\u00e1s seguro de Latinoam\u00e9rica.<\/p>\n\n\n\n<p class=\"has-text-align-justify has-text-color has-link-color wp-elements-42 wp-block-paragraph\" style=\"color:#010000\">Como reza la letra, todo comenz\u00f3 con un \u00abterremoto\u00bb, o en el caso del pa\u00eds centroamericano, con la imposici\u00f3n hace casi dos a\u00f1os de un r\u00e9gimen de excepci\u00f3n que limit\u00f3 las libertades y encerr\u00f3 en masa a unas 75.000 personas, tanto pandilleros como inocentes.<\/p>\n\n\n\n<p class=\"has-text-align-justify has-text-color has-link-color wp-elements-43 wp-block-paragraph\" style=\"color:#010000\">Y qued\u00f3 satisfecho con el logro, como repite el estribillo: \u00abEs el fin del mundo como lo conocemos \/ y me siento bien\u00bb.<\/p>\n\n\n\n<p class=\"has-text-color has-link-color wp-elements-44 wp-block-paragraph\" style=\"color:#010000\"><strong>Youtubers<\/strong><\/p>\n\n\n\n<p class=\"has-text-align-justify has-text-color has-link-color wp-elements-45 wp-block-paragraph\" style=\"color:#010000\">Bukele se hizo esperar. Desde su oficina anunciaron que llegar\u00eda a votar entre las 12:30 y las 13:00 horas (18:30 &#8211; 19:00 GMT), pero no apareci\u00f3 hasta dos horas despu\u00e9s, mientras decenas de periodistas de medios locales e internacionales esperaban bajo un afilado sol.<\/p>\n\n\n\n<p class=\"has-text-align-justify has-text-color has-link-color wp-elements-46 wp-block-paragraph\" style=\"color:#010000\">Una barrera separaba a los medios de comunicaci\u00f3n de los puntos para depositar las papeletas, un rigor que se dilu\u00eda bastante con el batall\u00f3n de youtubers, animadores abiertamente del fen\u00f3meno Bukele, situados con libertad de movimiento al otro lado de la valla.<\/p>\n\n\n\n<p class=\"has-text-align-justify has-text-color has-link-color wp-elements-47 wp-block-paragraph\" style=\"color:#010000\">\u00abAh\u00ed est\u00e1 la gente de la prensa que ya no puede m\u00e1s\u00bb, dec\u00eda en su retransmisi\u00f3n la youtuber espa\u00f1ola Elena Berberana cerca del punto de votaci\u00f3n de Bukele. Antes hab\u00eda tenido una discusi\u00f3n con varios periodistas. \u00abEsa chica s\u00ed no se deja\u00bb, comentaba una de sus asistentes.<\/p>\n\n\n\n<p class=\"has-text-align-justify has-text-color has-link-color wp-elements-48 wp-block-paragraph\" style=\"color:#010000\">Junto a ella, durante gran parte de la retransmisi\u00f3n, se encontraba el youtuber argentino C\u00e9sar Moreno, animando durante una entrevista con otro youtuber salvadore\u00f1o a \u00ablos comunicadores de contenido que est\u00e1n en la calle y tienen el term\u00f3metro exacto\u00bb.<\/p>\n\n\n\n<p class=\"has-text-align-justify has-text-color has-link-color wp-elements-49 wp-block-paragraph\" style=\"color:#010000\">C\u00e9sar y Elena, dos youtubers que eran incluso reconocidos por los votantes salvadore\u00f1os, que les ped\u00edan hacerse fotos con ellos, como un padre con su hijo con la camiseta rosa de Messi. Algunos incluso se hab\u00edan trasladado ah\u00ed solo para inmortalizarse con ellos.<\/p>\n\n\n\n<p class=\"has-text-align-justify has-text-color has-link-color wp-elements-50 wp-block-paragraph\" style=\"color:#010000\">El youtuber de la comunidad &#8216;El Salvador Dron&#8217;, imparable durante horas, iba comentando en voz alta a sus 3.422 espectadores los detalles de la votaci\u00f3n de Bukele, mientras entrevistaba a miembros de su partido y seguidores.<\/p>\n\n\n\n<p class=\"has-text-align-justify has-text-color has-link-color wp-elements-51 wp-block-paragraph\" style=\"color:#010000\">\u00abEl Salvador est\u00e1 de fiesta, Dios Bendiga a Bukele\u00bb, afirmaba el youtuber, mientras iba agradeciendo a los que hac\u00edan comentarios desde Los \u00c1ngeles, Miami, Honduras o Costa Rica. \u00abDesde Nicaragua, \u00a1viva Bukele!\u00bb, dec\u00eda uno de los comentarios que ley\u00f3 en voz alta.<\/p>\n\n\n\n<p class=\"has-text-align-justify has-text-color has-link-color wp-elements-52 wp-block-paragraph\" style=\"color:#010000\">\u00abEsto es un sue\u00f1o o una realidad\u00bb, se pregunta el youtuber, explicando que ahora pod\u00eda recorrer El Salvador y nadie le roba, no tiene problemas como antes. \u00abLa Polic\u00eda o el Ej\u00e9rcito son h\u00e9roes nacionales\u00bb, \u00abeste es otro pa\u00eds\u00bb.<\/p>\n\n\n\n<p class=\"has-text-align-justify has-text-color has-link-color wp-elements-53 wp-block-paragraph\" style=\"color:#010000\">Parece que el \u00fanico problema, para todos ellos, es la falta de bater\u00eda, buscando ansiosos cargadores o enchufes para seguir al son de Bukele con sus retransmisiones en directo.<\/p>\n","protected":false},"excerpt":{"rendered":"<p>Bukele, que se postul\u00f3 para la reelecci\u00f3n a pesar de que la Constituci\u00f3n lo impide, ech\u00f3 mano de una argucia legal para presentarse a unos comicios en los que todas las encuestas le daban como claro favorito.<\/p>\n","protected":false},"author":102520410,"featured_media":39660,"comment_status":"closed","ping_status":"closed","sticky":false,"template":"","format":"standard","meta":{"_coblocks_attr":"","_coblocks_dimensions":"","_coblocks_responsive_height":"","_coblocks_accordion_ie_support":"","advanced_seo_description":"","jetpack_seo_html_title":"","jetpack_seo_noindex":false,"jetpack_seo_schema_type":"","_jetpack_newsletter_access":"","_jetpack_dont_email_post_to_subs":false,"_jetpack_newsletter_tier_id":0,"_jetpack_memberships_contains_paywalled_content":false,"_wpcom_ai_launchpad_first_post":false,"_jetpack_feature_clip_id":0,"_jetpack_memberships_contains_paid_content":false,"footnotes":"","jetpack_post_was_ever_published":false},"categories":[132325],"tags":[17212,703605312,703606983],"class_list":["post-39654","post","type-post","status-publish","format-standard","has-post-thumbnail","hentry","category-el-salvador","tag-america-latina","tag-fmln","tag-tse","fallback-thumbnail"],"jetpack_likes_enabled":false,"jetpack_sharing_enabled":true,"jetpack_shortlink":"https:\/\/wp.me\/p7lt2C-ajA","amp_enabled":true,"jetpack_featured_media_url":"https:\/\/i0.wp.com\/correspondenciadeprensa.com\/wp-content\/uploads\/2024\/02\/EL-Salvador5-2-2024-I.jpg?fit=1656%2C836&ssl=1","_links":{"self":[{"href":"https:\/\/correspondenciadeprensa.com\/index.php?rest_route=\/wp\/v2\/posts\/39654","targetHints":{"allow":["GET"]}}],"collection":[{"href":"https:\/\/correspondenciadeprensa.com\/index.php?rest_route=\/wp\/v2\/posts"}],"about":[{"href":"https:\/\/correspondenciadeprensa.com\/index.php?rest_route=\/wp\/v2\/types\/post"}],"author":[{"embeddable":true,"href":"https:\/\/correspondenciadeprensa.com\/index.php?rest_route=\/wp\/v2\/users\/102520410"}],"replies":[{"embeddable":true,"href":"https:\/\/correspondenciadeprensa.com\/index.php?rest_route=%2Fwp%2Fv2%2Fcomments&post=39654"}],"version-history":[{"count":9,"href":"https:\/\/correspondenciadeprensa.com\/index.php?rest_route=\/wp\/v2\/posts\/39654\/revisions"}],"predecessor-version":[{"id":39665,"href":"https:\/\/correspondenciadeprensa.com\/index.php?rest_route=\/wp\/v2\/posts\/39654\/revisions\/39665"}],"wp:featuredmedia":[{"embeddable":true,"href":"https:\/\/correspondenciadeprensa.com\/index.php?rest_route=\/wp\/v2\/media\/39660"}],"wp:attachment":[{"href":"https:\/\/correspondenciadeprensa.com\/index.php?rest_route=%2Fwp%2Fv2%2Fmedia&parent=39654"}],"wp:term":[{"taxonomy":"category","embeddable":true,"href":"https:\/\/correspondenciadeprensa.com\/index.php?rest_route=%2Fwp%2Fv2%2Fcategories&post=39654"},{"taxonomy":"post_tag","embeddable":true,"href":"https:\/\/correspondenciadeprensa.com\/index.php?rest_route=%2Fwp%2Fv2%2Ftags&post=39654"}],"curies":[{"name":"wp","href":"https:\/\/api.w.org\/{rel}","templated":true}]}}