{"id":3691,"date":"2017-10-19T07:04:08","date_gmt":"2017-10-19T07:04:08","guid":{"rendered":"https:\/\/correspondenciadeprensa.com\/?p=3691"},"modified":"2017-10-19T07:04:08","modified_gmt":"2017-10-19T07:04:08","slug":"argentina-santiago-maldonado-una-crisis-en-la-gestion-de-la-mentira","status":"publish","type":"post","link":"https:\/\/correspondenciadeprensa.com\/?p=3691","title":{"rendered":"Argentina &#8211; Santiago Maldonado: una crisis en la gesti\u00f3n de la mentira"},"content":{"rendered":"<p><strong>Argentina<\/strong><\/p>\n<p><strong>Santiago Maldonado: una crisis en la gesti\u00f3n de la mentira<\/strong><\/p>\n<p><strong>A cuatro d\u00edas de las elecciones, el Gobierno enfrenta una crisis re-abierta y de consecuencias impredecibles.<\/strong><\/p>\n<p><strong>Fernando Rosso<\/strong><\/p>\n<p><strong>La Izquierda Diario, 18-10-2017\u00a0<\/strong><strong><a href=\"http:\/\/www.laizquierdadiario.com\/\">http:\/\/www.laizquierdadiario.com\/<\/a><\/strong><\/p>\n<p>\u201cSi algo dej\u00f3 la experiencia de Atocha en Espa\u00f1a, lo peor que puede hacer un gobierno en estas circunstancias es ocultar la verdad o no decir la verdad\u201d, sentenci\u00f3 Rosendo Fraga en el diario La Naci\u00f3n horas despu\u00e9s del hallazgo del cuerpo encontrado en el r\u00edo Chubut y que, seg\u00fan muchos indicios, pertenecer\u00eda a Santiago Maldonado.<\/p>\n<p>La serie de atentados del 11 de marzo (11M) de 2004 en Atocha tuvo consecuencias inmediatas para la pol\u00edtica interna del Estado Espa\u00f1ol. Jos\u00e9 Mar\u00eda Aznar, entonces presidente y miembro del Partido Popular (PP) responsabiliz\u00f3 apresurada e intencionalmente a la organizaci\u00f3n independentista vasca ETA y solicit\u00f3 a los Estados Unidos apoyo en esta hip\u00f3tesis, seg\u00fan develaron cables difundidos por Wikileaks. Abon\u00f3 fervientemente esa hip\u00f3tesis cuando todas las evidencias criminal\u00edsticas guiaron a la justicia a responsabilizar a Al Qaeda. La mala gesti\u00f3n de la mentira precipit\u00f3 la derrota del Partido Popular de Aznar en las elecciones del 14 de marzo del mismo a\u00f1o. M\u00e1s de un mill\u00f3n de inesperados electores salieron del abstencionismo para castigar al PP.<\/p>\n<p>Nadie puede prever en estas horas las consecuencias pol\u00edticas en general y electorales en particular, de la crisis en curso por el aberrante caso de Santiago Maldonado. Pero la comparaci\u00f3n y el alerta planteados por un intelectual org\u00e1nico de la derecha argentina, habla de la magnitud de la crisis abierta.<\/p>\n<p>Medido con su propia vara, el Gobierno ven\u00eda administrando \u201cexitosamente\u201d las falsedades en torno a la desaparici\u00f3n de Santiago, cambiando la t\u00e1ctica de esparcir versiones mendaces por un tibio acompa\u00f1amiento a las anestesiadas acciones del nuevo juez Gustavo Lleral.<\/p>\n<p>Embriagada de exitismo, Elisa Carri\u00f3, la candidata estrella de Cambiemos, hab\u00eda derrapado con una afirmaci\u00f3n infame durante el debate de candidatos a diputados por la Ciudad de Buenos Aires: tir\u00f3 al voleo una versi\u00f3n (Santiago pod\u00eda estar en Chile) y para embarrarla del todo, le puso un porcentaje. Por estas horas, luego del rastrillaje en el que se encontr\u00f3 el cuerpo, Carri\u00f3 est\u00e1 siendo literalmente destrozada en la conversaci\u00f3n p\u00fablica no s\u00f3lo de las redes sociales, sino tambi\u00e9n de los medios y no \u00fanicamente opositores: Nelson Castro y Antonio Laje, por ejemplo, la cuestionaron con dureza. Si esto tendr\u00e1 consecuencias electorales m\u00e1s all\u00e1 de los que llaman el \u201cc\u00edrculo rojo\u201d, depender\u00e1 de la din\u00e1mica pol\u00edtica y los pr\u00f3ximos acontecimientos. Por ahora, desde el macrismo convocaron a Carri\u00f3 amablemente a guardarse.<\/p>\n<p>Todav\u00eda deben realizarse los peritajes correspondientes, pero el contexto, las circunstancias y varios testigos indican que el cuerpo fue \u201cplantado\u201d.<\/p>\n<p>Quienes defienden al Gobierno, se recluyen en el endeble argumento de que el \u201challazgo\u201d (si se confirma) perjudica al Gobierno y no tiene responsabilidad, porque a quien menos \u201cconven\u00eda\u201d esta aparici\u00f3n y en estas circunstancias es justamente al oficialismo.<\/p>\n<p>Sin embargo, el hallazgo derrumbar\u00eda todas las versiones sostenidas con ah\u00ednco por los funcionarios gubernamentales en general y por Patricia Bullrich -como m\u00e1xima responsable- en particular desde hace casi tres meses. Por otra parte, la realidad es que una estructura log\u00edstica, informativa y de inteligencia para ocultar un cuerpo durante casi 80 d\u00edas s\u00f3lo puede poseerla el aparato del Estado y fuerzas de seguridad con la complicidad del poder territorial que en el sur tienen los terratenientes y sus sicarios. La versi\u00f3n que quiere volver a responsabilizar a las v\u00edctimas (la comunidad mapuche) se cae por su propio peso. M\u00e1s a\u00fan, si supuestamente se lo estaba buscando con todas las fuerzas y herramientas del Estado. No es descartable la hip\u00f3tesis de una interna en las fuerzas de seguridad y un intento de los responsables de \u201csalvarse\u201d y aportar a la confusi\u00f3n cuando el c\u00edrculo se cerraba sobre la Gendarmer\u00eda.<\/p>\n<p>Si as\u00ed fueran los hechos, la responsabilidad del Gobierno es igual o mayor. Porque con su narrativa estatal de fuerte corte represivo desat\u00f3 la correa de gendarmes, polic\u00edas y servicios. Adem\u00e1s, junto al Poder Judicial, fueron c\u00f3mplices del encubrimiento de los principales responsables como Pablo Noceti que nunca fue llamado a declarar. Y con esta complicidad dieron rienda suelta e impunidad a unas fuerzas de seguridad con altos niveles de descomposici\u00f3n y desde hace tiempo demasiado acostumbrados a este modus operandi.<\/p>\n<p>El triunfalismo exagerado que ven\u00eda mostrando el Gobierno (y que lleg\u00f3 al climax en el Coloquio patronal de Idea) recuerda el proverbio que afirma: es m\u00e1s f\u00e1cil recuperarse de un fracaso que salir indemne de un \u00e9xito. Las pr\u00f3ximas horas y d\u00edas dir\u00e1n si el aforismo se aplica crudamente a Cambiemos. Entre otras cosas, porque qued\u00f3 en evidencia la d\u00e9bil arquitectura de su mentira.<\/p>\n<p>Lo que s\u00ed puede afirmarse con toda certeza es que esta nueva crisis vuelve dejar al desnudo ante los ojos de la poblaci\u00f3n, la podredumbre que anida en el seno del Estado \u201cdemocr\u00e1tico\u201d.<\/p>\n","protected":false},"excerpt":{"rendered":"<p>El hallazgo derrumbar\u00eda todas las versiones sostenidas con ah\u00ednco por los funcionarios gubernamentales en general y por Patricia Bullrich -como m\u00e1xima responsable- en particular desde hace casi tres meses. Por otra parte, la realidad es que una estructura log\u00edstica, informativa y de inteligencia para ocultar un cuerpo durante casi 80 d\u00edas s\u00f3lo puede poseerla el aparato del Estado y fuerzas de seguridad con la complicidad del poder territorial que en el sur tienen los terratenientes y sus sicarios. La versi\u00f3n que quiere volver a responsabilizar a las v\u00edctimas (la comunidad mapuche) se cae por su propio peso. M\u00e1s a\u00fan, si supuestamente se lo estaba buscando con todas las fuerzas y herramientas del Estado. No es descartable la hip\u00f3tesis de una interna en las fuerzas de seguridad y un intento de los responsables de \u201csalvarse\u201d y aportar a la confusi\u00f3n cuando el c\u00edrculo se cerraba sobre la Gendarmer\u00eda&#8230;<\/p>\n","protected":false},"author":102520410,"featured_media":0,"comment_status":"open","ping_status":"open","sticky":false,"template":"","format":"aside","meta":{"_coblocks_attr":"","_coblocks_dimensions":"","_coblocks_responsive_height":"","_coblocks_accordion_ie_support":"","advanced_seo_description":"","jetpack_seo_html_title":"","jetpack_seo_noindex":false,"jetpack_seo_schema_type":"","_jetpack_newsletter_access":"","_jetpack_dont_email_post_to_subs":false,"_jetpack_newsletter_tier_id":0,"_jetpack_memberships_contains_paywalled_content":false,"_wpcom_ai_launchpad_first_post":false,"_jetpack_feature_clip_id":0,"_jetpack_memberships_contains_paid_content":false,"footnotes":"","jetpack_post_was_ever_published":false},"categories":[],"tags":[17212,67743,593597907,2211198],"class_list":["post-3691","post","type-post","status-publish","format-aside","hentry","tag-america-latina","tag-chubut","tag-juez-lleral","tag-patricia-bullrich","post_format-post-format-aside"],"jetpack_likes_enabled":false,"jetpack_sharing_enabled":true,"jetpack_shortlink":"https:\/\/wp.me\/p7lt2C-Xx","amp_enabled":true,"jetpack_featured_media_url":"","_links":{"self":[{"href":"https:\/\/correspondenciadeprensa.com\/index.php?rest_route=\/wp\/v2\/posts\/3691","targetHints":{"allow":["GET"]}}],"collection":[{"href":"https:\/\/correspondenciadeprensa.com\/index.php?rest_route=\/wp\/v2\/posts"}],"about":[{"href":"https:\/\/correspondenciadeprensa.com\/index.php?rest_route=\/wp\/v2\/types\/post"}],"author":[{"embeddable":true,"href":"https:\/\/correspondenciadeprensa.com\/index.php?rest_route=\/wp\/v2\/users\/102520410"}],"replies":[{"embeddable":true,"href":"https:\/\/correspondenciadeprensa.com\/index.php?rest_route=%2Fwp%2Fv2%2Fcomments&post=3691"}],"version-history":[{"count":3,"href":"https:\/\/correspondenciadeprensa.com\/index.php?rest_route=\/wp\/v2\/posts\/3691\/revisions"}],"predecessor-version":[{"id":3694,"href":"https:\/\/correspondenciadeprensa.com\/index.php?rest_route=\/wp\/v2\/posts\/3691\/revisions\/3694"}],"wp:attachment":[{"href":"https:\/\/correspondenciadeprensa.com\/index.php?rest_route=%2Fwp%2Fv2%2Fmedia&parent=3691"}],"wp:term":[{"taxonomy":"category","embeddable":true,"href":"https:\/\/correspondenciadeprensa.com\/index.php?rest_route=%2Fwp%2Fv2%2Fcategories&post=3691"},{"taxonomy":"post_tag","embeddable":true,"href":"https:\/\/correspondenciadeprensa.com\/index.php?rest_route=%2Fwp%2Fv2%2Ftags&post=3691"}],"curies":[{"name":"wp","href":"https:\/\/api.w.org\/{rel}","templated":true}]}}