{"id":3604,"date":"2017-10-10T19:40:29","date_gmt":"2017-10-10T19:40:29","guid":{"rendered":"https:\/\/correspondenciadeprensa.com\/?p=3604"},"modified":"2017-10-10T19:40:29","modified_gmt":"2017-10-10T19:40:29","slug":"che-guevara-la-higuera-50-anos-despues-repensando-el-che","status":"publish","type":"post","link":"https:\/\/correspondenciadeprensa.com\/?p=3604","title":{"rendered":"Che Guevara &#8211; La Higuera: 50 a\u00f1os despu\u00e9s, repensando el Che"},"content":{"rendered":"<p><strong>A 50 a\u00f1os de la muerte de Ernesto Che Guevara<\/strong><\/p>\n<p><strong>La Higuera: 50 a\u00f1os despu\u00e9s, repensando el Che<\/strong><\/p>\n<p><strong>Marcello Musto * <\/strong><\/p>\n<p><strong>Sin Permiso, 8-10-2017\u00a0<\/strong><strong><a href=\"http:\/\/www.sinpermiso.info\/\">http:\/\/www.sinpermiso.info\/<\/a><\/strong><\/p>\n<p><strong>Traducci\u00f3n de G Buster \u2013 Sin Permiso<\/strong><\/p>\n<p>Para visitar Vallagrande, el lugar donde Ernesto Che Guevara pas\u00f3 las \u00faltimas semanas de su vida, hay que hacer un viaje muy largo. Primero hay que llegar a Santa Cruz, la ciudad m\u00e1s poblada de Bolivia y all\u00ed tomar uno de los viejos y maltratados autobuses que recorre una sinuosa carretera de monta\u00f1a que se encuentra en muy mal estado.<\/p>\n<p>Sin embargo, en estos d\u00edas, Vallagrande est\u00e1 lleno de militantes (especialmente j\u00f3venes) que vienen de muchas ciudades del pa\u00eds, as\u00ed como de las m\u00e1s diversas naciones, con motivo del cincuenta aniversario de la desaparici\u00f3n del revolucionario latinoamericano.<\/p>\n<p>Muchos se acercan al hospital Nuestro Se\u00f1or de Malta, en cuya lavander\u00eda fue fotografiado y exhibido al p\u00fablico por \u00faltima vez el cuerpo del Che, ya sin vida, pero con los ojos a\u00fan abiertos. Aqu\u00ed, como en otras provincias de Bolivia, trabajan grupos de m\u00e9dicos cubanos que ejercen en Bolivia gracias a un proyecto solidario concebido por Fidel Castro despu\u00e9s de la elecci\u00f3n de Evo Morales que tiene como objetivo la creaci\u00f3n de centros de salud para mejorar los est\u00e1ndares de atenci\u00f3n y asistencia de la regi\u00f3n.<\/p>\n<p>A pocos kil\u00f3metros del centro de la ciudad se encuentra la fosa com\u00fan &#8211; recientemente convertida en un museo &#8211; donde, en la noche entre el 10 y el 11 de octubre de 1967, el Che, al que se le hab\u00edan amputado las manos, fue enterrado en secreto junto con otros seis guerrilleros de su columna. El lugar dista unos cientos de metros de la peque\u00f1a pista de la aviaci\u00f3n y del cuartel militar desde el que los rangers bolivianos, asistidos por agentes de la CIA, llevaron a cabo las operaciones de rastreo para capturar a Guevara. Sus restos reaparecieron s\u00f3lo despu\u00e9s de treinta a\u00f1os, gracias a las investigaciones de un equipo cubano-argentino. Hoy se conservan en un mausoleo en Santa Clara, la ciudad donde, en diciembre de 1958, el Che dirigi\u00f3 la batalla decisiva que marc\u00f3 el final del r\u00e9gimen de Fulgencio Batista y el triunfo de la revoluci\u00f3n en Cuba.<\/p>\n<p>Adem\u00e1s de visitar estos dos lugares, quienes estos d\u00edas llenan las calles de Vallagrande han participado en presentaciones de libros, debates, exposiciones fotogr\u00e1ficas y una manifestaci\u00f3n final, con la presencia de una amplia delegaci\u00f3n cubana &#8211; incluyendo la familia Guevara (el programa de los eventos puede consultarse en: <a href=\"https:\/\/50aniversariochebo.bo\" rel=\"nofollow\">https:\/\/50aniversariochebo.bo<\/a>).<\/p>\n<p>Se tarda tres horas en viajar de Vallagrande a La Higuera. S\u00f3lo se puede llegar en jeep porque el camino que conduce a este peque\u00f1o pueblo de apenas cincuenta casas, situado a m\u00e1s de 2.000 metros sobre el nivel del mar, no est\u00e1 asfaltado y est\u00e1 lleno de curvas. Es un lugar desolado, todav\u00eda hoy lejos del mundo.<\/p>\n<p>En el camino se tropieza con algunos campesinos. Cruzan la carretera llena de baches, caminando lentamente, tristes, con sus herramientas de trabajo a la espalda. No parece que haya cambiado mucho desde que el Che atraves\u00f3 estos valles, en un intento de derrocar la dictadura militar del general Ren\u00e9 Barrientos.<\/p>\n<p>Guevara eligi\u00f3 Bolivia no porque le guiara, como a veces se le atribuye injustamente, la idea de reproducir mec\u00e1nicamente las estrategias pol\u00edticas y militares aplicadas en Cuba. Estaba convencido, sin embargo, de la necesidad de alumbrar un proceso revolucionario que afectase a todo el Cono Sur. Un proyecto supranacional que desde Bolivia fuese capaz de extenderse a Per\u00fa y Argentina, para evitar que los Estados Unidos interviniesen y pudieran aniquilar un foco \u00fanico, y por lo tanto m\u00e1s d\u00e9bil, de resistencia local. En el centro del continente y rodeada por cinco pa\u00edses, Bolivia parec\u00eda el lugar m\u00e1s adecuado donde iniciar la formaci\u00f3n de un grupo de cuadros a los que confiar, una vez entrenados, la tarea de organizar los diferentes frentes de lucha en toda Am\u00e9rica Latina.<\/p>\n<p>El Che fund\u00f3 el Ej\u00e9rcito de Liberaci\u00f3n Nacional de Bolivia con s\u00f3lo 45 guerrilleros. En la introducci\u00f3n al Diario de Bolivia, Fidel Castro escribi\u00f3: \u00abImpresiona profundamente la proeza realizada por este pu\u00f1ado de revolucionarios. La sola lucha contra la naturaleza hostil en que desenvolv\u00edan su acci\u00f3n constituye una insuperable p\u00e1gina de hero\u00edsmo. Nunca en la historia un n\u00famero tan reducido de hombres emprendi\u00f3 una tarea tan gigantesca\u201d.<\/p>\n<p>La muerte alcanz\u00f3 a muchos de ellos de improviso, 11 meses despu\u00e9s del inicio de la guerrilla. El 8 octubre de 1967, de hecho, el Che, sorprendido en la quebrada de Yuro junto con otros 16 compa\u00f1eros, fue herido en la pierna izquierda y capturado despu\u00e9s de tres horas de combate. Transportado a la vecina La Higuera, fue asesinado al d\u00eda siguiente, por orden de Barrientos.<\/p>\n<p>Despu\u00e9s de la ejecuci\u00f3n, el ej\u00e9rcito boliviano se apoder\u00f3 de la mochila de Che y de todos los documentos que hab\u00eda dentro. Los dos cuadernos con el Diario de Bolivia pudieron llegar r\u00e1pidamente a Cuba. Por el contrario, otro grupo de textos cortos apareci\u00f3 mucho m\u00e1s tarde y se public\u00f3 en 1998 con el t\u00edtulo Antes de morir: apuntes y notas de lectura. En estas p\u00e1ginas, Guevara copi\u00f3 los pasajes m\u00e1s importantes de sus lecturas y resumi\u00f3 algunos de los estudios que estaba haciendo, a pesar de las dif\u00edciles condiciones en que se encontraba. Estas notas fueron escritas durante los raros momentos de descanso y constituyen una prueba m\u00e1s de su extraordinaria determinaci\u00f3n. As\u00ed, critica la falta de profundidad de an\u00e1lisis del soci\u00f3logo Charles Wright Mills, cuyo Los marxistas el Che ley\u00f3 y resumi\u00f3; lo defini\u00f3 como \u00abun claro ejemplo de la intelectualidad liberal de la izquierda norteamericana\u00bb. Gy\u00f6rgy Luk\u00e1cs, por el contrario, le fue muy \u00fatil, ya que le ayud\u00f3 a entender la \u201ccomplejidad de la filosof\u00eda hegeliana\u00bb. Como gu\u00eda para sus estudios de filosof\u00eda el Che utiliz\u00f3 el manual editado por el cient\u00edfico sovi\u00e9tico Miguel Dynnik y el Antid\u00fcring de Engels, del que apreci\u00f3 m\u00e1s que cualquier otra cosa \u00absus pensamientos inconclusos sobre la dial\u00e9ctica\u00bb. Dedica varias partes a la Historia de la Revoluci\u00f3n Rusa de Trotsky, a veces criticada, pero que, en su opini\u00f3n, era una \u00abfuente de importancia esencial\u00bb sobre el nacimiento del poder sovi\u00e9tico. Por \u00faltimo, Guevara tambi\u00e9n se dedic\u00f3 al estudio de los autores locales y, al comentar un libro titulado Sobre el problema nacional y colonial de Bolivia, se\u00f1ala que defend\u00eda \u00abuna tesis interesante\u00bb, ya que consideraba ese pa\u00eds \u00abcomo (un) Estado multinacional.\u00bb<\/p>\n<p>Completan estas p\u00e1ginas de notas un gui\u00f3n de un proyecto de estudio sobre los diferentes modos de producci\u00f3n, desde los pre-capitalistas hasta el socialismo. En el se afirma que \u00abMarx ten\u00eda raz\u00f3n\u00bb en relaci\u00f3n a la pauperizaci\u00f3n del proletariado, pero tambi\u00e9n que \u00abno previ\u00f3 el fen\u00f3meno imperialista. Actualmente los trabajadores de los pa\u00edses imperialistas son socios minoritarios del sistema\u201d.<\/p>\n<p>Adem\u00e1s del estudio te\u00f3rico, en sus \u00faltimas notas el Che copi\u00f3 tres poemas del escritor nicarag\u00fcense Rub\u00e9n Dar\u00edo. En los versos finales del \u00faltimo de ellos, Letan\u00eda de Nuestro Se\u00f1or Don Quijote, se describe un personaje que, en muchos aspectos, es como \u00e9l: \u201cCaballero errante de los caballeros, (\u2026) noble peregrino de los peregrinos, que santificaste todos los caminos, con el paso augusto de tu heroicidad, contra las certezas, contra las conciencias, y contra las leyes y contra las ciencias, contra la mentira, contra la verdad. (&#8230;) Que de fuerza alientas y de ensue\u00f1os vistes, coronado de \u00e1ureo yelmo de ilusi\u00f3n, que nadie ha podido vencer todav\u00eda, por la adarga al brazo, toda fantas\u00eda, y la lanza en ristre, toda coraz\u00f3n!\u201d<\/p>\n<p>Eso es lo piensan de \u00e9l todos los j\u00f3venes que llegaron esta semana a La Higuera, para recordar al Che y para dejar nuevas huellas en la ruta larga y dif\u00edcil que \u00e9l emprendi\u00f3.<\/p>\n<p>* Marcello Musto, profesor de teor\u00eda sociol\u00f3gica en la Universidad de York, Toronto, Canad\u00e1.<\/p>\n","protected":false},"excerpt":{"rendered":"<p>Adem\u00e1s del estudio te\u00f3rico, en sus \u00faltimas notas el Che copi\u00f3 tres poemas del escritor nicarag\u00fcense Rub\u00e9n Dar\u00edo. En los versos finales del \u00faltimo de ellos, Letan\u00eda de Nuestro Se\u00f1or Don Quijote, se describe un personaje que, en muchos aspectos, es como \u00e9l: \u201cCaballero errante de los caballeros, (\u2026) noble peregrino de los peregrinos, que santificaste todos los caminos, con el paso augusto de tu heroicidad, contra las certezas, contra las conciencias, y contra las leyes y contra las ciencias, contra la mentira, contra la verdad&#8230;<\/p>\n","protected":false},"author":102520410,"featured_media":0,"comment_status":"open","ping_status":"open","sticky":false,"template":"","format":"aside","meta":{"_coblocks_attr":"","_coblocks_dimensions":"","_coblocks_responsive_height":"","_coblocks_accordion_ie_support":"","advanced_seo_description":"","jetpack_seo_html_title":"","jetpack_seo_noindex":false,"jetpack_seo_schema_type":"","_jetpack_newsletter_access":"","_jetpack_dont_email_post_to_subs":false,"_jetpack_newsletter_tier_id":0,"_jetpack_memberships_contains_paywalled_content":false,"_wpcom_ai_launchpad_first_post":false,"_jetpack_feature_clip_id":0,"_jetpack_memberships_contains_paid_content":false,"footnotes":"","jetpack_post_was_ever_published":false},"categories":[],"tags":[17212],"class_list":["post-3604","post","type-post","status-publish","format-aside","hentry","tag-america-latina","post_format-post-format-aside"],"jetpack_likes_enabled":false,"jetpack_sharing_enabled":true,"jetpack_shortlink":"https:\/\/wp.me\/p7lt2C-W8","amp_enabled":true,"jetpack_featured_media_url":"","_links":{"self":[{"href":"https:\/\/correspondenciadeprensa.com\/index.php?rest_route=\/wp\/v2\/posts\/3604","targetHints":{"allow":["GET"]}}],"collection":[{"href":"https:\/\/correspondenciadeprensa.com\/index.php?rest_route=\/wp\/v2\/posts"}],"about":[{"href":"https:\/\/correspondenciadeprensa.com\/index.php?rest_route=\/wp\/v2\/types\/post"}],"author":[{"embeddable":true,"href":"https:\/\/correspondenciadeprensa.com\/index.php?rest_route=\/wp\/v2\/users\/102520410"}],"replies":[{"embeddable":true,"href":"https:\/\/correspondenciadeprensa.com\/index.php?rest_route=%2Fwp%2Fv2%2Fcomments&post=3604"}],"version-history":[{"count":3,"href":"https:\/\/correspondenciadeprensa.com\/index.php?rest_route=\/wp\/v2\/posts\/3604\/revisions"}],"predecessor-version":[{"id":3607,"href":"https:\/\/correspondenciadeprensa.com\/index.php?rest_route=\/wp\/v2\/posts\/3604\/revisions\/3607"}],"wp:attachment":[{"href":"https:\/\/correspondenciadeprensa.com\/index.php?rest_route=%2Fwp%2Fv2%2Fmedia&parent=3604"}],"wp:term":[{"taxonomy":"category","embeddable":true,"href":"https:\/\/correspondenciadeprensa.com\/index.php?rest_route=%2Fwp%2Fv2%2Fcategories&post=3604"},{"taxonomy":"post_tag","embeddable":true,"href":"https:\/\/correspondenciadeprensa.com\/index.php?rest_route=%2Fwp%2Fv2%2Ftags&post=3604"}],"curies":[{"name":"wp","href":"https:\/\/api.w.org\/{rel}","templated":true}]}}