{"id":35634,"date":"2023-06-28T22:54:36","date_gmt":"2023-06-28T20:54:36","guid":{"rendered":"https:\/\/correspondenciadeprensa.com\/?p=35634"},"modified":"2023-06-28T22:54:36","modified_gmt":"2023-06-28T20:54:36","slug":"uruguay-en-nombre-de-todas-la-memoria-de-las-ex-presas-politicas-azul-cordo","status":"publish","type":"post","link":"https:\/\/correspondenciadeprensa.com\/?p=35634","title":{"rendered":"Uruguay &#8211; En nombre de todas: la memoria de las ex presas pol\u00edticas. [Azul Cordo]"},"content":{"rendered":"\n<p class=\"has-text-align-right wp-block-paragraph\"><sub>Inauguraci\u00f3n del Memorial en reconocimiento a las ex presas pol\u00edticas, el 27 de junio. \u00b7 Foto: Mara Quintero<\/sub><\/p>\n\n\n\n<p class=\"has-text-color wp-block-paragraph\" style=\"color:#010000\"><strong>50 a\u00f1os del golpe de Estado<\/strong><\/p>\n\n\n\n<p class=\"has-text-color wp-block-paragraph\" style=\"color:#010000\"><strong>En nombre de todas: ex presas pol\u00edticas inauguraron memorial frente al Palacio Legislativo<\/strong><\/p>\n\n\n\n<p class=\"has-text-color wp-block-paragraph\" style=\"color:#010000\"><strong>El espacio contiene casi 1.800 nombres y deja un pilar vac\u00edo para sumar recuerdos, vidas y memorias de las mujeres que lucharon con rebeld\u00eda y esperanza, a 50 a\u00f1os del golpe de Estado en Uruguay.<\/strong><\/p>\n\n\n\n<p class=\"has-text-color wp-block-paragraph\" style=\"color:#010000\"><strong><a href=\"https:\/\/ladiaria.com.uy\/feminismos\/articulo\/2023\/6\/en-nombre-de-todas-ex-presas-politicas-inauguraron-memorial-frente-al-palacio-legislativo\/\">La Diaria<\/a>, 28-6-2023 <\/strong><\/p>\n\n\n\n<p class=\"has-text-color wp-block-paragraph\" style=\"color:#010000\"><strong><a href=\"https:\/\/correspondenciadeprensa.com\/\">Correspondencia de Prensa<\/a>, 28-6-2023<\/strong><\/p>\n\n\n\n<p class=\"has-text-align-justify has-text-color wp-block-paragraph\" style=\"color:#010000\">\u00bfQu\u00e9 es tener un nombre? Esa suma de letras que eligieron nuestros padres para marcar nuestra presencia en el mundo. Sara M\u00e9ndez, que sabe de nombrar un hijo, que sabe de perderlo cuando ten\u00eda 20 d\u00edas de vida al ser secuestrado por una patota apenas hab\u00eda terminado de tomar la teta, y sabe de encontrarlo 26 a\u00f1os despu\u00e9s con otro nombre, dice: \u201cDespu\u00e9s de muchos a\u00f1os, tuve que aceptar que era \u00e9l [pero] con el nombre que le hab\u00edan puesto otros. Ten\u00eda que aceptar que \u00e9l se reconoc\u00eda por ese nombre, ten\u00eda que aceptar que Sim\u00f3n era An\u00edbal, que hab\u00eda vivido 26 a\u00f1os y que [si no aceptaba su nombre] era desconocer esos 26 a\u00f1os en su vida\u201d. \u00c9l ahora usa Sim\u00f3n como segundo nombre. \u201cHa demorado en el proceso, pero han sido pasos seguros\u201d, sigue, orgullosa de que su hijo hoy est\u00e9 vinculado a Abuelas de Plaza de Mayo, dando testimonios en escuelas y participando en marchas por memoria, verdad y justicia en Argentina.<\/p>\n\n\n\n<p class=\"has-text-align-justify has-text-color wp-block-paragraph\" style=\"color:#010000\">\u00bfY ella? Sara encontr\u00f3 su nombre en uno de los 20 pilares del memorial en reconocimiento a las ex presas pol\u00edticas que se inaugur\u00f3 ayer a las tres de la tarde frente al Palacio Legislativo. Ella tan bajita, su nombre tan en lo alto: el primero en esta placa de metal llena de apellidos que empiezan con emes y enes. \u201cMe reconozco en el nombre y reconozco que ah\u00ed hay una cantidad de gente que estuvo conmigo tambi\u00e9n, pero no alcanzo a sentir al encontrarme con esa placa, todav\u00eda no. Ha de ser este uno de esos impactos muy fuertes, entre encuentros, abrazos, reconocimientos y, por lo tanto, todav\u00eda no me llegu\u00e9 a ubicar ah\u00ed, aunque le saqu\u00e9 una foto\u201d.<\/p>\n\n\n\n<p class=\"has-text-align-justify has-text-color wp-block-paragraph\" style=\"color:#010000\">Cortar la cinta celeste y blanca que rodeaba el \u00f3valo del memorial fue cortar con parte de la desmemoria que todav\u00eda rodea a la participaci\u00f3n de mujeres militantes antes, durante y despu\u00e9s del golpe de Estado en Uruguay. Ellas han sabido tejer sus recuerdos, dar testimonio de lo vivido, escribir sabiendo que la memoria (es) para armar, han sacado fotograf\u00edas, han hecho pel\u00edculas, han denunciado de manera colectiva que la violencia sexual que sufrieron como presas pol\u00edticas fue parte de la tortura sistem\u00e1tica del terrorismo estatal. Y adem\u00e1s de motorizar la necesidad de que distintos puntos de la ciudad queden marcados por haber sido escenarios de resistencia, un grupo de ex presas pol\u00edticas logr\u00f3 que les construyeran un memorial.<\/p>\n\n\n\n<p class=\"has-text-align-justify has-text-color wp-block-paragraph\" style=\"color:#010000\">Es que hasta hace muy pocos a\u00f1os, todav\u00eda, la militancia se caracterizaba entre \u201clos h\u00e9roes y las compa\u00f1eras\u201d, dijo la profesora de Literatura Silvia San Mart\u00edn. Su nombre no est\u00e1 entre los 1.758 nombres grabados sobre el metal, porque figuran aquellas que fueron procesadas por la Justicia militar; tampoco el de su amiga y colega Liliana Bardallo, profesora de Filosof\u00eda.<\/p>\n\n\n\n<p class=\"has-text-align-justify has-text-color wp-block-paragraph\" style=\"color:#010000\">Antes de que la intendenta de Montevideo, Carolina Cosse, cortara la cinta junto a algunas de las ex presas pol\u00edticas e inauguraran el memorial, en el escenario Papina de Palma cant\u00f3 \u201cLa memoria\u201d \u2013deseando \u201cque la violencia sea s\u00f3lo para los libros\u201d\u2013, Diane Denoir tarare\u00f3 \u201cPalabras para Julia\u201d \u2013aquello de \u201cnunca te entregues ni te apartes\u201d\u2013 y Mauricio Ubal junto a Ruben Olivera levantaron las palmas de la multitud presente cuando entonaron \u201cA redoblar\u201d.<\/p>\n\n\n\n<p class=\"has-text-align-justify has-text-color wp-block-paragraph\" style=\"color:#010000\">Sobre este estribillo infinito, cada cual sobre su sombra, Silvia recuerda que estuvo exiliada y volvi\u00f3 a ejercer en 1986. Liliana se qued\u00f3 en Uruguay y dice a la diaria: \u201cReci\u00e9n ahora se est\u00e1 formando la idea de que no fueron solamente \u2018los presos y los exiliados y los desaparecidos\u2019: estuvimos los que estuvimos ac\u00e1 tambi\u00e9n. Capaz que alguna estuvo presa alguna vez, no importa. Lo que importa es que fue un conjunto important\u00edsimo de gente afectada por la dictadura y peleando contra la dictadura. Pero es como que la gente que qued\u00f3 ac\u00e1 y que tuvo sus problemas (hasta quedarte solo: porque se hab\u00edan ido los parientes y los amigos al exilio, o se hab\u00edan muerto, o estaban presos o desaparecidos, o estaban aislados, porque adem\u00e1s no te pod\u00edas reunir), todo ese embrollo tan triste y feroz, eso queda como desdibujado. Entonces me parece bueno que, de a poco, la gente se vaya animando a contar eso: c\u00f3mo vivimos durante la dictadura\u201d.<\/p>\n\n\n\n<p class=\"has-text-align-justify has-text-color wp-block-paragraph\" style=\"color:#010000\">La multitud rodea el memorial que tiene 20 pilares: \u201c19 representando cada departamento del pa\u00eds y uno m\u00e1s para reconocer la lucha de todas las mujeres: ni\u00f1as, j\u00f3venes, madres y abuelas que lucharon\u201d, explic\u00f3 Ivonne Klingler, integrante del colectivo Ex Presas Pol\u00edticas de Uruguay que particip\u00f3 \u2013con voz y sin voto\u2013 en la elecci\u00f3n de la propuesta ganadora del concurso para construir este espacio en Avenida de las Leyes y Colombia.<\/p>\n\n\n\n<p class=\"has-text-align-justify has-text-color wp-block-paragraph\" style=\"color:#010000\">En ese pilar que no tiene nombres marcados podr\u00edan estar Silvia y Liliana. Tambi\u00e9n podr\u00eda estar el de esta mujer de vestido azul oscuro, muy amiga de las hermanas Sara y Rosa Lichtenstein, que renguea un poco apoyada en su bast\u00f3n y, rozagante, le cuenta a su hija que s\u00ed, que encontr\u00f3 los nombres de sus amigas, militantes de la Juventud Comunista, que estuvieron presas muchos a\u00f1os, que eran de origen jud\u00edo polaco y que fallecieron hace unos a\u00f1os. Ven\u00eda buscando hasta la ele y sab\u00eda que las iba a encontrar: \u201cNo tienen a nadie, quedaron solitas. Mi nombre no est\u00e1, no. Yo estuve exiliada\u201d.<\/p>\n\n\n\n<p class=\"has-text-align-justify has-text-color wp-block-paragraph\" style=\"color:#010000\">La fotorreportera Martha Passeggi \u2013siempre con la c\u00e1mara al hombro y en esta tarde fr\u00eda escoltada por una sobrina que retrata el momento en que encuentra el nombre\u2013 dice que el memorial es importante \u201cdesde el punto de vista que jugamos las mujeres. Es importante que nuestra sociedad entienda que la mujer siempre estuvo y jug\u00f3 un papel importante en la historia del pa\u00eds. Nos toc\u00f3 a nosotras vivir este per\u00edodo especial, la Guerra Fr\u00eda, y las consecuencias que muchas sab\u00edamos que nos iban a pasar\u201d.<\/p>\n\n\n\n<p class=\"has-text-align-justify has-text-color wp-block-paragraph\" style=\"color:#010000\">El camino hacia encontrar el nombre propio es encontrar a otras que, en la coincidencia, se encuentran en un abrazo. \u201cEst\u00e1n los nombres nuestros porque fuimos procesadas \u2013agrega Martha\u2013, pero hay tant\u00edsima cantidad de compa\u00f1eras que no fueron procesadas y no est\u00e1n&#8230; Se va a tratar de agregar esos nombres\u201d.<\/p>\n\n\n\n<p class=\"has-text-align-justify has-text-color wp-block-paragraph\" style=\"color:#010000\">\u201c\u00bfEs mi nombre si fue grabado con tildes que el original no tiene? \u00bfSoy yo realmente la que qued\u00f3 grabada ah\u00ed?\u201d, puede preguntarse otra ex presa que encontr\u00f3 su nombre y sus dos apellidos con acentos que nunca carg\u00f3.<\/p>\n\n\n\n<p class=\"has-text-align-justify has-text-color wp-block-paragraph\" style=\"color:#010000\">Entre selfis familiares, entre carteles de \u201cSALTO PRESENTE, MELO, PANDO PRESENTE, SANTA LUC\u00cdA, MALDONADO\u201d, la exmilitante tupamara y exdirectora de la Secretar\u00eda de Derechos Humanos para el Pasado Reciente del Uruguay Graciela Jorge piensa en las que no est\u00e1n, aquellas que se quedaron en el camino. Sus nombres, como el de Graciela, deben estar en los pilares y ella prefiere no nombrar a algunas para no ser injusta. \u201cPara nada es un pensamiento de tristeza \u2013dice\u2013, pero me hubiera gustado que pudieran estar ac\u00e1 como yo estoy presenciando esto, porque hasta hace no muchos a\u00f1os no te pod\u00edas imaginar que esto pudiera ocurrir\u201d.<\/p>\n\n\n\n<p class=\"has-text-align-justify has-text-color wp-block-paragraph\" style=\"color:#010000\">Venimos de la bruma que envolvi\u00f3 la Vigilia por la Democracia del lunes en este mismo espacio. Para Graciela, esa y otras manifestaciones demuestran que \u201cel sentimiento antidictatorial se est\u00e1 haciendo cada vez m\u00e1s fuerte\u201d; muchos de esos actos \u201ca cargo de la generaci\u00f3n de chiquilines que nacieron en la c\u00e1rcel\u201d.<\/p>\n\n\n\n<p class=\"has-text-align-justify has-text-color wp-block-paragraph\" style=\"color:#010000\">Graciela, que fue de las primeras autoras, como militante y ex presa pol\u00edtica, en escribir sobre fugas y maternidades en las prisiones, dijo a la diaria que para seguir construyendo esta memoria de mujeres pol\u00edticas \u201chay que insistir en marcar un esp\u00edritu de rebeli\u00f3n, que nosotras ten\u00edamos: la nuestra fue una generaci\u00f3n muy esperanzada y rebelde. Eso lo veo bastante borroso en las sociedades actuales\u201d.<\/p>\n\n\n\n<p class=\"has-text-align-justify has-text-color wp-block-paragraph\" style=\"color:#010000\">Que alguien te busque porque te conoce. Que alguien encuentre tu nombre y se pregunte qui\u00e9n sos. Es parte de la propuesta que Ana Demarco cree que este memorial puede generar en quienes circulen por el espacio y no sean las protagonistas directas de esta historia. Demarco fue una militante estudiantil de Magisterio que so\u00f1aba (y sue\u00f1a) con cambiar el mundo desde la educaci\u00f3n. \u201cEs una fiesta encontrarnos con las que van llegando. En alg\u00fan caso con silla de rueda, tambi\u00e9n, y ver c\u00f3mo el tema de la mujer en dictadura ha tenido un crecimiento exponencial. Nosotras sin ser feministas, porque no nos denomin\u00e1bamos as\u00ed en esa \u00e9poca, ya lo \u00e9ramos\u201d.<\/p>\n\n\n\n<p class=\"has-text-color wp-block-paragraph\" style=\"color:#010000\"><strong>\u00bfQu\u00e9 te gustar\u00eda que pase ac\u00e1?<\/strong><\/p>\n\n\n\n<p class=\"has-text-align-justify has-text-color wp-block-paragraph\" style=\"color:#010000\">Eso preguntamos a quienes iban circulando por ese abrazo que qued\u00f3 emplazado frente al Parlamento. Martha Passeggi respondi\u00f3: \u201cQue sea un lugar de encuentro donde haya actividades organizadas por j\u00f3venes, que son generaciones que ya est\u00e1n levantando nuestras banderas de memoria. El \u2018nunca m\u00e1s\u2019 que se dice es un deseo. Todo va a depender de la correlaci\u00f3n de fuerzas tambi\u00e9n\u201d.<\/p>\n\n\n\n<p class=\"has-text-align-justify has-text-color wp-block-paragraph\" style=\"color:#010000\">Ana Demarco: \u201cMe gustar\u00eda que los j\u00f3venes se pregunten qu\u00e9 pas\u00f3, por qu\u00e9, qui\u00e9nes son, qu\u00e9 compromiso hab\u00eda y qu\u00e9 compromiso tengo. Dejar de pensar que en la sociedad somos unos y los otros, los malla oro y los no malla oro. Construir el nosotros me parece un compromiso fundamental. Mirar al otro sabiendo que es como yo\u201d.<\/p>\n\n\n\n<p class=\"has-text-align-justify has-text-color wp-block-paragraph\" style=\"color:#010000\">El memorial, elegido entre 26 propuestas presentadas a la Intendencia de Montevideo, fue aprobado en agosto del a\u00f1o pasado a partir de un proyecto a cargo de la arquitecta Mar\u00eda Victoria Steglich Crosa, responsable de un equipo con cinco j\u00f3venes arquitectos \u201cque supieron interpretar nuestros sentimientos, las experiencias que nos fortalecieron, los respaldos y la solidaridad\u201d, remarc\u00f3 Ivonne Klingler. Y destac\u00f3 que \u201crepresenta a todas las mujeres que luchamos contra la actuaci\u00f3n ileg\u00edtima y el terrorismo de Estado, las que fuimos detenidas, las exiliadas, las clandestinas, las solidarias, las asesinadas y desaparecidas\u201d.<\/p>\n\n\n\n<p class=\"has-text-align-justify has-text-color wp-block-paragraph\" style=\"color:#010000\">La obra representa un abrazo, ese que les hac\u00edan llegar, a pesar de todas las distancias y obst\u00e1culos, las madres, las t\u00edas, las hijas a las presas pol\u00edticas: \u201cUn lugar de encuentro, de reflexi\u00f3n, s\u00edmbolo de volver a empezar\u201d, agreg\u00f3 la ex presa pol\u00edtica. \u201cNo quer\u00edamos transmitir el horror. Quisimos transmitir a las nuevas generaciones c\u00f3mo transmutamos el horror en algo positivo que nos permiti\u00f3 crecer y seguir adelante en situaciones l\u00edmite como las que vivimos\u201d, sintetiz\u00f3 su compa\u00f1era Adriana Zinola.<\/p>\n\n\n\n<p class=\"has-text-align-justify has-text-color wp-block-paragraph\" style=\"color:#010000\">Para Norma Susana la Negra Escudero, militante del Partido Comunista Revolucionario, el memorial vence la invisibilizaci\u00f3n que sufrieron las mujeres. \u201cCuando nos torturaban nos dec\u00edan: \u2018\u00bfpor qu\u00e9 no te vas a lavar los platos?\u2019. Usaron nuestro \u00f3rganos sexuales, todo lo peor de la tortura lo hicieron con nosotras, era como una venganza, una maldad que sent\u00edan contra nosotras. \u00bfC\u00f3mo es posible que la humanidad haga esto a otras personas? No queremos que nunca m\u00e1s pase\u201d.<\/p>\n\n\n\n<p class=\"has-text-align-justify has-text-color wp-block-paragraph\" style=\"color:#010000\">Temblando de emoci\u00f3n, cuando ya la plaza quedaba casi vac\u00eda, Ivonne, llena de orgullo, dijo: \u201c38 a\u00f1os despu\u00e9s conseguimos el reconocimiento a la lucha de las mujeres. No est\u00e1bamos metidas debajo de la cama\u201d.<\/p>\n\n\n\n<p class=\"has-text-align-justify has-text-color wp-block-paragraph\" style=\"color:#010000\">Atr\u00e1s quedaba la c\u00e1rcel.<\/p>\n","protected":false},"excerpt":{"rendered":"<p>Recuerdos, vidas y memorias de las mujeres que lucharon con rebeld\u00eda y esperanza.<\/p>\n","protected":false},"author":102520410,"featured_media":35636,"comment_status":"closed","ping_status":"closed","sticky":false,"template":"","format":"standard","meta":{"_coblocks_attr":"","_coblocks_dimensions":"","_coblocks_responsive_height":"","_coblocks_accordion_ie_support":"","_crdt_document":"","advanced_seo_description":"","jetpack_seo_html_title":"","jetpack_seo_noindex":false,"_jetpack_newsletter_access":"","_jetpack_dont_email_post_to_subs":false,"_jetpack_newsletter_tier_id":0,"_jetpack_memberships_contains_paywalled_content":false,"_jetpack_memberships_contains_paid_content":false,"footnotes":"","jetpack_post_was_ever_published":false},"categories":[12693],"tags":[703609723,17212,703605179,703605142,703605038,703609722],"class_list":{"0":"post-35634","1":"post","2":"type-post","3":"status-publish","4":"format-standard","5":"has-post-thumbnail","6":"hentry","7":"category-uruguay","8":"tag-27dejunio","9":"tag-america-latina","10":"tag-golpe-de-estado","11":"tag-militares","12":"tag-mujeres","13":"tag-presas","15":"fallback-thumbnail"},"jetpack_featured_media_url":"https:\/\/i0.wp.com\/correspondenciadeprensa.com\/wp-content\/uploads\/2023\/06\/Uruguay-presas2806-3807261948-e1687985301830.jpg?fit=1202%2C598&ssl=1","jetpack_likes_enabled":false,"jetpack_sharing_enabled":true,"jetpack_shortlink":"https:\/\/wp.me\/p7lt2C-9gK","amp_enabled":true,"_links":{"self":[{"href":"https:\/\/correspondenciadeprensa.com\/index.php?rest_route=\/wp\/v2\/posts\/35634","targetHints":{"allow":["GET"]}}],"collection":[{"href":"https:\/\/correspondenciadeprensa.com\/index.php?rest_route=\/wp\/v2\/posts"}],"about":[{"href":"https:\/\/correspondenciadeprensa.com\/index.php?rest_route=\/wp\/v2\/types\/post"}],"author":[{"embeddable":true,"href":"https:\/\/correspondenciadeprensa.com\/index.php?rest_route=\/wp\/v2\/users\/102520410"}],"replies":[{"embeddable":true,"href":"https:\/\/correspondenciadeprensa.com\/index.php?rest_route=%2Fwp%2Fv2%2Fcomments&post=35634"}],"version-history":[{"count":6,"href":"https:\/\/correspondenciadeprensa.com\/index.php?rest_route=\/wp\/v2\/posts\/35634\/revisions"}],"predecessor-version":[{"id":35641,"href":"https:\/\/correspondenciadeprensa.com\/index.php?rest_route=\/wp\/v2\/posts\/35634\/revisions\/35641"}],"wp:featuredmedia":[{"embeddable":true,"href":"https:\/\/correspondenciadeprensa.com\/index.php?rest_route=\/wp\/v2\/media\/35636"}],"wp:attachment":[{"href":"https:\/\/correspondenciadeprensa.com\/index.php?rest_route=%2Fwp%2Fv2%2Fmedia&parent=35634"}],"wp:term":[{"taxonomy":"category","embeddable":true,"href":"https:\/\/correspondenciadeprensa.com\/index.php?rest_route=%2Fwp%2Fv2%2Fcategories&post=35634"},{"taxonomy":"post_tag","embeddable":true,"href":"https:\/\/correspondenciadeprensa.com\/index.php?rest_route=%2Fwp%2Fv2%2Ftags&post=35634"}],"curies":[{"name":"wp","href":"https:\/\/api.w.org\/{rel}","templated":true}]}}