{"id":34363,"date":"2023-04-29T19:36:00","date_gmt":"2023-04-29T17:36:00","guid":{"rendered":"https:\/\/correspondenciadeprensa.com\/?p=34363"},"modified":"2023-04-29T19:36:00","modified_gmt":"2023-04-29T17:36:00","slug":"paraguay-enfrentar-a-la-mafia-con-ayuda-del-tio-sam-andres-colman-gutierrez","status":"publish","type":"post","link":"https:\/\/correspondenciadeprensa.com\/?p=34363","title":{"rendered":"Paraguay &#8211; Enfrentar a la mafia con ayuda del T\u00edo Sam. [Andr\u00e9s Colm\u00e1n Guti\u00e9rrez]"},"content":{"rendered":"\n<p class=\"has-text-align-right wp-block-paragraph\" style=\"font-size:12px\">Mac Osteljied, embajador de EEUU en conferencia de prensa en Asunci\u00f3n. Foto: Norberto Duarte\/AFP<\/p>\n\n\n\n<p class=\"has-text-color wp-block-paragraph\" style=\"color:#040000\"><strong>La oposici\u00f3n tiene chances de vencer este domingo al Partido Colorado, heredero de la dictadura y en el gobierno por 72 a\u00f1os, solo una vez derrotado en las urnas. La intervenci\u00f3n estadounidense ha sido clave para jaquear al imperio del expresidente Cartes.<\/strong><\/p>\n\n\n\n<p class=\"has-text-color wp-block-paragraph\" style=\"color:#040000\"><strong>Andr\u00e9s Colm\u00e1n Guti\u00e9rrez, desde Asunci\u00f3n<\/strong><\/p>\n\n\n\n<p class=\"has-text-color wp-block-paragraph\" style=\"color:#040000\"><strong><a href=\"https:\/\/brecha.com.uy\/enfrentar-a-la-mafia-con-ayuda-del-tio-sam\/\">Brecha<\/a>, 28-4-2023 <\/strong><\/p>\n\n\n\n<p class=\"has-text-color wp-block-paragraph\" style=\"color:#040000\"><strong><a href=\"https:\/\/correspondenciadeprensa.com\/\">Correspondencia de Prensa<\/a>, 29-4-2023<\/strong><\/p>\n\n\n\n<p class=\"has-text-align-justify has-text-color wp-block-paragraph\" style=\"color:#040000\">De no haber sido por la abierta intromisi\u00f3n de Estados Unidos en la pol\u00edtica paraguaya, el poderoso pol\u00edtico y empresario Horacio Cartes investigado por contrabando de cigarrillos, lavado de dinero y conexiones con organizaciones consideradas terroristas, quien fue presidente de la Rep\u00fablica de 2013 a 2018, hubiera podido regresar sin muchos problemas a ocupar el gobierno, a trav\u00e9s de su delf\u00edn pol\u00edtico, Santiago Pe\u00f1a. Pero una controvertida operaci\u00f3n pol\u00edtica internacional se propuso, si no a impedirlo, por lo menos a hacerle el retorno m\u00e1s dif\u00edcil.<\/p>\n\n\n\n<p class=\"has-text-align-justify has-text-color wp-block-paragraph\" style=\"color:#040000\">Hasta mediados de 2022, la mayor\u00eda de los paraguayos hubiera asegurado que la vuelta de Cartes al gobierno en las elecciones de abril de 2023 era imposible de evitar. Aunque la Constituci\u00f3n, en su art\u00edculo 229, establece que los presidentes no pueden ser reelectos \u00aben ning\u00fan caso\u00bb, una cl\u00e1usula que se insert\u00f3 en la Constituyente de 1992, para evitar que el general que derroc\u00f3 al dictador tuviera la tentaci\u00f3n de eternizarse en el poder, el plan del controvertido empresario era hacerse elegir como presidente del Partido Colorado y ubicar como candidato oficialista a quien fue su ministro de Hacienda, el economista Santiago Pe\u00f1a, a quien pod\u00eda manejar sin ning\u00fan disimulo.<\/p>\n\n\n\n<p class=\"has-text-align-justify has-text-color wp-block-paragraph\" style=\"color:#040000\">Pe\u00f1a deb\u00eda enfrentar en las elecciones internas coloradas de diciembre al vicepresidente de la Rep\u00fablica, Hugo Vel\u00e1zquez, pero todos daban por descontado que lo derrotar\u00eda f\u00e1cilmente, debido al desprestigio del gobierno del presidente Mario Abdo Ben\u00edtez\u2026 Sin embargo, ocurri\u00f3 algo que no estaba en los planes.<\/p>\n\n\n\n<p class=\"has-text-align-justify has-text-color wp-block-paragraph\" style=\"color:#040000\">En la tarde del jueves 22 de julio de 2022, una sugestiva convocatoria a conferencia de prensa hecha por la Embajada de Estados Unidos en Asunci\u00f3n para el d\u00eda siguiente dispar\u00f3 un mar de conjeturas. El esc\u00e1ndalo se desat\u00f3 cuando el embajador Marc Ostfield inform\u00f3 que el gobierno de Estados Unidos declaraba como \u00absignificativamente corrupto\u00bb a Horacio Cartes y le negaba las visas de entrada a ese pa\u00eds a \u00e9l y a sus familiares.<\/p>\n\n\n\n<p class=\"has-text-color wp-block-paragraph\" style=\"color:#040000\"><strong>Corrupci\u00f3n e impunidad<\/strong><\/p>\n\n\n\n<p class=\"has-text-align-justify has-text-color wp-block-paragraph\" style=\"color:#040000\">\u00abEl expresidente Cartes obstruy\u00f3 una importante investigaci\u00f3n internacional sobre el crimen transnacional para protegerse a s\u00ed mismo y a su asociado criminal de un posible enjuiciamiento y da\u00f1o pol\u00edtico. Estas acciones socavaron la estabilidad de las instituciones democr\u00e1ticas de Paraguay, al contribuir a la percepci\u00f3n p\u00fablica de corrupci\u00f3n e impunidad dentro de la oficina del presidente de Paraguay. Adem\u00e1s, estas acciones permitieron y perpetuaron la participaci\u00f3n recientemente documentada de Cartes con organizaciones terroristas extranjeras y otras entidades designadas como criminales por Estados Unidos, lo que socava la seguridad de Estados Unidos contra el crimen y el terrorismo transnacional y amenaza la estabilidad regional\u00bb, acus\u00f3 en julio el secretario de Estado estadounidense, Antony J. Blinken.<\/p>\n\n\n\n<p class=\"has-text-align-justify has-text-color wp-block-paragraph\" style=\"color:#040000\">Aquella primera declaraci\u00f3n cay\u00f3 como un tsunami pol\u00edtico en el ambiente preelectoral paraguayo. La situaci\u00f3n empeor\u00f3 cuando, en agosto de 2022, el gobierno norteamericano tambi\u00e9n declar\u00f3 como \u00absignificativamente corrupto\u00bb al entonces vicepresidente y precandidato presidencial oficialista, Hugo Vel\u00e1zquez, quien se vio obligado a renunciar a su candidatura y fue sustituido en ese rol por el ministro de Obras P\u00fablicas, Arnoldo Wiens.<\/p>\n\n\n\n<p class=\"has-text-align-justify has-text-color wp-block-paragraph\" style=\"color:#040000\">A pesar de la condena estadounidense, el delf\u00edn de Cartes, Santi Pe\u00f1a, gan\u00f3 las internas de diciembre y se posicion\u00f3 como candidato presidencial del Partido Colorado. Pero el gobierno de Joe Biden redobl\u00f3 la apuesta cuando, el 26 de enero de 2023, el Departamento del Tesoro decidi\u00f3 sancionar a las empresas del Grupo Cartes y les impidi\u00f3 operar en el sistema financiero de Estados Unidos.<\/p>\n\n\n\n<p class=\"has-text-align-justify has-text-color wp-block-paragraph\" style=\"color:#040000\">Esta vez, el impacto negativo se sinti\u00f3 con mucha mayor fuerza. Compa\u00f1\u00edas internacionales asociadas a Cartes, como el Grupo Luksic, uno de los conglomerados econ\u00f3micos m\u00e1s poderosos de Chile, anunciaron su desvinculaci\u00f3n con respecto al exmandatario paraguayo. Cartes tuvo que desprenderse de varias de sus empresas y anticipar la herencia a sus hijos, y el Partido Colorado enfrent\u00f3 desde entonces serios problemas para acceder a pr\u00e9stamos bancarios que le permitan financiar la campa\u00f1a electoral.<\/p>\n\n\n\n<p class=\"has-text-color wp-block-paragraph\" style=\"color:#040000\"><strong>El final menos pensado<\/strong><\/p>\n\n\n\n<p class=\"has-text-align-justify has-text-color wp-block-paragraph\" style=\"color:#040000\">\u00abSon peculiares estas elecciones. Despertaron poco entusiasmo, no tuvieron debate presidencial, las campa\u00f1as fueron m\u00e1s austeras, nadie cree en las encuestas \u2013as\u00ed como no se creer\u00e1 en las bocas de urna\u2013 y hay poca propaganda institucional, vale decir, de los partidos. [\u2026] Pese a ello, esta semana final promete ser electrizante, pues a diferencia de las dos \u00faltimas elecciones presidenciales, el resultado es impredecible\u00bb, escribi\u00f3 el s\u00e1bado en su columna del diario \u00daltima Hora el sard\u00f3nico analista Alfredo Boccia Paz.<\/p>\n\n\n\n<p class=\"has-text-align-justify has-text-color wp-block-paragraph\" style=\"color:#040000\">El articulista resume el sentimiento de muchos electores en v\u00edsperas de los comicios. Lo que parec\u00eda un final cantado y aburrido, con una nueva victoria del candidato colorado, con la previsible continuidad de un \u00e1mbito mafioso y corrupto, tuvo, sin embargo, unas sorpresivas variaciones, a partir de las unilaterales condenas impartidas por el gobierno de Estados Unidos.<\/p>\n\n\n\n<p class=\"has-text-align-justify has-text-color wp-block-paragraph\" style=\"color:#040000\">\u00abGracias, T\u00edo Sam, por castigar a los corruptos de mi pa\u00eds\u00bb, dice un grafiti en el barrio Kuwait de Ciudad del Este, en la Triple Frontera. La intervenci\u00f3n estadounidense coloc\u00f3 una espada de Damocles sobre el hasta entonces poderoso e intocable Horacio Cartes, a quien la Fiscal\u00eda y los jueces paraguayos ven\u00edan encubriendo, en lugar de investigarlo, a pesar de que existen contra \u00e9l denuncias por contrabando de cigarrillos y lavado de dinero en la Justicia y el Congreso de Brasil desde los a\u00f1os noventa.<\/p>\n\n\n\n<p class=\"has-text-align-justify has-text-color wp-block-paragraph\" style=\"color:#040000\">En enero de 2010, cables diplom\u00e1ticos de Estados Unidos filtrados por Wikileaks hablaban de la operaci\u00f3n Coraz\u00f3n de piedra, protagonizada por la DEA (Administraci\u00f3n de Control de Drogas) y otros organismos que investigaban una red de tr\u00e1fico de drogas y lavado de dinero que operaba en Argentina, Brasil y Paraguay.<\/p>\n\n\n\n<p class=\"has-text-align-justify has-text-color wp-block-paragraph\" style=\"color:#040000\">\u00abAgentes se infiltraron en la empresa de lavado de dinero de Cartes, una organizaci\u00f3n que se cree lava grandes cantidades de la moneda estadounidense, generadas a trav\u00e9s de medios il\u00edcitos, incluyendo la venta de narc\u00f3ticos desde la TBA [Triple Frontera] a Estados Unidos\u00bb, se sosten\u00eda en la filtraci\u00f3n. La Fiscal\u00eda paraguaya, que permanec\u00eda bajo el control del cartismo, nunca avanz\u00f3 en las investigaciones. Reci\u00e9n el nuevo fiscal general del Estado, Emiliano Rol\u00f3n, quien asumi\u00f3 en marzo de 2023, decidi\u00f3 formar un equipo que indague las denuncias contra Cartes.<\/p>\n\n\n\n<p class=\"has-text-align-justify has-text-color wp-block-paragraph\" style=\"color:#040000\">Todo este clima llev\u00f3 a una debilitaci\u00f3n del cartismo, y permiti\u00f3 que la Concertaci\u00f3n Nacional por un Nuevo Paraguay, una suma de 14 organizaciones pol\u00edticas lideradas por el Partido Liberal Radical Aut\u00e9ntico, principal fuerza opositora, crezca en las posibilidades de enfrentar en igualdad de condiciones e incluso de derrotar al Partido Colorado, que ha manejado el gobierno durante los \u00faltimos 76 a\u00f1os, incluidos los 35 a\u00f1os de la dictadura del general Alfredo Stroessner (1954-1989), habiendo perdido una sola vez las elecciones, en 2008, ante el exobispo Fernando Lugo, que fue derrocado por un golpe parlamentario en 2012.<\/p>\n\n\n\n<p class=\"has-text-align-justify has-text-color wp-block-paragraph\" style=\"color:#040000\">Entre las pocas encuestas cre\u00edbles, aparece la realizada por la encuestadora brasile\u00f1a Atlas, de entre el 10 y el 13 de marzo, que plantea un empate t\u00e9cnico entre el opositor Efra\u00edn Alegre (38 por ciento) y Santiago Pe\u00f1a (36 por ciento).<\/p>\n\n\n\n<p class=\"has-text-color wp-block-paragraph\" style=\"color:#040000\"><strong>Los principales candidatos<\/strong><\/p>\n\n\n\n<p class=\"has-text-align-justify has-text-color wp-block-paragraph\" style=\"color:#040000\">\u00abSantiago Pe\u00f1a y [su compa\u00f1ero de f\u00f3rmula] Pedro Alliana son los representantes del statu quo. No hace falta extenderse mucho, porque ellos representan al Partido Colorado y a la estructura econ\u00f3mica empresarial-pol\u00edtica e incluso social que maneja este pa\u00eds hace d\u00e9cadas. O sea que tratar\u00e1n de seguir manteniendo el pa\u00eds sin cambios de ning\u00fan tipo\u00bb, dijo a Brecha Boccia Paz.<\/p>\n\n\n\n<p class=\"has-text-align-justify has-text-color wp-block-paragraph\" style=\"color:#040000\">El historiador y soci\u00f3logo Claudio Jos\u00e9 Fuentes Armadans sostuvo, por su parte, que \u00abPe\u00f1a y Alliana no solo representan al partido gobernante durante la mayor parte de la historia actual paraguaya, sino a una apuesta conservadora de una clase empresarial oligarca. Tambi\u00e9n representan a un grupo pol\u00edtico interno del coloradismo, en crisis tras las sanciones internacionales a su liderazgo. En caso de ganar esta dupla, puede tener problemas en definir un proyecto propio, m\u00e1s all\u00e1 de los grupos empresariales y f\u00e1cticos que buscar\u00e1n ser los nuevos padrastros de la criatura\u00bb.<\/p>\n\n\n\n<p class=\"has-text-align-justify has-text-color wp-block-paragraph\" style=\"color:#040000\">Con respecto a sus principales contendientes, destaca Boccia Paz: \u00abEfra\u00edn Alegre y [su compa\u00f1era de f\u00f3rmula] Sole N\u00fa\u00f1ez, si bien no representan un cambio ideol\u00f3gico o estructuralmente distinto en lo econ\u00f3mico e incluso en muchos aspectos sociales, s\u00ed representan la alternancia, que es una suerte de oxigenaci\u00f3n en la historia reciente del Paraguay y la posibilidad de que con ellos, o en el futuro, sea posible hacer alg\u00fan cambio, que haga de este pa\u00eds un territorio menos asfixiantemente hegem\u00f3nico del Partido Colorado. Creo que abren perspectivas, no extraordinariamente amplias, como las que cre\u00edamos se iban a abrir con Lugo en 2008, pero s\u00ed algo distinto a la opacidad de 70 a\u00f1os de coloradismo\u00bb.<\/p>\n\n\n\n<p class=\"has-text-align-justify has-text-color wp-block-paragraph\" style=\"color:#040000\">Fuentes Armadans complementa: \u00abSi bien es cierto que se presenta como la \u00fanica posibilidad real de alternancia a este continuismo colorado que desde hace d\u00e9cadas afecta al pa\u00eds, la dupla no consigue articular una propuesta superadora de la realidad actual que sea factible y que entusiasme. Sin embargo, la alternancia es necesaria y urgente. En caso de ganar, sus mayores retos van a ser componer una agenda nacional que logre poner de forma urgente en tratamiento los problemas m\u00e1s importantes a nivel social y econ\u00f3mico, teniendo en cuenta que no van a tener posiblemente una mayor\u00eda parlamentaria. Otro de los posibles temas es ver c\u00f3mo dos candidatos con personalidades fuertes y que comparten chapa pueden trabajar coordinadamente\u00bb.<\/p>\n\n\n\n<p class=\"has-text-align-justify has-text-color wp-block-paragraph\" style=\"color:#040000\">Un fen\u00f3meno llamativo en estas elecciones es la emergencia de un candidato que se sit\u00faa en el tercer lugar de las preferencias, el abogado Paraguayo Payo Cubas. La encuesta Atlas lo ubica en el 14 por ciento de las preferencias. Es considerado un \u00e9mulo de candidatos de la nueva derecha, como el salvadore\u00f1o Nayib Bukele, el argentino Javier Milei o el brasile\u00f1o Jair Bolsonaro. As\u00ed lo caracteriza Boccia Paz: \u00abComo todas estas figuras, no solo en Paraguay sino en toda Latinoam\u00e9rica, incluso en Europa, de repente se constituyen en sorpresas electorales, pero en el caso de Payo Cubas es demasiado inestable y ojal\u00e1 que no se establezca como una fuerza pol\u00edtica importante en el Paraguay, porque ser\u00eda completamente improductiva, dado su alto nivel de esquizofrenia pol\u00edtica\u00bb.<\/p>\n\n\n\n<p class=\"has-text-align-justify has-text-color wp-block-paragraph\" style=\"color:#040000\">Fuentes Armadans opina que Cubas \u00abtiene un pie metido en el autoritarismo tradicional y otro en el fen\u00f3meno de las nuevas derechas, incentivado por el uso de las redes sociales. No va a ganar las elecciones, probablemente. Sin embargo, puede, bajo las premisas de las nuevas derechas, construir un nuevo tercer espacio que responda al escepticismo creciente en el sistema democr\u00e1tico. El crecimiento de este tipo de tendencia es preocupante. En ese sentido, esta es la candidatura que sale de la norma de las anteriores. Otra de las cuestiones es si esta candidatura va a restar m\u00e1s votos a la dupla oficialista o a la de la concertaci\u00f3n\u00bb.<\/p>\n\n\n\n<p class=\"has-text-align-justify has-text-color wp-block-paragraph\" style=\"color:#040000\">El izquierdista Frente Guas\u00fa, liderado por el expresidente Fernando Lugo, que hasta ahora ven\u00eda siendo considerado la tercera fuerza pol\u00edtica, acude a las urnas con una traum\u00e1tica divisi\u00f3n. Parte de sus organizaciones, lideradas por la senadora Esperanza Mart\u00ednez, permanecen en la Concertaci\u00f3n, mientras otros referentes, como los senadores Jorge Querey, Sixto Pereira y Kencho Rodr\u00edguez, forman parte del Movimiento Nueva Rep\u00fablica, del excanciller Euclides Acevedo, que no logr\u00f3 despegar en las preferencias. El exobispo Lugo sufri\u00f3 un ACV en agosto de 2022 y permanece fuera de la escena pol\u00edtica por su delicado estado de salud, pero los dos grupos se disputan su respaldo pol\u00edtico.<\/p>\n\n\n\n<p class=\"has-text-align-justify has-text-color wp-block-paragraph\" style=\"color:#040000\">Un detalle importante es que este domingo, por primera vez, el partido Paraguay Pyahura, brazo pol\u00edtico de la poderosa Federaci\u00f3n Nacional Campesina, participar\u00e1 de unas elecciones. Lo hace precisamente dentro de la Concertaci\u00f3n, a la que agrega as\u00ed un perfil de izquierda que difiere de algunas propuestas de centroderecha que tambi\u00e9n forman parte de la principal coalici\u00f3n opositora, como el Partido Patria Querida.<\/p>\n","protected":false},"excerpt":{"rendered":"<p>La oposici\u00f3n tiene chances de vencer en las elecciones presidenciales de este domingo al Partido Colorado, heredero de la dictadura y en el gobierno por 72 a\u00f1os, solo una vez derrotado en las urnas. La intervenci\u00f3n estadounidense ha sido clave para jaquear al imperio del expresidente Cartes.<\/p>\n","protected":false},"author":102520410,"featured_media":34368,"comment_status":"closed","ping_status":"closed","sticky":false,"template":"","format":"standard","meta":{"_coblocks_attr":"","_coblocks_dimensions":"","_coblocks_responsive_height":"","_coblocks_accordion_ie_support":"","advanced_seo_description":"","jetpack_seo_html_title":"","jetpack_seo_noindex":false,"jetpack_seo_schema_type":"","_jetpack_newsletter_access":"","_jetpack_dont_email_post_to_subs":false,"_jetpack_newsletter_tier_id":0,"_jetpack_memberships_contains_paywalled_content":false,"_wpcom_ai_launchpad_first_post":false,"_jetpack_feature_clip_id":0,"_jetpack_memberships_contains_paid_content":false,"footnotes":"","jetpack_post_was_ever_published":false},"categories":[22739],"tags":[17212,30732545,26966514,703605822,703609598,703605747,703609549],"class_list":["post-34363","post","type-post","status-publish","format-standard","has-post-thumbnail","hentry","category-paraguay","tag-america-latina","tag-efrain-alegre","tag-federacion-nacional-campesina","tag-frente-guasu","tag-paraguay-pyahura","tag-partido-colorado","tag-santiago-pena","fallback-thumbnail"],"jetpack_likes_enabled":false,"jetpack_sharing_enabled":true,"jetpack_shortlink":"https:\/\/wp.me\/p7lt2C-8Wf","amp_enabled":true,"jetpack_featured_media_url":"https:\/\/i0.wp.com\/correspondenciadeprensa.com\/wp-content\/uploads\/2023\/04\/Paraguay2904-3006149061-e1682789623355.jpg?fit=1020%2C546&ssl=1","_links":{"self":[{"href":"https:\/\/correspondenciadeprensa.com\/index.php?rest_route=\/wp\/v2\/posts\/34363","targetHints":{"allow":["GET"]}}],"collection":[{"href":"https:\/\/correspondenciadeprensa.com\/index.php?rest_route=\/wp\/v2\/posts"}],"about":[{"href":"https:\/\/correspondenciadeprensa.com\/index.php?rest_route=\/wp\/v2\/types\/post"}],"author":[{"embeddable":true,"href":"https:\/\/correspondenciadeprensa.com\/index.php?rest_route=\/wp\/v2\/users\/102520410"}],"replies":[{"embeddable":true,"href":"https:\/\/correspondenciadeprensa.com\/index.php?rest_route=%2Fwp%2Fv2%2Fcomments&post=34363"}],"version-history":[{"count":5,"href":"https:\/\/correspondenciadeprensa.com\/index.php?rest_route=\/wp\/v2\/posts\/34363\/revisions"}],"predecessor-version":[{"id":34369,"href":"https:\/\/correspondenciadeprensa.com\/index.php?rest_route=\/wp\/v2\/posts\/34363\/revisions\/34369"}],"wp:featuredmedia":[{"embeddable":true,"href":"https:\/\/correspondenciadeprensa.com\/index.php?rest_route=\/wp\/v2\/media\/34368"}],"wp:attachment":[{"href":"https:\/\/correspondenciadeprensa.com\/index.php?rest_route=%2Fwp%2Fv2%2Fmedia&parent=34363"}],"wp:term":[{"taxonomy":"category","embeddable":true,"href":"https:\/\/correspondenciadeprensa.com\/index.php?rest_route=%2Fwp%2Fv2%2Fcategories&post=34363"},{"taxonomy":"post_tag","embeddable":true,"href":"https:\/\/correspondenciadeprensa.com\/index.php?rest_route=%2Fwp%2Fv2%2Ftags&post=34363"}],"curies":[{"name":"wp","href":"https:\/\/api.w.org\/{rel}","templated":true}]}}