{"id":34339,"date":"2023-04-29T12:38:46","date_gmt":"2023-04-29T10:38:46","guid":{"rendered":"https:\/\/correspondenciadeprensa.com\/?p=34339"},"modified":"2023-04-29T15:36:55","modified_gmt":"2023-04-29T13:36:55","slug":"francia-la-tierra-se-levanta-el-nuevo-ecologismo-social-reprimido-daniel-gatti","status":"publish","type":"post","link":"https:\/\/correspondenciadeprensa.com\/?p=34339","title":{"rendered":"Francia &#8211; La tierra se levanta. El nuevo ecologismo social reprimido. [Daniel Gatti]"},"content":{"rendered":"\n<p class=\"has-text-align-right wp-block-paragraph\" style=\"font-size:12px\">Imagen cedida por Jonas Wibaux<\/p>\n\n\n\n<p class=\"has-text-color wp-block-paragraph\" style=\"color:#040000\"><strong>La respuesta estatal al nuevo ecologismo social<\/strong>. <strong>La tierra se levanta<\/strong><\/p>\n\n\n\n<p class=\"has-text-color wp-block-paragraph\" style=\"color:#040000\"><strong>En paralelo a las masivas movilizaciones contra la reforma jubilatoria, ocurri\u00f3 en Francia una gran concentraci\u00f3n ecologista que fue brutalmente reprimida por la Polic\u00eda. Ha marcado un hito.<\/strong><\/p>\n\n\n\n<p class=\"has-text-color wp-block-paragraph\" style=\"color:#040000\"><strong><a href=\"https:\/\/brecha.com.uy\/la-tierra-se-levanta\/\">Brecha<\/a>, 28-4-2023 <\/strong><\/p>\n\n\n\n<p class=\"has-text-color wp-block-paragraph\" style=\"color:#040000\"><strong><a href=\"https:\/\/correspondenciadeprensa.com\/\">Correspondencia de Prensa<\/a>, 29-4-2023<\/strong><\/p>\n\n\n\n<p class=\"has-text-align-justify has-text-color wp-block-paragraph\" style=\"color:#040000\">El s\u00e1bado 25 de marzo no era un d\u00eda cualquiera para el movimiento ecologista franc\u00e9s y europeo en general: miles de personas se hab\u00edan dado cita en Sainte-Soline, una comuna agr\u00edcola casi despoblada de la regi\u00f3n de Poitou-Charentes, a unos 400 quil\u00f3metros al suroeste de Par\u00eds, para protestar contra la instalaci\u00f3n en los alrededores de la zona bajo el pretexto de la grave sequ\u00eda que tambi\u00e9n golpea a Europa de megaembalses que beneficiar\u00edan a una decena de grandes productores y dejar\u00edan sin agua a muchos otros, peque\u00f1os y medianos. El te\u00f3rico ecologista sueco Andreas Malm ubic\u00f3 en Saite-Soline \u00abla primera lucha en Europa contra un proyecto de adaptaci\u00f3n al cambio clim\u00e1tico\u00bb (<em>Le Monde<\/em>, 21-IV-23). Pero no solo llegaron para protestar todos esos manifestantes: tambi\u00e9n para defender proyectos agr\u00edcolas alternativos que se estaban y se est\u00e1n implementando en la zona. En Sainte-Soline, resumi\u00f3 Le Monde, se opusieron dos mundos. \u00abPor un lado, el de la agricultura intensiva, que levanta megaembalses para captar el agua necesaria para la producci\u00f3n de cereales destinados a la industria agroalimentaria. Por el otro, los partidarios de una agricultura campesina, ya sea ganadera u hort\u00edcola. Por un lado, el productivismo y las grandes cosechas. Por el otro, la sobriedad y la agroecolog\u00eda\u00bb. Y de este segundo lado, la defensa del agua como recurso p\u00fablico esencial y bien com\u00fan.<\/p>\n\n\n\n<p class=\"has-text-align-center has-text-color wp-block-paragraph\" style=\"color:#040000\">***<\/p>\n\n\n\n<p class=\"has-text-align-justify has-text-color wp-block-paragraph\" style=\"color:#040000\">En el verde de la llanura del poblado de Sainte-Soline confluyeron, seg\u00fan los manifestantes, unas 30.000 personas. Llegaron de toda Francia, pero tambi\u00e9n de Espa\u00f1a, Italia, Alemania, los pa\u00edses n\u00f3rdicos, Suiza. Todo estaba pensado para que fuera \u00abuna fiesta\u00bb. De resistencia, pero fiesta al fin. El soci\u00f3logo Michel Kokoreff habl\u00f3 incluso de \u00abcierto ambiente a Woodstock\u00bb (A<em>OC media<\/em>, 4-IV-23).<\/p>\n\n\n\n<p class=\"has-text-align-justify has-text-color wp-block-paragraph\" style=\"color:#040000\">La Polic\u00eda rebaj\u00f3 la cifra de presentes a unos 6.000, pero en lo que no hubo duda alguna fue en el n\u00famero de agentes que se desplegaron en el \u00e1rea: unos 3.200. Un disparate fuera cual fuera la cifra de concentrados, m\u00e1s a\u00fan si, como lo afirmaba la Polic\u00eda, no superaban los 6.000.<\/p>\n\n\n\n<p class=\"has-text-align-justify has-text-color wp-block-paragraph\" style=\"color:#040000\">La idea era marchar hacia el sitio donde se est\u00e1n construyendo las gigantescas reservas de agua, que por el momento no son m\u00e1s que un cr\u00e1ter en medio de un desierto verde. La concentraci\u00f3n hab\u00eda sido convocada por la Confederaci\u00f3n Campesina, el grupo <em>Bassines Non Merci<\/em> (\u2018embalses no, gracias\u2019) y por Soul\u00e8vements de la Terre (\u2018levantamientos de la Tierra\u2019), un movimiento que se describe como \u00abuna constelaci\u00f3n de habitantes en lucha, asociaciones de defensa del medioambiente, granjeros, grupos naturalistas, cantinas populares, sindicalistas agr\u00edcolas, cient\u00edficos cr\u00edticos, grupos aut\u00f3nomos, movimientos de educaci\u00f3n popular, legisladores, ediles\u00bb y en cuya \u00f3rbita se mueven tambi\u00e9n publicaciones como <em><a href=\"https:\/\/reporterre.net\/\">Reporterre<\/a><\/em>, <em>Terrestres <\/em>o<em> Socialter<\/em>.<\/p>\n\n\n\n<p class=\"has-text-align-center has-text-color wp-block-paragraph\" style=\"color:#040000\">***<\/p>\n\n\n\n<p class=\"has-text-align-justify has-text-color wp-block-paragraph\" style=\"color:#040000\">No era la primera protesta frente a los sitios de estos embalses. Ya hab\u00eda habido otra a fines de octubre, que hab\u00eda acabado en enfrentamientos con la Polic\u00eda. Pero lo que ocurri\u00f3 ese s\u00e1bado de fines de marzo pocos lo pod\u00edan prever, incluso teniendo en cuenta los alt\u00edsimos niveles de violencia de los cuerpos de seguridad franceses, exhibidos en la represi\u00f3n a las manifestaciones contra la reforma jubilatoria y antes a los chalecos amarillos, para citar ejemplos recientes.<\/p>\n\n\n\n<p class=\"has-text-align-justify has-text-color wp-block-paragraph\" style=\"color:#040000\">\u00abNadie pod\u00eda pensar que el Estado estar\u00eda decidido a recurrir a todo tipo de brutalidades para defender ese agujero\u00bb, dice en un informe publicado el 21 de abril el semanario digital l<em>undimatin<\/em>. En espacio de hora y media la Polic\u00eda lanz\u00f3 \u00ab4 mil municiones\u00bb, entre balas de goma, granadas de gases lacrim\u00f3genos y granadas de dispersi\u00f3n, dice la publicaci\u00f3n. El diario<em> Lib\u00e9ration <\/em>habl\u00f3 en sus cr\u00f3nicas de \u00abarmamento militar\u00bb. Hubo unos 200 heridos entre los manifestantes, 40 de ellos graves y dos internados en CTI. Uno, Serge D., sigue a\u00fan hoy, un mes despu\u00e9s, en coma; un proyectil le fractur\u00f3 el cr\u00e1neo.<\/p>\n\n\n\n<p class=\"has-text-align-justify has-text-color wp-block-paragraph\" style=\"color:#040000\">La Polic\u00eda (y buena parte de los medios de comunicaci\u00f3n) culp\u00f3 de los enfrentamientos a \u00abgrupos ecoterroristas\u00bb, \u00abanarquistas\u00bb, \u00abecologistas radicales\u00bb que habr\u00edan \u00abagredido a las fuerzas del orden\u00bb. La Liga de los Derechos Humanos, una benem\u00e9rita asociaci\u00f3n m\u00e1s que centenaria, acus\u00f3, por el contrario, a los cuerpos represivos de ser responsables de una represi\u00f3n \u00absalvaje e injustificada\u00bb y de haber bloqueado la llegada de los param\u00e9dicos para asistir a los heridos m\u00e1s graves. El ministro del Interior, G\u00e9rald Darmanin, conocido por sus posiciones cercanas a la ultraderecha, amenaz\u00f3 con disolver a la Liga y sobre todo a Soul\u00e8vements de la Terre.<\/p>\n\n\n<div class=\"wp-block-image\">\n<figure class=\"aligncenter size-full is-resized\"><img data-recalc-dims=\"1\" loading=\"lazy\" decoding=\"async\" data-attachment-id=\"34345\" data-permalink=\"https:\/\/correspondenciadeprensa.com\/?attachment_id=34345\" data-orig-file=\"https:\/\/i0.wp.com\/correspondenciadeprensa.com\/wp-content\/uploads\/2023\/04\/Francia2604-II.jpg?fit=1017%2C574&amp;ssl=1\" data-orig-size=\"1017,574\" data-comments-opened=\"0\" data-image-title=\"Francia2604-II\" data-image-description=\"\" data-image-caption=\"\" data-large-file=\"https:\/\/i0.wp.com\/correspondenciadeprensa.com\/wp-content\/uploads\/2023\/04\/Francia2604-II.jpg?fit=656%2C370&amp;ssl=1\" src=\"https:\/\/i0.wp.com\/correspondenciadeprensa.com\/wp-content\/uploads\/2023\/04\/Francia2604-II.jpg?resize=656%2C370&#038;ssl=1\" alt=\"\" class=\"wp-image-34345\" width=\"656\" height=\"370\" srcset=\"https:\/\/i0.wp.com\/correspondenciadeprensa.com\/wp-content\/uploads\/2023\/04\/Francia2604-II.jpg?w=1017&amp;ssl=1 1017w, https:\/\/i0.wp.com\/correspondenciadeprensa.com\/wp-content\/uploads\/2023\/04\/Francia2604-II.jpg?resize=300%2C169&amp;ssl=1 300w, https:\/\/i0.wp.com\/correspondenciadeprensa.com\/wp-content\/uploads\/2023\/04\/Francia2604-II.jpg?resize=768%2C433&amp;ssl=1 768w\" sizes=\"auto, (max-width: 656px) 100vw, 656px\" \/><figcaption class=\"wp-element-caption\"><sub>Gendarmes de la Polic\u00eda francesa reprimen una manifestaci\u00f3n en contra de la construcci\u00f3n de una reserva de agua para riego agr\u00edcola en Sainte-Soline, centro-oeste de Francia, el 25 de marzo. Foto: AFP, THIBAUD<\/sub><\/figcaption><\/figure>\n<\/div>\n\n\n<p class=\"has-text-align-center has-text-color wp-block-paragraph\" style=\"color:#040000\">***<\/p>\n\n\n\n<p class=\"has-text-align-justify has-text-color wp-block-paragraph\" style=\"color:#040000\">La idea de ilegalizar a este \u00faltimo movimiento viene de un poco m\u00e1s lejos. Al parecer, desde diciembre, luego de que el diario de derecha Le Parisien publicara una nota sobre el \u00abperfil de los militantes ecologistas radicales\u00bb y de los movimientos que \u00abse apartan de las reglas de la Rep\u00fablica\u00bb, tachados de cercanos a la \u00abultraizquierda\u00bb. \u00abLos ministros de este gobierno parecen decididos a tachar de \u201cultraizquierda\u201d a todo lo que se interponga en su camino. Como ese t\u00e9rmino se recicla, ahora cubre casi perfectamente el t\u00e9rmino \u201copositor\u201d\u00bb, afirm\u00f3 por su parte el movimiento en un manifiesto-declaraci\u00f3n publicado d\u00edas atr\u00e1s. Y record\u00f3 la aprobaci\u00f3n reciente de varias leyes represivas, fundamentalmente una conocida como&nbsp; ley contra el separatismo, que ha servido para perseguir y\/o asfixiar financieramente a \u00abdecenas de asociaciones sociales, ambientales y culturales sospechadas de no adherir al \u201cpacto republicano\u201d\u00bb en el que se fundar\u00eda \u00abla democracia francesa\u00bb o de ser \u00abdemasiado cr\u00edticas\u00bb.<\/p>\n\n\n\n<p class=\"has-text-align-justify has-text-color wp-block-paragraph\" style=\"color:#040000\">No soporta este gobierno, ni los sectores sociales que lo apoyan, sostienen referentes del movimiento, como el antrop\u00f3logo Philippe Descola o el fil\u00f3sofo Baptiste Morizot, que se denuncien los privilegios otorgados desde hace a\u00f1os a los m\u00e1s ricos, reflejados, por ejemplo, en la reforma jubilatoria, o que se cuestione su modelo productivo. \u00abNos rebelamos \u2013dice la declaraci\u00f3n de Soul\u00e8vements de la Terre\u2013 contra la visi\u00f3n del mundo y de la vida que este gobierno encarna, contra el saqueo del entorno natural, la desaparici\u00f3n de las tierras cultivables, el acaparamiento del agua, el aumento de la edad de jubilaci\u00f3n, que no es otra cosa que la pantalla del injusto reparto de la riqueza, contra las mutilaciones a veces fatales infligidas a nuestros amigos y amigas, hijos, hijas y camaradas\u00bb.<\/p>\n\n\n\n<p class=\"has-text-align-justify has-text-color wp-block-paragraph\" style=\"color:#040000\">Seg\u00fan notas aparecidas en <em>lundimatin<\/em> y el portal <em>Mediapart<\/em>, el proyecto de disoluci\u00f3n del movimiento y la represi\u00f3n de la concentraci\u00f3n de Sainte-Soline se han vuelto como un b\u00fameran contra el gobierno y dado una visibilidad a Soul\u00e8vements de la Terre que hasta ahora no ten\u00eda. Comit\u00e9s locales de esta \u00abconstelaci\u00f3n\u00bb han surgido por todo el pa\u00eds y su declaraci\u00f3n ha sido firmada por cerca de 100.000 personas.<\/p>\n\n\n\n<p class=\"has-text-align-center has-text-color wp-block-paragraph\" style=\"color:#040000\">***<\/p>\n\n\n\n<p class=\"has-text-align-justify has-text-color wp-block-paragraph\" style=\"color:#040000\">Se hab\u00eda informado que el 19 de abril pod\u00eda decretarse la disoluci\u00f3n del movimiento. No sucedi\u00f3. Soul\u00e8vements de la Terre piensa que la movilizaci\u00f3n est\u00e1 teniendo resultados y que hay en Francia un contexto pol\u00edtico y social extremadamente negativo para un gobierno que marcha hacia un aislamiento que no tendr\u00eda vuelta atr\u00e1s. \u00abNo se disuelve una idea. No se disuelve una rebeli\u00f3n. [\u2026] Lo que la mayor\u00eda de los habitantes de este pa\u00eds querr\u00eda disolver es a este gobierno\u00bb, dice la declaraci\u00f3n-manifiesto del grupo.<\/p>\n\n\n\n<p class=\"has-text-align-justify has-text-color wp-block-paragraph\" style=\"color:#040000\">Nara Cladera es de una idea similar. Hija de exiliados uruguayos residente en Par\u00eds, integrante de la comisi\u00f3n internacional de la central sindical Solidaires y del comit\u00e9 editorial de la revista <em><strong><a href=\"https:\/\/ancien.solidaires.org\/index.php\">Utopiques<\/a><\/strong><\/em>, Cladera piensa que raramente \u00ab<a href=\"http:\/\/www.rel-uita.org\/francia\/estamos-en-un-momento-de-correlacion-de-fuerzas-favorable-al-movimiento-popular\/\"><strong>la correlaci\u00f3n de fuerzas ha sido tan favorable a las fuerzas populares como ahora<\/strong><\/a>\u00bb. \u00abHace muchos a\u00f1os que no se ve\u00edan movilizaciones tan potentes, tan masivas\u00bb, dijo, y subray\u00f3 un punto: en esas marchas (las enormes contra la reforma jubilatoria, las menos numerosas pero igualmente importantes contra la reforma migratoria, las de los chalecos amarillos, la de Sainte-Soline y otras) se est\u00e1 sugiriendo \u00abque lo legal puede no ser leg\u00edtimo\u00bb.<\/p>\n\n\n\n<p class=\"has-text-align-justify has-text-color wp-block-paragraph\" style=\"color:#040000\">\u00abEsto es fundamental: es una victoria ideol\u00f3gica, un quiebre colectivo de una importancia hist\u00f3rica\u00bb, dice.<\/p>\n\n\n\n<p class=\"has-text-align-justify has-text-color wp-block-paragraph\" style=\"color:#040000\">Soul\u00e8vements de la Terre, apuntaba Le Monde, marca \u00abun giro hacia el activismo\u00bb de una generaci\u00f3n de ecologistas crecida en torno \u00abal pensamiento de lo vivo y la antropolog\u00eda de la naturaleza\u00bb, que reconoce ra\u00edces en el movimiento autogestionario y en \u00e9picas luchas sociales, como la resistencia a la expansi\u00f3n de un campo militar en el altiplano de Larzac en los a\u00f1os setenta. Aquel combate de tiempo ha que dur\u00f3 una d\u00e9cada, hasta el abandono del proyecto, en 1981, por el primer gobierno de uni\u00f3n de la izquierda desde el fin de la Segunda Guerra Mundial, fue iniciado por un centenar de productores l\u00e1cteos (Larzac est\u00e1 ubicado en la regi\u00f3n del roquefort) a los que el gobierno pretend\u00eda expropiarles sus tierras, pero se extendi\u00f3 r\u00e1pidamente a toda la regi\u00f3n y abarc\u00f3 a grandes franjas de la generaci\u00f3n post 68: organizaciones mao\u00edstas y trotskistas, anarquistas, feministas, antimilitaristas, restos del movimiento hippie, pacifistas, regionalistas, movimientos de desobediencia civil, colectivos art\u00edsticos.<\/p>\n\n\n\n<p class=\"has-text-align-justify has-text-color wp-block-paragraph\" style=\"color:#040000\">\u00abYo los saludo, campesinos de Larzac, y saludo su lucha por la justicia, la libertad y la paz, la lucha m\u00e1s bella de nuestro siglo XX\u00bb, escribir\u00eda en 1978 Jean-Paul Sartre. Larzac estuvo en cierta manera en el origen del ecologismo social en Francia y de la vertiente local del altermundialismo, y sus formas de organizaci\u00f3n horizontales inspiraron a otros movimientos que surgieron en las d\u00e9cadas siguientes. Soul\u00e8vements de la Terre pretende hacer de la confluencia de Sainte-Soline un hito, si no del mismo tipo, por lo menos similar. Tiene resistencias incluso internas al movimiento que convoc\u00f3 a la concentraci\u00f3n, que critican \u00abla violencia\u00bb de algunos grupos, pero Larzac tambi\u00e9n las tuvo, dicen sus promotores. Y dur\u00f3 en el tiempo e hizo escuela. \u00abSon momentos estos en que hay que saber definir bien al adversario y poner el cuerpo\u00bb, dijo a Mediapart un participante en la movilizaci\u00f3n de Sainte-Soline.<\/p>\n","protected":false},"excerpt":{"rendered":"<p>En paralelo a las masivas movilizaciones contra la reforma jubilatoria, ocurri\u00f3 una gran concentraci\u00f3n ecologista que fue brutalmente reprimida por la Polic\u00eda. Ha marcado un hito.<\/p>\n","protected":false},"author":102520410,"featured_media":34343,"comment_status":"closed","ping_status":"closed","sticky":false,"template":"","format":"standard","meta":{"_coblocks_attr":"","_coblocks_dimensions":"","_coblocks_responsive_height":"","_coblocks_accordion_ie_support":"","advanced_seo_description":"","jetpack_seo_html_title":"","jetpack_seo_noindex":false,"jetpack_seo_schema_type":"","_jetpack_newsletter_access":"","_jetpack_dont_email_post_to_subs":false,"_jetpack_newsletter_tier_id":0,"_jetpack_memberships_contains_paywalled_content":false,"_wpcom_ai_launchpad_first_post":false,"_jetpack_feature_clip_id":0,"_jetpack_memberships_contains_paid_content":false,"footnotes":"","jetpack_post_was_ever_published":false},"categories":[25438,31683],"tags":[17212,703609597],"class_list":["post-34339","post","type-post","status-publish","format-standard","has-post-thumbnail","hentry","category-francia","category-medio-ambiente","tag-america-latina","tag-sainte-soline","fallback-thumbnail"],"jetpack_likes_enabled":false,"jetpack_sharing_enabled":true,"jetpack_shortlink":"https:\/\/wp.me\/p7lt2C-8VR","amp_enabled":true,"jetpack_featured_media_url":"https:\/\/i0.wp.com\/correspondenciadeprensa.com\/wp-content\/uploads\/2023\/04\/Francia2904-2535615215-e1682764451866.jpg?fit=799%2C426&ssl=1","_links":{"self":[{"href":"https:\/\/correspondenciadeprensa.com\/index.php?rest_route=\/wp\/v2\/posts\/34339","targetHints":{"allow":["GET"]}}],"collection":[{"href":"https:\/\/correspondenciadeprensa.com\/index.php?rest_route=\/wp\/v2\/posts"}],"about":[{"href":"https:\/\/correspondenciadeprensa.com\/index.php?rest_route=\/wp\/v2\/types\/post"}],"author":[{"embeddable":true,"href":"https:\/\/correspondenciadeprensa.com\/index.php?rest_route=\/wp\/v2\/users\/102520410"}],"replies":[{"embeddable":true,"href":"https:\/\/correspondenciadeprensa.com\/index.php?rest_route=%2Fwp%2Fv2%2Fcomments&post=34339"}],"version-history":[{"count":8,"href":"https:\/\/correspondenciadeprensa.com\/index.php?rest_route=\/wp\/v2\/posts\/34339\/revisions"}],"predecessor-version":[{"id":34360,"href":"https:\/\/correspondenciadeprensa.com\/index.php?rest_route=\/wp\/v2\/posts\/34339\/revisions\/34360"}],"wp:featuredmedia":[{"embeddable":true,"href":"https:\/\/correspondenciadeprensa.com\/index.php?rest_route=\/wp\/v2\/media\/34343"}],"wp:attachment":[{"href":"https:\/\/correspondenciadeprensa.com\/index.php?rest_route=%2Fwp%2Fv2%2Fmedia&parent=34339"}],"wp:term":[{"taxonomy":"category","embeddable":true,"href":"https:\/\/correspondenciadeprensa.com\/index.php?rest_route=%2Fwp%2Fv2%2Fcategories&post=34339"},{"taxonomy":"post_tag","embeddable":true,"href":"https:\/\/correspondenciadeprensa.com\/index.php?rest_route=%2Fwp%2Fv2%2Ftags&post=34339"}],"curies":[{"name":"wp","href":"https:\/\/api.w.org\/{rel}","templated":true}]}}