{"id":34329,"date":"2023-04-28T17:48:11","date_gmt":"2023-04-28T15:48:11","guid":{"rendered":"https:\/\/correspondenciadeprensa.com\/?p=34329"},"modified":"2023-04-29T12:24:37","modified_gmt":"2023-04-29T10:24:37","slug":"venezuela-el-protagonismo-de-petro-para-desbloquear-la-lucha-politica-humberto-marquez","status":"publish","type":"post","link":"https:\/\/correspondenciadeprensa.com\/?p=34329","title":{"rendered":"Venezuela &#8211; El protagonismo de Petro para desbloquear la lucha pol\u00edtica. [Humberto M\u00e1rquez]"},"content":{"rendered":"\n<p class=\"has-text-align-right wp-block-paragraph\" style=\"font-size:12px\">El presidente colombiano Gustavo Petro en la apertura de la conferencia internacional sobre el proceso pol\u00edtico en Venezuela, el 25 de abril, en Bogot\u00e1. AFP, JUAN BARRETO<\/p>\n\n\n\n<p class=\"has-text-color wp-block-paragraph\" style=\"color:#040000\"><strong>Petro desbloquea la lucha pol\u00edtica<\/strong>. <strong>Protagonista inesperado<\/strong><\/p>\n\n\n\n<p class=\"has-text-color wp-block-paragraph\" style=\"color:#040000\"><strong>El presidente colombiano consigui\u00f3 que 20 gobiernos, entre ellos Estados Unidos y varios miembros de la UE (Uni\u00f3n Europea), se comprometieran a desmontar las sanciones sobre Caracas a medida&nbsp; que se avance en organizar elecciones libres y transparentes.<\/strong><\/p>\n\n\n\n<p class=\"has-text-color wp-block-paragraph\" style=\"color:#040000\"><strong>Humberto M\u00e1rquez, desde Caracas<\/strong><\/p>\n\n\n\n<p class=\"has-text-color wp-block-paragraph\" style=\"color:#040000\"><strong><a href=\"https:\/\/brecha.com.uy\/protagonista-inesperado\/\">Brecha<\/a>, 28-4-2023 <\/strong><\/p>\n\n\n\n<p class=\"has-text-color wp-block-paragraph\" style=\"color:#040000\"><strong><a href=\"https:\/\/correspondenciadeprensa.com\/\">Correspondencia de Prensa<\/a>, 28-4-2023<\/strong><\/p>\n\n\n\n<p class=\"has-text-align-justify has-text-color wp-block-paragraph\" style=\"color:#040000\">Los reflectores pol\u00edticos y medi\u00e1ticos se hab\u00edan apartado de la larga crisis venezolana, marcada por dos d\u00e9cadas de aguda y repetitiva polarizaci\u00f3n pol\u00edtica, el desplome de su econom\u00eda y la migraci\u00f3n de millones de sus habitantes a pa\u00edses vecinos. Pero he aqu\u00ed que ahora han vuelto, guiados por una de las figuras de la nueva oleada de izquierda y centroizquierda que accede al poder en Am\u00e9rica Latina, el presidente de la vecina Colombia, Gustavo Petro.<\/p>\n\n\n\n<p class=\"has-text-align-justify has-text-color wp-block-paragraph\" style=\"color:#040000\">Los contendores, el oficialismo del presidente Nicol\u00e1s Maduro y los principales partidos de oposici\u00f3n nucleados en la Plataforma Unitaria (PU), se comprometieron a un di\u00e1logo en 2021 y apenas celebraron dos reuniones. La \u00faltima, el pasado noviembre en M\u00e9xico, acord\u00f3 trabajar por traer al pa\u00eds 3.000 millones de d\u00f3lares represados en bancos de pa\u00edses que han sancionado al gobierno venezolano (acus\u00e1ndolo de ileg\u00edtimo y alegando que viola derechos humanos y dinamita la democracia).<\/p>\n\n\n\n<p class=\"has-text-align-justify has-text-color wp-block-paragraph\" style=\"color:#040000\">Esos recursos, para programas sociales bajo el manto de las Naciones Unidas, permanecen retenidos y el oficialismo ha rehusado volver a la mesa de negociaci\u00f3n -dise\u00f1ada para buscar acuerdos tanto en materia social como pol\u00edtica- en tanto no se concrete su liberaci\u00f3n y entrega.<\/p>\n\n\n\n<p class=\"has-text-align-justify has-text-color wp-block-paragraph\" style=\"color:#040000\">Bloqueados como estaban el di\u00e1logo y la negociaci\u00f3n, el Partido Socialista Unido, en cuyas manos est\u00e1n todos los poderes en Venezuela, incluido el electoral, mantiene la inc\u00f3gnita de cu\u00e1ndo se har\u00e1 la elecci\u00f3n presidencial para el sexenio enero 2025-enero 2031. Y los disminuidos partidos opositores \u2013varios proscritos, suplantadas sus autoridades por orden judicial, exiliados varios de sus l\u00edderes e inhabilitados otros para optar a cargos p\u00fablicos\u2013 se desgastan en armar una elecci\u00f3n primaria para escoger a un abanderado unitario.<\/p>\n\n\n\n<p class=\"has-text-align-justify has-text-color wp-block-paragraph\" style=\"color:#040000\">El entorno internacional mostraba hasta ahora posiciones mineralizadas, con Estados Unidos, Canad\u00e1 y parte de Europa rechazando a Caracas, la izquierda latinoamericana, en cambio, reconociendo a Maduro y Venezuela tejiendo alianzas con actores que confrontan a Washington: Rusia, China, Ir\u00e1n, Cuba y Turqu\u00eda.<\/p>\n\n\n\n<p class=\"has-text-color wp-block-paragraph\" style=\"color:#040000\"><strong>Entra Petro<\/strong><\/p>\n\n\n\n<p class=\"has-text-align-justify has-text-color wp-block-paragraph\" style=\"color:#040000\">Apenas asumi\u00f3, el pasado 7 de agosto, Petro rompi\u00f3 con el simb\u00f3lico \u00abgobierno interino\u00bb que sosten\u00eda parte de la oposici\u00f3n venezolana con el joven dirigente Juan Guaid\u00f3 como cabeza y viaj\u00f3 cuatro veces a Caracas para dialogar con Maduro, abriendo las fronteras que estuvieron cerradas al comercio y a las personas desde 2019 y procurando entendimientos r\u00e1pidos en todos los temas de inter\u00e9s bilateral.<\/p>\n\n\n\n<p class=\"has-text-align-justify has-text-color wp-block-paragraph\" style=\"color:#040000\">Como parte de esa ofensiva pol\u00edtica, diplom\u00e1tica y econ\u00f3mica, convoc\u00f3 una conferencia internacional sobre la situaci\u00f3n pol\u00edtica de Venezuela para el 25 de abril, a la que asistieron las canciller\u00edas de 20 pa\u00edses: Alemania, Argentina, Barbados, Bolivia, Brasil, Canad\u00e1, Chile, Espa\u00f1a, Estados Unidos, Francia, Honduras, Italia, M\u00e9xico, Noruega -facilitador de las negociaciones en M\u00e9xico-, Portugal, Reino Unido, San Vicente y las Granadinas, Sud\u00e1frica, Turqu\u00eda, y el alto representante de la Uni\u00f3n Europea para Asuntos Exteriores y Pol\u00edtica de Seguridad, Josep Borrell.<\/p>\n\n\n\n<p class=\"has-text-align-justify has-text-color wp-block-paragraph\" style=\"color:#040000\">Mientras Estados Unidos, Canad\u00e1, Reino Unido, Chile e Italia son cr\u00edticos con Maduro, otros gobiernos son sus aliados, como Bolivia, Honduras, San Vicente y Turqu\u00eda, y lo apoyan con matices Argentina, Brasil y M\u00e9xico.<\/p>\n\n\n\n<p class=\"has-text-align-justify has-text-color wp-block-paragraph\" style=\"color:#040000\">Petro claramente se abstuvo de invitar a gobiernos sudamericanos escorados hacia la derecha: Ecuador \u2013pese a que alberga a medio mill\u00f3n de migrantes venezolanos-, Paraguay, Per\u00fa \u2013sus relaciones han estado a punto de la ruptura- y Uruguay, a pesar de que su capital alberg\u00f3 en 2019 otra conferencia internacional para consultas sobre Venezuela, en lo que se llam\u00f3 Mecanismo de Montevideo, ya olvidado.<\/p>\n\n\n\n<p class=\"has-text-align-justify has-text-color wp-block-paragraph\" style=\"color:#040000\">La conferencia de Bogot\u00e1 adopt\u00f3 un texto de apenas 250 palabras para decir que \u00abse identificaron posiciones comunes\u00bb en torno a tres temas: necesidad de un cronograma electoral \u00abque permita la celebraci\u00f3n de elecciones libres, transparentes y con plenas garant\u00edas para todos los actores venezolanos\u00bb, que los pasos acordados entre el gobierno y la plataforma opositora \u00abvayan en paralelo con el levantamiento de las distintas sanciones\u00bb y que con el proceso de negociaci\u00f3n que facilita Noruega se acelere la implementaci\u00f3n del fondo previsto para inversi\u00f3n social en Venezuela.<\/p>\n\n\n\n<p class=\"has-text-align-justify has-text-color wp-block-paragraph\" style=\"color:#040000\">Los participantes tambi\u00e9n decidieron reunirse de nuevo para examinar el seguimiento de sus propuestas, lo que se interpret\u00f3 como que los 20 conferenciantes pueden constituir un nuevo grupo de amigos del proceso.<\/p>\n\n\n\n<p class=\"has-text-color wp-block-paragraph\" style=\"color:#040000\"><strong>Lo que busca Petro<\/strong><\/p>\n\n\n\n<p class=\"has-text-align-justify has-text-color wp-block-paragraph\" style=\"color:#040000\">El mandatario colombiano se muestra como un l\u00edder regional y no solo colombiano, que busca m\u00e1s consensos que disensos y que promueve la democracia y los derechos humanos. Aboga por el retorno de Venezuela al sistema interamericano de derechos humanos y a la Organizaci\u00f3n de los Estados Americanos, instancias de las que se separ\u00f3 hace varios a\u00f1os. Tambi\u00e9n querr\u00eda ser una pieza clave ante iniciativas pol\u00edticas o estrat\u00e9gicas de Estados Unidos y la Uni\u00f3n Europea (UE) en la regi\u00f3n, mientras regionalmente plantea unidad en defensa de temas ambientales y clim\u00e1ticos.<\/p>\n\n\n\n<p class=\"has-text-align-justify has-text-color wp-block-paragraph\" style=\"color:#040000\">Pero, muy importante, con la reciente conferencia atiende a un vecino que es socio estrat\u00e9gico obligado en temas comerciales, de migraci\u00f3n \u2013a Colombia han ido 2,5 millones de venezolanos\u2013 y en la paz que Petro busca con los grupos armados \u2013desde guerrilleros hasta narcotraficantes\u2013 que son particularmente beligerantes en las zonas de frontera.<\/p>\n\n\n\n<p class=\"has-text-color wp-block-paragraph\" style=\"color:#040000\"><strong>Lo que quiere Maduro<\/strong><\/p>\n\n\n\n<p class=\"has-text-align-justify has-text-color wp-block-paragraph\" style=\"color:#040000\">B\u00e1sicamente, lo que busca el presidente venezolano es que se levanten las sanciones sobre los entes del Estado, en primer lugar, la industria petrolera y el sistema financiero, y sobre decenas de autoridades militares y civiles \u2013comenzando por \u00e9l mismo\u2013 y sus asociados. Quiere, adem\u00e1s, que se desbloqueen recursos de oro y dinero retenido en bancos del Norte y que se active el fondo social pactado en M\u00e9xico para aliviar las cargas del Estado. Reclama tambi\u00e9n la liberaci\u00f3n de Alex Saab, un empresario de origen colombiano, gestor de importaciones y otros negocios, a quien Caracas acredita como diplom\u00e1tico venezolano y est\u00e1 procesado por lavado de activos en Estados Unidos. El presidente del parlamento, Jorge Rodr\u00edguez, negociador jefe del gobierno, lleg\u00f3 a incluir en la lista de condiciones para proseguir el di\u00e1logo que la Corte Penal Internacional de La Haya suspenda la investigaci\u00f3n que adelanta por alegados cr\u00edmenes de lesa humanidad cometidos en Venezuela.<\/p>\n\n\n\n<p class=\"has-text-color wp-block-paragraph\" style=\"color:#040000\"><strong>Entretanto la oposici\u00f3n<\/strong><\/p>\n\n\n\n<p class=\"has-text-align-justify has-text-color wp-block-paragraph\" style=\"color:#040000\">Los opositores buscan elegir a un candidato presidencial \u00fanico el pr\u00f3ximo octubre para enfrentar a Maduro, quien buscar\u00eda un tercer mandato consecutivo. La PU quiere que los nombres, los s\u00edmbolos y las sedes se devuelvan a los partidos intervenidos por decisiones del Tribunal Supremo. Que se rehabilite a los dirigentes sancionados con inhabilitaci\u00f3n pol\u00edtica, entre ellos varios aspirantes presidenciales. Que sean liberados los m\u00e1s de 260 presos pol\u00edticos (civiles y militares). Que se actualice el registro electoral, se adopten medidas contra el ventajismo en las campa\u00f1as\u2026 y un largo etc\u00e9tera. La PU salud\u00f3 que la conferencia en Bogot\u00e1 planteara seguir las recomendaciones que hizo la misi\u00f3n electoral de la UE.<\/p>\n\n\n\n<p class=\"has-text-color wp-block-paragraph\" style=\"color:#040000\"><strong>A contrarreloj<\/strong><\/p>\n\n\n\n<p class=\"has-text-align-justify has-text-color wp-block-paragraph\" style=\"color:#040000\">Mientras el tiempo va a favor del oficialismo, corre en contra de la deca\u00edda oposici\u00f3n. Tras la jugada de Petro, uno y otra deber\u00e1n mover piezas y talentos para conseguir en negociaciones \u2013si finalmente las hay\u2013 los mayores logros posibles, entregando a cambio las menores concesiones. El gobierno parte con ventaja porque est\u00e1 en una posici\u00f3n de fuerza, con muchas cartas en la mano, mientras que la oposici\u00f3n tiene muy poco para ofrecer y presionar. Pero, tambi\u00e9n al calor del debate, la poblaci\u00f3n \u2013que mayoritariamente se ha enfrascado durante los \u00faltimos tres a\u00f1os en resistir o sobrevivir a la crisis econ\u00f3mica\u2013 puede regresar a la pol\u00edtica con nuevas expectativas y modificar el ab\u00falico escenario, en el que ha aparecido Petro como actor inesperado.<\/p>\n","protected":false},"excerpt":{"rendered":"<p>El presidente colombiano consigui\u00f3 que 20 gobiernos, entre ellos Estados Unidos, se comprometieran a desmontar las sanciones sobre Caracas a medida  que se avance en organizar elecciones libres y transparentes.<\/p>\n","protected":false},"author":102520410,"featured_media":34334,"comment_status":"closed","ping_status":"closed","sticky":false,"template":"","format":"standard","meta":{"_coblocks_attr":"","_coblocks_dimensions":"","_coblocks_responsive_height":"","_coblocks_accordion_ie_support":"","advanced_seo_description":"","jetpack_seo_html_title":"","jetpack_seo_noindex":false,"jetpack_seo_schema_type":"","_jetpack_newsletter_access":"","_jetpack_dont_email_post_to_subs":false,"_jetpack_newsletter_tier_id":0,"_jetpack_memberships_contains_paywalled_content":false,"_wpcom_ai_launchpad_first_post":false,"_jetpack_feature_clip_id":0,"_jetpack_memberships_contains_paid_content":false,"footnotes":"","jetpack_post_was_ever_published":false},"categories":[17923],"tags":[17212,186792315,703609596,703605248],"class_list":["post-34329","post","type-post","status-publish","format-standard","has-post-thumbnail","hentry","category-venezuela","tag-america-latina","tag-juan-guaido","tag-plataforma-unitaria","tag-psuv","fallback-thumbnail"],"jetpack_likes_enabled":false,"jetpack_sharing_enabled":true,"jetpack_shortlink":"https:\/\/wp.me\/p7lt2C-8VH","amp_enabled":true,"jetpack_featured_media_url":"https:\/\/i0.wp.com\/correspondenciadeprensa.com\/wp-content\/uploads\/2023\/04\/Venezuela2804-788112729-e1682696739112.jpg?fit=916%2C517&ssl=1","_links":{"self":[{"href":"https:\/\/correspondenciadeprensa.com\/index.php?rest_route=\/wp\/v2\/posts\/34329","targetHints":{"allow":["GET"]}}],"collection":[{"href":"https:\/\/correspondenciadeprensa.com\/index.php?rest_route=\/wp\/v2\/posts"}],"about":[{"href":"https:\/\/correspondenciadeprensa.com\/index.php?rest_route=\/wp\/v2\/types\/post"}],"author":[{"embeddable":true,"href":"https:\/\/correspondenciadeprensa.com\/index.php?rest_route=\/wp\/v2\/users\/102520410"}],"replies":[{"embeddable":true,"href":"https:\/\/correspondenciadeprensa.com\/index.php?rest_route=%2Fwp%2Fv2%2Fcomments&post=34329"}],"version-history":[{"count":6,"href":"https:\/\/correspondenciadeprensa.com\/index.php?rest_route=\/wp\/v2\/posts\/34329\/revisions"}],"predecessor-version":[{"id":34336,"href":"https:\/\/correspondenciadeprensa.com\/index.php?rest_route=\/wp\/v2\/posts\/34329\/revisions\/34336"}],"wp:featuredmedia":[{"embeddable":true,"href":"https:\/\/correspondenciadeprensa.com\/index.php?rest_route=\/wp\/v2\/media\/34334"}],"wp:attachment":[{"href":"https:\/\/correspondenciadeprensa.com\/index.php?rest_route=%2Fwp%2Fv2%2Fmedia&parent=34329"}],"wp:term":[{"taxonomy":"category","embeddable":true,"href":"https:\/\/correspondenciadeprensa.com\/index.php?rest_route=%2Fwp%2Fv2%2Fcategories&post=34329"},{"taxonomy":"post_tag","embeddable":true,"href":"https:\/\/correspondenciadeprensa.com\/index.php?rest_route=%2Fwp%2Fv2%2Ftags&post=34329"}],"curies":[{"name":"wp","href":"https:\/\/api.w.org\/{rel}","templated":true}]}}