{"id":3301,"date":"2017-08-30T09:10:00","date_gmt":"2017-08-30T09:10:00","guid":{"rendered":"https:\/\/correspondenciadeprensa.com\/?p=3301"},"modified":"2017-08-30T09:10:00","modified_gmt":"2017-08-30T09:10:00","slug":"siria-assad-el-blanco-de-la-extrema-derecha-occidental-convertido-de-rebote-en-un-icono","status":"publish","type":"post","link":"https:\/\/correspondenciadeprensa.com\/?p=3301","title":{"rendered":"Siria &#8211; Assad: El \u00abblanco\u00bb de la extrema derecha occidental, convertido de rebote en un \u00abicono\u00bb"},"content":{"rendered":"<p><strong>Siria\u00a0\u00a0\u00a0 <\/strong><\/p>\n<p><strong>Assad: El \u201cblanco\u201d de la extrema derecha occidental, convertido de rebote en un \u201cicono\u201d (*)<\/strong><\/p>\n<p><strong>Caroline Hayek <\/strong><\/p>\n<p><strong>A l\u00b4encontre, 15-8-2017 \u00a0<\/strong><strong><a href=\"http:\/\/alencontre.org\/\">http:\/\/alencontre.org\/<\/a><\/strong><\/p>\n<p><strong>Traducci\u00f3n de Faustino Eguberri\u00a0 &#8211; Viento Sur\u00a0<\/strong><strong><a href=\"http:\/\/www.vientosur.info\/\">http:\/\/www.vientosur.info\/<\/a><\/strong><\/p>\n<p>El supremacista blanco norteamericano que embisti\u00f3 con su coche contra la multitud en Chalottesville el s\u00e1bado 12 de agosto hab\u00eda subido una foto del presidente sirio en su muro de Facebook.<\/p>\n<p>En sus m\u00f3viles, las fotos de Bachar el-Assad reemplazan a veces a los posters de Hitler y de Mussolini que colgaban antes en las paredes de sus habitaciones.<\/p>\n<p>El drama que sacudi\u00f3 violentamente la peque\u00f1a y tranquila ciudad de Charlottesville el s\u00e1bado, en una demostraci\u00f3n de fuerza de la extrema derecha americana, revel\u00f3 de nuevo la fascinaci\u00f3n que puede suscitar el dictador sirio en el seno de esas franjas de la poblaci\u00f3n. James Alex Fields Junior, miembro de Vanguard America, un grupo de supremacistas blancos que organizaba el acto, fue inculpado de asesinato, heridas y delito de huida, tras haber embestido al volante de su coche sobre manifestantes antirracistas. Entre las fotos de cruces gamadas, de Hitler o de s\u00edmbolos vikingos utilizados por los nazis durante la Segunda Guerra Mundial, colocados por el asesino en su cuenta Facebook, figura la del presidente Bachar el-Assad, vistiendo uniforme militar y gafas de sol, con la menci\u00f3n \u201cundefeated\u201d (invicto).<\/p>\n<p>Que un americano de apenas 20 a\u00f1os, originario de Ohio, muestre orgullosamente en las redes sociales el retrato del presidente sirio, con todo un signo; no es tan sorprendente como podr\u00eda parecer. Desde el comienzo del conflicto en Siria, pero m\u00e1s a\u00fan durante estos \u00faltimos meses, Bachar el-Assad fascina a las corrientes de extrema derecha de Occidente, hasta el punto de haberse convertido en uno de sus s\u00edmbolos. \u201cLa visi\u00f3n de la extrema derecha occidental del conflicto sirio es que hay un r\u00e9gimen que impone el orden y la estabilidad frente a ind\u00edgenas de color, de raza inferior. Y Assad representa en este imaginario colectivo una figura, se ha convertido en uno de sus modelos\u201d, seg\u00fan estima el polit\u00f3logo Ziad Majed, especialista en Siria.<\/p>\n<p><strong>El FN no se queda atr\u00e1s<\/strong><\/p>\n<p>En la Uni\u00f3n Europea, los ejemplos hacen legi\u00f3n. \u201cPutin y Assad est\u00e1n de nuestro lado\u201d, declara en noviembre de 2016 Paul Nuttal, antiguo l\u00edder del UKIP (Partido por la Independencia del Reino Unido), un partido de la derecha nacionalista y xen\u00f3foba. Y est\u00e1 lejos de ser el \u00fanico: Amanecer Dorado en Grecia, Forza Nuova y Casa Pound en Italia, as\u00ed como los nacionalistas polacos, espa\u00f1oles o belgas proclaman su apoyo al r\u00e9gimen de Assad. \u201cBachar se ha convertido para ellos en un s\u00edmbolo a defender, tanto m\u00e1s en la medida que le ven como un hombre asediado por quienes estiman que son sus enemigos: los islamistas y los mundialistas\u201d, analiza Karim \u00c9mile Bitar, director de investigaci\u00f3n en el IRIS y especialista en Medio Oriente.<\/p>\n<p>El Frente Nacional (FN) franc\u00e9s no se queda atr\u00e1s. \u201cDesde el comienzo del conflicto sirio dije, y era la \u00fanica entonces, que contribuir a la ca\u00edda de Bachar el-Assad es permitir al EI (Estado Isl\u00e1mico) gobernar Siria\u201d, declaraba Marine Le Pen, entonces candidata a las elecciones presidenciales, en una entrevista concedida el pasado febrero a L\u00b4Orient -Le Jour (diario liban\u00e9s). Las fronteras son porosas\u2026 Una parte de la derecha francesa no ha tardado en repetir algunos argumentos del FN, privilegiando sin embargo la teor\u00eda del \u201cmal menor\u201d. La ca\u00edda de Alepo, tras una ofensiva del r\u00e9gimen y de sus aliados, aliment\u00f3 los discursos de los pro-Bachar, aplaudiendo as\u00ed una victoria de Damasco y de Mosc\u00fa contra los terroristas. \u201cQuienes combaten el terrorismo deber\u00edan felicitarse de la recuperaci\u00f3n de Alepo\u201d, se enorgullec\u00eda Thierry Mariani, diputado de Los Republicanos, en una entrevista concedida a Le Figaro, en diciembre de 2016. Este \u00faltimo ha seguido los pasos de Fr\u00e9d\u00e9ric Poisson [candidato en las elecciones presidenciales en Francia], presidente del Partido Cristianodem\u00f3crata, que visit\u00f3 a Bachar el-Assad en numerosas ocasiones. Estos dos \u00faltimos a\u00f1os, se ha desarrollado un incesante baile de diputados en los salones del palacio presidencial sirio, haciendo de una parte que la prensa francesa se riera de ellos y de otra que se pusieran los pelos de punta en el Quai d\u00b4Orsay.<\/p>\n<p>\u201cDesde el comienzo de la revoluci\u00f3n siria, Damasco se ha convertido en una especie de lugar de peregrinaje para todos los sectores m\u00e1s extremos de la extrema derecha mundial, y m\u00e1s particularmente europea\u201d, estima Karim \u00c9mile Bitar.<\/p>\n<p><strong>Traici\u00f3n de Trump<\/strong><\/p>\n<p>Este entusiasmo por el r\u00e9gimen de Bachar el-Assad no es nuevo, recuerda el investigador, puesto que varios movimientos de la extrema derecha se han acercado progresivamente a Damasco en m\u00e1s de 15 a\u00f1os, haciendo enormes elogios a su dirigente. Ya en 2005, en plena guerra de Irak, la visita a Siria de David Duke, antiguo dirigente del Klu Klux Klan, promotor de teor\u00edas racistas y revisionistas -que estaba presente en Charlottesville el s\u00e1bado pasado- marcaba el tono y provocaba la ira de la prensa americana, y en particular israel\u00ed, aunque entonces Bachar el-Assad pod\u00eda pasar por jefe de un Estado presentable.<\/p>\n<p>Doce a\u00f1os m\u00e1s tarde, la intervenci\u00f3n de Donald Trump en Siria ha provocado rabia entre los supremacistas blancos americanos. Los ataques americanos contra una base militar del r\u00e9gimen, tras el ataque qu\u00edmico de Khan Cheikhoun imputado a Damasco, fueron percibidos como una traici\u00f3n por los apoyos m\u00e1s extremistas del presidente americano, que repitieron que atacar al presidente sirio equivale a ser proterrorista. \u201cFrente a una internacional islamista que combate al r\u00e9gimen, se encuentra una internacional nacionalista autoritaria de extrema derecha, ciertamente mucho menos importante num\u00e9ricamente, pero igualmente determinada a combatir\u201d, recuerda Karim \u00c9mile Bitar, refiri\u00e9ndose a ciertos grupos fascistas y neonazis griegos, como Mavros Krinos (Black Lily), o Amanecer Dorado.<\/p>\n<p>Seg\u00fan buen n\u00famero de observadores, Damasco, con mucha inteligencia, incluso maquiavelismo, ha hecho evolucionar su propaganda durante el conflicto, para seducir a sectores de la extrema derecha occidental. \u201cEl r\u00e9gimen sirio no ha tenido ning\u00fan escr\u00fapulo en instrumentalizar a esos grupos y en utilizarlos en su estrategia de propaganda\u201d, afirma el investigador.<\/p>\n<p><strong>Icono de rebote<\/strong><\/p>\n<p>El r\u00e9gimen, que se presenta como un fiel heredero del baasismo y de la alianza establecida entre su padre Hafez con la Uni\u00f3n Sovi\u00e9tica, siempre ha sabido seducir a los partidarios del antiimperialismo, los defensores de una izquierda \u00e1rabe, antisionista. Pero desde el comienzo del conflicto sirio, m\u00e1s all\u00e1 de la propaganda, es la propia imagen del r\u00e9gimen la que le ha permitido atrapar a estos nuevos partidarios.<\/p>\n<p>Un atractivo que se podr\u00eda resumir en cuatro puntos, seg\u00fan Ziad Majed: \u201c1\u00ba, se trata en primer lugar de una fascinaci\u00f3n por la violencia, por ese poder\u00edo sin l\u00edmites de Assad que se abate contra gentes que merecen ser castigadas. 2\u00ba, la segunda raz\u00f3n es que consideran a Assad como su \u201cblanco\u201d. Es el supremacista blanco sirio que castiga a los ind\u00edgenas. 3\u00ba, en tercer lugar, Assad es quien masacra a musulmanes, lo que para los racistas \/ islamofobos, es algo que est\u00e1 bien. 4\u00ba, y sobre todo, es el aliado de uno de los profetas de la extrema derecha: Vladimir Putin\u201d, analiza el investigador. \u201cEsta internacional nacionalista autoritaria est\u00e1 unida alrededor de la figura de Putin, que es hostil a lo que llama el mundialismo y a menudo est\u00e1 unida por cuestiones de identidad\u201d, confirma Karim \u00c9mile Bitar. Como si el presidente sirio no fuera, de alguna forma, finalmente m\u00e1s que un \u201cicono de rebote\u201d\u2026<\/p>\n<p>* Publicado originalmente en L\u00b4Orient Le Jour: <a href=\"https:\/\/www.lorientlejour.com\/article\/1067327\/comment-assad-est-devenu-le-blanc-de-lextreme-droite-occidentale.html\">https:\/\/www.lorientlejour.com\/article\/1067327\/comment-assad-est-devenu-le-blanc-de-lextreme-droite-occidentale.html<\/a><\/p>\n","protected":false},"excerpt":{"rendered":"<p>Ya en 2005, en plena guerra de Irak, la visita a Siria de David Duke, antiguo dirigente del Klu Klux Klan, promotor de teor\u00edas racistas y revisionistas -que estaba presente en Charlottesville el s\u00e1bado pasado- marcaba el tono y provocaba la ira de la prensa americana, y en particular israel\u00ed, aunque entonces Bachar el-Assad pod\u00eda pasar por jefe de un Estado presentable&#8230;<\/p>\n","protected":false},"author":102520410,"featured_media":0,"comment_status":"open","ping_status":"open","sticky":false,"template":"","format":"aside","meta":{"_coblocks_attr":"","_coblocks_dimensions":"","_coblocks_responsive_height":"","_coblocks_accordion_ie_support":"","advanced_seo_description":"","jetpack_seo_html_title":"","jetpack_seo_noindex":false,"jetpack_seo_schema_type":"","_jetpack_newsletter_access":"","_jetpack_dont_email_post_to_subs":false,"_jetpack_newsletter_tier_id":0,"_jetpack_memberships_contains_paywalled_content":false,"_wpcom_ai_launchpad_first_post":false,"_jetpack_feature_clip_id":0,"_jetpack_memberships_contains_paid_content":false,"footnotes":"","jetpack_post_was_ever_published":false},"categories":[129883,54147],"tags":[512126,588444574],"class_list":["post-3301","post","type-post","status-publish","format-aside","hentry","category-medio-oriente","category-siria","tag-charlottesville","tag-los-republicanos-francia","post_format-post-format-aside"],"jetpack_likes_enabled":false,"jetpack_sharing_enabled":true,"jetpack_shortlink":"https:\/\/wp.me\/p7lt2C-Rf","amp_enabled":true,"jetpack_featured_media_url":"","_links":{"self":[{"href":"https:\/\/correspondenciadeprensa.com\/index.php?rest_route=\/wp\/v2\/posts\/3301","targetHints":{"allow":["GET"]}}],"collection":[{"href":"https:\/\/correspondenciadeprensa.com\/index.php?rest_route=\/wp\/v2\/posts"}],"about":[{"href":"https:\/\/correspondenciadeprensa.com\/index.php?rest_route=\/wp\/v2\/types\/post"}],"author":[{"embeddable":true,"href":"https:\/\/correspondenciadeprensa.com\/index.php?rest_route=\/wp\/v2\/users\/102520410"}],"replies":[{"embeddable":true,"href":"https:\/\/correspondenciadeprensa.com\/index.php?rest_route=%2Fwp%2Fv2%2Fcomments&post=3301"}],"version-history":[{"count":4,"href":"https:\/\/correspondenciadeprensa.com\/index.php?rest_route=\/wp\/v2\/posts\/3301\/revisions"}],"predecessor-version":[{"id":3305,"href":"https:\/\/correspondenciadeprensa.com\/index.php?rest_route=\/wp\/v2\/posts\/3301\/revisions\/3305"}],"wp:attachment":[{"href":"https:\/\/correspondenciadeprensa.com\/index.php?rest_route=%2Fwp%2Fv2%2Fmedia&parent=3301"}],"wp:term":[{"taxonomy":"category","embeddable":true,"href":"https:\/\/correspondenciadeprensa.com\/index.php?rest_route=%2Fwp%2Fv2%2Fcategories&post=3301"},{"taxonomy":"post_tag","embeddable":true,"href":"https:\/\/correspondenciadeprensa.com\/index.php?rest_route=%2Fwp%2Fv2%2Ftags&post=3301"}],"curies":[{"name":"wp","href":"https:\/\/api.w.org\/{rel}","templated":true}]}}