{"id":3193,"date":"2017-08-19T09:16:37","date_gmt":"2017-08-19T09:16:37","guid":{"rendered":"https:\/\/correspondenciadeprensa.com\/2017\/08\/19\/cambiemos-triunfo-nacional-y-polarizacion-en-la-provincia-mas-importante\/"},"modified":"2017-08-19T09:16:37","modified_gmt":"2017-08-19T09:16:37","slug":"cambiemos-triunfo-nacional-y-polarizacion-en-la-provincia-mas-importante","status":"publish","type":"post","link":"https:\/\/correspondenciadeprensa.com\/?p=3193","title":{"rendered":"Cambiemos: triunfo nacional y polarizaci\u00f3n en la provincia m\u00e1s importante"},"content":{"rendered":"<p><b style=\"color:rgb(0,0,0);font-size:medium;text-align:justify;\"><span style=\"font-size:12pt;font-family:Arial, sans-serif;\">Argentina<\/span><\/b><\/p>\n<p class=\"MsoNormal\" style=\"color:rgb(0,0,0);font-family:sans-serif;font-size:medium;text-align:justify;\"><b><span style=\"font-size:12pt;font-family:Arial, sans-serif;\">Elecciones PASO (primarias, abiertas, simult\u00e1neas y obligatorias) 2017<\/span><\/b><\/p>\n<p class=\"MsoNormal\" style=\"color:rgb(0,0,0);font-family:sans-serif;font-size:medium;text-align:justify;\"><b><span style=\"font-size:12pt;font-family:Arial, sans-serif;\">Cambiemos: triunfo nacional y polarizaci\u00f3n en la provincia m\u00e1s importante<\/span><\/b><\/p>\n<p class=\"MsoNormal\" style=\"color:rgb(0,0,0);font-family:sans-serif;font-size:medium;text-align:justify;\"><b><span style=\"font-size:10pt;font-family:Arial, sans-serif;\">La Izquierda Diario, 14-8-2017<\/span><\/b><\/p>\n<p class=\"MsoNormal\" style=\"color:rgb(0,0,0);font-family:sans-serif;font-size:medium;text-align:justify;\"><b><span style=\"font-size:10pt;font-family:Arial, sans-serif;\"><a href=\"http:\/\/www.laizquierdadiario.com\/\" target=\"_blank\">http:\/\/www.laizquierdadiario.com\/<\/a><\/span><\/b><\/p>\n<p class=\"MsoNormal\" style=\"color:rgb(0,0,0);font-family:sans-serif;font-size:medium;text-align:justify;\"><span style=\"font-size:10pt;font-family:Arial, sans-serif;\">Con m\u00fasica de fiesta y el cl\u00e1sico merchandising PRO, el oficialismo pretendi\u00f3 congelar la fotograf\u00eda que mostraban los primeros n\u00fameros oficiales de las elecciones primarias. Sin embargo, la victoria nacional fue mostrando las contradicciones en la pel\u00edcula de trasnoche.<\/span><\/p>\n<p class=\"MsoNormal\" style=\"color:rgb(0,0,0);font-family:sans-serif;font-size:medium;text-align:justify;\"><span style=\"font-size:10pt;font-family:Arial, sans-serif;\">La coalici\u00f3n Cambiemos se impuso c\u00f3modamente en la Ciudad de Buenos Aires, en las provincias de C\u00f3rdoba, Mendoza y Corrientes. Tambi\u00e9n ganaba en Jujuy, Entre R\u00edos, La Pampa y Neuqu\u00e9n. Triunf\u00f3 con gran diferencia en San Luis, el hist\u00f3rico reinado del clan Rodr\u00edguez Sa\u00e1 y en el presunto basti\u00f3n kirchnerista, Santa Cruz, tambi\u00e9n se impuso por amplia diferencia. En Santa Fe, uno de los tres distritos m\u00e1s importantes del pa\u00eds, la elecci\u00f3n estaba pareja.<\/span><\/p>\n<p class=\"MsoNormal\" style=\"color:rgb(0,0,0);font-family:sans-serif;font-size:medium;text-align:justify;\"><span style=\"font-size:10pt;font-family:Arial, sans-serif;\">Cuando se conocieron los primeros datos oficiales, el oficialismo pretendi\u00f3 imponer esa foto de \u00e9xito nacional. Sin embargo, avanzado el escrutinio, el resultado de la provincia de Buenos Aires -nada m\u00e1s y nada menos- opac\u00f3 esa imagen. En el distrito m\u00e1s importante del pa\u00eds, donde se concentra el 38 % del padr\u00f3n electoral, se impuso una fuerte polarizaci\u00f3n con Cristina Fern\u00e1ndez de Kirchner y Unidad Ciudadana y un empate t\u00e9cnico con denuncias de maniobras para evitar que se conozca el resultado final.<\/span><\/p>\n<p class=\"MsoNormal\" style=\"color:rgb(0,0,0);font-family:sans-serif;font-size:medium;text-align:justify;\"><span style=\"font-size:10pt;font-family:Arial, sans-serif;\">En este territorio clave, designado como la madre de todas las batallas, la polarizaci\u00f3n alentada fuertemente por las corporaciones medi\u00e1ticas fue m\u00e1s intensa. El voto a las dos fuerzas mayoritarias no se caracteriz\u00f3 por el respaldo a las propuestas o programas de cada una de las coaliciones. Prim\u00f3 el voto castigo o rechazo en\u00e9rgico al contrincante.<\/span><\/p>\n<p class=\"MsoNormal\" style=\"color:rgb(0,0,0);font-family:sans-serif;font-size:medium;text-align:justify;\"><span style=\"font-size:10pt;font-family:Arial, sans-serif;\">Cristina Fern\u00e1ndez centr\u00f3 su moderada y \u201cmuda\u201d campa\u00f1a en la denuncia del ajuste que lleva adelante Mauricio Macri, mostrando a los afectados por el plan de Cambiemos. Se postul\u00f3 como el veh\u00edculo para castigar al Gobierno y enviar un mensaje para poner un l\u00edmite. Cambiemos puso el eje en el \u201crechazo al pasado\u201d, golpeando sobre los inocultables hechos de corrupci\u00f3n del kirchnerismo y sobre el doble discurso que implicaba agitar, ahora, contra el ajuste y el deterioro de las condiciones sociales, cuando despu\u00e9s de 12 a\u00f1os de administraci\u00f3n, dejaron un pa\u00eds con m\u00e1s 30 % de pobreza, precarizaci\u00f3n laboral y estancamiento econ\u00f3mico. En el \u00faltimo tramo de la campa\u00f1a y con su figura m\u00e1s \u201ctaquillera\u201d y de mayor perfil \u201csocial\u201d a la cabeza, Mar\u00eda Eugenia Vidal, el macrismo hizo proselitismo en modo \u201coposici\u00f3n de la oposici\u00f3n\u201d.<\/span><\/p>\n<p class=\"MsoNormal\" style=\"color:rgb(0,0,0);font-family:sans-serif;font-size:medium;text-align:justify;\"><span style=\"font-size:10pt;font-family:Arial, sans-serif;\">En ese contexto, el Frente Renovador de Sergio Massa, que acompa\u00f1\u00f3 fielmente al oficialismo en sus principales medidas, no resisti\u00f3 la polarizaci\u00f3n bonaerense y apenas super\u00f3 el 15 % de los votos. Mientras que el gran derrotado de la jornada fue Florencio Randazzo: con el aparato del PJ a su disposici\u00f3n y el respaldo del grueso de la burocracia sindical, no alcanzaba el 6 % de los sufragios.<\/span><\/p>\n<p class=\"MsoNormal\" style=\"color:rgb(0,0,0);font-family:sans-serif;font-size:medium;text-align:justify;\"><span style=\"font-size:10pt;font-family:Arial, sans-serif;\">Pese al evidente deterioro de los indicadores de la econom\u00eda y de todos los \u00edndices sociales producto del ajuste, el oficialismo logr\u00f3 imponer la polarizaci\u00f3n contra la eventual \u201cvuelta del pasado\u201d. Cont\u00f3 con dos inestimables ayudas: los grandes aparatos medi\u00e1ticos, altamente beneficiados por Cambiemos (con Clar\u00edn a la cabeza) blindaron al macrismo, ocultando los hechos de corrupci\u00f3n propios (Panama Papers, Correo, Avianca). Y la escandalosa desaparici\u00f3n de Santiago Maldonado luego de la represi\u00f3n de Gendarmer\u00eda a la comunidad mapuche en Chubut tuvo un tratamiento verdaderamente bochornoso y c\u00f3mplice. Tambi\u00e9n hicieron su aporte ciertas fracciones del poder econ\u00f3mico con el agite del \u201cterror\u201d, con el m\u00e9todo de empujar minicorridas contra el peso, para generar la exagerada sensaci\u00f3n de que una derrota oficialista pod\u00eda provocar una debacle econ\u00f3mica.<\/span><\/p>\n<p class=\"MsoNormal\" style=\"color:rgb(0,0,0);font-family:sans-serif;font-size:medium;text-align:justify;\"><span style=\"font-size:10pt;font-family:Arial, sans-serif;\">La torpeza (intencional o no) del macrismo, festejando por anticipado provoc\u00f3 la algarab\u00eda del kirchnerismo cuando se equilibraron los n\u00fameros en la provincia de Buenos Aires. Sin embargo, el festejo del kirchnerismo tambi\u00e9n parece desproporcionado: la expresidenta obtuvo casi la misma cantidad de votos que la f\u00f3rmula maldita de An\u00edbal Fern\u00e1ndez-Mart\u00edn Sabattella en las generales de octubre de 2015.<\/span><\/p>\n<p class=\"MsoNormal\" style=\"color:rgb(0,0,0);font-family:sans-serif;font-size:medium;text-align:justify;\"><span style=\"font-size:10pt;font-family:Arial, sans-serif;\">El oficialismo no puede leer estos resultados a nivel nacional como un respaldo contundente o un cheque en blanco para su programa neoliberal, que moder\u00f3 con cierto gradualismo impuesto por la relaci\u00f3n de fuerzas. Pese a que cuenta con un destacado apoyo de importantes sectores de clase media (que influye sobre otros sectores) que comparten la ilusi\u00f3n de que la situaci\u00f3n puede mejorar y siguen rechazando fuertemente al kirchnerismo.<\/span><\/p>\n<p class=\"MsoNormal\" style=\"color:rgb(0,0,0);font-family:sans-serif;font-size:medium;text-align:justify;\"><span style=\"font-size:10pt;font-family:Arial, sans-serif;\">Cambiemos obtuvo triunfos que son simb\u00f3licamente estridentes (Santa Cruz, San Luis, Entre R\u00edos o La Pampa) que estaban en manos de los distintos peronismos, pero tomada la elecci\u00f3n de conjunto los n\u00fameros no son tan contundentes. En C\u00f3rdoba, una provincia tradicionalmente antikirchnerista es donde m\u00e1s funcion\u00f3 la operaci\u00f3n de polarizaci\u00f3n. El peronismo de esa provincia se caracteriz\u00f3 por su fuerte impronta macrista y fue de gran ayuda: antes de votar a la fotocopia se vot\u00f3 al original.<\/span><\/p>\n<p class=\"MsoNormal\" style=\"color:rgb(0,0,0);font-family:sans-serif;font-size:medium;text-align:justify;\"><span style=\"font-size:10pt;font-family:Arial, sans-serif;\">El contundente triunfo de Elisa Carri\u00f3 en Ciudad Aut\u00f3noma contiene algunas contradicciones destacables: no pertenece al personal del \u201cPRO puro\u201d y tiene un alto componente de lo que llaman un \u201cvoto honestista\u201d. Actu\u00f3 como denunciadora serial del kirchnerismo, pero tambi\u00e9n hizo demagogia, acusando a figuras impresentables que pertenecen al oficialismo (el operador macrista Daniel Angelici o la segunda jefa de los servicios de inteligencia, Silvia Majdalani). En ese marco, es la emergente y catalizadora de un fracaso del oficialismo que va por los dos a\u00f1os de gesti\u00f3n: la supuesta lucha contra las mafias.<\/span><\/p>\n<p class=\"MsoNormal\" style=\"color:rgb(0,0,0);font-family:sans-serif;font-size:medium;text-align:justify;\"><span style=\"font-size:10pt;font-family:Arial, sans-serif;\">En Mendoza, otro basti\u00f3n del oficialismo, la ventaja de Cambiemos fue de ocho puntos (41 a 33), en Jujuy de seis (35 a 29). Al cierre de este art\u00edculo, en Santa Fe hab\u00eda un empate t\u00e9cnico con guarismos bajos (27 puntos cada uno) y en lo mismo suced\u00eda en la provincia de Buenos Aires con poco m\u00e1s de 34 puntos. En las dos \u00faltimas provincias hab\u00eda denuncias del kirchnerismo por la demora en la carga de los datos.<\/span><\/p>\n<p class=\"MsoNormal\" style=\"color:rgb(0,0,0);font-family:sans-serif;font-size:medium;text-align:justify;\"><span style=\"font-size:10pt;font-family:Arial, sans-serif;\">Por el lado del peronismo, la \u201cremontada\u201d de Cristina Fern\u00e1ndez (que en el bunker de Unidad Ciudadana se vivi\u00f3 como un triunfo) y las derrotas de los peronismos provinciales varios (C\u00f3rdoba, San Luis, con la excepci\u00f3n de Juan Manuel Urtubey en Salta), adem\u00e1s de las malas elecciones de Massa y Randazzo, dej\u00f3 m\u00e1s que abierta la crisis de liderazgo del peronismo en su conjunto.<\/span><\/p>\n<p class=\"MsoNormal\" style=\"color:rgb(0,0,0);font-family:sans-serif;font-size:medium;text-align:justify;\"><span style=\"font-size:10pt;font-family:Arial, sans-serif;\">En este escenario con fuertes tendencias a la polarizaci\u00f3n, el Frente de Izquierda y de los Trabajadores consolid\u00f3 su espacio en la provincia y la ciudad de Buenos Aires y realiz\u00f3 una hist\u00f3rica elecci\u00f3n en Jujuy y muy destacada en Mendoza, as\u00ed como en Neuqu\u00e9n, Salta y Santa Cruz. Pasaron las PASO y se abri\u00f3 la batalla camino a octubre con el desaf\u00edo y la posibilidad de avanzar en la presencia del FIT en el Parlamento Nacional y en las legislaturas de todo el pa\u00eds.<\/span><\/p>\n","protected":false},"excerpt":{"rendered":"<p>La coalici\u00f3n Cambiemos se impuso c\u00f3modamente en la Ciudad de Buenos Aires, en las provincias de C\u00f3rdoba, Mendoza y Corrientes&#8230;<\/p>\n","protected":false},"author":102520410,"featured_media":0,"comment_status":"open","ping_status":"open","sticky":false,"template":"","format":"aside","meta":{"_coblocks_attr":"","_coblocks_dimensions":"","_coblocks_responsive_height":"","_coblocks_accordion_ie_support":"","advanced_seo_description":"","jetpack_seo_html_title":"","jetpack_seo_noindex":false,"jetpack_seo_schema_type":"","_jetpack_newsletter_access":"","_jetpack_dont_email_post_to_subs":false,"_jetpack_newsletter_tier_id":0,"_jetpack_memberships_contains_paywalled_content":false,"_wpcom_ai_launchpad_first_post":false,"_jetpack_feature_clip_id":0,"_jetpack_memberships_contains_paid_content":false,"footnotes":"","jetpack_post_was_ever_published":false},"categories":[],"tags":[17212],"class_list":["post-3193","post","type-post","status-publish","format-aside","hentry","tag-america-latina","post_format-post-format-aside"],"jetpack_likes_enabled":false,"jetpack_sharing_enabled":true,"jetpack_shortlink":"https:\/\/wp.me\/p7lt2C-Pv","amp_enabled":true,"jetpack_featured_media_url":"","_links":{"self":[{"href":"https:\/\/correspondenciadeprensa.com\/index.php?rest_route=\/wp\/v2\/posts\/3193","targetHints":{"allow":["GET"]}}],"collection":[{"href":"https:\/\/correspondenciadeprensa.com\/index.php?rest_route=\/wp\/v2\/posts"}],"about":[{"href":"https:\/\/correspondenciadeprensa.com\/index.php?rest_route=\/wp\/v2\/types\/post"}],"author":[{"embeddable":true,"href":"https:\/\/correspondenciadeprensa.com\/index.php?rest_route=\/wp\/v2\/users\/102520410"}],"replies":[{"embeddable":true,"href":"https:\/\/correspondenciadeprensa.com\/index.php?rest_route=%2Fwp%2Fv2%2Fcomments&post=3193"}],"version-history":[{"count":0,"href":"https:\/\/correspondenciadeprensa.com\/index.php?rest_route=\/wp\/v2\/posts\/3193\/revisions"}],"wp:attachment":[{"href":"https:\/\/correspondenciadeprensa.com\/index.php?rest_route=%2Fwp%2Fv2%2Fmedia&parent=3193"}],"wp:term":[{"taxonomy":"category","embeddable":true,"href":"https:\/\/correspondenciadeprensa.com\/index.php?rest_route=%2Fwp%2Fv2%2Fcategories&post=3193"},{"taxonomy":"post_tag","embeddable":true,"href":"https:\/\/correspondenciadeprensa.com\/index.php?rest_route=%2Fwp%2Fv2%2Ftags&post=3193"}],"curies":[{"name":"wp","href":"https:\/\/api.w.org\/{rel}","templated":true}]}}