{"id":3190,"date":"2017-08-18T20:08:10","date_gmt":"2017-08-18T20:08:10","guid":{"rendered":"https:\/\/correspondenciadeprensa.com\/2017\/08\/18\/argentina-santiago-maldonado-los-mapuches-y-los-duenos-de-la-tierra\/"},"modified":"2017-08-18T20:08:10","modified_gmt":"2017-08-18T20:08:10","slug":"argentina-santiago-maldonado-los-mapuches-y-los-duenos-de-la-tierra","status":"publish","type":"post","link":"https:\/\/correspondenciadeprensa.com\/?p=3190","title":{"rendered":"Argentina:\u00a0Santiago Maldonado, los mapuches y los due\u00f1os de la tierra"},"content":{"rendered":"<p><b style=\"color:rgb(0,0,0);font-size:medium;text-align:justify;\"><span style=\"font-size:12pt;font-family:Arial, sans-serif;\">Argentina<\/span><\/b><\/p>\n<p class=\"MsoNormal\" style=\"color:rgb(0,0,0);font-family:sans-serif;font-size:medium;text-align:justify;\"><b><span style=\"font-size:12pt;font-family:Arial, sans-serif;\">Santiago Maldonado, los mapuches y los due\u00f1os de la tierra<\/span><\/b><\/p>\n<p class=\"MsoNormal\" style=\"color:rgb(0,0,0);font-family:sans-serif;font-size:medium;text-align:justify;\"><b><span style=\"font-size:10pt;font-family:Arial, sans-serif;\">La demonizaci\u00f3n de los miembros de la comunidad mapuche reprimida en Chubut tiene un objetivo preciso: ocultar los poderosos intereses de un para\u00edso terrateniente.<\/span><\/b><\/p>\n<p class=\"MsoNormal\" style=\"color:rgb(0,0,0);font-family:sans-serif;font-size:medium;text-align:justify;\"><b><span style=\"font-size:10pt;font-family:Arial, sans-serif;\">Fernando Rosso<\/span><\/b><b><span style=\"font-size:10pt;font-family:Arial, sans-serif;\"><\/span><\/b><\/p>\n<p class=\"MsoNormal\" style=\"color:rgb(0,0,0);font-family:sans-serif;font-size:medium;text-align:justify;\"><b><span style=\"font-size:10pt;font-family:Arial, sans-serif;\">La Izquierda Diario, 12-8-2017 &nbsp;<\/span><\/b><b><span style=\"font-size:10pt;font-family:Arial, sans-serif;\"><a href=\"http:\/\/www.laizquierdadiario.com\/\" target=\"_blank\">http:\/\/www.laizquierdadiario.com\/<\/a><\/span><\/b><\/p>\n<p class=\"MsoNormal\" style=\"color:rgb(0,0,0);font-family:sans-serif;font-size:medium;text-align:justify;\"><span style=\"font-size:10pt;font-family:Arial, sans-serif;\">Las agitadas declaraciones de los m\u00e1s altos funcionarios del gobierno de Cambiemos y sus medios afines ante la escandalosa desaparici\u00f3n de Santiago Maldonado, configuran un combo tan alarmante como bizarro. Seg\u00fan este col\u00e9rico relato, la comunidad mapuche que fue reprimida en Chubut tiene una ideolog\u00eda anarquista, cuenta con financiamiento de grupos ingleses, posee aliados kurdos, sus miembros est\u00e1n adiestrados por las FARC colombianas y fueron adoctrinados por grupos terroristas chilenos. Tambi\u00e9n han declarado la guerra armada al Estado argentino, pretenden imponer aqu\u00ed y ahora el secesionismo de la naci\u00f3n mapuche y son incendiarios seriales, cuyo \u00fanico objetivo es la destrucci\u00f3n total y absoluta de lo que se cruce en su camino. Una narrativa siniestra a la medida de la construcci\u00f3n perfecta de un eje del mal enclavado en la Patagonia.<\/span><\/p>\n<p class=\"MsoNormal\" style=\"color:rgb(0,0,0);font-family:sans-serif;font-size:medium;text-align:justify;\"><span style=\"font-size:10pt;font-family:Arial, sans-serif;\">Facundo Jones Huala, referente de la comunidad, detenido ilegalmente en la ciudad de Esquel y con pedido de extradici\u00f3n por parte de las autoridades chilenas, sintetiz\u00f3 sus objetivos en un reportaje para La Izquierda Diario: \u201cNosotros cuando planteamos la idea de la liberaci\u00f3n nacional mapuche y de la reconstrucci\u00f3n de nuestro mundo, no estamos planteando la construcci\u00f3n de un Estado mapuche. Nunca planteamos eso, sencillamente porque el Estado es una concepci\u00f3n occidental. Nosotros no queremos eso. Nosotros queremos vivir como mapuches, dentro de nuestras tierras. Naci\u00f3n y Estado son dos conceptos diferentes. Y si hay que construir algo diferente a este Estado, eso lo tiene que hacer la sociedad y todos los pueblos que habitan este suelo, que no somos s\u00f3lo los mapuches. Mientras tanto, pedimos que al menos dentro del territorio mapuche se nos respete nuestra forma de vida y nuestras normativas\u201d.<\/span><\/p>\n<p class=\"MsoNormal\" style=\"color:rgb(0,0,0);font-family:sans-serif;font-size:medium;text-align:justify;\"><span style=\"font-size:10pt;font-family:Arial, sans-serif;\">Queda en evidencia que la distancia entre la realidad de los reclamos y objetivos de la comunidad y el relato estatal-medi\u00e1tico puede llegar a ser abismal. Eso que llaman \u201cposverdad\u201d, es en realidad un perfeccionamiento de un viejo m\u00e9todo que se basa en abrumar con una monta\u00f1a de mentiras que buscan ocultar los intereses que realmente est\u00e1n detr\u00e1s de escena.<\/span><\/p>\n<p class=\"MsoNormal\" style=\"color:rgb(0,0,0);font-family:sans-serif;font-size:medium;text-align:justify;\"><span style=\"font-size:10pt;font-family:Arial, sans-serif;\">La demonizaci\u00f3n de toda forma de movilizaci\u00f3n o protesta es una norma en el discurso de Cambiemos. Tiene un objetivo general: fortalecer el aparato punitivo de un gobierno de ajuste que s\u00f3lo cierra con represi\u00f3n; pero tambi\u00e9n un objetivo particular ante este hecho: encubrir a los verdaderos \u201cocupas\u201d del para\u00edso terrateniente en el que se ha convertido una gran parte de la Patagonia argentina.<\/span><\/p>\n<p class=\"MsoNormal\" style=\"color:rgb(0,0,0);font-family:sans-serif;font-size:medium;text-align:justify;\"><span style=\"font-size:10pt;font-family:Arial, sans-serif;\">Uno de ellos es la empresa Benetton, el imperio textil italiano que compr\u00f3 en 1991 unas 900.000 hect\u00e1reas en las que cr\u00edan alrededor de 280.000 ovejas que producen 1.300.000 kilos de lana por a\u00f1o. Tambi\u00e9n posee 16.000 vacas, 8.500 hect\u00e1reas plantadas con soja, 24.600 hect\u00e1reas de pino ponderosa, entre otras explotaciones. M\u00e1s del 98% de las tierras est\u00e1n en tres provincias sure\u00f1as: Santa Cruz, R\u00edo Negro y Chubut. Todas las hect\u00e1reas suman una extensi\u00f3n similar a la provincia del Chaco. Podr\u00edan fundar el Estado subnacional n\u00famero 24: la provincia Benetton.<\/span><\/p>\n<p class=\"MsoNormal\" style=\"color:rgb(0,0,0);font-family:sans-serif;font-size:medium;text-align:justify;\"><span style=\"font-size:10pt;font-family:Arial, sans-serif;\">La larga historia de entrega y saqueo de esas tierras est\u00e1 documentada en muchos trabajos, pero es muy ilustrativo el libro del investigador rionegrino Ram\u00f3n Minieri \u201cEse ajeno sur\u201d, donde cuenta el itinerario de la Compa\u00f1\u00eda de Tierras del Sud Argentino (m\u00e1s conocida como \u201cLa Compa\u00f1\u00eda\u201d). El Estado don\u00f3 literalmente los territorios entre los 1885 y 1896. Se trataba, en esa \u00e9poca, de lotes de 80.000 hect\u00e1reas cada uno, otorgados individualmente a ciudadanos ingleses residentes, en su mayor\u00eda, en Londres, que administraban sus negocios en el pa\u00eds mediante representantes (testaferros).<\/span><\/p>\n<p class=\"MsoNormal\" style=\"color:rgb(0,0,0);font-family:sans-serif;font-size:medium;text-align:justify;\"><span style=\"font-size:10pt;font-family:Arial, sans-serif;\">El dato \u00abde color\u00bb fue aportado el historiador Sergio Wisch\u00f1evsky, quien record\u00f3 que gran parte de esas \u00absubastas\u00bb las realiz\u00f3 Adolfo Bullrich, due\u00f1o de la casa de remates Adolfo Bullrich y C\u00eda., cuyo edificio funcionaba en el lugar donde hoy est\u00e1 el centro comercial Patio Bullrich. Los Bullrich actuales son choznos de Don Adolfo, sexto grado de consanguinidad en la l\u00ednea directa descendente, pero las mismas convicciones e intereses.<\/span><\/p>\n<p class=\"MsoNormal\" style=\"color:rgb(0,0,0);font-family:sans-serif;font-size:medium;text-align:justify;\"><span style=\"font-size:10pt;font-family:Arial, sans-serif;\">La concentraci\u00f3n latifundista se realiz\u00f3 sobre la base de esos m\u00e9todos de acumulaci\u00f3n originaria y con el avance sobre la poblaci\u00f3n ind\u00edgena mediante el exterminio y una larga guerra de baja intensidad que contin\u00faa hasta nuestros d\u00edas. Los sucesivos gobiernos legalizaron y legitimaron esa ocupaci\u00f3n y la defendieron con las armas en la mano cuando fue necesario. No hubo grandes diferencias entre liberales-conservadores y nacional-populares ante el poder de los terratenientes ingleses o, ahora, italianos.<\/span><\/p>\n<p class=\"MsoNormal\" style=\"color:rgb(0,0,0);font-family:sans-serif;font-size:medium;text-align:justify;\"><span style=\"font-size:10pt;font-family:Arial, sans-serif;\">No se habla con la misma intensidad rabiosa con la que se refieren a la comunidad mapuche, de \u201cesos extranjeros que con m\u00e9todos violentos (terrorismo de Estado incluido), estafas, ocupaciones ilegales, enga\u00f1os, mentiras, maniobras, expoliaci\u00f3n y saqueo\u201d, se quedaron gran parte de la Patagonia.<\/span><\/p>\n<p class=\"MsoNormal\" style=\"color:rgb(0,0,0);font-family:sans-serif;font-size:medium;text-align:justify;\"><span style=\"font-size:10pt;font-family:Arial, sans-serif;\">Como certeramente afirma Minieri, hay que desarmar los mitos interesados. Tanto aquel que habla la \u201cPatagonia des\u00e9rtica, ruda o maldita que no ayuda a comprender que su tierra es un recurso apreciable, tanto por su situaci\u00f3n en el mapa del mundo como por sus disponibilidades\u201d; como el igualmente desorientador mito sim\u00e9trico y contrario: \u201cel de la Patagonia riqu\u00edsima e inexplotada\u201d. Porque \u201cinteresa despejar estas falsas im\u00e1genes para descubrir la verdad de esta tercera parte de la Argentina donde existen riquezas, donde esas riquezas han sido y son explotadas, y donde esa explotaci\u00f3n no beneficia al pueblo ni a la Naci\u00f3n.\u201d<\/span><\/p>\n","protected":false},"excerpt":{"rendered":"<p>La demonizaci\u00f3n de los miembros de la comunidad mapuche reprimida en Chubut tiene un objetivo preciso: ocultar los poderosos intereses de un para\u00edso terrateniente&#8230;<\/p>\n","protected":false},"author":102520410,"featured_media":0,"comment_status":"open","ping_status":"open","sticky":false,"template":"","format":"aside","meta":{"_coblocks_attr":"","_coblocks_dimensions":"","_coblocks_responsive_height":"","_coblocks_accordion_ie_support":"","advanced_seo_description":"","jetpack_seo_html_title":"","jetpack_seo_noindex":false,"jetpack_seo_schema_type":"","_jetpack_newsletter_access":"","_jetpack_dont_email_post_to_subs":false,"_jetpack_newsletter_tier_id":0,"_jetpack_memberships_contains_paywalled_content":false,"_wpcom_ai_launchpad_first_post":false,"_jetpack_feature_clip_id":0,"_jetpack_memberships_contains_paid_content":false,"footnotes":"","jetpack_post_was_ever_published":false},"categories":[],"tags":[17212],"class_list":["post-3190","post","type-post","status-publish","format-aside","hentry","tag-america-latina","post_format-post-format-aside"],"jetpack_likes_enabled":false,"jetpack_sharing_enabled":true,"jetpack_shortlink":"https:\/\/wp.me\/p7lt2C-Ps","amp_enabled":true,"jetpack_featured_media_url":"","_links":{"self":[{"href":"https:\/\/correspondenciadeprensa.com\/index.php?rest_route=\/wp\/v2\/posts\/3190","targetHints":{"allow":["GET"]}}],"collection":[{"href":"https:\/\/correspondenciadeprensa.com\/index.php?rest_route=\/wp\/v2\/posts"}],"about":[{"href":"https:\/\/correspondenciadeprensa.com\/index.php?rest_route=\/wp\/v2\/types\/post"}],"author":[{"embeddable":true,"href":"https:\/\/correspondenciadeprensa.com\/index.php?rest_route=\/wp\/v2\/users\/102520410"}],"replies":[{"embeddable":true,"href":"https:\/\/correspondenciadeprensa.com\/index.php?rest_route=%2Fwp%2Fv2%2Fcomments&post=3190"}],"version-history":[{"count":0,"href":"https:\/\/correspondenciadeprensa.com\/index.php?rest_route=\/wp\/v2\/posts\/3190\/revisions"}],"wp:attachment":[{"href":"https:\/\/correspondenciadeprensa.com\/index.php?rest_route=%2Fwp%2Fv2%2Fmedia&parent=3190"}],"wp:term":[{"taxonomy":"category","embeddable":true,"href":"https:\/\/correspondenciadeprensa.com\/index.php?rest_route=%2Fwp%2Fv2%2Fcategories&post=3190"},{"taxonomy":"post_tag","embeddable":true,"href":"https:\/\/correspondenciadeprensa.com\/index.php?rest_route=%2Fwp%2Fv2%2Ftags&post=3190"}],"curies":[{"name":"wp","href":"https:\/\/api.w.org\/{rel}","templated":true}]}}