{"id":3183,"date":"2017-08-11T10:51:33","date_gmt":"2017-08-11T10:51:33","guid":{"rendered":"https:\/\/correspondenciadeprensa.com\/?p=3183"},"modified":"2017-08-11T10:51:33","modified_gmt":"2017-08-11T10:51:33","slug":"bolivia-indigenas-acusan-al-gobierno-de-beneficiar-a-cocaleros-a-expensas-de-sus-comunidades","status":"publish","type":"post","link":"https:\/\/correspondenciadeprensa.com\/?p=3183","title":{"rendered":"Bolivia: Ind\u00edgenas acusan al gobierno de beneficiar a cocaleros a expensas de sus comunidades"},"content":{"rendered":"<p><strong>Bolivia<\/strong><\/p>\n<p><strong>Ind\u00edgenas acusan al gobierno boliviano de beneficiar a cocaleros a expensas de sus comunidades <\/strong><\/p>\n<p><strong>La Diaria, 10-8-2017 \u00a0<\/strong><strong><a href=\"https:\/\/ladiaria.com.uy\/\">https:\/\/ladiaria.com.uy\/<\/a><\/strong><\/p>\n<p>El Congreso de Bolivia aprob\u00f3 una ley que permite la construcci\u00f3n de rutas y caminos en el parque nacional Tipnis, que hab\u00eda sido declarado patrimonio \u201cintangible\u201d por el gobierno de Evo Morales. La norma cont\u00f3 con el respaldo del oficialismo y se prev\u00e9 que sea promulgada en estos d\u00edas por Morales, que la ha defendido con el argumento de que no obedece a un deseo del gobierno sino de la poblaci\u00f3n local. Por su parte, la oposici\u00f3n y un sector de los habitantes de esa reserva natural rechazan la propuesta.<\/p>\n<p>El Senado boliviano, de mayor\u00eda oficialista, aprob\u00f3 ayer una ley que anula la condici\u00f3n de \u201cintangible\u201d atribuida al Territorio Ind\u00edgena y Parque Isiboro S\u00e9cure (Tipnis). La aprobaci\u00f3n de esta norma implica el regreso de una pol\u00e9mica que en 2011 mantuvo en vilo al gobierno de Morales y que fue saldada, justamente, declarando \u201cintangible\u201d ese territorio. Esa soluci\u00f3n lleg\u00f3 despu\u00e9s de una larga serie de protestas y de que una marcha de ind\u00edgenas llegara a La Paz para manifestarse contra los planes de construir all\u00ed una carretera.<\/p>\n<p>El parque Tipnis es una reserva de unos 1,2 millones de hect\u00e1reas que se encuentra en el centro de Bolivia, en la frontera entre los departamentos de Beni y de Cochabamba. All\u00ed viven unos 14.000 ind\u00edgenas de tres etnias \u2013trinitaria-moxe\u00f1a, yuracar\u00e9 y chim\u00e1n\u2013 en 69 comunidades diferentes.<\/p>\n<p>Ahora, como en 2011, se propone la construcci\u00f3n de una ruta que comunique ambos departamentos por el camino m\u00e1s corto, atravesando el parque.<\/p>\n<p>El gobierno defiende esa construcci\u00f3n. La considera necesaria para avanzar en el desarrollo del pa\u00eds en t\u00e9rminos de infraestructura y argumenta, entre otras cosas, que favorecer\u00e1 el acceso a servicios p\u00fablicos en el parque y el comercio dentro del pa\u00eds. En la misma l\u00ednea, el representante de la Organizaci\u00f3n Mundial de la Salud en Bolivia, Fernando Leanes, ha manifestado que es necesario el desarrollo de caminos dentro del parque y argument\u00f3 que en determinadas zonas es necesario caminar hasta siete d\u00edas para recibir atenci\u00f3n m\u00e9dica.<\/p>\n<p>Del mismo modo, el senador oficialista Erwin Rivero, que representa a Beni, dijo en la votaci\u00f3n de la norma que la construcci\u00f3n de infraestructura vial en el parque es necesaria para \u201cllegar con ayuda, con hospitales y escuelas\u201d a la zona.<\/p>\n<p>Los habitantes del lugar rechazan estos argumentos y dicen que el gobierno impulsa la construcci\u00f3n de la carretera para beneficiarse, algo que este \u00faltimo niega. \u201cNo es una iniciativa del gobierno\u201d, dijo Morales en una entrevista con el diario El Deber, en la que sostuvo que la propuesta fue de algunas de las comunidades ind\u00edgenas que viven en el parque.<\/p>\n<p>El presidente se\u00f1al\u00f3 que si la construcci\u00f3n se hubiera iniciado en 2011 ya estar\u00eda terminada y critic\u00f3 a aquellas comunidades ind\u00edgenas que no la respaldaron en ese momento y ahora la piden. \u201cHagamos nosotros o no hagamos, en cualquier momento los ind\u00edgenas abrir\u00e1n ese camino. Tarde o temprano, habr\u00e1 un camino por el Tipnis, con Evo o sin Evo\u201d, dijo el presidente. Por su parte, diputados y senadores del gobernante Movimiento al Socialismo (MAS) han sostenido que cualquier obra se har\u00e1 respetando el medioambiente y previa consulta con las comunidades ind\u00edgenas que podr\u00edan verse afectadas por estas construcciones.<\/p>\n<p>En cambio, la oposici\u00f3n y dirigentes ind\u00edgenas dicen que el gobierno quiere permitir que cocaleros se instalen en el Tipnis para que el MAS se asegure su respaldo en las elecciones presidenciales de 2018.<\/p>\n<p>En el Senado, antes de que se aprobara la ley, el senador \u00d3scar Ortiz, de la opositora Unidad Dem\u00f3crata, asegur\u00f3 que buscar\u00e1 los caminos para evitar la entrada en vigor de la ley que, sostuvo, es inconstitucional. Durante la votaci\u00f3n en el Senado, afuera del Parlamento se desarrollaban protestas de quienes se opon\u00edan a esta iniciativa; algunos de los manifestantes incluso intentaron ingresar al recinto, pero no se les permiti\u00f3 el acceso. Tras la aprobaci\u00f3n de la ley, dos ind\u00edgenas iniciaron una huelga de hambre para exigir a Morales que no la promulgue.<\/p>\n<p>Adem\u00e1s, el activista Fernando Vargas dijo que recurrir\u00e1 ante la Comisi\u00f3n Interamericana de Derechos Humanos (CIDH). Vargas agreg\u00f3 que en primera instancia presentar\u00e1 un recurso contra la ley en el Tribunal Constitucional, aunque espera que esta acci\u00f3n no prospere \u201cporque esta instancia judicial est\u00e1 absorbida por el Ejecutivo\u201d. Una vez rechazada, recurrir\u00e1 ante la CIDH.<\/p>\n<p>Por su parte, la plataforma Fuerza Ciudadana llam\u00f3 a activistas y organizaciones a \u201cunir esfuerzos\u201d para recolectar firmas y forzar la convocatoria a un refer\u00e9ndum sobre la norma aprobada ayer y la Ley de la Coca, aprobada en marzo, que ampl\u00eda la cantidad de hect\u00e1reas disponibles para la plantaci\u00f3n de coca.<\/p>\n","protected":false},"excerpt":{"rendered":"<p>Ahora, como en 2011, se propone la construcci\u00f3n de una ruta que comunique ambos departamentos por el camino m\u00e1s corto, atravesando el parque&#8230;<\/p>\n","protected":false},"author":102520410,"featured_media":0,"comment_status":"open","ping_status":"open","sticky":false,"template":"","format":"aside","meta":{"_coblocks_attr":"","_coblocks_dimensions":"","_coblocks_responsive_height":"","_coblocks_accordion_ie_support":"","advanced_seo_description":"","jetpack_seo_html_title":"","jetpack_seo_noindex":false,"jetpack_seo_schema_type":"","_jetpack_newsletter_access":"","_jetpack_dont_email_post_to_subs":false,"_jetpack_newsletter_tier_id":0,"_jetpack_memberships_contains_paywalled_content":false,"_wpcom_ai_launchpad_first_post":false,"_jetpack_feature_clip_id":0,"_jetpack_memberships_contains_paid_content":false,"footnotes":"","jetpack_post_was_ever_published":false},"categories":[],"tags":[17212,6464040,78455486,15273293,586558129],"class_list":["post-3183","post","type-post","status-publish","format-aside","hentry","tag-america-latina","tag-fuerza-ciudadana","tag-parque-nacional-tipnis","tag-patrimonio-intangible","tag-tres-etnias","post_format-post-format-aside"],"jetpack_likes_enabled":false,"jetpack_sharing_enabled":true,"jetpack_shortlink":"https:\/\/wp.me\/p7lt2C-Pl","amp_enabled":true,"jetpack_featured_media_url":"","_links":{"self":[{"href":"https:\/\/correspondenciadeprensa.com\/index.php?rest_route=\/wp\/v2\/posts\/3183","targetHints":{"allow":["GET"]}}],"collection":[{"href":"https:\/\/correspondenciadeprensa.com\/index.php?rest_route=\/wp\/v2\/posts"}],"about":[{"href":"https:\/\/correspondenciadeprensa.com\/index.php?rest_route=\/wp\/v2\/types\/post"}],"author":[{"embeddable":true,"href":"https:\/\/correspondenciadeprensa.com\/index.php?rest_route=\/wp\/v2\/users\/102520410"}],"replies":[{"embeddable":true,"href":"https:\/\/correspondenciadeprensa.com\/index.php?rest_route=%2Fwp%2Fv2%2Fcomments&post=3183"}],"version-history":[{"count":2,"href":"https:\/\/correspondenciadeprensa.com\/index.php?rest_route=\/wp\/v2\/posts\/3183\/revisions"}],"predecessor-version":[{"id":3185,"href":"https:\/\/correspondenciadeprensa.com\/index.php?rest_route=\/wp\/v2\/posts\/3183\/revisions\/3185"}],"wp:attachment":[{"href":"https:\/\/correspondenciadeprensa.com\/index.php?rest_route=%2Fwp%2Fv2%2Fmedia&parent=3183"}],"wp:term":[{"taxonomy":"category","embeddable":true,"href":"https:\/\/correspondenciadeprensa.com\/index.php?rest_route=%2Fwp%2Fv2%2Fcategories&post=3183"},{"taxonomy":"post_tag","embeddable":true,"href":"https:\/\/correspondenciadeprensa.com\/index.php?rest_route=%2Fwp%2Fv2%2Ftags&post=3183"}],"curies":[{"name":"wp","href":"https:\/\/api.w.org\/{rel}","templated":true}]}}