{"id":31566,"date":"2022-12-18T20:47:18","date_gmt":"2022-12-18T19:47:18","guid":{"rendered":"https:\/\/correspondenciadeprensa.com\/?p=31566"},"modified":"2022-12-18T20:47:18","modified_gmt":"2022-12-18T19:47:18","slug":"colombia-la-verdad-que-se-oculta-en-los-cementerios-catalina-oquendo","status":"publish","type":"post","link":"https:\/\/correspondenciadeprensa.com\/?p=31566","title":{"rendered":"Colombia &#8211; La verdad que se oculta en los cementerios.  [Catalina Oquendo]"},"content":{"rendered":"\n<p class=\"has-text-align-right wp-block-paragraph\" style=\"font-size:12px\">Hayd\u00e9, madre de un desaparecido, en el cementerio de Puerto L\u00f3pez, Meta, el 7 de diciembre de 2022. Foto: JUAN CARLOS ZAPATA<\/p>\n\n\n\n<p class=\"has-text-color wp-block-paragraph\" style=\"color:#060000\"><strong>La Unidad de b\u00fasqueda de personas dadas por desaparecidas exhum\u00f3 15 cuerpos en Puerto L\u00f3pez (Meta). Logr\u00f3 conocer la identidad de dos de ellos<\/strong><\/p>\n\n\n\n<p class=\"has-text-color wp-block-paragraph\" style=\"color:#060000\"><strong>Catalina Oquendo, Bogot\u00e1<\/strong><\/p>\n\n\n\n<p class=\"has-text-color wp-block-paragraph\" style=\"color:#060000\"><strong><a href=\"https:\/\/elpais.com\/america-colombia\/2022-12-18\/la-verdad-que-se-oculta-en-los-cementerios-de-colombia.html\">El Pa\u00eds<\/a>, 18-12-2022<\/strong><\/p>\n\n\n\n<p class=\"has-text-color wp-block-paragraph\" style=\"color:#060000\"><strong><a href=\"https:\/\/correspondenciadeprensa.com\/\">Correspondencia de Prensa<\/a>, 18-12-2022<\/strong><\/p>\n\n\n\n<p class=\"has-text-align-justify has-text-color wp-block-paragraph\" style=\"color:#080000\">El antrop\u00f3logo est\u00e1 sentado al lado de los huesos que acaba de encontrar. Anota en una libreta con una letra diminuta. Parece escribiendo un poema doloroso al lado del cad\u00e1ver. Est\u00e1 metido en una fosa que excav\u00f3 durante horas, doblado al lado del cuerpo. Cada detalle que apunta es la ruta que podr\u00eda ayudar a esos restos a encontrar a su familia, a que esa persona repose finalmente junto a los suyos. Excava, escribe y dicta.<\/p>\n\n\n\n<p class=\"has-text-align-justify has-text-color wp-block-paragraph\" style=\"color:#080000\">Est\u00e1 en el cementerio de Puerto L\u00f3pez, un municipio del Meta, en el centro de Colombia, que vivi\u00f3 una de las guerras m\u00e1s cruentas entre grupos paramilitares. El camposanto, como ha ocurrido en muchos lugares de Colombia, se convirti\u00f3 en el mejor lugar para esconder a los desaparecidos. Ocultar muertos entre muertos fue la estrategia perfecta.<\/p>\n\n\n\n<p class=\"has-text-align-justify has-text-color wp-block-paragraph\" style=\"color:#080000\">Es la primera vez que se busca a desaparecidos ah\u00ed. En el acuerdo de paz entre las Farc y el Estado se cre\u00f3 la Unidad de B\u00fasqueda para Personas Dadas por Desaparecidas que tiene como misi\u00f3n encontrar a 120.000 desaparecidos por el conflicto armado en todo el pa\u00eds. Un trabajo que parece inabarcable para el cual tienen 20 a\u00f1os. Solo en este cementerio, a mediados de diciembre, exhumaron 15 cuerpos y de dos consiguieron saber la identidad.<\/p>\n\n\n\n<p class=\"has-text-align-justify has-text-color wp-block-paragraph\" style=\"color:#080000\">Hasta all\u00e1 y, despu\u00e9s de desplazarse 800 kil\u00f3metros, lleg\u00f3 una familia de Choc\u00f3 para recuperar a su hijo, vinculado a uno de los frentes paramilitares que se disputaba la regi\u00f3n. Despu\u00e9s de a\u00f1os de silencio y miedo, decidieron buscarlo y acudieron a la Unidad de B\u00fasqueda en Quibd\u00f3. \u00c9sta se comunic\u00f3 con la del Meta. Cruzaron informaci\u00f3n. Y, aunque falta una confirmaci\u00f3n total con el Instituto de Medicina Legal, la familia logr\u00f3 encontrar los restos del muchacho, un hombre afro que fue desplazado a pelear muy lejos de su tierra natal.<\/p>\n\n\n<div class=\"wp-block-image\">\n<figure class=\"aligncenter size-large is-resized\"><img data-recalc-dims=\"1\" loading=\"lazy\" decoding=\"async\" data-attachment-id=\"31572\" data-permalink=\"https:\/\/correspondenciadeprensa.com\/?attachment_id=31572\" data-orig-file=\"https:\/\/i0.wp.com\/correspondenciadeprensa.com\/wp-content\/uploads\/2022\/12\/Colombia1812-II.jpg?fit=1276%2C804&amp;ssl=1\" data-orig-size=\"1276,804\" data-comments-opened=\"0\" data-image-meta=\"{&quot;aperture&quot;:&quot;6.3&quot;,&quot;credit&quot;:&quot;&quot;,&quot;camera&quot;:&quot;ILCE-7M3&quot;,&quot;caption&quot;:&quot;&quot;,&quot;created_timestamp&quot;:&quot;1670415384&quot;,&quot;copyright&quot;:&quot;&quot;,&quot;focal_length&quot;:&quot;25&quot;,&quot;iso&quot;:&quot;500&quot;,&quot;shutter_speed&quot;:&quot;0.0025&quot;,&quot;title&quot;:&quot;&quot;,&quot;orientation&quot;:&quot;1&quot;}\" data-image-title=\"Colombia1812-II\" data-image-description=\"\" data-image-caption=\"\" data-large-file=\"https:\/\/i0.wp.com\/correspondenciadeprensa.com\/wp-content\/uploads\/2022\/12\/Colombia1812-II.jpg?fit=656%2C413&amp;ssl=1\" src=\"https:\/\/i0.wp.com\/correspondenciadeprensa.com\/wp-content\/uploads\/2022\/12\/Colombia1812-II.jpg?resize=656%2C413&#038;ssl=1\" alt=\"\" class=\"wp-image-31572\" width=\"656\" height=\"413\" srcset=\"https:\/\/i0.wp.com\/correspondenciadeprensa.com\/wp-content\/uploads\/2022\/12\/Colombia1812-II.jpg?resize=1024%2C645&amp;ssl=1 1024w, https:\/\/i0.wp.com\/correspondenciadeprensa.com\/wp-content\/uploads\/2022\/12\/Colombia1812-II.jpg?resize=300%2C189&amp;ssl=1 300w, https:\/\/i0.wp.com\/correspondenciadeprensa.com\/wp-content\/uploads\/2022\/12\/Colombia1812-II.jpg?resize=768%2C484&amp;ssl=1 768w, https:\/\/i0.wp.com\/correspondenciadeprensa.com\/wp-content\/uploads\/2022\/12\/Colombia1812-II.jpg?resize=1200%2C756&amp;ssl=1 1200w, https:\/\/i0.wp.com\/correspondenciadeprensa.com\/wp-content\/uploads\/2022\/12\/Colombia1812-II.jpg?w=1276&amp;ssl=1 1276w\" sizes=\"auto, (max-width: 656px) 100vw, 656px\" \/><figcaption class=\"wp-element-caption\">Acto simb\u00f3lico por los desaparecidos en el departamento del Meta, en el cementerio de Puerto L\u00f3pez. Foto. JUAN CARLOS ZAPATA<\/figcaption><\/figure>\n<\/div>\n\n\n<p class=\"has-text-align-justify has-text-color wp-block-paragraph\" style=\"color:#080000\">Su caso les demostr\u00f3 a los funcionarios forenses que, por las din\u00e1micas del conflicto armado, la b\u00fasqueda debe hacerse de forma cruzada y no necesariamente en el lugar donde viv\u00edan o trabajaban las personas. La informaci\u00f3n que tienen hasta ahora tambi\u00e9n les indica que deben seguir una l\u00ednea que analice la racializaci\u00f3n de la guerra y establecer un eje que busque a muchachas que fueron trabajadoras sexuales contratadas por esos grupos armados. A ellas, explica una investigadora, casi nadie las busca por el estigma.<\/p>\n\n\n\n<p class=\"has-text-align-justify has-text-color wp-block-paragraph\" style=\"color:#080000\">En esa regi\u00f3n de Colombia se enfrentaron dos bloques: los llamados urabe\u00f1os, de Carlos Casta\u00f1o, y los \u2018buitrague\u00f1os\u2019 al mando de H\u00e9ctor Buitrago, conocido como Mart\u00edn Llanos. Los primeros eran j\u00f3venes de zonas afro del norte del pa\u00eds, como Choc\u00f3 y Urab\u00e1, que fueron trasladados hasta el Meta; los segundos inclu\u00edan a muchos menores reclutados que el comandante paramilitar usaba como escudos. En el Meta todav\u00eda mencionan un d\u00eda en que llegaron a Puerto L\u00f3pez con 30 muchachos muertos en combates. La Comisi\u00f3n de la Verdad document\u00f3 que entre 2003 y 2010 se incrementaron las desapariciones en todo el pa\u00eds, debido al rearme paramilitar posterior al proceso de desmovilizaci\u00f3n de ese grupo.<\/p>\n\n\n\n<p class=\"has-text-align-justify has-text-color wp-block-paragraph\" style=\"color:#080000\">Hasta el cementerio, donde el antrop\u00f3logo anotaba detalles metido en la fosa, lleg\u00f3 otra familia de Paz de Ariporo, en el vecino departamento de Casanare, para buscar a su hijo. Y otra familia m\u00e1s escuch\u00f3 por radio de la intervenci\u00f3n forense y se program\u00f3 para ir al camposanto. Llegaron otras 20 familias buscadoras, la mayor\u00eda de mujeres que guardan la esperanza de encontrar a sus hijos, hijas o hermanos. Mujeres bravas, con historias de dolor que revisitan cada instante de su vida y que no bajan la guardia.<\/p>\n\n\n\n<p class=\"has-text-color wp-block-paragraph\" style=\"color:#080000\"><strong>Las buscadoras<\/strong><\/p>\n\n\n\n<p class=\"has-text-align-justify has-text-color wp-block-paragraph\" style=\"color:#080000\">Mery Portela es una mujer decidida que sabe d\u00f3nde est\u00e1 el cuerpo de su hija. Lo tiene claro porque estuvo a pocos metros de ella cuando un jefe paramilitar le impidi\u00f3 llegar al cuerpo de Norma Alexandra Quesada, La crespa, asesinada por el grupo para el que trabajaba. La se\u00f1ora recuerda que estaba preparando tamales una tarde de s\u00e1bado de 2003 cuando le avisaron de la muerte de su ni\u00f1a y que, al d\u00eda siguiente, sin miedo ya, se dirigi\u00f3 al lugar y enfrent\u00f3 al comandante. Se le arrodill\u00f3 primero y luego, ante la indiferencia del hombre, se levant\u00f3 y le zamp\u00f3 dos pu\u00f1os que pudieron dejarla muerta a ella tambi\u00e9n. \u201cEl viejo ese solo dec\u00eda: qu\u00edtenmela de aqu\u00ed. Yo le exig\u00ed que me devolviera a mi ni\u00f1a, que ya la hab\u00edan picado, que me la entregara\u201d, cuenta.<\/p>\n\n\n\n<p class=\"has-text-align-justify has-text-color wp-block-paragraph\" style=\"color:#080000\">La crespa qued\u00f3 bajo un \u00e1rbol grande entre Villanueva y Tauramena, Casanare. A\u00f1os despu\u00e9s, una persona que intent\u00f3 recuperar el cuerpo tambi\u00e9n fue asesinada. Mery espera que esta vez el impulso de la b\u00fasqueda de desaparecidos que se ha despertado en el pa\u00eds le ayude a tenerla cerca. \u201cYo le pido a dios que me d\u00e9 la licencia antes de llevarme de darle sepultura a mi hija, as\u00ed sea la sola harinita. Si hay necesidad de ir all\u00e1, yo voy\u201d, dice.<\/p>\n\n\n\n<p class=\"has-text-align-justify has-text-color wp-block-paragraph\" style=\"color:#080000\">En esa zona hubo quienes entraron a grupos armados por decisi\u00f3n propia, pero tambi\u00e9n reclutamiento forzado. \u00d3scar Alejandro Murillo Garc\u00eda, el hijo de la se\u00f1ora Hayd\u00e9 Garc\u00eda, est\u00e1 desaparecido desde hace 19 a\u00f1os. El muchacho, cuenta la mujer entre l\u00e1grimas y dolor en carne viva, se fue a trabajar a una finca como jornalero y una persona lo vendi\u00f3 al grupo paramilitar por 200.000 pesos. Como Mery, se enfrent\u00f3 a los armados pero con otra estrategia. \u201cLes ofrec\u00ed que me cambiaran por \u00e9l. Que me lo devolvieran y yo me iba a cocinarles a lo que ellos necesitaran. Les dec\u00eda \u00e9l solo tiene 16 a\u00f1os que \u00e9l viva, devu\u00e9lvanmelo, yo me quedo aqu\u00ed al menos para darle un abrazo\u201d. La respuesta fue un golpe con un fusil que la dej\u00f3 tirada en el piso y un silencio que perdura.<\/p>\n\n\n<div class=\"wp-block-image\">\n<figure class=\"aligncenter size-full is-resized\"><img data-recalc-dims=\"1\" loading=\"lazy\" decoding=\"async\" data-attachment-id=\"31574\" data-permalink=\"https:\/\/correspondenciadeprensa.com\/?attachment_id=31574\" data-orig-file=\"https:\/\/i0.wp.com\/correspondenciadeprensa.com\/wp-content\/uploads\/2022\/12\/Colombia1812-III.jpg?fit=1019%2C619&amp;ssl=1\" data-orig-size=\"1019,619\" data-comments-opened=\"0\" data-image-meta=\"{&quot;aperture&quot;:&quot;4&quot;,&quot;credit&quot;:&quot;&quot;,&quot;camera&quot;:&quot;ILCE-7M3&quot;,&quot;caption&quot;:&quot;&quot;,&quot;created_timestamp&quot;:&quot;1670430268&quot;,&quot;copyright&quot;:&quot;&quot;,&quot;focal_length&quot;:&quot;24&quot;,&quot;iso&quot;:&quot;500&quot;,&quot;shutter_speed&quot;:&quot;0.003125&quot;,&quot;title&quot;:&quot;&quot;,&quot;orientation&quot;:&quot;1&quot;}\" data-image-title=\"Colombia1812-III\" data-image-description=\"\" data-image-caption=\"\" data-large-file=\"https:\/\/i0.wp.com\/correspondenciadeprensa.com\/wp-content\/uploads\/2022\/12\/Colombia1812-III.jpg?fit=656%2C398&amp;ssl=1\" src=\"https:\/\/i0.wp.com\/correspondenciadeprensa.com\/wp-content\/uploads\/2022\/12\/Colombia1812-III.jpg?resize=656%2C398&#038;ssl=1\" alt=\"\" class=\"wp-image-31574\" width=\"656\" height=\"398\" srcset=\"https:\/\/i0.wp.com\/correspondenciadeprensa.com\/wp-content\/uploads\/2022\/12\/Colombia1812-III.jpg?w=1019&amp;ssl=1 1019w, https:\/\/i0.wp.com\/correspondenciadeprensa.com\/wp-content\/uploads\/2022\/12\/Colombia1812-III.jpg?resize=300%2C182&amp;ssl=1 300w, https:\/\/i0.wp.com\/correspondenciadeprensa.com\/wp-content\/uploads\/2022\/12\/Colombia1812-III.jpg?resize=768%2C467&amp;ssl=1 768w\" sizes=\"auto, (max-width: 656px) 100vw, 656px\" \/><figcaption class=\"wp-element-caption\">Exhumaci\u00f3n de cuerpos en el cementerio de Puerto L\u00f3pez, Meta, el 7 de diciembre de 2022. Foto. JUAN CARLOS ZAPATA<\/figcaption><\/figure>\n<\/div>\n\n\n<p class=\"has-text-align-justify has-text-color wp-block-paragraph\" style=\"color:#080000\">El muchacho hab\u00eda alcanzado a enviar una carta pidiendo ayuda, diciendo que lo ten\u00edan los buitrague\u00f1os. La mujer emprendi\u00f3 camino a rescatarlo, fue a la finca donde lo hab\u00edan contratado y le exigi\u00f3 al hombre que la llevara hasta el campamento paramilitar. \u201cSali\u00f3 un tipo. Yo se lo dibuj\u00e9, le dije alto, flaquito, crespito, tiene los pies grandes, rodill\u00f3n, un lunar ac\u00e1. Sali\u00f3 otro y dijo es blanquito. Ah\u00ed supe que ellos lo ten\u00edan\u201d.<\/p>\n\n\n\n<p class=\"has-text-align-justify has-text-color wp-block-paragraph\" style=\"color:#080000\">Hayd\u00e9 carga dos cruces, dice, porque tambi\u00e9n busca a su hermano William, del que no se sabe nada hace casi treinta a\u00f1os. \u201cYo espero que al menos me digan \u2018mire este pedacito era de su hijo o de su hermano\u2019. Ser\u00eda muy duro, pero al mismo tiempo nuestro coraz\u00f3n descansar\u00eda, porque ahora es como si estuvieran secuestrados. No se sabe qui\u00e9n los tiene, d\u00f3nde est\u00e1n, si comieron, si no comieron\u201d.<\/p>\n\n\n\n<p class=\"has-text-align-justify has-text-color wp-block-paragraph\" style=\"color:#080000\">Las b\u00fasquedas de tantos a\u00f1os suele ser desalentadora para estas familias. En el camino muchas terminan pasando de v\u00edctimas a l\u00edderes comunitarios. Pride, como quiere ser reconocido, es una persona en transici\u00f3n y la hermana de \u00d3scar Alejandro. \u201cEmpec\u00e9 con mi mam\u00e1 buscando a mi hermano. Llevamos 19 a\u00f1os busc\u00e1ndolo y no me rindo. Ahora trabajo por buscar a las personas LGBTI desaparecidas durante el conflicto. Entend\u00ed que somos muy vulnerables y es m\u00e1s complicado encontrarlas\u201d, cuenta en el cementerio de Puerto L\u00f3pez, a unos metros de donde siguen las excavaciones.<\/p>\n\n\n\n<p class=\"has-text-align-justify has-text-color wp-block-paragraph\" style=\"color:#080000\">Metidos en las fosas, los forenses siguen recuperando cuerpos y detalles. En el rompecabezas que es la desaparici\u00f3n, cada pieza cuenta. Es la semana de las velitas, cuando en Colombia se encienden las luces como anticipo de la Navidad, y en esta intervenci\u00f3n han encontrado algunas luces. En medio de los cuerpos encontraron unos peque\u00f1os tarros verdes con tapa. Dentro de ellos, la informaci\u00f3n y n\u00famero de las necropsias, una ruta que les facilita el trabajo de identificaci\u00f3n a los forenses. Se trata de la decisi\u00f3n de un funcionario de Medicina Legal, que pide no ser nombrado y que en las \u00e9pocas m\u00e1s \u00e1lgidas del conflicto decidi\u00f3 dejar el frasco con informaci\u00f3n de los muertos pensando que alg\u00fan d\u00eda pudiera ayudar a identificarlos. En cada regi\u00f3n, los sepultureros o forenses de los pueblos se ingeniaron estrategias como esas, pero este hombre adem\u00e1s dibuj\u00f3 mapas del cementerio que ahora sirvieron de ruta para los forenses de la Unidad de B\u00fasqueda.<\/p>\n\n\n\n<p class=\"has-text-align-justify has-text-color wp-block-paragraph\" style=\"color:#080000\">Organizaciones sociales del Meta tambi\u00e9n han entregado informaci\u00f3n valiosa para encontrar a los desaparecidos. Desde hace una d\u00e9cada, los integrantes del colectivo Orlando Fals Borda desarrollan una estrategia llamada b\u00fasqueda inversa que empez\u00f3 cuando esa organizaci\u00f3n evidenci\u00f3 que en el municipio de La Macarena hab\u00eda un cementerio al que llegaban helic\u00f3pteros que arrojaban cuerpos. \u201cEl sepulturero lo \u00fanico que atinaba era a abrir un hueco, echar tierra y ponerles NN, como se conoc\u00eda antes a los cuerpos no identificados\u201d, recuerda Adriana Pestana, sic\u00f3loga del colectivo. Era la punta del iceberg de la desaparici\u00f3n en cementerios. A\u00f1os despu\u00e9s, la Fiscal\u00eda hizo un censo y determin\u00f3 que habr\u00eda 26.000 desaparecidos en los cementerios. En solo en cinco del Meta habr\u00eda 2.300 personas no identificadas. El colectivo insisti\u00f3, luch\u00f3 y las autoridades establecieron la identidad de al menos 830 ciudadanos.<\/p>\n\n\n\n<p class=\"has-text-align-justify has-text-color wp-block-paragraph\" style=\"color:#080000\">Pero la informaci\u00f3n se quedaba en una burbuja burocr\u00e1tica y las familias no se enteraban de que su desaparecido estaba identificado y ubicado. Al colectivo se le ocurri\u00f3 entonces recopilar las fotos de esas personas y ponerlas en un afiche lleno de rostros y nombres con el que viaja por todo el pa\u00eds. En su campa\u00f1a, llamada Contemos la Verdad, son las v\u00edctimas, los desaparecidos, los que buscan a sus familiares. Hay gente que los ha contactado y ha logrado que les entreguen los restos de sus desaparecidos. Como el antrop\u00f3logo, como Mery, Hayd\u00e9, Pride o la familia del Choc\u00f3, en Colombia hasta las v\u00edctimas son buscadoras.<\/p>\n","protected":false},"excerpt":{"rendered":"<p>La Unidad de b\u00fasqueda de personas dadas por desaparecidas exhum\u00f3 15 cuerpos en Puerto L\u00f3pez (Meta). Logr\u00f3 conocer la identidad de dos de ellos<\/p>\n","protected":false},"author":102520410,"featured_media":31571,"comment_status":"closed","ping_status":"closed","sticky":false,"template":"","format":"standard","meta":{"_coblocks_attr":"","_coblocks_dimensions":"","_coblocks_responsive_height":"","_coblocks_accordion_ie_support":"","_crdt_document":"","advanced_seo_description":"","jetpack_seo_html_title":"","jetpack_seo_noindex":false,"_jetpack_newsletter_access":"","_jetpack_dont_email_post_to_subs":false,"_jetpack_newsletter_tier_id":0,"_jetpack_memberships_contains_paywalled_content":false,"_jetpack_memberships_contains_paid_content":false,"footnotes":"","jetpack_post_was_ever_published":false},"categories":[],"tags":[17212,260577,703604848,703605137],"class_list":{"0":"post-31566","1":"post","2":"type-post","3":"status-publish","4":"format-standard","5":"has-post-thumbnail","6":"hentry","7":"tag-america-latina","8":"tag-choco","9":"tag-desaparecidos","10":"tag-lgbti","12":"fallback-thumbnail"},"jetpack_featured_media_url":"https:\/\/i0.wp.com\/correspondenciadeprensa.com\/wp-content\/uploads\/2022\/12\/Colombia1812-I-2170034044-e1671392532379.jpg?fit=1963%2C1070&ssl=1","jetpack_likes_enabled":false,"jetpack_sharing_enabled":true,"jetpack_shortlink":"https:\/\/wp.me\/p7lt2C-8d8","amp_enabled":true,"_links":{"self":[{"href":"https:\/\/correspondenciadeprensa.com\/index.php?rest_route=\/wp\/v2\/posts\/31566","targetHints":{"allow":["GET"]}}],"collection":[{"href":"https:\/\/correspondenciadeprensa.com\/index.php?rest_route=\/wp\/v2\/posts"}],"about":[{"href":"https:\/\/correspondenciadeprensa.com\/index.php?rest_route=\/wp\/v2\/types\/post"}],"author":[{"embeddable":true,"href":"https:\/\/correspondenciadeprensa.com\/index.php?rest_route=\/wp\/v2\/users\/102520410"}],"replies":[{"embeddable":true,"href":"https:\/\/correspondenciadeprensa.com\/index.php?rest_route=%2Fwp%2Fv2%2Fcomments&post=31566"}],"version-history":[{"count":6,"href":"https:\/\/correspondenciadeprensa.com\/index.php?rest_route=\/wp\/v2\/posts\/31566\/revisions"}],"predecessor-version":[{"id":31575,"href":"https:\/\/correspondenciadeprensa.com\/index.php?rest_route=\/wp\/v2\/posts\/31566\/revisions\/31575"}],"wp:featuredmedia":[{"embeddable":true,"href":"https:\/\/correspondenciadeprensa.com\/index.php?rest_route=\/wp\/v2\/media\/31571"}],"wp:attachment":[{"href":"https:\/\/correspondenciadeprensa.com\/index.php?rest_route=%2Fwp%2Fv2%2Fmedia&parent=31566"}],"wp:term":[{"taxonomy":"category","embeddable":true,"href":"https:\/\/correspondenciadeprensa.com\/index.php?rest_route=%2Fwp%2Fv2%2Fcategories&post=31566"},{"taxonomy":"post_tag","embeddable":true,"href":"https:\/\/correspondenciadeprensa.com\/index.php?rest_route=%2Fwp%2Fv2%2Ftags&post=31566"}],"curies":[{"name":"wp","href":"https:\/\/api.w.org\/{rel}","templated":true}]}}