{"id":30532,"date":"2022-10-30T20:58:37","date_gmt":"2022-10-30T19:58:37","guid":{"rendered":"https:\/\/correspondenciadeprensa.com\/?p=30532"},"modified":"2022-10-30T20:58:37","modified_gmt":"2022-10-30T19:58:37","slug":"iran-la-batalla-mas-silenciosa-de-las-iranies-arina-moradi","status":"publish","type":"post","link":"https:\/\/correspondenciadeprensa.com\/?p=30532","title":{"rendered":"Ir\u00e1n &#8211; La batalla m\u00e1s silenciosa de las iran\u00edes. [Arina Moradi]"},"content":{"rendered":"\n<p class=\"has-text-color wp-block-paragraph\" style=\"color:#090000\"><strong><a href=\"https:\/\/vientosur.info\/la-batalla-mas-silenciosa-de-las-iranies\/\">Viento Sur<\/a>, 29-10-2022<\/strong><\/p>\n\n\n\n<p class=\"has-text-color wp-block-paragraph\" style=\"color:#090000\"><strong><a href=\"https:\/\/correspondenciadeprensa.com\/\">Correspondencia de Prensa<\/a>, 30-10-2022<\/strong><\/p>\n\n\n\n<p class=\"has-text-align-justify has-text-color wp-block-paragraph\" style=\"color:#060000\">Las protestas que encienden las calles de Ir\u00e1n se nutren de mujeres que arriesgan su libertad, e incluso su integridad f\u00edsica, en su repulsa a la teocracia en el poder. Tambi\u00e9n est\u00e1n las que comparten ese anhelo de cambio, pero se ven obligadas a luchar desde casa.<\/p>\n\n\n\n<p class=\"has-text-align-justify has-text-color wp-block-paragraph\" style=\"color:#060000\">Ha pasado m\u00e1s de un mes desde que Bay\u00e1n, una profesora de lengua persa de 30 a\u00f1os, sali\u00f3 por \u00faltima vez de su casa en la ciudad kurda de Piranshahr, al oeste del pa\u00eds. Su familia tiene miedo a la detenci\u00f3n, la tortura y, especialmente, a la posibilidad de que sea v\u00edctima de violencia sexual por parte de las fuerzas de seguridad en los centros de detenci\u00f3n.<\/p>\n\n\n\n<p class=\"has-text-align-justify has-text-color wp-block-paragraph\" style=\"color:#060000\">\u00abLes dije que estoy dispuesta a morir ahora en esta lucha antes que morir lentamente en este pa\u00eds\u00bb, explica esta kurda por tel\u00e9fono. Como el resto de todas las entrevistadas desde Copenhague, Bay\u00e1n no quiere revelar su identidad por temor a represalias.<\/p>\n\n\n\n<p class=\"has-text-align-justify has-text-color wp-block-paragraph\" style=\"color:#060000\">Fue el pasado 16 de septiembre cuando Mahsa Amini, una joven kurda de 22 a\u00f1os, fue detenida por la \u00abPolic\u00eda de la Moral\u00bb iran\u00ed por llevar mal colocado el velo isl\u00e1mico. Falleci\u00f3 ese mismo d\u00eda por los golpes recibidos. Desde entonces, miles de iran\u00edes han tomado las calles al grito de \u00abmujer, vida y libertad\u00bb, aunque hay muchas mujeres a las que nadie ha visto hasta ahora entre los manifestantes. Como Bay\u00e1n, sue\u00f1an con la libertad a\u00fan sin poder salir de sus casas.<\/p>\n\n\n\n<p class=\"has-text-align-justify has-text-color wp-block-paragraph\" style=\"color:#060000\">Para los hombres es mucho m\u00e1s f\u00e1cil. Sor\u00e1n, el hermano menor de Bay\u00e1n, dice que se ha unido a casi todas las protestas de la ciudad. Sus padres tambi\u00e9n le han advertido de los riesgos, pero no pueden evitar que abandone la casa familiar. \u00abTrat\u00e9 de convencer a mis padres de que dejaran que mi hermana se uniera a m\u00ed, pero no lo permitieron, as\u00ed que encontramos una forma m\u00e1s segura de participar\u00bb, dice este kurdo de 24 a\u00f1os. Han elaborado juntos una lista de contactos de periodistas fuera del pa\u00eds.<\/p>\n\n\n\n<p class=\"has-text-align-justify has-text-color wp-block-paragraph\" style=\"color:#060000\">\u00abMi hermano sale a las protestas y busca noticias. Yo contacto a los periodistas de la lista para contarles lo que est\u00e1 pasando y les env\u00edo v\u00eddeos, fotos y los nombres de aquellos que creemos que han sido arrestados por las fuerzas de seguridad\u00bb, explica Bay\u00e1n.<\/p>\n\n\n\n<p class=\"has-text-color wp-block-paragraph\" style=\"color:#060000\"><strong>\u00abArrestos masivos\u00bb<\/strong><\/p>\n\n\n\n<p class=\"has-text-align-justify has-text-color wp-block-paragraph\" style=\"color:#060000\">Seg\u00fan la agencia estatal de noticias IRNA, m\u00e1s de 1.000 personas, incluidos periodistas, han sido arrestadas en todo Ir\u00e1n, pero se estima que el n\u00famero real es mucho mayor.<\/p>\n\n\n\n<p class=\"has-text-align-justify has-text-color wp-block-paragraph\" style=\"color:#060000\">No hay cifras oficiales sobre el n\u00famero de detenidos en las recientes protestas en el pa\u00eds. En su informe del pasado 18 de octubre, Naciones Unidas advirti\u00f3 sobre \u00abarrestos masivos de manifestantes\u00bb, incluida la detenci\u00f3n de al menos 90 activistas de los derechos civiles, defensores de derechos humanos, abogados, artistas y periodistas.<\/p>\n\n\n\n<p class=\"has-text-align-justify has-text-color wp-block-paragraph\" style=\"color:#060000\">La periodista iran\u00ed Nilufar Hamedi est\u00e1 entre los detenidos. El 16 de septiembre, Hamedi obtuvo acceso al Hospital Kasra en Teher\u00e1n, donde Mahsa Amini estaba siendo tratada tras su detenci\u00f3n. Poco despu\u00e9s, Hamedi public\u00f3 una foto de los padres de Amini abrazados y llorando en el hospital. La imagen se difundi\u00f3 r\u00e1pidamente junto con el informe de Hamedi sobre la muerte de Amini, lo que hizo estallar las protestas por todo el pa\u00eds.<\/p>\n\n\n\n<p class=\"has-text-align-justify has-text-color wp-block-paragraph\" style=\"color:#060000\">En la capital del pa\u00eds, Teher\u00e1n, Neda, de 38 a\u00f1os y madre de dos hijos tambi\u00e9n aporta su granito de arena. Desde el principio ha albergado a decenas de manifestantes que eran perseguidos por las fuerzas de seguridad y necesitaban un lugar donde esconderse.<\/p>\n\n\n\n<p class=\"has-text-align-justify has-text-color wp-block-paragraph\" style=\"color:#060000\">\u00abLa primera vez fue en la segunda noche de las protestas en Teher\u00e1n. Alrededor de la medianoche, un grupo de seis mujeres y hombres j\u00f3venes golpeaba mi puerta pidiendo ayuda. Abr\u00ed la puerta lo m\u00e1s r\u00e1pido posible y la cerr\u00e9 a\u00fan m\u00e1s r\u00e1pido. Me emocion\u00e9 tanto que llor\u00e9 y abrac\u00e9 a una de las j\u00f3venes. No puedo olvidar sus rostros inocentes\u00bb, cuenta la iran\u00ed en conversaci\u00f3n telef\u00f3nica.<\/p>\n\n\n\n<p class=\"has-text-align-justify has-text-color wp-block-paragraph\" style=\"color:#060000\">Desde aquella noche, Neda siempre est\u00e1 preparada cada vez que hay una protesta en su barrio. Reparte comida, agua, medicinas o lo que necesiten los manifestantes que se esconden de las fuerzas antidisturbios. \u00abUna noche, hab\u00eda un ni\u00f1o al que le dispararon en la pierna derecha. Llam\u00e9 a un amigo m\u00edo que es m\u00e9dico para que lo tratara en mi casa. No pod\u00edamos arriesgarnos a llevarlo al hospital por su propia seguridad\u00bb, cuenta.<\/p>\n\n\n\n<p class=\"has-text-align-justify has-text-color wp-block-paragraph\" style=\"color:#060000\">Neda sue\u00f1a con ver el fin de la Rep\u00fablica Isl\u00e1mica con sus propios ojos. \u00abDeseo ver a mis hijos crecer en un pa\u00eds donde haya respeto por la mujer, la libertad y la igualdad\u00bb. Pero le cuesta convencer a su marido de que la deje salir de la casa para unirse a los manifestantes en las calles.<\/p>\n\n\n\n<p class=\"has-text-align-justify has-text-color wp-block-paragraph\" style=\"color:#060000\">\u00abTodo el mundo espera que una madre de dos hijos se quede en casa con los ni\u00f1os mientras esos j\u00f3venes arriesgan su vida en las calles. Siento que ardo de impotencia\u2026\u00bb, lamenta esta iran\u00ed.<\/p>\n\n\n\n<p class=\"has-text-color wp-block-paragraph\" style=\"color:#060000\"><strong>M\u00e1s que un eslogan<\/strong><\/p>\n\n\n\n<p class=\"has-text-align-justify has-text-color wp-block-paragraph\" style=\"color:#060000\">Hasta el 15 de octubre, al menos 215 personas, incluidos 27 ni\u00f1os, han muerto en las protestas en Ir\u00e1n, seg\u00fan un informe de Iran Human Rights. \u00abLa insensata violencia estatal que incluso ha tenido como objetivo a ni\u00f1os y presos, junto a acusaciones falsas esgrimidas por funcionarios de la Rep\u00fablica Isl\u00e1mica, hace que sea m\u00e1s crucial que nunca que la comunidad internacional establezca un mecanismo independiente bajo la supervisi\u00f3n de la ONU para que se investigue y se persiga a los culpables\u00bb, dec\u00eda el director de la organizaci\u00f3n, Mahmood Amiry-Moghaddam, en dicho informe.<\/p>\n\n\n\n<p class=\"has-text-align-justify has-text-color wp-block-paragraph\" style=\"color:#060000\">El 17 de octubre, Amnist\u00eda Internacional tambi\u00e9n pidi\u00f3 al Consejo de Derechos Humanos de la ONU que celebre una sesi\u00f3n especial sobre Ir\u00e1n \u00abcon car\u00e1cter de urgencia\u00bb e inst\u00f3 al Consejo a establecer \u00abun mecanismo independiente con funciones de investigaci\u00f3n para abordar los delitos m\u00e1s graves seg\u00fan el derecho internacional y otras violaciones de los derechos humanos cometidas en Ir\u00e1n\u00bb.<\/p>\n\n\n\n<p class=\"has-text-align-justify has-text-color wp-block-paragraph\" style=\"color:#060000\">Por su parte, las autoridades iran\u00edes culpan a Occidente de instigar los disturbios. \u00ab\u00bfQui\u00e9n creer\u00eda que la muerte de una ni\u00f1a fuera tan importante para los occidentales?\u00bb, dijo el ministro iran\u00ed de Asuntos Exteriores, Hussein Amir Abdollahian el 15 de octubre.<\/p>\n\n\n\n<p class=\"has-text-align-justify has-text-color wp-block-paragraph\" style=\"color:#060000\">A pesar de la brutal represi\u00f3n, las protestas se extienden por todo el pa\u00eds gracias a gente como Hana, una mujer de 41 a\u00f1os que vive con su esposo y sus dos hijos en Buk\u00e1n, en la provincia de Azerbaiy\u00e1n. Durante el \u00faltimo mes, esta ciudad de alrededor de 200.000 habitantes ha sido escenario de numerosas olas de protestas y huelgas. Sin embargo, Hana tampoco pudo unirse a los manifestantes.<\/p>\n\n\n\n<p class=\"has-text-align-justify has-text-color wp-block-paragraph\" style=\"color:#060000\">\u00abMe qued\u00e9 en casa para cuidar a los ni\u00f1os y mi esposo sali\u00f3 a protestar. Dice que los ni\u00f1os me necesitan m\u00e1s a m\u00ed que a \u00e9l en caso de detenci\u00f3n, lesiones o incluso muerte por la brutal represi\u00f3n de las fuerzas de seguridad\u00bb, explica Hana por tel\u00e9fono. Regenta una tienda de ropa de mujer y se ha unido a todas las huelgas para mostrar su oposici\u00f3n al Estado. Asegura que las fuerzas de seguridad han roto los escaparates de su tienda y los de muchas otras como medida de presi\u00f3n para obligarlas a poner fin a la huelga.<\/p>\n\n\n\n<p class=\"has-text-align-justify has-text-color wp-block-paragraph\" style=\"color:#060000\">\u00abYo, personalmente, no me he rendido. Es lo m\u00ednimo que puedo hacer para contribuir al levantamiento\u00bb, dice la iran\u00ed. \u00abMujer, vida y libertad\u00bb, insiste, es mucho m\u00e1s que un eslogan. \u00abEs un objetivo vital para la mayor\u00eda de las mujeres iran\u00edes que han estado sufriendo todo tipo de presiones por parte de sus familias, de la sociedad y, sobre todo, del Estado y sus leyes contra la mujer\u00bb.<\/p>\n\n\n\n<p class=\"has-text-color wp-block-paragraph\" style=\"color:#060000\"><strong>Periodistas: un trabajo de alto riesgo<\/strong><\/p>\n\n\n\n<p class=\"has-text-align-justify has-text-color wp-block-paragraph\" style=\"color:#060000\">La que firma este reportaje, Arina Moradi, es una periodista kurdo-iran\u00ed de 30 a\u00f1os que reside actualmente en Copenhague tras obtener asilo en Dinamarca en 2016. A trav\u00e9s de una extensa red de contactos, Moradi recoge testimonios desde la distancia en un momento cr\u00edtico para su pa\u00eds de origen, pero tambi\u00e9n para sus colegas de profesi\u00f3n sobre el terreno.<\/p>\n\n\n\n<p class=\"has-text-align-justify has-text-color wp-block-paragraph\" style=\"color:#060000\">Seg\u00fan datos recabados por el Comit\u00e9 para la Protecci\u00f3n de los Periodistas, 41 informadores han sido arrestados desde que estallaron las protestas. Cuatro de ellos permanecen en la prisi\u00f3n de Evin (conocida por ser el lugar al que se traslada a los presos pol\u00edticos en el pa\u00eds desde 1972), sin que se sepa nada de su estado tras el incendio de la semana pasada que se sald\u00f3 con cuatro muertos y m\u00e1s de 60 heridos, seg\u00fan fuentes persas.<\/p>\n\n\n\n<p class=\"has-text-align-justify has-text-color wp-block-paragraph\" style=\"color:#060000\">Asimismo, la Coalici\u00f3n para Las Mujeres Periodistas de Ir\u00e1n ha denunciado que varios periodistas permanecen incomunicados y que tanto a sus abogados como a sus familias se les aporta informaci\u00f3n falsa sobre su estado y su paradero.<\/p>\n\n\n\n<p class=\"has-text-align-justify has-text-color wp-block-paragraph\" style=\"color:#060000\">A la lista de dificultades para informar sobre el terreno se a\u00f1ade el bloqueo del acceso a Internet en gran parte del pa\u00eds, algo que no solo repercute en el trabajo de los informadores, sino tambi\u00e9n en su seguridad.<\/p>\n","protected":false},"excerpt":{"rendered":"<p>Las protestas que encienden las calles de Ir\u00e1n se nutren de mujeres que arriesgan su libertad, e incluso su integridad f\u00edsica, en su repulsa a la teocracia en el poder.<\/p>\n","protected":false},"author":102520410,"featured_media":30533,"comment_status":"closed","ping_status":"closed","sticky":false,"template":"","format":"standard","meta":{"_coblocks_attr":"","_coblocks_dimensions":"","_coblocks_responsive_height":"","_coblocks_accordion_ie_support":"","_crdt_document":"","advanced_seo_description":"","jetpack_seo_html_title":"","jetpack_seo_noindex":false,"_jetpack_newsletter_access":"","_jetpack_dont_email_post_to_subs":false,"_jetpack_newsletter_tier_id":0,"_jetpack_memberships_contains_paywalled_content":false,"_jetpack_memberships_contains_paid_content":false,"footnotes":"","jetpack_post_was_ever_published":false},"categories":[6645,14037],"tags":[703609203,703605389,105725,703606140,703609035,703609202,703609038,703609204],"class_list":{"0":"post-30532","1":"post","2":"type-post","3":"status-publish","4":"format-standard","5":"has-post-thumbnail","6":"hentry","7":"category-iran","8":"category-mujeres","9":"tag-mujer-2","10":"tag-huelga","11":"tag-kurdistan","12":"tag-kurdos","13":"tag-mahsa-amini","14":"tag-piranshahr","15":"tag-teheran","16":"tag-vida-y-libertad","18":"fallback-thumbnail"},"jetpack_featured_media_url":"https:\/\/i0.wp.com\/correspondenciadeprensa.com\/wp-content\/uploads\/2022\/10\/Iran3010.jpg?fit=722%2C379&ssl=1","jetpack_likes_enabled":false,"jetpack_sharing_enabled":true,"jetpack_shortlink":"https:\/\/wp.me\/p7lt2C-7Ws","amp_enabled":true,"_links":{"self":[{"href":"https:\/\/correspondenciadeprensa.com\/index.php?rest_route=\/wp\/v2\/posts\/30532","targetHints":{"allow":["GET"]}}],"collection":[{"href":"https:\/\/correspondenciadeprensa.com\/index.php?rest_route=\/wp\/v2\/posts"}],"about":[{"href":"https:\/\/correspondenciadeprensa.com\/index.php?rest_route=\/wp\/v2\/types\/post"}],"author":[{"embeddable":true,"href":"https:\/\/correspondenciadeprensa.com\/index.php?rest_route=\/wp\/v2\/users\/102520410"}],"replies":[{"embeddable":true,"href":"https:\/\/correspondenciadeprensa.com\/index.php?rest_route=%2Fwp%2Fv2%2Fcomments&post=30532"}],"version-history":[{"count":6,"href":"https:\/\/correspondenciadeprensa.com\/index.php?rest_route=\/wp\/v2\/posts\/30532\/revisions"}],"predecessor-version":[{"id":30539,"href":"https:\/\/correspondenciadeprensa.com\/index.php?rest_route=\/wp\/v2\/posts\/30532\/revisions\/30539"}],"wp:featuredmedia":[{"embeddable":true,"href":"https:\/\/correspondenciadeprensa.com\/index.php?rest_route=\/wp\/v2\/media\/30533"}],"wp:attachment":[{"href":"https:\/\/correspondenciadeprensa.com\/index.php?rest_route=%2Fwp%2Fv2%2Fmedia&parent=30532"}],"wp:term":[{"taxonomy":"category","embeddable":true,"href":"https:\/\/correspondenciadeprensa.com\/index.php?rest_route=%2Fwp%2Fv2%2Fcategories&post=30532"},{"taxonomy":"post_tag","embeddable":true,"href":"https:\/\/correspondenciadeprensa.com\/index.php?rest_route=%2Fwp%2Fv2%2Ftags&post=30532"}],"curies":[{"name":"wp","href":"https:\/\/api.w.org\/{rel}","templated":true}]}}