{"id":30460,"date":"2022-10-27T07:21:20","date_gmt":"2022-10-27T05:21:20","guid":{"rendered":"https:\/\/correspondenciadeprensa.com\/?p=30460"},"modified":"2022-10-27T07:21:20","modified_gmt":"2022-10-27T05:21:20","slug":"cultura-mike-davis-1946-2022-un-brillante-reportero-radical-con-el-ojo-de-un-novelista-y-la-memoria-de-un-historiador-jon-wiener","status":"publish","type":"post","link":"https:\/\/correspondenciadeprensa.com\/?p=30460","title":{"rendered":"Cultura &#8211; Mike Davis (1946-2022). Un brillante reportero radical con el ojo de un novelista y la memoria de un historiador.  [Jon Wiener]"},"content":{"rendered":"\n<p class=\"has-text-color wp-block-paragraph\" style=\"color:#060000\"><strong><a href=\"https:\/\/vientosur.info\/\">Viento Sur<\/a>, 26-10-2022<\/strong><\/p>\n\n\n\n<p class=\"has-text-color wp-block-paragraph\" style=\"color:#060000\"><strong><a href=\"https:\/\/correspondenciadeprensa.com\/\">Correspondencia de Prensa<\/a>, 27-10-2022<\/strong><\/p>\n\n\n\n<p class=\"has-text-align-justify has-text-color wp-block-paragraph\" style=\"color:#070000\">Mike Davis, autor y activista, h\u00e9roe radical y hombre de familia, muri\u00f3 el 25 de octubre tras una larga lucha contra el c\u00e1ncer de es\u00f3fago; ten\u00eda 76 a\u00f1os. Es m\u00e1s conocido por su libro de 1990 sobre Los \u00c1ngeles, <em>Ciudad de Cuarzo. <\/em>Marshall Berman, al rese\u00f1arlo para The Nation, dijo que combinaba \u00abal ciudadano radical que quiere captar la totalidad de la vida de su ciudad, y al guerrillero urbano que ans\u00eda que todo el maldito asunto estalle\u00bb.<\/p>\n\n\n\n<p class=\"has-text-align-justify has-text-color wp-block-paragraph\" style=\"color:#070000\">Y el asunto estall\u00f3, dos a\u00f1os despu\u00e9s de la publicaci\u00f3n del libro. Cuando estallaron los disturbios de Rodney King en Los \u00c1ngeles en 1992, los blancos asustados corrieron a casa, cerraron las puertas y encendieron las noticias de la televisi\u00f3n. Mike, sin embargo, conduc\u00eda en direcci\u00f3n contraria, con su viejo amigo Ron Schneck a su lado. Aparcaron, salieron y empezaron a hablar con la gente de la calle sobre lo que estaba pasando. Luego se fue a casa y escribi\u00f3 sobre ello.<\/p>\n\n\n\n<p class=\"has-text-align-justify has-text-color wp-block-paragraph\" style=\"color:#070000\">Mike era una persona de los a\u00f1os 60, pero no proced\u00eda de un entorno liberal o de izquierdas. Su padre era carnicero y conservador, y como joven patriota, Mike se uni\u00f3 brevemente a los Devil Pups, la versi\u00f3n del Cuerpo de Marines de los Boy Scouts. Su vida cambi\u00f3 con el movimiento por los derechos civiles. En 1962, cuando cursaba el primer a\u00f1o de instituto, una activista negra casada con su primo llev\u00f3 a Mike a una protesta organizada por el Congreso por la Igualdad Racial (CORE), en la que se hizo un piquete en una sucursal del Bank of America en San Diego, que era exclusivamente blanca. Pronto se convirti\u00f3 en voluntario en la oficina del CORE. Empez\u00f3 a estudiar en Reed, pero lo dej\u00f3 para ir a trabajar en el SDS [Students for a Democratic Society].<\/p>\n\n\n\n<p class=\"has-text-align-justify has-text-color wp-block-paragraph\" style=\"color:#070000\">Como organizador del SDS a finales de los 60, Mike form\u00f3 parte de la mayor detenci\u00f3n masiva de la historia de las protestas de los 60: fue en Valley State, ahora Universidad Estatal de California-Northridge, en 1969, cuando tras una sentada pac\u00edfica de 3.000 estudiantes que protestaban contra la administraci\u00f3n de la escuela, que prohib\u00eda todas las manifestaciones, m\u00edtines y reuniones fueron detenidas 286 activistas. \u00abLo que recuerdo m\u00e1s v\u00edvamente de las detenciones\u00bb, dijo 45 a\u00f1os despu\u00e9s, \u00abfue el viaje a la c\u00e1rcel en el autob\u00fas de la polic\u00eda. Las chicas empezaron a cantar Hey Jude, no tengas miedo [Hey Jude, The Beatles]. Me enamor\u00e9 de todas ellas\u00bb.<\/p>\n\n\n\n<p class=\"has-text-align-justify has-text-color wp-block-paragraph\" style=\"color:#070000\"><em>Ciudad de Cuarzo<\/em> fue su obra maestra. Publicada en 1990, comienza con la descripci\u00f3n de una visita a las ruinas de la ciudad socialista de Llano del R\u00edo, fundada en 1914 en el desierto al norte de Los \u00c1ngeles. All\u00ed, el Primero de Mayo de 1990, encuentra acampados a dos obreros de la construcci\u00f3n, veintea\u00f1eros de El Salvador, con la esperanza de encontrar trabajo en la cercana Palmdale. \u00abCuando les indiqu\u00e9 que estaban instalados en las ruinas de una ciudad socialista, uno de ellos pregunt\u00f3 si los \u00abricos hab\u00edan venido con aviones y los hab\u00edan bombardeado\u00bb. Le preguntaron qu\u00e9 hac\u00eda all\u00ed y qu\u00e9 pensaba de Los \u00c1ngeles. \u00abIntent\u00e9 explicar que acababa de escribir un libro&#8230;\u00bb. Y entonces pas\u00f3 la p\u00e1gina, al cap\u00edtulo uno, el inolvidable \u00abSunshine and Noir\u00bb.<\/p>\n\n\n\n<p class=\"has-text-align-justify has-text-color wp-block-paragraph\" style=\"color:#070000\">Despu\u00e9s de <em>Ciudad de Cuarzo<\/em>, todo el mundo quer\u00eda a Mike. Adam Shatz escribi\u00f3 en 1997 sobre c\u00f3mo el llamar por tel\u00e9fono a Mike Davis era una buena manera de conocer su contestador autom\u00e1tico&#8230; Sentado en su porche una c\u00e1lida tarde, comprend\u00ed por qu\u00e9: el tel\u00e9fono sonaba incesantemente, pero Davis no se levantaba ni una sola vez de su silla. Las llamadas duraban desde la ma\u00f1ana hasta la medianoche. Pod\u00eda ser el fot\u00f3grafo Richard Avedon o el arquitecto I.M. Pei solicitando una de las legendarias visitas de Davis a L. A&#8230;. Tambi\u00e9n pod\u00eda ser un comisario dan\u00e9s que montaba una exposici\u00f3n sobre la ciudad posmoderna, un organizador del sindicato de trabajadores de la hosteler\u00eda, un estudiante del Centro C\u00e9sar Ch\u00e1vez de la UCLA o (muy probablemente) un guionista de Hollywood.<\/p>\n\n\n\n<p class=\"has-text-align-justify has-text-color wp-block-paragraph\" style=\"color:#070000\">Rechaz\u00f3 la mayor\u00eda de las invitaciones para hablar. Recuerdo que su hija Roisin le dijo en 2014: \u00abPap\u00e1, deber\u00edas responder a esa invitaci\u00f3n de la presidenta de Argentina\u00bb, y Mike respondi\u00f3: \u00abSi no respondo al Papa, no le respondo a ella\u00bb. (Le hab\u00edan invitado al Vaticano despu\u00e9s de la publicaci\u00f3n de Planeta de ciudades-miseria).<\/p>\n\n\n\n<p class=\"has-text-align-justify has-text-color wp-block-paragraph\" style=\"color:#070000\">Pero acept\u00f3 algunas. En la UC Irvine, donde fuimos colegas en el departamento de historia durante la mayor parte de una d\u00e9cada, di una conferencia en su curso (\u00abIntroducci\u00f3n a la historia de EEUU del siglo XX\u00bb) para cubrirle el d\u00eda en que iba a hablar en una convenci\u00f3n anarquista en Palermo.<\/p>\n\n\n\n<p class=\"has-text-align-justify has-text-color wp-block-paragraph\" style=\"color:#070000\">Mike odiaba que le llamaran \u00abagorero\u00bb. S\u00ed, Los \u00c1ngeles explot\u00f3 dos a\u00f1os despu\u00e9s de la publicaci\u00f3n de <em>Ciudad de Cuarzo<\/em>; los incendios y las inundaciones se intensificaron despu\u00e9s de <em>Control Urbano, la ecolog\u00eda del miedo: m\u00e1s all\u00e1 de Blade Runner<\/em> y, por supuesto, una pandemia mundial sigui\u00f3 a <em>El Monstruo llama a nuestra puerta<\/em>. Pero cuando escrib\u00eda sobre el cambio clim\u00e1tico o las pandemias v\u00edricas, no ofrec\u00eda una profec\u00eda; informaba sobre las \u00faltimas investigaciones. Tras la aparici\u00f3n de la covid-19, hicimos varios segmentos del podcast de The Nation sobre el tema; en un momento dado me dijo: \u00abMe he quedado despierto hasta tarde leyendo libros de texto de virolog\u00eda\u00bb.<\/p>\n\n\n\n<p class=\"has-text-align-justify has-text-color wp-block-paragraph\" style=\"color:#070000\">Dijo que escrib\u00eda sobre las cosas que m\u00e1s le asustaban. <em>Control Urbano. Ecolog\u00eda del miedo<\/em> (1998) trataba de terremotos, incendios forestales, inundaciones y sequ\u00edas de un siglo. Un cap\u00edtulo, \u00abRazones para dejar que arda Malib\u00fa\u00bb, se convirti\u00f3 en un cl\u00e1sico, al argumentar que los presupuestos para incendios se gastar\u00edan mejor protegiendo los abarrotados barrios del centro de la ciudad, en lugar de proteger de incendios las megamansiones construidas en remotas laderas. Esto provoc\u00f3 su propia tormenta de fuego. Sus cr\u00edticos, encabezados por un agente inmobiliario de Malib\u00fa, no pudieron refutar su argumento, as\u00ed que se centraron en sus notas a pie de p\u00e1gina, y tanto Los Angeles Times como The New York Times publicaron art\u00edculos sobre la controversia. Pero la controversia se desvaneci\u00f3 y el argumento se hizo m\u00e1s fuerte. \u00abDurante la temporada de incendios\u00bb, escribi\u00f3 el columnista del LA Times Gustavo Arellano en 2018, cuando los incendios rodeaban Los \u00c1ngeles y el cielo estaba lleno de humo durante semanas, \u00absiempre pienso en&#8230; Razones para dejar que arda Malib\u00fa\u00bb.<\/p>\n\n\n\n<p class=\"has-text-align-justify has-text-color wp-block-paragraph\" style=\"color:#070000\">A diferencia del resto de la Nueva Izquierda, Mike no rechazaba a la vieja izquierda: su mentora en los a\u00f1os 60 y 70 fue la l\u00edder renegada del PC (Partido Comunista) en el sur de California, Dorothy Healey. A Mike le encantaba discutir con ella. Cuando Dorothy muri\u00f3 en 2006, Mike escribi\u00f3 en The Nation que representaba a \u00abla gran generaci\u00f3n de la izquierda: esos hijos de Ellis Island tan duros como las u\u00f1as que construyeron el CIO [Congreso de Organizaciones Industriales], lucharon contra Jim Crow en Manhattan y Alabama y enterraron a sus amigos en la tierra espa\u00f1ola\u00bb. Sus muertes, dijo, fueron \u00abuna p\u00e9rdida inestimable y desgarradora\u00bb. Ahora sentimos lo mismo por la suya. (Publicado originalmente en <strong><a href=\"https:\/\/www.thenation.com\/article\/culture\/mike-davis-obituary\/\"><em>The Nation<\/em>, 25-10-2022<\/a><\/strong>)<\/p>\n\n\n\n<p class=\"has-text-color wp-block-paragraph\" style=\"color:#070000\"><strong>* Jon Wiener<\/strong> es editor colaborador de The Nation y coautor (con Mike Davis) de<em> Set the Night on Fire: L.A. in the Sixties.<\/em><\/p>\n","protected":false},"excerpt":{"rendered":"<p>Al rese\u00f1ar el libro de Davis sobre Los \u00c1ngeles, Ciudad de Cuarzo, Marshall Berman dijo combinaba \u00abal ciudadano radical que quiere captar la totalidad de la vida de su ciudad, y al guerrillero urbano que ans\u00eda que todo el maldito asunto estalle\u00bb.<\/p>\n","protected":false},"author":102520410,"featured_media":30461,"comment_status":"closed","ping_status":"closed","sticky":false,"template":"","format":"standard","meta":{"_coblocks_attr":"","_coblocks_dimensions":"","_coblocks_responsive_height":"","_coblocks_accordion_ie_support":"","_crdt_document":"","advanced_seo_description":"","jetpack_seo_html_title":"","jetpack_seo_noindex":false,"_jetpack_newsletter_access":"","_jetpack_dont_email_post_to_subs":false,"_jetpack_newsletter_tier_id":0,"_jetpack_memberships_contains_paywalled_content":false,"_jetpack_memberships_contains_paid_content":false,"footnotes":"","jetpack_post_was_ever_published":false},"categories":[2367],"tags":[703609195,703609196,703604787,703609192,703609193,703609194],"class_list":{"0":"post-30460","1":"post","2":"type-post","3":"status-publish","4":"format-standard","5":"has-post-thumbnail","6":"hentry","7":"category-cultura","8":"tag-control-urbano","9":"tag-el-monstruo-llama-a-nuestra-puerta","10":"tag-jim-crow","11":"tag-los-angeles-ciudad-de-cuarzo","12":"tag-ron-schneck","13":"tag-students-for-a-democratic-society","15":"fallback-thumbnail"},"jetpack_featured_media_url":"https:\/\/i0.wp.com\/correspondenciadeprensa.com\/wp-content\/uploads\/2022\/10\/Mike-Davis2710-1995600724-1666847319411.jpg?fit=815%2C502&ssl=1","jetpack_likes_enabled":false,"jetpack_sharing_enabled":true,"jetpack_shortlink":"https:\/\/wp.me\/p7lt2C-7Vi","amp_enabled":true,"_links":{"self":[{"href":"https:\/\/correspondenciadeprensa.com\/index.php?rest_route=\/wp\/v2\/posts\/30460","targetHints":{"allow":["GET"]}}],"collection":[{"href":"https:\/\/correspondenciadeprensa.com\/index.php?rest_route=\/wp\/v2\/posts"}],"about":[{"href":"https:\/\/correspondenciadeprensa.com\/index.php?rest_route=\/wp\/v2\/types\/post"}],"author":[{"embeddable":true,"href":"https:\/\/correspondenciadeprensa.com\/index.php?rest_route=\/wp\/v2\/users\/102520410"}],"replies":[{"embeddable":true,"href":"https:\/\/correspondenciadeprensa.com\/index.php?rest_route=%2Fwp%2Fv2%2Fcomments&post=30460"}],"version-history":[{"count":5,"href":"https:\/\/correspondenciadeprensa.com\/index.php?rest_route=\/wp\/v2\/posts\/30460\/revisions"}],"predecessor-version":[{"id":30466,"href":"https:\/\/correspondenciadeprensa.com\/index.php?rest_route=\/wp\/v2\/posts\/30460\/revisions\/30466"}],"wp:featuredmedia":[{"embeddable":true,"href":"https:\/\/correspondenciadeprensa.com\/index.php?rest_route=\/wp\/v2\/media\/30461"}],"wp:attachment":[{"href":"https:\/\/correspondenciadeprensa.com\/index.php?rest_route=%2Fwp%2Fv2%2Fmedia&parent=30460"}],"wp:term":[{"taxonomy":"category","embeddable":true,"href":"https:\/\/correspondenciadeprensa.com\/index.php?rest_route=%2Fwp%2Fv2%2Fcategories&post=30460"},{"taxonomy":"post_tag","embeddable":true,"href":"https:\/\/correspondenciadeprensa.com\/index.php?rest_route=%2Fwp%2Fv2%2Ftags&post=30460"}],"curies":[{"name":"wp","href":"https:\/\/api.w.org\/{rel}","templated":true}]}}