{"id":29627,"date":"2022-09-23T08:37:34","date_gmt":"2022-09-23T06:37:34","guid":{"rendered":"https:\/\/correspondenciadeprensa.com\/?p=29627"},"modified":"2022-09-23T08:37:34","modified_gmt":"2022-09-23T06:37:34","slug":"italia-la-creciente-marea-negra-una-contrarrevolucion-rampante-stefanie-prezioso","status":"publish","type":"post","link":"https:\/\/correspondenciadeprensa.com\/?p=29627","title":{"rendered":"Italia &#8211; La creciente marea negra, una contrarrevoluci\u00f3n rampante. [Stefanie Prezioso]"},"content":{"rendered":"\n<p class=\"has-text-align-right wp-block-paragraph\" style=\"font-size:12px\">Ilustraci\u00f3n: Cartoon Movemente<\/p>\n\n\n\n<p class=\"has-text-color wp-block-paragraph\" style=\"color:#060000\"><strong>En v\u00edsperas de las elecciones nacionales, mirando hacia atr\u00e1s<\/strong><\/p>\n\n\n\n<p class=\"has-text-color wp-block-paragraph\" style=\"color:#060000\"><strong>La creciente marea negra de Italia, una contrarrevoluci\u00f3n rampante<\/strong><\/p>\n\n\n\n<p class=\"has-text-color wp-block-paragraph\" style=\"color:#060000\"><strong>Traducci\u00f3n de<\/strong> <strong><a href=\"https:\/\/vientosur.info\/la-creciente-marea-negra-de-italia-una-contrarrevolucion-rampante\/\">Viento Sur<\/a>, 15-9-2022<\/strong><\/p>\n\n\n\n<p class=\"has-text-color wp-block-paragraph\" style=\"color:#060000\"><strong><a href=\"https:\/\/correspondenciadeprensa.com\/\">Correspondencia de Prensa<\/a>, 23-9-2022<\/strong><\/p>\n\n\n\n<p class=\"has-text-align-justify has-text-color wp-block-paragraph\" style=\"color:#070000\">El desasosiego y la desorientaci\u00f3n que pueden embargar al observador ante las diversas crisis (econ\u00f3mica, pol\u00edtica, cultural, social y moral) que atraviesa la sociedad italiana desde hace treinta a\u00f1os se multiplican por diez al tener la sensaci\u00f3n de que el horizonte se aleja, mientras que ya no parece haber ninguna orilla a la que aferrarse. La imagen de un barco a la deriva, o de una barca sin remo, es una de las m\u00e1s reveladoras en una \u00e9poca en la que ya no parece haber ninguna visi\u00f3n de futuro. Estamos en v\u00edsperas de las elecciones italianas, y la marea negra del fascismo sigue subiendo.<\/p>\n\n\n\n<p class=\"has-text-align-justify has-text-color wp-block-paragraph\" style=\"color:#070000\">El 25 de septiembre Italia celebrar\u00e1 elecciones tras la dimisi\u00f3n del primer ministro Mario Draghi, y la preocupaci\u00f3n es palpable. The Economist escribi\u00f3 que dif\u00edcilmente podr\u00edan llegar en un momento menos oportuno, en medio de al menos tres crisis interconectadas: la invasi\u00f3n de Ucrania, la crisis energ\u00e9tica y la inflaci\u00f3n, que a finales de agosto alcanz\u00f3 el 8,4% en Italia, su nivel m\u00e1s alto desde 1986. Adem\u00e1s, la deuda de Italia representa actualmente el 150% de su PIB, lo que supone \u00abla mayor proporci\u00f3n de deuda de los residentes de cualquier pa\u00eds grande de la eurozona\u00bb<sup class='footnote'><a href='https:\/\/correspondenciadeprensa.com\/?p=29627#fn-29627-1' id='fnref-29627-1' onclick='return fdfootnote_show(29627)'>1<\/a><\/sup>. Por \u00faltimo, como se\u00f1al\u00f3 el Financial Times, los gobiernos y los inversores se preguntan qu\u00e9 impacto tendr\u00e1 la salida de Mario Draghi en el fondo de est\u00edmulo de la UE de 800.000 millones de Covid, del que Italia es el principal beneficiario<sup class='footnote'><a href='https:\/\/correspondenciadeprensa.com\/?p=29627#fn-29627-2' id='fnref-29627-2' onclick='return fdfootnote_show(29627)'>2<\/a><\/sup>. Los temores de los mercados econ\u00f3micos se centran tambi\u00e9n en el aumento del diferencial entre el rendimiento de los t\u00edtulos p\u00fablicos italianos y los bonos alemanes a diez a\u00f1os, que alcanz\u00f3 en junio el m\u00e1ximo de dos a\u00f1os, un verdadero term\u00f3metro pol\u00edtico.<\/p>\n\n\n\n<p class=\"has-text-align-justify has-text-color wp-block-paragraph\" style=\"color:#070000\">El presidente saliente del Consejo anunci\u00f3 el 5 de agosto que quer\u00eda ir a Nueva York para tranquilizar a los inversores, un paso que podr\u00eda allanar el camino para un nuevo gobierno t\u00e9cnico en el improbable caso de que no haya una mayor\u00eda suficiente para formar un ejecutivo tras las elecciones; una opci\u00f3n favorecida no s\u00f3lo en el extranjero, sino tambi\u00e9n en Italia, por una parte importante de la burgues\u00eda que subraya, a quien le quiera escuchar, que la agenda de pol\u00edtica econ\u00f3mica establecida por Mario Draghi sigue siendo la vara de medir al pr\u00f3ximo gobierno: \u00abSin embargo, cualquier alteraci\u00f3n o desviaci\u00f3n significativa del programa de reformas e inversiones, establecido en un anexo de 664 p\u00e1ginas del acuerdo de Roma con la Comisi\u00f3n, pondr\u00eda en peligro el pleno acceso de Italia a los fondos\u00bb, escribe Amy Kazmin en el Financial Times<sup class='footnote'><a href='https:\/\/correspondenciadeprensa.com\/?p=29627#fn-29627-3' id='fnref-29627-3' onclick='return fdfootnote_show(29627)'>3<\/a><\/sup>. Una agenda que ya hab\u00eda establecido en 2011 cuando era jefe del BCE. Una agenda basada en recortes masivos en el sistema de seguridad social y protecci\u00f3n de los desempleados, asalariados y pensionistas en un pa\u00eds que ha provocado un aumento masivo de la pobreza en los \u00faltimos a\u00f1os, alcanzando un m\u00e1ximo hist\u00f3rico de unos 5,6 millones de personas en situaci\u00f3n de pobreza absoluta en 2021<sup class='footnote'><a href='https:\/\/correspondenciadeprensa.com\/?p=29627#fn-29627-4' id='fnref-29627-4' onclick='return fdfootnote_show(29627)'>4<\/a><\/sup>.<\/p>\n\n\n\n<p class=\"has-text-align-justify has-text-color wp-block-paragraph\" style=\"color:#070000\">La preocupaci\u00f3n es tanto m\u00e1s palpable cuanto que en esta ocasi\u00f3n la coalici\u00f3n de la derecha y la extrema derecha tiene muchas probabilidades de obtener la mayor\u00eda: los sondeos le dan m\u00e1s del 45%; con la ley electoral, esta coalici\u00f3n podr\u00eda obtener el 70% de los esca\u00f1os en el parlamento. La anunciada victoria de Giorgia Meloni, l\u00edder del partido Fratelli d&#8217;Italia (FdI), y su posible llegada a la jefatura del gobierno es una grave amenaza por tratarse de un partido por cuyas arterias a\u00fan circula el fascismo y cuyo logotipo muestra con orgullo el s\u00edmbolo de la llama tricolor en el centro, que representa el esp\u00edritu a\u00fan vivo del fascismo<sup class='footnote'><a href='https:\/\/correspondenciadeprensa.com\/?p=29627#fn-29627-5' id='fnref-29627-5' onclick='return fdfootnote_show(29627)'>5<\/a><\/sup>. El FdI tiene sus ra\u00edces en el neofascismo de posguerra, heredero directo, tanto en personal militante como en tradiciones y culturas pol\u00edticas, de la experiencia fascista, como la de Giorgio Almirante, un fascista entusiasta, editor en los a\u00f1os 30 de la revista antisemita La Difesa della razza, que se uni\u00f3 a las filas de la Rep\u00fablica de Sal\u00f3 en 1943, y que despu\u00e9s de la guerra fund\u00f3 el Movimiento Social Italiano (MSI), cuyo legado reivindica con orgullo Meloni. El apoyo al FdI ha aumentado constantemente, pasando del 1,96% de los votos en 2013 al 4,35% en 2018<sup class='footnote'><a href='https:\/\/correspondenciadeprensa.com\/?p=29627#fn-29627-6' id='fnref-29627-6' onclick='return fdfootnote_show(29627)'>6<\/a><\/sup>; hoy en d\u00eda, alrededor del 25% de los votantes dicen que le votar\u00edan. A medida que se acerca el centenario de la Marcha de Mussolini sobre Roma, el posfascismo parece estar a las puertas del poder en Italia. Una contrarrevoluci\u00f3n sin un proceso revolucionario concomitante, un fen\u00f3meno descrito en su \u00e9poca por Antonio Gramsci como revoluci\u00f3n pasiva.<\/p>\n\n\n\n<p class=\"has-text-align-justify has-text-color wp-block-paragraph\" style=\"color:#070000\">Ahora, m\u00e1s all\u00e1 de la instant\u00e1nea que ofrecen cada d\u00eda un amplio abanico de polit\u00f3logos, fil\u00f3sofos, activistas, soci\u00f3logos, es importante intentar comprender c\u00f3mo hemos llegado a este desastre para captar los contornos de un cambio de \u00e9poca, para volver al origen y ver d\u00f3nde empieza el ascenso (ir)resistible del peor resultado posible, encarnado por una derecha nacionalista, racista, reaccionaria y patriarcal.<\/p>\n\n\n\n<p class=\"has-text-color wp-block-paragraph\" style=\"color:#070000\"><strong>M\u00e1s de treinta a\u00f1os de marea negra<\/strong><\/p>\n\n\n\n<p class=\"has-text-align-justify has-text-color wp-block-paragraph\" style=\"color:#070000\">El temor a un retorno del fascismo se produce a intervalos regulares en el pa\u00eds que lo vio nacer hace un siglo. La prensa internacional lleva unas semanas centr\u00e1ndose en Giorgia Meloni y su movimiento, olvidando de paso que no es una reci\u00e9n llegada a la coalici\u00f3n de Silvio Berlusconi, quien la nombr\u00f3 ministra de la Juventud en 2008, y reforzando la idea de que es la \u00fanica reci\u00e9n llegada en el relativamente amplio campo de los partidos que se autodenominan antisistema; tampoco destaca los viejos v\u00ednculos de la Lega de Matteo Salvini con los neofascistas, su capit\u00e1n en las elecciones de 2018.&nbsp; En su momento, la presencia de Matteo Salvini en las filas de la coalici\u00f3n de derechas, junto con el partido de Silvio Berlusconi, Forza Italia, y los Fratelli d&#8217;Italia de Giorgia Meloni, reactiv\u00f3 los mismos temores; tanto m\u00e1s cuanto que entonces el 80% de la gente encuestada afirmaba la necesidad de un hombre fuerte para salir de la crisis y que quienes pensaban que la democracia era la mejor forma de gobierno posible alcanzaban su nivel m\u00e1s bajo desde 2008 (62%, es decir, menos 10 puntos porcentuales en diez a\u00f1os)<sup class='footnote'><a href='https:\/\/correspondenciadeprensa.com\/?p=29627#fn-29627-7' id='fnref-29627-7' onclick='return fdfootnote_show(29627)'>7<\/a><\/sup>. Una proporci\u00f3n que ha aumentado ligeramente en la actualidad hasta cerca del 70%, aunque la demanda de un l\u00edder fuerte sigue siendo mayoritaria (alrededor del 59% de las y los italianos encuestados)<sup class='footnote'><a href='https:\/\/correspondenciadeprensa.com\/?p=29627#fn-29627-8' id='fnref-29627-8' onclick='return fdfootnote_show(29627)'>8<\/a><\/sup>.<\/p>\n\n\n\n<p class=\"has-text-align-justify has-text-color wp-block-paragraph\" style=\"color:#070000\">El partido de Silvio Berlusconi, que hab\u00eda sido el motor de la coalici\u00f3n de derechas antes de 2018, ha ido desapareciendo lentamente. Pero el cambio en el equilibrio de poder en su seno es un cambio en el grado, no en la naturaleza, de la coalici\u00f3n inventada por Silvio Berlusconi hace m\u00e1s de un cuarto de siglo, que une a la derecha conservadora y reaccionaria, a la nueva extrema derecha y a las organizaciones neofascistas o postfascistas. Al fin y al cabo, \u00bfno se hab\u00eda \u00abcomparado\u00bb al propio Berlusconi con Benito Mussolini durante sus diversos mandatos como primer ministro italiano (1994, 2001, 2008)? La llegada a su primer gobierno, en 1994, de cinco ministros procedentes del Movimiento Social Italiano fue s\u00f3lo uno de los pasos que condujeron a la ampliaci\u00f3n del horizonte de legitimidad pol\u00edtica de un partido heredero directo del fascismo.<\/p>\n\n\n\n<p class=\"has-text-align-justify has-text-color wp-block-paragraph\" style=\"color:#070000\">Silvio Berlusconi ha sido el palad\u00edn victorioso de una marea negra en un pa\u00eds en el que el fascismo nunca ha desaparecido, porque se ha inscrito poco a poco en el territorio social, pol\u00edtico, cultural, mental de Italia, de modo que se ha \u00abinsertado en las entra\u00f1as brutalmente ego\u00edstas\u00bb de su sociedad. Un fascismo miasm\u00e1tico, en cierto modo, que exhala el aire viciado (la mal aria) de una cultura que sobrevivi\u00f3 al r\u00e9gimen instaurado por Mussolini<sup class='footnote'><a href='https:\/\/correspondenciadeprensa.com\/?p=29627#fn-29627-9' id='fnref-29627-9' onclick='return fdfootnote_show(29627)'>9<\/a><\/sup>. Frankenstein-Berlusconi consigui\u00f3 reunir en 1994 al Movimiento Social Italiano (MSI) de Gianfranco Fini, la organizaci\u00f3n neofascista m\u00e1s antigua de Europa, y a la Lega Nord de Umberto Bossi, un movimiento con un regionalismo identitario exacerbado que ha ido creciendo en influencia desde principios de los a\u00f1os 80; en el a\u00f1o 2000, logr\u00f3 unir a todos los partidos de derechas en la Casa de las Libertades, y despu\u00e9s, en 2009, fusionar durante un tiempo a los herederos del MSI y de la derecha conservadora en un \u00fanico Popolo della libert\u00e0.<\/p>\n\n\n\n<p class=\"has-text-align-justify has-text-color wp-block-paragraph\" style=\"color:#070000\">El estilo de Berlusconi fue una forma exitosa de hibridaci\u00f3n que combinaba \u00ablas viejas tradiciones con los nuevos impulsos modernizadores de la d\u00e9cada anterior\u00bb<sup class='footnote'><a href='https:\/\/correspondenciadeprensa.com\/?p=29627#fn-29627-10' id='fnref-29627-10' onclick='return fdfootnote_show(29627)'>10<\/a><\/sup>. Basado tanto en la b\u00fasqueda del \u00abconsentimiento popular activo\u00bb como en la coerci\u00f3n (la consiguiente restricci\u00f3n y represi\u00f3n de las libertades colectivas), el berlusconismo moviliz\u00f3 un fuerte aparato cultural de legitimaci\u00f3n ideol\u00f3gica que logr\u00f3 imponer su hegemon\u00eda pol\u00edtica. Se apoy\u00f3 en una red especialmente eficaz de canales de televisi\u00f3n p\u00fablicos (los tres canales de la RAI) y privados (los tres canales propiedad de Silvio Berlusconi, Canale 5, Rete 4, Italia Uno), peri\u00f3dicos (como Il Giornale, Il Foglio, Libero) y revistas. Estos instrumentos, cada vez m\u00e1s importantes, se combinaron con la crisis de legitimidad de las organizaciones pol\u00edticas tradicionales, atrapadas en el revuelo de los esc\u00e1ndalos de sobornos de Tangentopoli, proceso que iba a acelerar los fen\u00f3menos de distanciamiento de las tradiciones sociales y culturales a las que hasta entonces estaba apegada la poblaci\u00f3n, pero tambi\u00e9n de los v\u00ednculos sociales en los que pod\u00eda apoyarse y referirse.<\/p>\n\n\n\n<p class=\"has-text-align-justify has-text-color wp-block-paragraph\" style=\"color:#070000\">El revisionismo hist\u00f3rico acompa\u00f1\u00f3 al reagrupamiento de Berlusconi cada vez con m\u00e1s firmeza. Hasta el punto de que, en 2003, Fabrizio Cicchitto, antiguo diputado del Partido Socialista, sostuvo que La Casa delle libert\u00e0 estaba \u00absituada en la corriente del revisionismo hist\u00f3rico\u00bb. El anticomunismo, y el anti-antifascismo, constitu\u00edan el cemento ideol\u00f3gico, pero tambi\u00e9n lo que Francesco Biscione defini\u00f3 ese mismo a\u00f1o como el \u00absommerso della Repubblica\u00bb, es decir, la persistencia de una cultura reaccionaria antidemocr\u00e1tica, verdadero caldo de cultivo de la coalici\u00f3n de Berlusconi. A esta ofensiva historiogr\u00e1fica se a\u00f1adieron los repertorios de acci\u00f3n pol\u00edtica movilizados por la derecha para borrar de la memoria y de la historia \u00ablas fechor\u00edas e infamias del fascismo\u00bb. En el pa\u00eds de Silvio Berlusconi, el uso p\u00fablico y pol\u00edtico de la historia nunca ha sido tan inmoral. Buscando oponer constantemente el antifascismo a la democracia; donde la democracia se convierte en sin\u00f3nimo de liberalismo y donde los l\u00edmites de la antidemocracia se extienden a todo lo que no puede asociarse con la visi\u00f3n liberal del mundo. As\u00ed, como se\u00f1al\u00f3 el historiador Pier Paolo Poggi, el \u00abpunto de conexi\u00f3n entre el revisionismo y las culturas pol\u00edticas dominantes [&#8230;] est\u00e1 precisamente en el juicio sobre el capitalismo\u00bb y la despolitizaci\u00f3n necesaria para \u00abla esclavizaci\u00f3n de miles de millones de seres humanos\u00bb<sup class='footnote'><a href='https:\/\/correspondenciadeprensa.com\/?p=29627#fn-29627-11' id='fnref-29627-11' onclick='return fdfootnote_show(29627)'>11<\/a><\/sup>.<\/p>\n\n\n\n<p class=\"has-text-align-justify has-text-color wp-block-paragraph\" style=\"color:#070000\">El discurso de esta derecha fue y sigue siendo pobre, pero eficaz. Valora la sociedad civil en su conjunto, como \u00fanico filtro para \u00abproteger la comunidad nacional\u00bb, a la que sit\u00faa por encima de las divisiones de clase y, sobre todo, de los \u00abdefectos\u00bb imputados a la democracia representativa<sup class='footnote'><a href='https:\/\/correspondenciadeprensa.com\/?p=29627#fn-29627-12' id='fnref-29627-12' onclick='return fdfootnote_show(29627)'>12<\/a><\/sup>. Esta cultura pol\u00edtica era coherente con sus propios objetivos: superar la herencia del Estado del bienestar, imponer pol\u00edticas antisociales, pero tambi\u00e9n dificultar infinitamente cualquier perspectiva de emancipaci\u00f3n social<sup class='footnote'><a href='https:\/\/correspondenciadeprensa.com\/?p=29627#fn-29627-13' id='fnref-29627-13' onclick='return fdfootnote_show(29627)'>13<\/a><\/sup>. La aparente victoria de esta nueva derecha no puede entenderse sin la grieta abierta por la crisis de la izquierda y el apoyo efectivo de una parte de ella a Berlusconi<sup class='footnote'><a href='https:\/\/correspondenciadeprensa.com\/?p=29627#fn-29627-14' id='fnref-29627-14' onclick='return fdfootnote_show(29627)'>14<\/a><\/sup>. La reorganizaci\u00f3n del campo pol\u00edtico de la izquierda comenz\u00f3 con la presentaci\u00f3n de una alternativa gubernamental, primero socialdem\u00f3crata (del Partido Democr\u00e1tico de Izquierda, desde 1991, de los Dem\u00f3cratas de Izquierda, desde 1998), y luego puramente democr\u00e1tica (del Partido Democr\u00e1tico &#8211; DP, desde 2007, nacido de la fusi\u00f3n de antiguos miembros de los Dem\u00f3cratas de Izquierda y los cat\u00f3licos de Romano Prodi). Tras 2014, el DP de Matteo Renzi cerr\u00f3 el ciclo; el demoledor encarn\u00f3 en Italia en ese momento el realismo capitalista del que hablaba Mark Fisher, ese realismo que presentaba el capitalismo neoliberal como la \u00fanica opci\u00f3n posible<sup class='footnote'><a href='https:\/\/correspondenciadeprensa.com\/?p=29627#fn-29627-15' id='fnref-29627-15' onclick='return fdfootnote_show(29627)'>15<\/a><\/sup>.<\/p>\n\n\n\n<p class=\"has-text-align-justify has-text-color wp-block-paragraph\" style=\"color:#070000\">Pretendiendo deshacerse de las \u00abscoriae\u00bb, la escoria, de los totalitarismos del siglo XX, los intelectuales poscomunistas abandonaron a la condena general lo que consideraban en adelante, en el mejor de los casos, como \u00abel pasado de una ilusi\u00f3n\u00bb (Fran\u00e7ois Furet), en el peor, como una herencia demasiado engorrosa. Este proceso estuvo acompa\u00f1ado de la elaboraci\u00f3n de una lista negra de historiadores marxistas. De ese modo, la izquierda parlamentaria se mostr\u00f3 abierta a una relectura del pasado, en particular del periodo de la resistencia y el antifascismo, reclamando la creaci\u00f3n de una memoria compartida, que fue la base de la legitimidad de la alternancia de gobiernos de los dos polos pol\u00edticos que se disputaron el poder entre 1994 y 2018.<\/p>\n\n\n\n<p class=\"has-text-align-justify has-text-color wp-block-paragraph\" style=\"color:#070000\">Pero tambi\u00e9n la llamada izquierda radical ha seguido, al menos en parte, estas interpretaciones. Fausto Bertinotti, l\u00edder de Rifondazione comunista, el \u00fanico partido de la izquierda radical que ten\u00eda audiencia nacional a principios de la d\u00e9cada de 2000, tambi\u00e9n se rindi\u00f3 a esta ideolog\u00eda post-antifascista a su manera, valorando, en una carta al director del Corriere della Sera, la \u00abno violencia\u00bb como \u00abuna condici\u00f3n esencial para llevar hasta el final toda la radicalidad de este proceso de transformaci\u00f3n social que llamamos comunismo\u00bb<sup class='footnote'><a href='https:\/\/correspondenciadeprensa.com\/?p=29627#fn-29627-16' id='fnref-29627-16' onclick='return fdfootnote_show(29627)'>16<\/a><\/sup>. La Resistencia, as\u00ed como la revoluci\u00f3n, se convirtieron as\u00ed en una \u00abexperiencia \u00fatil para no repetir los errores del pasado\u00bb. La gran revisi\u00f3n cultural de la derecha plural se ha inscrito profundamente en el subsuelo italiano, seguramente, porque ha ido acompa\u00f1ada, al menos en parte, de la renuncia de la izquierda a su historia. El berlusconismo ha integrado todas las esferas de la sociedad, incluso sin el propio Berlusconi ni su partido. \u00abNo tengo miedo de Berlusconi en s\u00ed mismo, sino de Berlusconi en m\u00ed\u00bb, resumi\u00f3 a su manera el cantante, compositor, actor y dramaturgo Giorgio Gaber poco antes de su muerte.<\/p>\n\n\n\n<p class=\"has-text-color wp-block-paragraph\" style=\"color:#070000\"><strong>El suicidio de la Rep\u00fablica, \u00bfuna pr\u00e1ctica cotidiana?<\/strong><\/p>\n\n\n\n<p class=\"has-text-align-justify has-text-color wp-block-paragraph\" style=\"color:#070000\">Esta sensaci\u00f3n de crisis de la pol\u00edtica italiana no es nueva. Se ha repetido a intervalos regulares desde principios de los a\u00f1os 90 y el colapso del sistema pol\u00edtico italiano, atrapado en la agitaci\u00f3n de la maquinaria judicial de manos limpias [Mani pulite], con el tel\u00f3n de fondo de la crisis econ\u00f3mica y social. Este tsunami dio lugar a varias fuerzas nuevas, o presentadas como tales, que colaboraron, cada una a su manera, en la profundizaci\u00f3n de las desigualdades y la destrucci\u00f3n de los derechos sociales fundamentales. Su legitimidad se ha visto erosionada por la alternancia de administraciones pol\u00edticas, marcada por la incapacidad de responder a las necesidades m\u00e1s acuciantes y por una corrupci\u00f3n casi asumida que, como escribi\u00f3 el comunista italiano Antonio Gramsci, es \u00abcaracter\u00edstica de ciertas situaciones en las que el ejercicio de la funci\u00f3n hegem\u00f3nica [el necesario equilibrio que debe alcanzarse entre el consentimiento y la fuerza] es dif\u00edcil, ya que el uso de la fuerza presenta demasiados peligros\u00bb<sup class='footnote'><a href='https:\/\/correspondenciadeprensa.com\/?p=29627#fn-29627-17' id='fnref-29627-17' onclick='return fdfootnote_show(29627)'>17<\/a><\/sup>; este es particularmente el caso de Forza Italia y el PD, las dos fuerzas a las que el ex comunista y ex presidente del Consejo Democr\u00e1tico, Massimo D&#8217;Alema, se refiri\u00f3, el 10 de abril de 2018, como los \u00abpilares del bipolarismo italiano\u00bb \u00abexpresi\u00f3n de las dos grandes familias pol\u00edticas europeas\u00bb<sup class='footnote'><a href='https:\/\/correspondenciadeprensa.com\/?p=29627#fn-29627-18' id='fnref-29627-18' onclick='return fdfootnote_show(29627)'>18<\/a><\/sup>.<\/p>\n\n\n\n<p class=\"has-text-align-justify has-text-color wp-block-paragraph\" style=\"color:#070000\">Esta irresistible erosi\u00f3n del new deal de principios de los a\u00f1os 90, el tiempo de una generaci\u00f3n, se ha dado junto al fracaso m\u00e1s general de la pol\u00edtica, que en Italia ha adoptado formas radicales desconocidas en otros lugares<sup class='footnote'><a href='https:\/\/correspondenciadeprensa.com\/?p=29627#fn-29627-19' id='fnref-29627-19' onclick='return fdfootnote_show(29627)'>19<\/a><\/sup>. T\u00e9ngase en cuenta que, desde el comienzo del siglo XXI, el poder ejecutivo ha estado gestionado cinco veces por pr\u00edncipes prepotentes, como dicen los franceses; en este caso por los dos presidentes sucesivos de la Rep\u00fablica (Giorgio Napolitano y Sergio Mattarella): el gobierno t\u00e9cnico de Mario Monti, en noviembre de 2011, que sustituy\u00f3 al dimitido&nbsp; Silvio Berlusconi; el de Enrico Letta, en abril de 2013, tras las elecciones de febrero en las que no sali\u00f3 ninguna mayor\u00eda clara de las urnas; el de Matteo Renzi, en febrero de 2014, despu\u00e9s de que \u00e9ste, convertido en secretario del Partido Democr\u00e1tico, echara a Enrico Letta; Paolo Gentiloni, en sustituci\u00f3n de Matteo Renzi, en la noche del 4 de diciembre de 2016, tras el rotundo fracaso del refer\u00e9ndum para la revisi\u00f3n de la Constituci\u00f3n italiana, por el que hab\u00eda trabajado intensamente; y, finalmente, Mario Draghi en febrero de 2021. En concreto, son los gobiernos t\u00e9cnicos de Mario Monti y Mario Draghi los que han sustituido la funci\u00f3n deliberativa del parlamento por la de las decisiones de su ejecutivo, presentado como por encima de los partidos. Parlamentos en estado de guerra que, bajo el pretexto de una emergencia financiera y\/o sanitaria, han aceptado abandonar la mayor\u00eda de sus prerrogativas e imponer verdaderos choques estructurales a la poblaci\u00f3n.<\/p>\n\n\n\n<p class=\"has-text-align-justify has-text-color wp-block-paragraph\" style=\"color:#070000\">Como se\u00f1ala el periodista Carlo Formenti, la crisis econ\u00f3mica y social iniciada en 2008 se estaba convirtiendo en un \u00abinstrumento del capital destinado a desarticular a las clases subalternas y a destruir su capacidad de resistencia\u00bb<sup class='footnote'><a href='https:\/\/correspondenciadeprensa.com\/?p=29627#fn-29627-20' id='fnref-29627-20' onclick='return fdfootnote_show(29627)'>20<\/a><\/sup>. En 2012, se consagr\u00f3 el equilibrio presupuestario en la Constituci\u00f3n italiana (art. 81) con el apoyo del Partido Democr\u00e1tico; Espa\u00f1a se hab\u00eda hecho lo mismo unos meses antes. Stefano Rodot\u00e0, profesor em\u00e9rito de Derecho, declar\u00f3 ir\u00f3nicamente en su momento que esta decisi\u00f3n sancionaba \u00abla inconstitucionalidad de Keynes\u00bb<sup class='footnote'><a href='https:\/\/correspondenciadeprensa.com\/?p=29627#fn-29627-21' id='fnref-29627-21' onclick='return fdfootnote_show(29627)'>21<\/a><\/sup>. Las clases trabajadoras se llevaron la peor parte de los programas de austeridad, con recortes en las pensiones, en la asistencia social, la sanidad, la cultura, la educaci\u00f3n, etc. Por no hablar de la calidad de vida relacionada con el cambio clim\u00e1tico y la incapacidad demostrada para afrontarlo con verdaderas cat\u00e1strofes p\u00fablicas (incendios, inundaciones, terremotos), ya que m\u00e1s de 40 millones de personas, dos tercios de la poblaci\u00f3n total, viven ahora en zonas peligrosas.<\/p>\n\n\n\n<p class=\"has-text-align-justify has-text-color wp-block-paragraph\" style=\"color:#070000\">La \u00abretirada de las clases trabajadoras del debate pol\u00edtico\u00bb se ha convertido en un objetivo para imponer un \u00abbloque burgu\u00e9s reagrupado\u00bb<sup class='footnote'><a href='https:\/\/correspondenciadeprensa.com\/?p=29627#fn-29627-22' id='fnref-29627-22' onclick='return fdfootnote_show(29627)'>22<\/a><\/sup>, y la creciente abstenci\u00f3n es el indicio m\u00e1s convincente de ello. El n\u00famero de votantes ha disminuido en 3,7 millones en diez a\u00f1os. La abstenci\u00f3n pas\u00f3 del 19,5% en 2008, al 24,8% en 2013 y al 27,1% en 2018, m\u00e1s alta en el Sur que en el Norte (en N\u00e1poles, el 60,51% no vota)<sup class='footnote'><a href='https:\/\/correspondenciadeprensa.com\/?p=29627#fn-29627-23' id='fnref-29627-23' onclick='return fdfootnote_show(29627)'>23<\/a><\/sup>. Se estima que en las pr\u00f3ximas elecciones s\u00f3lo votar\u00e1 alrededor del 2% de los electores elegibles<sup class='footnote'><a href='https:\/\/correspondenciadeprensa.com\/?p=29627#fn-29627-24' id='fnref-29627-24' onclick='return fdfootnote_show(29627)'>24<\/a><\/sup>.<\/p>\n\n\n\n<p class=\"has-text-align-justify has-text-color wp-block-paragraph\" style=\"color:#070000\">La sucesi\u00f3n de crisis econ\u00f3micas ha empeorado implacablemente las condiciones de vida y de trabajo de los asalariados, transformando poco a poco, pero de forma real, el horizonte pol\u00edtico y la legitimidad social de la lucha. El retroceso de la simple idea de que uno puede organizarse para luchar contra la injusticia, parece tanto m\u00e1s esencial cuanto que ha ido acompa\u00f1ado de una din\u00e1mica de adaptaci\u00f3n constante a lo peor, ligada tanto a una especie de banalizaci\u00f3n de la injusticia como a una forma de deterioro de la relaci\u00f3n de las y los italianos con el Estado. A merced de la alienaci\u00f3n y la explotaci\u00f3n, los trabajadores y trabajadoras han pasado de ser una clase capaz de pensarse a s\u00ed misma como motor del cambio social a una \u00abclase fantasma\u00bb, evidenciadada por la esfera pol\u00edtica italiana<sup class='footnote'><a href='https:\/\/correspondenciadeprensa.com\/?p=29627#fn-29627-25' id='fnref-29627-25' onclick='return fdfootnote_show(29627)'>25<\/a><\/sup>. Parafraseando a la polit\u00f3loga de Princeton Wendy Brown, el neoliberalismo ha enmascarado y despolitizado la reproducci\u00f3n de la desigualdad, la \u00abdesproletarizaci\u00f3n\u00bb de las y los asalariados para \u00abconseguir que adopten las formas de pensar y comportarse de los empresarios\u00bb; la estigmatizaci\u00f3n concomitante de los \u00abextranjeros\u00bb y los parados sirve para desviar la creciente ira<sup class='footnote'><a href='https:\/\/correspondenciadeprensa.com\/?p=29627#fn-29627-26' id='fnref-29627-26' onclick='return fdfootnote_show(29627)'>26<\/a><\/sup>.<\/p>\n\n\n\n<p class=\"has-text-align-justify has-text-color wp-block-paragraph\" style=\"color:#070000\">Este oscuro marco ha producido resentimiento e ira. La relaci\u00f3n de confianza de la poblaci\u00f3n italiana con sus propias instituciones pol\u00edticas (Estado, Parlamento, partidos) se ha visto gravemente afectada. La desconfianza en la pol\u00edtica se ha unido a una crisis de confianza en el Estado y en los instrumentos de mediaci\u00f3n. Pensemos en el hecho de que, seg\u00fan una encuesta publicada en La Repubblica en diciembre de 2011, la confianza en el Estado era del 29,6%, en los partidos de alrededor del 3,9% y en el parlamento del 8,5%<sup class='footnote'><a href='https:\/\/correspondenciadeprensa.com\/?p=29627#fn-29627-27' id='fnref-29627-27' onclick='return fdfootnote_show(29627)'>27<\/a><\/sup>. Hoy, tras dos a\u00f1os de pandemia, estas cifras han aumentado significativamente, pero siguen siendo relativamente bajas (Estado, + 7%; partidos + 9%; parlamento + 14%)<sup class='footnote'><a href='https:\/\/correspondenciadeprensa.com\/?p=29627#fn-29627-28' id='fnref-29627-28' onclick='return fdfootnote_show(29627)'>28<\/a><\/sup>. El desprecio popular hacia la clase pol\u00edtica est\u00e1 ciertamente relacionado con la impotencia de \u00e9sta para afrontar la crisis. Pero tambi\u00e9n, y qui\u00b4zas sobre todo, debe estar relacionado con el creciente sentimiento de falta de poder y la p\u00e9rdida de control de la poblaci\u00f3n sobre las decisiones sobre las que ya no parece poder actuar, mientras que los partidos representados en el parlamento parecen haberse contentado con levantar la bandera blanca admitiendo su total incompetencia. La alternativa fue un payaso.<\/p>\n\n\n\n<p class=\"has-text-color wp-block-paragraph\" style=\"color:#070000\"><strong>\u00a1Que se vayan todos!<\/strong><\/p>\n\n\n\n<p class=\"has-text-align-justify has-text-color wp-block-paragraph\" style=\"color:#070000\">Beppe Grillo y su Movimiento 5 Estrellas (M5S) cabalgaron durante un tiempo sobre este caballo de Troya y llenaron el vac\u00edo de representaci\u00f3n en Italia secando definitivamente las potencialidades de una izquierda por reconstruir. El movimiento que tom\u00f3 forma en 2009 bajo el nombre de Movimiento 5 Estrellas (M5S) se construy\u00f3 inicialmente sobre la extraordinaria popularidad del c\u00f3mico de G\u00e9nova. El hijo de un peque\u00f1o empresario genov\u00e9s fue descubierto por un presentador estrella, Pippo Baudo, a finales de los a\u00f1os 70, que le abri\u00f3 las puertas al programa estrella de la RAI, Fant\u00e1stico. Pero fue la colaboraci\u00f3n con Antonio Ricci la que hizo popular a Grillo con el programa Te la do io l&#8217;America [Te dar\u00e9 un poco de Am\u00e9rica], emitido en la RAI en 1983. El mismo Ricci pronto frecuentar\u00eda la corte de Silvio Berlusconi y crear\u00eda, en 1988, el programa berlusconiano por excelencia, Striscia la notizia (a\u00fan en antena), un informativo c\u00f3mico con mujeres desnudas y un deus ex machina encarnado por un gran peluche rojo llamado Gabibbo, abanderado de lo que \u00e9l llamaba \u00absentimientos populares\u00bb y al que compar\u00f3 en diciembre de 2018 con Matteo Salvini<sup class='footnote'><a href='https:\/\/correspondenciadeprensa.com\/?p=29627#fn-29627-29' id='fnref-29627-29' onclick='return fdfootnote_show(29627)'>29<\/a><\/sup>. Antonio Ricci invent\u00f3 el lenguaje televisivo del berlusconismo. Su objetivo: conquistar a la audiencia, lo que hizo durante m\u00e1s de treinta a\u00f1os con frases huecas: \u00abMe importa un bledo\u00bb, dec\u00eda, \u00absi la s\u00e1tira gusta o no a la gente como yo, a los inteligentes y a los cultos. Lo que me interesa es captar la atenci\u00f3n de la se\u00f1ora Pina a las 20:30\u00bb<sup class='footnote'><a href='https:\/\/correspondenciadeprensa.com\/?p=29627#fn-29627-30' id='fnref-29627-30' onclick='return fdfootnote_show(29627)'>30<\/a><\/sup>.<\/p>\n\n\n\n<p class=\"has-text-align-justify has-text-color wp-block-paragraph\" style=\"color:#070000\">Beppe Grillo supo rodearse de personalidades con un fuerte capital cultural de simpat\u00eda, desde Michele Serra (periodista y columnista de La Repubblica) hasta Giorgio Gaber, pasando por Antonio Ricci y Dario Fo; recuper\u00f3 fragmentos de identidad colectiva que reorden\u00f3 seg\u00fan sus necesidades.<\/p>\n\n\n\n<p class=\"has-text-align-justify has-text-color wp-block-paragraph\" style=\"color:#070000\">El c\u00f3mico genov\u00e9s convirti\u00f3 su s\u00e1tira en una importante palanca pol\u00edtica. En 2005, Time lo defini\u00f3 como \u00abseriamente divertido\u00bb y lo incluy\u00f3 entre los 37 \u00abH\u00e9roes Europeos\u00bb que est\u00e1n \u00abcambiando el mundo a mejor\u00bb. Time destac\u00f3 en particular su papel en la denuncia del gigante alimentario italiano Parmalat, la mayor quiebra de Europa antes del terremoto de 2008. Grillo entr\u00f3 en cientos de miles de hogares italianos a trav\u00e9s de Striscia la notizia. El papel de justiciero c\u00f3mico se vio facilitado por el hecho de que hab\u00eda construido y difundido una narraci\u00f3n enga\u00f1osa de su propia vida, evocando un supuesto destierro por parte de los medios de comunicaci\u00f3n tras denunciar, en noviembre de 1986, en Fant\u00e1stico, la corrupci\u00f3n del Partido Socialista y de Bettino Craxi como jefe de gobierno. En 1988 volvi\u00f3 a la RAI y en 1993 tuvo su propio programa en dos partes, el show de Beppe Grillo. Ante un p\u00fablico desorientado por los esc\u00e1ndalos de corrupci\u00f3n de Tangentopoli, pronunciaba su eslogan: \u00abNo s\u00e9 qu\u00e9 pasa, la realidad supera a la ficci\u00f3n\u00bb: su p\u00fablico era el mismo que, unos meses despu\u00e9s, votar\u00eda por primera vez a Silvio Berlusconi.<\/p>\n\n\n\n<p class=\"has-text-align-justify has-text-color wp-block-paragraph\" style=\"color:#070000\">Beppe Grillo puede considerarse un producto perfecto del berlusconismo. A principios de la d\u00e9cada de 2000, se convirti\u00f3 en el portavoz de la protesta antipol\u00edtica que Silvio Berlusconi hab\u00eda encarnado una d\u00e9cada antes. Lo que cambi\u00f3 fue su encarnaci\u00f3n de la ruptura: una novedad que se pensaba aqu\u00ed y ahora, sin ning\u00fan horizonte de referencia futuro o lejano. Y al igual que su mejor enemigo, el discurso que portaba asociaba la desarticulaci\u00f3n del v\u00ednculo social y expresaba la innovaci\u00f3n absoluta en el campo pol\u00edtico italiano. Pidi\u00f3 acabar con los pol\u00edticos profesionales y con todas las formas de mediaci\u00f3n social (como los sindicatos), en un momento en el que Sergio Rizzo y Gian Antonio Stella, dos periodistas del Corriere della sera, es decir, el diario por excelencia del empresariado italiano, transmit\u00edan a toda Italia la imagen de una clase pol\u00edtica que ya no estaba al servicio de la comunidad nacional y del bien com\u00fan, sino de sus propios intereses. Su libro, titulado La Casta, ser\u00eda un hito; el subt\u00edtulo es bastante revelador: \u00abAs\u00ed es como la clase pol\u00edtica se hizo intocable\u00bb<sup class='footnote'><a href='https:\/\/correspondenciadeprensa.com\/?p=29627#fn-29627-31' id='fnref-29627-31' onclick='return fdfootnote_show(29627)'>31<\/a><\/sup>.<\/p>\n\n\n\n<p class=\"has-text-align-justify has-text-color wp-block-paragraph\" style=\"color:#070000\">El libro se public\u00f3 el 2 de mayo de 2007; cuatro meses m\u00e1s tarde, el 8 de septiembre, Beppe Grillo lanz\u00f3 el primer V[affanculo] Day [D\u00eda del vete al carajo], en el que anunci\u00f3 la muerte de los partidos pol\u00edticos. Exacerbando la imagen de la relaci\u00f3n sublimada del l\u00edder con su pueblo, se propuso a s\u00ed mismo como la \u00ab\u00fanica posibilidad de realidad\u00bb, en un periodo en el que el PD estaba completando su transformaci\u00f3n, al servicio de las virtuosas pol\u00edticas econ\u00f3micas de reducci\u00f3n de la deuda p\u00fablica, convirti\u00e9ndose en el partido de la derecha, la otra derecha, el partido de la burgues\u00eda modernista. El abandono de su base electoral, especialmente de los empleados del sector p\u00fablico y de los estudiantes, fue acompa\u00f1ado de una renuncia m\u00e1s profunda a las propias ideas de justicia e igualdad. Esta adaptaci\u00f3n al orden existente acab\u00f3 desdibujando permanentemente las categorizaciones pol\u00edticas cl\u00e1sicas en las que las nuevas generaciones ya no se reconoc\u00edan. La izquierda se redujo cada vez m\u00e1s al grupo de los que cre\u00edan pertenecer a ella, pero sin compartir necesariamente sus valores fundamentales. Ciertamente, m\u00e1s o menos al mismo tiempo, la metamorfosis que afectaba al PD tambi\u00e9n se produc\u00eda en otros partidos de toda Europa. Sin embargo, su condici\u00f3n de precursor fue acompa\u00f1ada aqu\u00ed por un extremismo sin parang\u00f3n, cuyo impacto fue especialmente devastador, incluso para la izquierda radical, que tambi\u00e9n se ha desarticulado, deshilachado, descompuesto, evaporado, arrastrada por la marea menguante.<\/p>\n\n\n\n<p class=\"has-text-align-justify has-text-color wp-block-paragraph\" style=\"color:#070000\">Ante el desastre de una izquierda incapaz de dar forma a un horizonte para la c\u00f3lera que se elevaba, Beppe Grillo y su movimiento iban a imponerse como el \u00fanico sujeto alternativo. De hecho, la aparici\u00f3n en la escena pol\u00edtica italiana del c\u00f3mico genov\u00e9s capt\u00f3 en su beneficio la esfera social de la indignaci\u00f3n en el inmenso vac\u00edo dejado por la izquierda, y bloque\u00f3 las experiencias que iban a extenderse por todo el mundo (Indignados, Occupy, Ciudades sin miedo, etc.) y sus encarnaciones pol\u00edticas (Podemos, Syriza, etc.)<sup class='footnote'><a href='https:\/\/correspondenciadeprensa.com\/?p=29627#fn-29627-32' id='fnref-29627-32' onclick='return fdfootnote_show(29627)'>32<\/a><\/sup>. Las crisis pol\u00edticas, sociales, econ\u00f3micas y morales que atraves\u00f3 la Pen\u00ednsula en la d\u00e9cada de 2000 dieron al movimiento el ox\u00edgeno que necesitaba. En Italia, la f\u00f3rmula de los manifestantes argentinos (\u00abque se vayan todos\u00bb) fue despojada de su fuerza insurreccional.<\/p>\n\n\n\n<p class=\"has-text-color wp-block-paragraph\" style=\"color:#070000\"><strong>El c\u00e1liz de la muerte<\/strong><\/p>\n\n\n\n<p class=\"has-text-align-justify has-text-color wp-block-paragraph\" style=\"color:#070000\">La Lega de Umberto Bossi hab\u00eda conseguido desarticular la Democracia Cristiana, con dificultad en sus principales bastiones, ganando una base de apoyo duradero en la llamada zona blanca o zonas cat\u00f3licas y conservadoras de la pen\u00ednsula, donde el voto de la Democracia Cristiana era, hasta los a\u00f1os 80, un voto \u00aba favor de la Iglesia y en contra del comunismo\u00bb<sup class='footnote'><a href='https:\/\/correspondenciadeprensa.com\/?p=29627#fn-29627-33' id='fnref-29627-33' onclick='return fdfootnote_show(29627)'>33<\/a><\/sup>. En este sentido, desempe\u00f1\u00f3 un papel clave en la consolidaci\u00f3n de la constelaci\u00f3n de derechas que surgi\u00f3 a principios de los a\u00f1os 90. Este es el mismo camino que tomaron Beppe Grillo y su movimiento. Despu\u00e9s de todo, \u00bfno fue precisamente el partido de Umberto Bossi el que Gianroberto Casaleggio, mentor de Grillo y creador del blog BeppeGrillo.it en 2005, decidi\u00f3 emular? Esta vez, sin embargo, su terreno favorito fueron las llamadas zonas rojas, los antiguos bastiones del Partido Comunista, dislocando, desposeyendo y finalmente desechando lo que quedaba de los valores, la historia y la memoria de la izquierda, en particular la del antifascismo.<\/p>\n\n\n\n<p class=\"has-text-align-justify has-text-color wp-block-paragraph\" style=\"color:#070000\">As\u00ed, Beppe Grillo eligi\u00f3 el 8 de septiembre de 2007 para lanzar su primer D\u00eda del Vaffanculo, una fecha con un alto valor simb\u00f3lico en la historia italiana del siglo XX y en particular en la historia del fascismo. En efecto, el 8 de septiembre de 1943, el mariscal Pietro Badoglio anunci\u00f3 la firma del armisticio con los aliados. En esa fecha, el rey y el gobierno huyeron de la capital, dejando atr\u00e1s a una poblaci\u00f3n desorientada a merced de las tropas alemanas que hab\u00edan entrado en el pa\u00eds tras la destituci\u00f3n de Benito Mussolini 45 d\u00edas antes. \u00abTutti a casa\u00bb [todos a casa] parec\u00eda ser el confuso lema de aquel d\u00eda, bien interpretado por la pel\u00edcula hom\u00f3nima de Luigi Comencini. Este D\u00eda del Vaffanculo (V-Day) fue la culminaci\u00f3n de los miles de Vaffanculo (\u00a1J\u00f3dete!) que Grillo hab\u00eda gritado en todos los escenarios, grandes y peque\u00f1os, de Italia. Como el del teatro Smeraldo de Mil\u00e1n, donde en 1992 anunci\u00f3 el nacimiento de la gentocracia, invocando la toma del poder por el estado de \u00e1nimo del pueblo y su ira; un pueblo que \u00abya no tiene miedo de decir lo que piensa (&#8230;)\u00bb<sup class='footnote'><a href='https:\/\/correspondenciadeprensa.com\/?p=29627#fn-29627-34' id='fnref-29627-34' onclick='return fdfootnote_show(29627)'>34<\/a><\/sup>. \u00abLa gente\u00bb, sujeto singular en italiano, cuya declinaci\u00f3n plural en espa\u00f1ol (el pueblo) traduce bien la idea de una entidad que se desintegra en una multitud \u00abego\u00edsta\u00bb de individuos<sup class='footnote'><a href='https:\/\/correspondenciadeprensa.com\/?p=29627#fn-29627-35' id='fnref-29627-35' onclick='return fdfootnote_show(29627)'>35<\/a><\/sup>. El gentismo, pensado como la \u00abevoluci\u00f3n \u00faltima de la antigua noci\u00f3n de pueblo\u00bb, se refer\u00eda al p\u00fablico indistinto e intercambiable, que en el lenguaje del futuro M5S se convertir\u00e1 en \u00abuno es uno\u00bb, una horizontalidad que conduce precisamente a lo contrario de los objetivos declarados de la democracia directa, es decir, a la negaci\u00f3n de lo colectivo mediante la fragmentaci\u00f3n de las opiniones y al lugar que finalmente se deja a las amplias prerrogativas del l\u00edder.<\/p>\n\n\n\n<p class=\"has-text-align-justify has-text-color wp-block-paragraph\" style=\"color:#070000\">Aunque las movilizaciones del D\u00eda V tuvieron lugar en m\u00e1s de 180 ciudades italianas, incluso fuera del pa\u00eds, fue en Bolonia, en el coraz\u00f3n de la llamada zona roja, donde Beppe Grillo decidi\u00f3 tomar la palabra, desafiando a la izquierda, o mejor, buscando borrar su memoria. Ante decenas de miles de personas, Beppe Grillo iba a decir a los pol\u00edticos que se fueran a casa con un grito \u00fanico: \u00abVaffa&#8230;\u00bb [Que te den&#8230;] a \u00abla casta\u00bb: \u00abitalianos, ha llegado el 8 de septiembre, el d\u00eda de nuestra derrota; este 8 de septiembre ser\u00e1 el d\u00eda de su derrota. El D\u00eda V, como el D\u00eda del Vaffanculo\u00bb. Al hacer del 8 de septiembre, el d\u00eda de la derrota de la guerra de Mussolini, el d\u00eda de la derrota del p\u00fablico al que se dirig\u00eda, Beppe Grillo se reapropi\u00f3 de las relecturas revisionistas del fascismo italiano de los a\u00f1os noventa, incluido el concepto de \u00abmuerte de la naci\u00f3n\u00bb, aplicado por el revisionismo precisamente al 8 de septiembre de 1943, que convirti\u00f3 en ileg\u00edtimos los partidos surgidos de la Guerra de Resistencia.<\/p>\n\n\n\n<p class=\"has-text-align-justify has-text-color wp-block-paragraph\" style=\"color:#070000\">En aquella ocasi\u00f3n, el c\u00f3mico anunci\u00f3 que quer\u00eda \u00abrecuperar el pa\u00eds\u00bb organizando un movimiento de los \u00abburgueses\u00bb y los \u00abconservadores\u00bb<sup class='footnote'><a href='https:\/\/correspondenciadeprensa.com\/?p=29627#fn-29627-36' id='fnref-29627-36' onclick='return fdfootnote_show(29627)'>36<\/a><\/sup>. Un a\u00f1o m\u00e1s tarde, Beppe Grillo se apoderar\u00eda del 25 de abril, una referencia fuerte en la memoria de la Resistencia italiana, organizando nuevos m\u00edtines en m\u00e1s de 400 ciudades, al grito de \u00abnosotros somos los verdaderos partisanos\u00bb. Y fue en Tur\u00edn, la ciudad insignia del movimiento obrero, el Petrogrado italiano, la ciudad de Antonio Gramsci y de los Consejos de F\u00e1brica, el epicentro de la insurrecci\u00f3n de 1917 y 1945, donde decidi\u00f3 hablar. Esta vez, fue para promover un refer\u00e9ndum sobre la supresi\u00f3n de la financiaci\u00f3n p\u00fablica de la prensa; un duro golpe, en particular, para los medios de comunicaci\u00f3n no alineados, los de la izquierda radical, y un bienvenido impulso para los que, como Gianroberto Casaleggio, hac\u00edan su agosto en la Red.<\/p>\n\n\n\n<p class=\"has-text-align-justify has-text-color wp-block-paragraph\" style=\"color:#070000\">Beppe Grillo ha tratado activamente de borrar la memoria de las luchas de los oprimidos confiscando el espacio de la izquierda, una izquierda que \u00e9l define como mucho peor que la derecha, al tiempo que afirma no ser \u00abni de izquierdas ni de derechas, sino del lado de los ciudadanos\u00bb<sup class='footnote'><a href='https:\/\/correspondenciadeprensa.com\/?p=29627#fn-29627-37' id='fnref-29627-37' onclick='return fdfootnote_show(29627)'>37<\/a><\/sup> El movimiento puesto en marcha entonces, que dos a\u00f1os m\u00e1s tarde se convertir\u00eda en el Movimiento 5 Estrellas (M5S), no se configur\u00f3 como un movimiento que promoviera la conciencia de uno mismo, de los dem\u00e1s y del grupo formado con otros a trav\u00e9s de batallas libradas colectivamente. Porque durante los D\u00edas V, el centro no era la plaza \u00ablugar de protesta y conflicto\u00bb, sino Beppe Grillo, y en Bolonia, como en Tur\u00edn y otras ciudades italianas, no se reun\u00edan manifestantes, sino espectadores. La participaci\u00f3n se limit\u00f3 al \u00abVaffa&#8230;\u00bb repetido a coro acompa\u00f1ado de los gestos de una multitud que, en lugar del pu\u00f1o levantado, s\u00edmbolo de las luchas colectivas por la emancipaci\u00f3n humana, levant\u00f3 el dedo coraz\u00f3n. Una insoportable burla para esta idea, que estuvo en el coraz\u00f3n de las movilizaciones de los a\u00f1os 1968, cantado en 1972 por Giorgio Gaber: \u00abLa libertad, no es quedarse en un \u00e1rbol, no es tampoco el vuelo de una mosca, la libertad no es un espacio vac\u00edo, la libertad es la participaci\u00f3n\u00bb<sup class='footnote'><a href='https:\/\/correspondenciadeprensa.com\/?p=29627#fn-29627-38' id='fnref-29627-38' onclick='return fdfootnote_show(29627)'>38<\/a><\/sup>.<\/p>\n\n\n\n<p class=\"has-text-align-justify has-text-color wp-block-paragraph\" style=\"color:#070000\">El Vaffa funcion\u00f3 como un conector que buscaba tanto despertar la emoci\u00f3n como jugar con un conjunto de sentimientos confusos, un v\u00ednculo tangible entre elementos diversos, del mismo modo que el gr\u00e1fico de la V de MoVimento, tomado de la pel\u00edcula de James McTeigue, V de Vendetta, con su car\u00e1cter cultural compuesto, o la \u00abvalent\u00eda\u00bb del M5S al elegir el color amarillo, un color \u00abcuidadosamente evitado en el mundo pol\u00edtico\u00bb porque es el de \u00abla mentira, la hipocres\u00eda, la traici\u00f3n\u00bb<sup class='footnote'><a href='https:\/\/correspondenciadeprensa.com\/?p=29627#fn-29627-39' id='fnref-29627-39' onclick='return fdfootnote_show(29627)'>39<\/a><\/sup>. Con la crisis de 2008, Grillo se convirti\u00f3 en el portavoz de una nueva forma de organizaci\u00f3n pol\u00edtica, \u00abligera y poderosa\u00bb<sup class='footnote'><a href='https:\/\/correspondenciadeprensa.com\/?p=29627#fn-29627-40' id='fnref-29627-40' onclick='return fdfootnote_show(29627)'>40<\/a><\/sup>, un movimiento que combinaba la energ\u00eda de la Web para movilizarse, comparable con los partidos pol\u00edticos de los a\u00f1os dorados del capitalismo, y el canal de difusi\u00f3n de la peque\u00f1a pantalla, un instrumento favorecido por Silvio Berlusconi y en el que debut\u00f3 Grillo. La web fue la carta mayor de este dispositivo<sup class='footnote'><a href='https:\/\/correspondenciadeprensa.com\/?p=29627#fn-29627-41' id='fnref-29627-41' onclick='return fdfootnote_show(29627)'>41<\/a><\/sup>. En 2009, el blog BeppeGrillo.it fue clasificado como el s\u00e9ptimo entre los veinticinco m\u00e1s populares del mundo por la revista Forbes y, en el mismo periodo, estuvo entre los diez m\u00e1s influyentes del planeta seg\u00fan The Guardian. En aquella \u00e9poca, el 53% de los hogares italianos ten\u00eda acceso a Internet (frente al 66% a nivel europeo), un \u00edndice que no har\u00eda m\u00e1s que aumentar con el tiempo hasta alcanzar el 84% diez a\u00f1os despu\u00e9s. El \u00e9xito del blog y su seguimiento estaban relacionados con la monopolizaci\u00f3n casi total de los canales de televisi\u00f3n por parte de Silvio Berlusconi, que estaba en el gobierno en ese momento. El blog pretend\u00eda ser \u00abuna alternativa a la informaci\u00f3n cl\u00e1sica\u00bb<sup class='footnote'><a href='https:\/\/correspondenciadeprensa.com\/?p=29627#fn-29627-42' id='fnref-29627-42' onclick='return fdfootnote_show(29627)'>42<\/a><\/sup> \u00abBeppe hace un verdadero trabajo period\u00edstico de s\u00edntesis\u00bb, dijo uno de sus seguidores, \u00abser\u00eda muy cansado ir a buscar toda la informaci\u00f3n que nos ofrece\u00bb<sup class='footnote'><a href='https:\/\/correspondenciadeprensa.com\/?p=29627#fn-29627-43' id='fnref-29627-43' onclick='return fdfootnote_show(29627)'>43<\/a><\/sup>.<\/p>\n\n\n\n<p class=\"has-text-align-justify has-text-color wp-block-paragraph\" style=\"color:#070000\">El blog se convirti\u00f3 en el vector de lo que Robert Proctor llam\u00f3 una \u00abignorancia culturalmente producida\u00bb, utilizando la duda como arma privilegiada de su \u00abagnotolog\u00eda\u00bb, es decir, de su agnosticismo, y de la construcci\u00f3n de realidades paralelas<sup class='footnote'><a href='https:\/\/correspondenciadeprensa.com\/?p=29627#fn-29627-44' id='fnref-29627-44' onclick='return fdfootnote_show(29627)'>44<\/a><\/sup>. Grillo afirm\u00f3, por ejemplo, que el SIDA era el \u00abmayor intoxicante del siglo\u00bb o que las campa\u00f1as de prevenci\u00f3n del c\u00e1ncer eran peligrosas. En 2019, lleg\u00f3 a anunciar su participaci\u00f3n en el congreso de los que creen que la Tierra es plana<sup class='footnote'><a href='https:\/\/correspondenciadeprensa.com\/?p=29627#fn-29627-45' id='fnref-29627-45' onclick='return fdfootnote_show(29627)'>45<\/a><\/sup>. El blog se val\u00eda de fakes (usuarios con identidades falsas que dirig\u00edan la discusi\u00f3n), trolls (usuarios que interven\u00edan para provocar a los interlocutores) e influencers (usuarios que influ\u00edan en los dem\u00e1s)\u00bb<sup class='footnote'><a href='https:\/\/correspondenciadeprensa.com\/?p=29627#fn-29627-46' id='fnref-29627-46' onclick='return fdfootnote_show(29627)'>46<\/a><\/sup>. Una pr\u00e1ctica adoptada por grupos del M5S o cercanos a \u00e9l, algunos de los cuales promovieron campa\u00f1as de linchamiento medi\u00e1tico y amenazas. El blog de Grillo tambi\u00e9n difundi\u00f3 los temas queridos por los Verdes, en la ola de la gran movilizaci\u00f3n contra la privatizaci\u00f3n del agua, \u00abponiendo las cuestiones medioambientales en el centro de la acusaci\u00f3n contra las empresas capitalistas\u00bb, al tiempo que daba a conocer, por ejemplo, el uso de Biowashball, una bola producida en Suiza que supuestamente har\u00eda superfluos los detergentes<sup class='footnote'><a href='https:\/\/correspondenciadeprensa.com\/?p=29627#fn-29627-47' id='fnref-29627-47' onclick='return fdfootnote_show(29627)'>47<\/a><\/sup>.<\/p>\n\n\n\n<p class=\"has-text-align-justify has-text-color wp-block-paragraph\" style=\"color:#070000\">R\u00e1pidamente, los periodistas, todos los periodistas, se convirtieron en objeto de invectivas, llegando a prohibirles la entrada a las reuniones del movimiento, incluida la de la Plaza de San Juan en Roma, al final de la gira del tsunami para las elecciones nacionales de febrero de 2013. En 2017, Beppe Grillo lleg\u00f3 a pedir la creaci\u00f3n de un jurado popular contra los peri\u00f3dicos y los telediarios que publican noticias falsas, en un pa\u00eds que en ese momento ocupaba el puesto 77 en cuanto a libertad de prensa<sup class='footnote'><a href='https:\/\/correspondenciadeprensa.com\/?p=29627#fn-29627-48' id='fnref-29627-48' onclick='return fdfootnote_show(29627)'>48<\/a><\/sup>.<\/p>\n\n\n\n<p class=\"has-text-align-justify has-text-color wp-block-paragraph\" style=\"color:#070000\">Rechazando la divisi\u00f3n izquierda-derecha, al igual que Umberto Bossi antes que \u00e9l, Beppe Grillo fue capaz de constituir una especie de atractivo para una franja creciente de la poblaci\u00f3n. Inicialmente se apoy\u00f3 en la amplia oposici\u00f3n a Berlusconi, captando, reordenando, desarticulando y vaciando un vocabulario propio de la izquierda, atrayendo hacia \u00e9l a algunas de las principales figuras de sus intelectuales (Erri de Luca, Dario Fo&#8230;), y luego ampliando su base de masas, aprovechando la descomposici\u00f3n del campo pol\u00edtico italiano y la succi\u00f3n de sangre del berlusconismo, \u00abuna forma de destrucci\u00f3n de la democracia sin precedentes\u00bb<sup class='footnote'><a href='https:\/\/correspondenciadeprensa.com\/?p=29627#fn-29627-49' id='fnref-29627-49' onclick='return fdfootnote_show(29627)'>49<\/a><\/sup>. \u00abHemos conseguido\u00bb, dijo Beppe Grillo durante el mitin de clausura de las elecciones nacionales de marzo de 2018, \u00abacelerar y aniquilar a todos los partidos, que se han disuelto en una especie de superficie nauseabunda [&#8230;] el \u00fanico partido real que existe hoy en Italia es el nuestro\u00bb. Partidos que describi\u00f3 como \u00abzombis\u00bb, \u00abmuertos vivientes\u00bb y \u00abata\u00fades andantes\u00bb, a los que el M5S iba a convertir, seg\u00fan Gianroberto Casaleggio, en \u00abel hongo venenoso amanita phalloides\u00bb.<\/p>\n\n\n\n<p class=\"has-text-color wp-block-paragraph\" style=\"color:#070000\"><strong>Llega el invierno<\/strong><\/p>\n\n\n\n<p class=\"has-text-align-justify has-text-color wp-block-paragraph\" style=\"color:#070000\">El M5S llevaba mucho tiempo coci\u00e9ndose en las entra\u00f1as del pa\u00eds, como demuestran sus r\u00e1pidas victorias electorales, insert\u00e1ndose en los territorios y organiz\u00e1ndose a nivel local. Hunde sus ra\u00edces en las profundidades del subsuelo italiano, en el \u00absovversivismo\u00bb sobre el que escribi\u00f3 Antonio Gramsci, \u00abel car\u00e1cter &#8216;subversivo&#8217; [sovversivismo] de estas capas tiene dos caras: una girada hacia la izquierda, la otra hacia la derecha, pero la figura de la izquierda es s\u00f3lo una finta; siempre van hacia la derecha en los momentos decisivos y su valor desesperado siempre prefiere tener a los carabinieri como aliados\u00bb. Y, efectivamente, la derecha y la extrema derecha (la Lega, la Casapound, la extrema derecha del sur) aparecieron como la orilla a la que esta ideolog\u00eda de la no-ideolog\u00eda se hab\u00eda adherido de forma duradera, mientras alimentaba activamente el se\u00f1uelo de una formaci\u00f3n de izquierda alternativa. As\u00ed, el M5S se presentaba en ocasiones como un baluarte contra la extrema derecha. El 10 de julio de 2013, tras ser recibido por el presidente de la Rep\u00fablica Giorgio Napolitano, Beppe Grillo tambi\u00e9n lo hizo saber a su manera: \u00ab(&#8230;) Fui a los territorios, y estoy enfadado porque he recogido el enfado de los que he conocido. (&#8230;) Siempre intento moderar los esp\u00edritus, se lo dije al presidente de la Rep\u00fablica, lo que digo es algo que experiment\u00e9 (&#8230;); hay que moderar los esp\u00edritus, los esp\u00edritus de la gente que quiere armarse con pistolas, con palos y que dicen que la revoluci\u00f3n se hace s\u00f3lo as\u00ed y yo les digo, calma, intentemos de nuevo con los m\u00e9todos democr\u00e1ticos (&#8230;). \u00ab<sup class='footnote'><a href='https:\/\/correspondenciadeprensa.com\/?p=29627#fn-29627-50' id='fnref-29627-50' onclick='return fdfootnote_show(29627)'>50<\/a><\/sup>. Pero detr\u00e1s de la invocada revoluci\u00f3n, estaba la eversi\u00f3n y el eco lejano de las \u00abpistolas de B\u00e9rgamo\u00bb que la Lega Nord agitaba en los a\u00f1os 90 con la misma ret\u00f3rica de un Umberto Bossi que entonces tambi\u00e9n dec\u00eda dominar los ardores de la base<sup class='footnote'><a href='https:\/\/correspondenciadeprensa.com\/?p=29627#fn-29627-51' id='fnref-29627-51' onclick='return fdfootnote_show(29627)'>51<\/a><\/sup>. El M5S particip\u00f3 tambi\u00e9n en la cultura com\u00fan de la derecha basada en el \u00abculto al l\u00edder, la desarticulaci\u00f3n de las organizaciones intermedias y un eclecticismo ideol\u00f3gico\u00bb que el historiador Paul Ginsborg denomin\u00f3 en su d\u00eda como una mezcla de elementos carism\u00e1ticos, plebiscitarios y tradicionalistas.<\/p>\n\n\n\n<p class=\"has-text-align-justify has-text-color wp-block-paragraph\" style=\"color:#070000\">El M5S demostr\u00f3 ser experto en \u00abinterceptar e interpretar todo tipo de protestas y malestares\u00bb y mantenerlos unidos. Se presentaba como un meg\u00e1fono que daba fuerza y voz al sentimiento (o resentimiento), al enfado de una poblaci\u00f3n que, desde hace m\u00e1s de treinta a\u00f1os, sufre tanto las consecuencias de las crisis econ\u00f3micas, sociales y pol\u00edticas que vive toda Europa como el inversismo (inversi\u00f3n radical de valores) al que ha conducido la gran revisi\u00f3n cultural del berlusconismo y la derecha plural. Un inversismo que puede verse, por ejemplo, en el posicionamiento de los portavoces del M5S sobre el fascismo: \u00abuna ideolog\u00eda del pasado\u00bb, seg\u00fan Beppe Grillo, que se limit\u00f3 a decir que no es fascista; Luigi di Maio afirm\u00f3 que, dentro del M5S, \u00abhay quien se refiere a [Enrico] Berlinguer [dirigente comunista italiano de los a\u00f1os 80], al Partido Dem\u00f3crata Cristiano o a Almirante\u00bb. Defendi\u00f3 que \u00ablas categor\u00edas de fascismo y antifascismo s\u00f3lo se utilizaron para instrumentalizar [los debates], porque nadie merece ser demonizado, y es posible que se cometieran errores en ambos bandos, pero tambi\u00e9n que se tomaran decisiones de buena fe\u00bb. Otro joven dirigente&nbsp;&nbsp;&nbsp;&nbsp;&nbsp;&nbsp; de la \u00e9poca, Alessandro di Battista, anunci\u00f3 sentenciosamente que \u00abes m\u00e1s importante ser honesto que antifascista\u00bb. Una postura que coincide con la de una parte creciente de la poblaci\u00f3n. Beppe Grillo abri\u00f3 un di\u00e1logo con el movimiento neofascista CasaPound, o al menos con sus activistas, y atrajo hacia \u00e9l a hombres socializados en el Movimiento Social Italiano, como Luigi di Maio y Alessandro Di Battista, ambos hijos de militantes del MSI. El padre del actual ministro de Asuntos Exteriores, ahora fuera del M5S, admiti\u00f3 con orgullo haber trabajado con Giorgio Almirante y Gianfranco Fini y dijo haber encontrado en el M5S los \u00abvalores de la vieja derecha\u00bb<sup class='footnote'><a href='https:\/\/correspondenciadeprensa.com\/?p=29627#fn-29627-52' id='fnref-29627-52' onclick='return fdfootnote_show(29627)'>52<\/a><\/sup>.<\/p>\n\n\n\n<p class=\"has-text-align-justify has-text-color wp-block-paragraph\" style=\"color:#070000\">La ret\u00f3rica utilizada por Beppe Grillo, amparada en el humor, es la de la extrema derecha. El desplazamiento de la base electoral del movimiento hacia las posiciones de la Lega, en di\u00e1logo con las orientaciones generales del M5S encarnadas por Beppe Grillo, parece confirmarlo. En 2008, \u00bfno declar\u00f3: \u00abNo soy un pol\u00edtico&#8230; s\u00f3lo podr\u00eda hacerlo en una peque\u00f1a dictadura donde tuviera la posibilidad de utilizar un estadio para poner a las 80.000-100.000 personas que hacen da\u00f1o a Italia\u00bb?. Y en 2013, despu\u00e9s de las elecciones de febrero, \u00bfno dijo: \u00abQue los que no quieran adherirse a nuestras reglas lo digan inmediatamente. Entonces podremos apedrearlos\u00bb)<sup class='footnote'><a href='https:\/\/correspondenciadeprensa.com\/?p=29627#fn-29627-53' id='fnref-29627-53' onclick='return fdfootnote_show(29627)'>53<\/a><\/sup>. En enero de 2017, cuando la extrema derecha europea, reactivada por la llegada de Donald Trump a la presidencia de Estados Unidos, se reuni\u00f3 en Coblenza y anunci\u00f3 \u00abel amanecer de un Nuevo Mundo\u00bb (Marine Le Pen) y el sue\u00f1o de una \u00abnueva Europa\u00bb (Geert Wilders) hegemonizada por sus partidos, Beppe Grillo anunci\u00f3 en el Journal du Dimanche franc\u00e9s \u00abLa pol\u00edtica internacional necesita estadistas fuertes como ellos [Vladimir Putin y Donald Trump]. Los veo como un beneficio para la humanidad\u00bb<sup class='footnote'><a href='https:\/\/correspondenciadeprensa.com\/?p=29627#fn-29627-54' id='fnref-29627-54' onclick='return fdfootnote_show(29627)'>54<\/a><\/sup> La web de Alt-right de Steve Bannon, Breitbart, seguro que acogi\u00f3 estas palabras. Entre 2012 y 2016, la propensi\u00f3n de los votantes del M5S a votar a la derecha aument\u00f3 gradualmente. As\u00ed, seg\u00fan Delia Baldassari y Paolo Segatti, en las encuestas a pie de urna de marzo de 2018, el partido preferido de los votantes del M5S despu\u00e9s del suyo propio era el de Matteo Salvini<sup class='footnote'><a href='https:\/\/correspondenciadeprensa.com\/?p=29627#fn-29627-55' id='fnref-29627-55' onclick='return fdfootnote_show(29627)'>55<\/a><\/sup>.<\/p>\n\n\n\n<p class=\"has-text-align-justify has-text-color wp-block-paragraph\" style=\"color:#070000\">Los repetidos ataques de Beppe Grillo a la \u00abizquierda santurrona y angelical\u00bb (buonista) en lo que respecta a la pol\u00edtica de inmigraci\u00f3n o al antirracismo fueron s\u00f3lo una de las declinaciones de un nuevo sincretismo que mezclaba indistintamente la lucha contra los inmigrantes y la lucha contra la corrupci\u00f3n y las mafias (\u00abel inmigrante ilegal es \u00fatil\u00bb, escribi\u00f3, \u00aba la criminalidad\u00bb. )<sup class='footnote'><a href='https:\/\/correspondenciadeprensa.com\/?p=29627#fn-29627-56' id='fnref-29627-56' onclick='return fdfootnote_show(29627)'>56<\/a><\/sup>. Grillo y su M5S se convirtieron en los abanderados de la lucha contra una invasi\u00f3n extranjera inexistente, que supuestamente pon\u00eda en peligro la seguridad y los salarios de los italianos, montando el caballo de Troya racista sin dudarlo. El gentismo que Grillo ha defendido desde los lejanos a\u00f1os 90 se refer\u00eda a un pueblo \u00e9tnico, como se\u00f1al\u00f3 muy h\u00e1bilmente uno de los l\u00edderes de Podemos, \u00cd\u00f1igo Errej\u00f3n<sup class='footnote'><a href='https:\/\/correspondenciadeprensa.com\/?p=29627#fn-29627-57' id='fnref-29627-57' onclick='return fdfootnote_show(29627)'>57<\/a><\/sup>, y los votantes del M5S no se equivocaron. Considera el hecho de que entre los que votaron al M5S, la mayor\u00eda cre\u00eda que \u00abla inmigraci\u00f3n es una amenaza para la identidad cultural italiana\u00bb<sup class='footnote'><a href='https:\/\/correspondenciadeprensa.com\/?p=29627#fn-29627-58' id='fnref-29627-58' onclick='return fdfootnote_show(29627)'>58<\/a><\/sup>. \u00bfNo dijo Grillo que los gitanos eran una \u00abbomba de relojer\u00eda\u00bb y a\u00f1adi\u00f3 que \u00abantes de que las fronteras de la Patria fueran sagradas, los pol\u00edticos las profanaron\u00bb? La Naci\u00f3n, Italia, la defensa de la Patria y de los italianos frente a los emigrantes, los poderes ocultos o Europa, han estado en la agenda desde la estructuraci\u00f3n del movimiento y esta ret\u00f3rica no ha cambiado desde entonces, como mucho ha sufrido adaptaciones t\u00e1cticas.<\/p>\n\n\n\n<p class=\"has-text-align-justify has-text-color wp-block-paragraph\" style=\"color:#070000\">El gobierno del M5S-Lega de junio de 2018 a agosto de 2019 as\u00ed lo atestigua. Un gobierno que el soci\u00f3logo Domenico Masi defini\u00f3 como el m\u00e1s derechista de la historia de la Italia republicana, que el analista Ezio Mauro calific\u00f3 de \u00abderecha realizada\u00bb y que el periodista Claudio Tito describi\u00f3 como \u00ablaboratorio pr\u00e1ctico de una nueva derecha\u00bb basada en un \u00abnuevo bloque social\u00bb<sup class='footnote'><a href='https:\/\/correspondenciadeprensa.com\/?p=29627#fn-29627-59' id='fnref-29627-59' onclick='return fdfootnote_show(29627)'>59<\/a><\/sup>. Este ejecutivo aprob\u00f3 una serie de medidas, entre ellas la renta de ciudadan\u00eda, hoy el buque insignia social del M5S, que es atacado desde todos los frentes, pero que en realidad es un workfare, que pone a trabajar a los m\u00e1s precarios con la prohibici\u00f3n de rechazar m\u00e1s de tres empleos ofrecidos en dos a\u00f1os; empleos que pod\u00edan encontrarse en un radio de 100 km para el primero, 250 para el segundo y en todo el pa\u00eds para el tercero. El ingreso de la ciudadan\u00eda se restringi\u00f3 adem\u00e1s a los italianos y a los inmigrantes con permiso de residencia de larga duraci\u00f3n que hayan vivido en Italia durante m\u00e1s de diez a\u00f1os, dejando al margen a todos los que llegaron a Italia despu\u00e9s de 2012, en un momento en el que el n\u00famero de inmigrantes en Italia ha aumentado m\u00e1s del 43% en comparaci\u00f3n con 2008, y que constituyen el segmento m\u00e1s vulnerable, precario y pobre de la poblaci\u00f3n<sup class='footnote'><a href='https:\/\/correspondenciadeprensa.com\/?p=29627#fn-29627-60' id='fnref-29627-60' onclick='return fdfootnote_show(29627)'>60<\/a><\/sup>.<\/p>\n\n\n\n<p class=\"has-text-align-justify has-text-color wp-block-paragraph\" style=\"color:#070000\">El mismo gobierno aprob\u00f3 el \u00abDecreto sobre Seguridad e Inmigraci\u00f3n\u00bb, definido hoy como un error por Giuseppe Conte, el nuevo l\u00edder del M5S y, sin embargo, presidente del Consejo en aquel momento, una de las disposiciones m\u00e1s autoritarias y reaccionarias de toda la historia de la Italia republicana, modificada en 2020. Preve\u00eda la supresi\u00f3n del permiso de residencia por razones humanitarias, la duplicaci\u00f3n del n\u00famero de d\u00edas de internamiento en los centros administrativos creados a tal efecto (Centro de Retorno Permanente -Cpr-), la imposibilidad de que los solicitantes de asilo se inscribieran en el registro civil y, por tanto, tuvieran acceso al derecho de residencia. En materia de seguridad, el decreto autoriz\u00f3 el uso de pistolas el\u00e9ctricas en los municipios de m\u00e1s de 100.000 habitantes y penas m\u00e1s severas, de hasta dos a\u00f1os de c\u00e1rcel, para quienes promuevan la ocupaci\u00f3n de terrenos o edificios. El gobierno dirigido por Matteo Salvini y Luigi di Maio ha hecho de la lucha contra los pobres y los inmigrantes su prioridad pol\u00edtica. Mientras la violencia por motivos raciales ha seguido aumentando en toda la pen\u00ednsula (un aumento que Luigi di Maio ha negado a voz en grito), el gobierno de la Lega-M5S opt\u00f3 por criminalizar la solidaridad y facilitar la posesi\u00f3n legal de armas de fuego, incluidos los Kalashnikov.<\/p>\n\n\n\n<p class=\"has-text-align-justify has-text-color wp-block-paragraph\" style=\"color:#070000\">Este experimento gubernamental dur\u00f3 14 meses. En agosto de 2019, Matteo Salvini abri\u00f3 una crisis en el seno del gobierno pidiendo elecciones inmediatas; asustados por esta perspectiva tras la victoria de la Lega en las elecciones europeas de mayo, el Movimiento 5 Estrellas y el Partido Democr\u00e1tico establecieron una nueva alianza, encabezada por&#8230; el mismo Giuseppe Conte. Adem\u00e1s, no hab\u00eda ninguna diferencia de naturaleza con las pol\u00edticas neoliberales aplicadas hasta entonces por el PD y la derecha aliada con la extrema derecha, s\u00f3lo un grado de diferencia en cuanto a la precariedad laboral y las restricciones a la inmigraci\u00f3n. La constituci\u00f3n del gobierno M5S-PD en septiembre de 2019 y el apoyo del M5S al gobierno presidido por Mario Draghi en febrero de 2021, en plena crisis sanitaria, es la confirmaci\u00f3n magistral de ello.<\/p>\n\n\n\n<p class=\"has-text-align-justify has-text-color wp-block-paragraph\" style=\"color:#070000\">El soci\u00f3logo franc\u00e9s \u00c9ric Fassin propuso interpretar lo que llam\u00f3 el \u00abmomento populista\u00bb no como una reacci\u00f3n al neoliberalismo, sino como una forma de garantizar su \u00e9xito popular<sup class='footnote'><a href='https:\/\/correspondenciadeprensa.com\/?p=29627#fn-29627-61' id='fnref-29627-61' onclick='return fdfootnote_show(29627)'>61<\/a><\/sup>. El M5S fue un producto del neoliberalismo, pero tambi\u00e9n de la subjetividad neoliberal interiorizada que implica su pr\u00e1ctica. \u00abUsuarios\u00bb que hicieron valer su \u00abcapital humano\u00bb individual a trav\u00e9s de una \u00abautocomunicaci\u00f3n masiva\u00bb digitalizada que parece poder prescindir de las mediaciones tradicionales, al tiempo que difumina la asimetr\u00eda de los actores<sup class='footnote'><a href='https:\/\/correspondenciadeprensa.com\/?p=29627#fn-29627-62' id='fnref-29627-62' onclick='return fdfootnote_show(29627)'>62<\/a><\/sup>. Donde la Web y sus herramientas no se consideraban como medios para alcanzar una democracia directa digital que deb\u00eda construirse y pensarse en funci\u00f3n de las potencialidades que efectivamente abr\u00eda Internet, sino como una forma pol\u00edtica ya consumada. Esta tecno-utop\u00eda se basaba en los condicionantes econ\u00f3micos y culturales de un neoliberalismo integrado por la subjetividad de los sujetos, donde la horizontalidad y la participaci\u00f3n reivindicada entran en contradicci\u00f3n con la necesaria centralizaci\u00f3n extrema de un movimiento compuesto, so pena de implosi\u00f3n, como parecen mostrar las \u00faltimas salidas del movimiento y las vertiginosas p\u00e9rdidas en la intenci\u00f3n de voto al M5S<sup class='footnote'><a href='https:\/\/correspondenciadeprensa.com\/?p=29627#fn-29627-63' id='fnref-29627-63' onclick='return fdfootnote_show(29627)'>63<\/a><\/sup>.<\/p>\n\n\n\n<p class=\"has-text-align-justify has-text-color wp-block-paragraph\" style=\"color:#070000\">El eslogan \u00abni de derechas ni de izquierdas\u00bb en relaci\u00f3n al M5S ha funcionado como un mantra que ha impedido una reflexi\u00f3n seria sobre este fen\u00f3meno pol\u00edtico sin precedentes que ha servido de correa de transmisi\u00f3n del l\u00e9xico pol\u00edtico de la ultraderecha. Grillo y su M5S han jugado con lo que Wendy Brown llama \u00abresentimiento de clase sin conciencia de clase\u00bb<sup class='footnote'><a href='https:\/\/correspondenciadeprensa.com\/?p=29627#fn-29627-64' id='fnref-29627-64' onclick='return fdfootnote_show(29627)'>64<\/a><\/sup>. Este resentimiento retroalimenta las modalidades de acci\u00f3n y el discurso del M5S, que ha desdibujado los mecanismos que reproducen, intensifican y despolitizan las desigualdades, y as\u00ed ha eliminado la capacidad de reacci\u00f3n. Grillo y su M5S han defendido la desaparici\u00f3n de las instancias que exist\u00edan antes para combatir las formas de odio, humillaci\u00f3n y subordinaci\u00f3n a las que se enfrentan los oprimidos, sin proponer otras. Utilizando un novolenguaje calcado del npov (punto de vista neutro) wikipedista, vaciando las palabras de su contenido, inventando otras, invirtiendo u \u00abobliterando su significado (&#8230;) impidiendo pensar en t\u00e9rminos diferentes\u00bb y minimizando los ataques a los subalternos (los recortes de austeridad se limitan en el lenguaje de Grillo a frattaglie, despojos), reduciendo a la nada toda posibilidad de elevar el nivel de conciencia de clase, que es la \u00fanica forma de contrarrestarlos<sup class='footnote'><a href='https:\/\/correspondenciadeprensa.com\/?p=29627#fn-29627-65' id='fnref-29627-65' onclick='return fdfootnote_show(29627)'>65<\/a><\/sup>. En esta perspectiva, el M5S ser\u00eda una derecha (post)moderna que proviene de la guerra contra las \u00e9lites, de la pol\u00e9mica permanente contra el Estado, del rechazo de lo pol\u00edticamente correcto<sup class='footnote'><a href='https:\/\/correspondenciadeprensa.com\/?p=29627#fn-29627-66' id='fnref-29627-66' onclick='return fdfootnote_show(29627)'>66<\/a><\/sup>.<\/p>\n\n\n<div class=\"wp-block-image\">\n<figure class=\"aligncenter size-large is-resized\"><img data-recalc-dims=\"1\" loading=\"lazy\" decoding=\"async\" data-attachment-id=\"29659\" data-permalink=\"https:\/\/correspondenciadeprensa.com\/?attachment_id=29659\" data-orig-file=\"https:\/\/i0.wp.com\/correspondenciadeprensa.com\/wp-content\/uploads\/2022\/09\/Italia2309-II.jpg?fit=1151%2C711&amp;ssl=1\" data-orig-size=\"1151,711\" data-comments-opened=\"0\" data-image-title=\"Italia2309-II\" data-image-description=\"\" data-image-caption=\"\" data-large-file=\"https:\/\/i0.wp.com\/correspondenciadeprensa.com\/wp-content\/uploads\/2022\/09\/Italia2309-II.jpg?fit=656%2C406&amp;ssl=1\" src=\"https:\/\/i0.wp.com\/correspondenciadeprensa.com\/wp-content\/uploads\/2022\/09\/Italia2309-II.jpg?resize=656%2C406&#038;ssl=1\" alt=\"\" class=\"wp-image-29659\" width=\"656\" height=\"406\" srcset=\"https:\/\/i0.wp.com\/correspondenciadeprensa.com\/wp-content\/uploads\/2022\/09\/Italia2309-II.jpg?resize=1024%2C633&amp;ssl=1 1024w, https:\/\/i0.wp.com\/correspondenciadeprensa.com\/wp-content\/uploads\/2022\/09\/Italia2309-II.jpg?resize=300%2C185&amp;ssl=1 300w, https:\/\/i0.wp.com\/correspondenciadeprensa.com\/wp-content\/uploads\/2022\/09\/Italia2309-II.jpg?resize=768%2C474&amp;ssl=1 768w, https:\/\/i0.wp.com\/correspondenciadeprensa.com\/wp-content\/uploads\/2022\/09\/Italia2309-II.jpg?w=1151&amp;ssl=1 1151w\" sizes=\"auto, (max-width: 656px) 100vw, 656px\" \/><\/figure>\n<\/div>\n\n\n<p class=\"has-text-align-justify has-text-color wp-block-paragraph\" style=\"color:#070000\">No s\u00f3lo el M5S y sus l\u00edderes agitaron significantes que ahora est\u00e1n vac\u00edos (democracia directa, libertad&#8230; ), sino tambi\u00e9n lo que el historiador Furio Jesi, inspirado en Oswald Spengler, denomin\u00f3 \u00abideas sin palabras\u00bb propias de la cultura de la derecha, o para ser m\u00e1s precisos, \u00abpalabras espiritualizadas\u00bb \u00abque pretenden poder decir realmente y por tanto decir y al mismo tiempo ocultar en la esfera secreta del s\u00edmbolo\u00bb; t\u00e9rminos que se supone que ocultan un secreto compartido, pero que no necesitan ser explicados y que, mediante su uso, se convierten en un vector de ideas sin palabras y fundan as\u00ed la solidez presente y futura de la comunidad a la que pretenden dirigirse<sup class='footnote'><a href='https:\/\/correspondenciadeprensa.com\/?p=29627#fn-29627-67' id='fnref-29627-67' onclick='return fdfootnote_show(29627)'>67<\/a><\/sup>. El voto al M5S no ten\u00eda \u00abra\u00edces sociales\u00bb, sino que fue llevado por \u00abideas sin palabras\u00bb. Era una base que se acerca a lo que Luigi Salvatorelli, un liberal antifascista, llam\u00f3 en 1922, el quinto Estado, indicando una nueva categor\u00eda que \u00abno coincide con el proletariado social y pol\u00edticamente definido\u00bb, el alimento de una nueva forma de revuelta que busca salidas.<sup class='footnote'><a href='https:\/\/correspondenciadeprensa.com\/?p=29627#fn-29627-68' id='fnref-29627-68' onclick='return fdfootnote_show(29627)'>68<\/a><\/sup><\/p>\n\n\n\n<p class=\"has-text-align-justify has-text-color wp-block-paragraph\" style=\"color:#070000\">El M5S podr\u00eda identificarse con un catalizador qu\u00edmico. Beppe Grillo defendi\u00f3 el car\u00e1cter biodegradable de su movimiento, indicando que podr\u00eda convertirse en una simple mol\u00e9cula que podr\u00eda ser utilizada por la nueva pol\u00edtica que habr\u00eda contribuido a crear al producir la descomposici\u00f3n de la vieja<sup class='footnote'><a href='https:\/\/correspondenciadeprensa.com\/?p=29627#fn-29627-69' id='fnref-29627-69' onclick='return fdfootnote_show(29627)'>69<\/a><\/sup>.<\/p>\n\n\n\n<p class=\"has-text-color wp-block-paragraph\" style=\"color:#070000\"><strong>El eterno retorno del fascismo<\/strong><\/p>\n\n\n\n<p class=\"has-text-align-justify has-text-color wp-block-paragraph\" style=\"color:#070000\">Estas \u00faltimas semanas no es raro ver referencias a un discurso pronunciado por Umberto Eco en la Universidad de Columbia el 25 de abril de 1995. Titulado \u00abEl eterno fascismo\u00bb, fue pronunciado tras el atentado derechista que asol\u00f3 Oklahoma City, dejando varios cientos de heridos y decenas de muertos. Al reflexionar de nuevo sobre la persistencia del fascismo, sus formas y su evoluci\u00f3n a lo largo del tiempo, parec\u00eda, m\u00e1s all\u00e1 de la celebraci\u00f3n del quincuag\u00e9simo aniversario de la liberaci\u00f3n de Italia, una necesidad urgente. El texto hac\u00eda hincapi\u00e9 en los riesgos todav\u00eda muy reales que el (re)nacimiento del fascismo supon\u00eda para el mundo: \u00abSer\u00eda mucho m\u00e1s f\u00e1cil, para nosotros -escribi\u00f3 Umberto Eco-, si apareciera en la escena mundial alguien que dijera: &#8216;Quiero reabrir Auschwitz, quiero que los Camisas Negras vuelvan a desfilar por las plazas italianas&#8217;. La vida no es tan sencilla. El fascismo [el fascismo eterno] puede aparecer bajo el m\u00e1s inocente de los disfraces. Nuestro deber es descubrirlo y se\u00f1alar con el dedo cualquiera de sus nuevas instancias, todos los d\u00edas, en todas las partes del mundo\u00bb<sup class='footnote'><a href='https:\/\/correspondenciadeprensa.com\/?p=29627#fn-29627-70' id='fnref-29627-70' onclick='return fdfootnote_show(29627)'>70<\/a><\/sup>. Esta misma conferencia se volvi\u00f3 a publicar pocos meses antes de las elecciones de marzo de 2018, cuando la amenazante presencia de Matteo Salvini en las filas de la coalici\u00f3n de derechas reactiv\u00f3 el temor a un retorno del fascismo. Giorgia Meloni y su partido parecen estar cerrando ahora el ciclo de esta contrarrevoluci\u00f3n rampante iniciada hace unos 30 a\u00f1os y en cuya aceleraci\u00f3n pol\u00edtica y cultural el M5S desempe\u00f1\u00f3 un papel crucial. Mientras tanto, Italia ha estado a la cabeza de una crisis sanitaria mundial, consus decenas de miles de muertos; una Italia desangrada, pol\u00edticamente inestable y socialmente desgarrada. Una de las econom\u00edas m\u00e1s fr\u00e1giles de la Eurozona, golpeada en el coraz\u00f3n, donde las medidas de contenci\u00f3n han generado una recesi\u00f3n global, sin precedentes en su magnitud y extensi\u00f3n hist\u00f3rica.<\/p>\n\n\n\n<p class=\"has-text-align-justify has-text-color wp-block-paragraph\" style=\"color:#070000\">\u00bfFascista? Son muchos los t\u00e9rminos que se utilizan para describir a la derecha que se enfrenta hoy a las puertas del poder, hipnotizando el debate p\u00fablico, buscando palabras \u00abpara designar a la familia de demagogos peligrosos\u00bb<sup class='footnote'><a href='https:\/\/correspondenciadeprensa.com\/?p=29627#fn-29627-71' id='fnref-29627-71' onclick='return fdfootnote_show(29627)'>71<\/a><\/sup>. Su propia sobreabundancia remite a la dificultad de determinar sus nuevos contornos: fascista o postfascista, para se\u00f1alar la continuidad en su transformaci\u00f3n; populista, para marcar la novedad de un fen\u00f3meno nacido en la segunda parte del siglo XX, designando (o no) un v\u00ednculo de continuidad con el fascismo del periodo de entreguerras<sup class='footnote'><a href='https:\/\/correspondenciadeprensa.com\/?p=29627#fn-29627-72' id='fnref-29627-72' onclick='return fdfootnote_show(29627)'>72<\/a><\/sup>. No hay duda de que el FdI es el verdadero, independientemente de lo que haya pensado la prensa internacional tras la publicaci\u00f3n de un v\u00eddeo en tres idiomas en el que Giorgia Meloni habr\u00eda abjurado del fascismo, pero en el que, sin embargo, abordaba el problema de la herencia del fascismo en una sola frase y se dirig\u00eda principalmente al antifascismo, al comunismo y a la izquierda. Y, sin embargo, quienes agitan el peligro del fascismo hoy no son escuchados por la mayor\u00eda de los italianos, porque se ha utilizado con demasiada frecuencia para empujar a la poblaci\u00f3n a votar por el mal menor, incluso tap\u00e1ndose la nariz, seg\u00fan la f\u00f3rmula utilizada por Matteo Renzi durante la campa\u00f1a electoral de 2018. Los antifascistas, que pensaban que llamar fascista a cualquiera (Bossi, Salvini, Berlusconi, el propio Grillo, etc.) era suficiente para descalificarlo ante el electorado, han cometido graves errores. Al mismo tiempo que no captaron las nuevas dimensiones del fascismo y la necesidad de combatirlas como tales. Pero tambi\u00e9n porque la destrucci\u00f3n del pasado, es decir, de los lazos que unen a los contempor\u00e1neos con las generaciones anteriores se ha producido aqu\u00ed, m\u00e1s que en otros lugares, con especial diligencia en los \u00faltimos treinta a\u00f1os.<\/p>\n\n\n\n<p class=\"has-text-align-justify has-text-color wp-block-paragraph\" style=\"color:#070000\">Un pa\u00eds que recientemente ha visto amenazado a un periodista del diario La Stampa por un reportaje dedicado a la nostalgia del fascismo. Un pa\u00eds en el que el 9 de octubre de 2021, la sede nacional del mayor sindicato italiano fue atacada y devastada por los llamados grupos No Vax. Un pa\u00eds en el que un diario como Il Giornale pudo distribuir Mein Kampf en la traducci\u00f3n italiana de 1938 como regalo a sus lectores<sup class='footnote'><a href='https:\/\/correspondenciadeprensa.com\/?p=29627#fn-29627-73' id='fnref-29627-73' onclick='return fdfootnote_show(29627)'>73<\/a><\/sup>. Un pa\u00eds que durante d\u00e9cadas ha criminalizado al antifascismo, ese eterno \u00abalborotador\u00bb de un orden pol\u00edtico y social represivo, se\u00f1alado como el \u00fanico \u00abpeligro real para la democracia italiana\u00bb. Ernesto Galli della Loggia, editorialista del diario Corriere della Sera, que a menudo comienza sus editoriales con \u00ablos que han le\u00eddo algunos libros\u00bb, lo que se supone que le da una legitimidad incuestionable, resume esta posici\u00f3n pol\u00edtica en una frase: \u00abSi el fascismo es la violencia, la ilegalidad y la supresi\u00f3n de la libertad, su ant\u00edtesis no es el antifascismo, sino la democracia\u00bb<sup class='footnote'><a href='https:\/\/correspondenciadeprensa.com\/?p=29627#fn-29627-74' id='fnref-29627-74' onclick='return fdfootnote_show(29627)'>74<\/a><\/sup>. Y, sin embargo, \u00abdonde se han roto los diques del antifascismo, se extiende el odio racial\u00bb<sup class='footnote'><a href='https:\/\/correspondenciadeprensa.com\/?p=29627#fn-29627-75' id='fnref-29627-75' onclick='return fdfootnote_show(29627)'>75<\/a><\/sup>. El 3 de febrero de 2018 en Macerata (Las Marcas), Luca Traini, antiguo candidato fracasado de la Lega y antiguo miembro del servicio de orden de su l\u00edder, dispar\u00f3 a seis personas del \u00c1frica subsahariana; cuando, dos horas despu\u00e9s, la polic\u00eda lo detuvo, Luca Traini, envuelto en la bandera italiana, grit\u00f3: \u00ab\u00a1Viva Italia!\u00bb mientras hac\u00eda el saludo fascista. Tras este ataque, todo el mundo, desde el FDI hasta el DP, acus\u00f3 a los inmigrantes de ser los responsables de esta violencia.<\/p>\n\n\n\n<p class=\"has-text-color wp-block-paragraph\" style=\"color:#070000\">\u00abItalia es un pa\u00eds circular\u00bb, escribi\u00f3 Pier Paolo Pasolini en sus escritos corsarios, \u00abcomo el Leopardo de Lampedusa, en el que todo cambia para seguir siendo como antes\u00bb, porque, sigui\u00f3 diciendo, \u00abes un pa\u00eds sin memoria que, si se preocupara por su historia\u00bb, sabr\u00eda que \u00ablos reg\u00edmenes son portadores de antiguos venenos, de met\u00e1stasis invencibles\u00bb<sup class='footnote'><a href='https:\/\/correspondenciadeprensa.com\/?p=29627#fn-29627-76' id='fnref-29627-76' onclick='return fdfootnote_show(29627)'>76<\/a><\/sup>. Este pa\u00eds sumido en una multicrisis: econ\u00f3mica, pol\u00edtica, social, ecol\u00f3gica y moral, que se suma y combina, parece vivir el momento del retorno de uno de esos interregnos en los que \u00absurgen los m\u00e1s variados fen\u00f3menos morbosos\u00bb (Gramsci). Sobre todo, porque ha olvidado el sentido de la historia, de los oprimidos y de sus luchas, porque se hunde en una ignorancia producida culturalmente desde hace d\u00e9cadas y porque parece haber agotado toda forma de discernimiento. La irracionalidad del capitalismo ha terminado por socavar sus formaciones tradicionales; los principios democr\u00e1ticos elementales se erosionan y la huida de la libertad (Erich Fromm) parece imponerse. La escisi\u00f3n del ser social se enmascara entonces con la apelaci\u00f3n al pueblo contra los poderosos, tendiendo a neutralizar la capacidad de tomar conciencia de uno mismo, de los otros y de las m\u00faltiples dimensiones colectivas de nuestra humanidad, y a rechazar los fen\u00f3menos de contestaci\u00f3n en un universo prepol\u00edtico a la manera de lo que Gramsci defini\u00f3 como apolitismo, que se expresa en \u00abfrases de rebeld\u00eda [ribellismo], de subversivismo [sovversivismo], de antiestatismo primitivo y elemental\u00bb<sup class='footnote'><a href='https:\/\/correspondenciadeprensa.com\/?p=29627#fn-29627-77' id='fnref-29627-77' onclick='return fdfootnote_show(29627)'>77<\/a><\/sup>. Algo as\u00ed como el \u00abfascismo tard\u00edo\u00bb se\u00f1alado por el fil\u00f3sofo Alberto Toscano<sup class='footnote'><a href='https:\/\/correspondenciadeprensa.com\/?p=29627#fn-29627-78' id='fnref-29627-78' onclick='return fdfootnote_show(29627)'>78<\/a><\/sup>. Sea cual sea el resultado de las pr\u00f3ximas elecciones, est\u00e1 en marcha un cambio de \u00e9poca. Italia a\u00f1o cero&#8230;(Publicado originalmente en <a href=\"https:\/\/newpol.org\/on-the-eve-of-national-elections-looking-backward-italys-rising-black-tide-a-creeping-counter-revolution\/\"><strong>New Politics<\/strong><\/a>, 12-9-2022)&nbsp;<\/p>\n\n\n\n<p class=\"has-text-color wp-block-paragraph\" style=\"color:#070000\"><strong>* Stefanie Prezioso<\/strong>, profesora de historia contempor\u00e1nea europea en la Facultad de Ciencias Sociales y Pol\u00edticas de la Universidad de Lausana (Suiza). Es autora de numerosas publicaciones sobre la historia contempor\u00e1nea italiana, la Primera Guerra Mundial y los problemas relacionados con el uso p\u00fablico de la historia.<\/p>\n\n\n\n<p class=\"has-text-color wp-block-paragraph\" style=\"color:#070000\"><strong><u>Notas<\/u><\/strong><\/p>\n\n\n","protected":false},"excerpt":{"rendered":"<p>El desasosiego y la desorientaci\u00f3n que pueden embargar al observador ante las diversas crisis (econ\u00f3mica, pol\u00edtica, cultural, social y moral) que atraviesa la sociedad italiana desde hace treinta a\u00f1os se multiplican por diez al tener la sensaci\u00f3n de que el horizonte se aleja, mientras que ya no parece haber ninguna orilla a la que aferrarse.<\/p>\n","protected":false},"author":102520410,"featured_media":29658,"comment_status":"closed","ping_status":"closed","sticky":false,"template":"","format":"standard","meta":{"_coblocks_attr":"","_coblocks_dimensions":"","_coblocks_responsive_height":"","_coblocks_accordion_ie_support":"","advanced_seo_description":"","jetpack_seo_html_title":"","jetpack_seo_noindex":false,"jetpack_seo_schema_type":"","_jetpack_newsletter_access":"","_jetpack_dont_email_post_to_subs":false,"_jetpack_newsletter_tier_id":0,"_jetpack_memberships_contains_paywalled_content":false,"_wpcom_ai_launchpad_first_post":false,"_jetpack_feature_clip_id":0,"_jetpack_memberships_contains_paid_content":false,"footnotes":"","jetpack_post_was_ever_published":false},"categories":[10990,21862],"tags":[654670,227274,41353,102055,703609033,703608902,1249676,703609032,90931569,703608901,703609034,703605213,703609031,703604844,179214],"class_list":["post-29627","post","type-post","status-publish","format-standard","has-post-thumbnail","hentry","category-europa","category-italia","tag-antonio-gramsci","tag-beppe-grillo","tag-berlusconi","tag-forza-italia","tag-fratelli-ditalia","tag-giorgia-meloni","tag-mario-draghi","tag-mario-monti","tag-movimiento-5-estrellas","tag-movimiento-social-italiano","tag-no-vax","tag-putin","tag-salvini","tag-trump","tag-ucrania","fallback-thumbnail"],"jetpack_likes_enabled":false,"jetpack_sharing_enabled":true,"jetpack_shortlink":"https:\/\/wp.me\/p7lt2C-7HR","amp_enabled":true,"jetpack_featured_media_url":"https:\/\/i0.wp.com\/correspondenciadeprensa.com\/wp-content\/uploads\/2022\/09\/Italia2309-I-e1663914770190.jpg?fit=800%2C410&ssl=1","_links":{"self":[{"href":"https:\/\/correspondenciadeprensa.com\/index.php?rest_route=\/wp\/v2\/posts\/29627","targetHints":{"allow":["GET"]}}],"collection":[{"href":"https:\/\/correspondenciadeprensa.com\/index.php?rest_route=\/wp\/v2\/posts"}],"about":[{"href":"https:\/\/correspondenciadeprensa.com\/index.php?rest_route=\/wp\/v2\/types\/post"}],"author":[{"embeddable":true,"href":"https:\/\/correspondenciadeprensa.com\/index.php?rest_route=\/wp\/v2\/users\/102520410"}],"replies":[{"embeddable":true,"href":"https:\/\/correspondenciadeprensa.com\/index.php?rest_route=%2Fwp%2Fv2%2Fcomments&post=29627"}],"version-history":[{"count":33,"href":"https:\/\/correspondenciadeprensa.com\/index.php?rest_route=\/wp\/v2\/posts\/29627\/revisions"}],"predecessor-version":[{"id":29662,"href":"https:\/\/correspondenciadeprensa.com\/index.php?rest_route=\/wp\/v2\/posts\/29627\/revisions\/29662"}],"wp:featuredmedia":[{"embeddable":true,"href":"https:\/\/correspondenciadeprensa.com\/index.php?rest_route=\/wp\/v2\/media\/29658"}],"wp:attachment":[{"href":"https:\/\/correspondenciadeprensa.com\/index.php?rest_route=%2Fwp%2Fv2%2Fmedia&parent=29627"}],"wp:term":[{"taxonomy":"category","embeddable":true,"href":"https:\/\/correspondenciadeprensa.com\/index.php?rest_route=%2Fwp%2Fv2%2Fcategories&post=29627"},{"taxonomy":"post_tag","embeddable":true,"href":"https:\/\/correspondenciadeprensa.com\/index.php?rest_route=%2Fwp%2Fv2%2Ftags&post=29627"}],"curies":[{"name":"wp","href":"https:\/\/api.w.org\/{rel}","templated":true}]}}