{"id":28449,"date":"2022-08-04T19:34:37","date_gmt":"2022-08-04T17:34:37","guid":{"rendered":"https:\/\/correspondenciadeprensa.com\/?p=28449"},"modified":"2022-08-08T11:14:53","modified_gmt":"2022-08-08T09:14:53","slug":"colombia-la-eterna-pesadilla-de-los-lideres-sociales-en-el-oriente-antioqueno-carlos-mario-palacio-edison-garcia","status":"publish","type":"post","link":"https:\/\/correspondenciadeprensa.com\/?p=28449","title":{"rendered":"Colombia &#8211; La eterna pesadilla de los l\u00edderes sociales en el Oriente antioque\u00f1o. [Carlos Mario Palacio\/Edison Garc\u00eda]"},"content":{"rendered":"<h5 style=\"text-align: right;\">Mario Palomino.<\/h5>\n<p class=\"ox-af1eea536a-MsoNormal\" style=\"text-align: justify;\"><span style=\"color: #000000;\"><b>El 17 de enero del 2022, asesinaron de Mario Palomino, un profesor y l\u00edder social de la vereda La Chapa de El Carmen de Viboral, mientras el 28 de junio asesinaron al l\u00edder Juli\u00e1n David Ochoa \u201cKutamba\u201d en el corregimiento Santa Ana de Granada. Dos hechos que en un mismo a\u00f1o han agudizado la compleja situaci\u00f3n de Derechos Humanos de quienes ejercen este rol comunitario en el Oriente antioque\u00f1o. \u00bfCu\u00e1l es el problema de fondo?<\/b><\/span><\/p>\n<p class=\"ox-af1eea536a-MsoNormal\" style=\"text-align: justify;\"><span style=\"color: #000000;\"><b><a href=\"http:\/\/www.ipc.org.co\/agenciadeprensa\/index.php\/derechos-humanos\/la-eterna-pesadilla-de-los-lideres-sociales-en-el-oriente-antioqueno\/\">Agencia de Prensa<\/a>, 4-8-2022<\/b><\/span><\/p>\n<p class=\"ox-af1eea536a-MsoNormal\" style=\"text-align: justify;\"><span style=\"color: #000000;\"><b><a href=\"https:\/\/correspondenciadeprensa.com\/\">Correspondencia de Prensa<\/a>, 4-8-2022<\/b><\/span><\/p>\n<p class=\"ox-af1eea536a-MsoNormal\" style=\"text-align: justify; padding-left: 40px;\"><span style=\"color: #000000;\"><b>Luchas compartidas<\/b><\/span><\/p>\n<p class=\"ox-af1eea536a-MsoNormal\" style=\"text-align: justify;\"><span style=\"color: #000000;\">Mario Palomino y Juli\u00e1n Ochoa \u201cKutamba\u201d compart\u00edan la misma lucha, pero desde diferentes rincones: su amor por la tierra, por la siembra y por el agua. El primero se distingu\u00eda por ense\u00f1arle a sus alumnos la importancia de cultivar conscientemente la tierra en el colegio Monse\u00f1or Ram\u00f3n Arcila Ram\u00edrez, en la vereda La Chapa de El Carmen de Viboral. El segundo, tambi\u00e9n era conocido por ser l\u00edder en el corregimiento de Santa Ana y por insistir en \u201ccomprar tierras para sembrar bosques\u201d.<\/span><\/p>\n<p class=\"ox-af1eea536a-MsoNormal\" style=\"text-align: justify;\"><span style=\"color: #000000;\">A ambos los movilizaba la idea de un territorio aut\u00f3nomo, ese que deb\u00eda construirse desde abajo hacia arriba. Y el ejemplo fue la mayor virtud que habl\u00f3 por ellos, aunque la forma de sus cabellos tipo rasta y la personalidad jocosa parecieran ajenas a la identidad campesina; el amor y el arraigo por las monta\u00f1as hizo eco en sus corazones para quedarse definitivamente viviendo en aquellos territorios rurales que necesitaban de sus voces, de sus sabidur\u00edas y de sus transformaciones sociales.<\/span><\/p>\n<p class=\"ox-af1eea536a-MsoNormal\" style=\"text-align: justify;\"><span style=\"color: #000000;\">Palomino, de 35 a\u00f1os, era licenciado en Educaci\u00f3n B\u00e1sica con \u00e9nfasis en Ciencias Naturales y Educaci\u00f3n Ambiental de la Universidad de Antioquia. Era padre de un ni\u00f1o y una ni\u00f1a, se destacaba por su forma de ense\u00f1ar. Sus hijos, alumnos y comunidad lo reconoc\u00edan como una persona que entregaba sus conocimientos sin pretensiones, y que luchaba por infundir una cultura consciente por el respeto y cuidado del medio ambiente.<\/span><\/p>\n<p class=\"ox-af1eea536a-MsoNormal\" style=\"text-align: justify;\"><span style=\"color: #000000;\">Por su parte Ochoa, de 29 a\u00f1os, estaba estudiando Agroecolog\u00eda en el Instituto Tecnol\u00f3gico de Antioquia (ITM) y hab\u00eda llegado hace m\u00e1s de diez a\u00f1os a Santa Ana, cuando apenas los campesinos volv\u00edan luego de desplazarse a causa de un intenso conflicto que los oblig\u00f3 abandonar sus tierras. Recientemente hab\u00eda sido padre por segunda vez y conviv\u00eda con la madre de su segunda hija en una finca que \u00e9l hab\u00eda destinado a la siembra de productos org\u00e1nicos.<\/span><\/p>\n<p class=\"ox-af1eea536a-MsoNormal\" style=\"text-align: justify;\"><span style=\"color: #000000;\">\u201cEn el caso de Juli\u00e1n Ochoa. quien decidi\u00f3 bautizarse por medio de la luna como Kutamba Kizirimbembe, que significa \u2018danzante de la vida\u2019, viv\u00eda en su casa en el centro poblado del corregimiento, donde nos recib\u00eda siempre que lleg\u00e1bamos a Santa Ana y tambi\u00e9n ten\u00eda otra finca junto con otros amigos en la vereda La Mar\u00eda, cerca al r\u00edo Calderas. Las propuestas de Kutamba siempre eran que compr\u00e1ramos tierra y sembr\u00e1ramos bosques, incluso, hay una monta\u00f1a de varios amigos que la han cuidado de los cazadores. Una vez me cont\u00f3 que le gustar\u00eda exportar algunos productos que se cultivan en Granada. La verdad, lo recuerdo como un hombre muy alegre, prospectivo, inquieto y amoroso\u201d, as\u00ed lo describi\u00f3 Alejandra V\u00e9lez Giraldo, quien comparti\u00f3 con \u00e9l varias de sus luchas.<\/span><\/p>\n<p class=\"ox-af1eea536a-MsoNormal\" style=\"text-align: justify;\"><span style=\"color: #000000;\">A Mario, como a Kutamba, los mov\u00eda la defensa del territorio. Cada uno ten\u00eda dos hijos que quedaron con el valor del respeto por la vida y ver la naturaleza con ojos espirituales. El 17 de enero y el 28 de junio de este 2022 apagaron sus vidas con armas de fuego en medio de la oscuridad, vivieron la horrible noche para siempre, mientras que los homicidas se esfumaron sin dejar rastro alguno. Cuando ellos menos lo esperaban y cuando ten\u00edan pendiente seguir dejando huella en un mundo donde los hombres m\u00e1s necesarios son borrados del mapa, porque su presencia incomoda, molesta, irrita e indispone y pone intranquilos a muchas personas por el hecho de ser, pensar y actuar diferente.<\/span><\/p>\n<p class=\"ox-af1eea536a-MsoNormal\" style=\"text-align: justify;\"><span style=\"color: #000000;\">\u201cLamentablemente, luego del asesinato de Juli\u00e1n y Palomino se han dado algunas amenazas contra integrantes de sus comunidades, lo que ha encendido de nuevo las alarmas a los protectores de DDHH. Hemos recibido informaci\u00f3n de la presencia de grupos armados en la zona urbana y rural de Granada\u201d, manifest\u00f3 \u00d3scar Yesid Zapata, miembro de la fundaci\u00f3n Sumapaz de Medell\u00edn.<\/span><\/p>\n<p class=\"ox-af1eea536a-MsoNormal\" style=\"text-align: justify;\"><span style=\"color: #000000;\">La Mesa de Derechos Humanos del Oriente ha estado en constante trabajo para proteger y ayudar a los l\u00edderes de la regi\u00f3n, en alianza con instituciones como la Procuradur\u00eda Provincial, la Defensor\u00eda del Pueblo y organizaciones sociales. Algunas veces las instituciones civiles, policiales y militares no atienden con prontitud los casos de urgencias y las s\u00faplicas de muchos l\u00edderes que reportan estar amenazados.<\/span><\/p>\n<p class=\"ox-af1eea536a-MsoNormal\" style=\"text-align: justify; padding-left: 40px;\"><span style=\"color: #000000;\"><b>Kutamba, un hombre carism\u00e1tico y prospectivo<\/b><\/span><\/p>\n<p class=\"ox-af1eea536a-MsoNormal\" style=\"text-align: justify;\"><span style=\"color: #000000;\">Seg\u00fan sus amigos, \u201cKutamba Kizirimbembe\u201d nunca dej\u00f3 de ser una persona alegre, prospectiva y, sobre todo, cr\u00edtica del sistema econ\u00f3mico actual. Hablaba sin titubear de temas coyunturales que para muchos merec\u00edan silencio.<\/span><\/p>\n<p class=\"ox-af1eea536a-MsoNormal\" style=\"text-align: justify;\"><span style=\"color: #000000;\">Desde su llegada a Santa Ana, \u201cKutamba\u201d cre\u00f3 un grupo minoritario integrado por personas simpatizantes de la cultura de origen jamaicano Rastafari, donde se dieron a la tarea de cultivar la \u201cganja\u201d, una yerba emblem\u00e1tica y popular de esta cultura que es usada de forma sacramental y que, a su vez, pudo darle otro enfoque al campo desligado de esa mirada deforestadora y dependiente de qu\u00edmicos que se le ha dado a la tierra.<\/span><\/p>\n<p class=\"ox-af1eea536a-MsoNormal\" style=\"text-align: justify;\"><span style=\"color: #000000;\">Adicional a esto, \u201cKutamba\u201d comercializ\u00f3 el Sacha Inchi, un aceite que previene enfermedades cardiovasculares, ferment\u00f3 la tradicional chicha de panela y particip\u00f3 en varios colectivos sociales. Su lucha fue por la dignidad, libertad y memoria de la gente. Aunque muchos lo conocieron por su liderazgo ambiental, comunitario, juvenil y cultural, la mejor definici\u00f3n que encaja en \u201cKutamba\u201d es que fue un hacedor y l\u00edder de la vida.<\/span><\/p>\n<p class=\"ox-af1eea536a-MsoNormal\" style=\"text-align: justify;\"><span style=\"color: #000000;\">Vida que le daba al agua cuando cuidaba los r\u00edos y las quebradas para un uso comunitario responsable. Vida que le daba a las monta\u00f1as cuando hablaba con los campesinos y les ped\u00eda que no quemaran m\u00e1s los bosques. Vida que le daba a las propias personas por medio del ejemplo al construir una huerta casera, con m\u00e9todos conscientes y semillas org\u00e1nicas.<\/span><\/p>\n<p class=\"ox-af1eea536a-MsoNormal\" style=\"text-align: justify;\"><span style=\"color: #000000;\">Ese fue Juli\u00e1n Ochoa, un hombre que, con su pelo largo, voluminoso y en forma de rasta, demostr\u00f3 que la palabra dulce y reflexiva puede cambiar esquemas en una regi\u00f3n enraizada en una cultura tradicional, conservadora y compleja.<\/span><\/p>\n<p class=\"ox-af1eea536a-MsoNormal\" style=\"text-align: justify; padding-left: 40px;\"><span style=\"color: #000000;\"><b>\u00bfPor qu\u00e9 los matan?<\/b><\/span><\/p>\n<p class=\"ox-af1eea536a-MsoNormal\" style=\"text-align: justify;\"><span style=\"color: #000000;\">Tanto Yesid Zapata, miembro de Sumapaz en Antioquia, como Fabi\u00e1n Restrepo, polit\u00f3logo de la Universidad de Antioquia y mag\u00edster en Estudios Contempor\u00e1neos de Am\u00e9rica Latina, coinciden en que estos dos asesinatos por ahora no tienen relaci\u00f3n con la defensa del territorio ni tampoco con la oposici\u00f3n a la construcci\u00f3n de hidroel\u00e9ctricas en el Oriente antioque\u00f1o. En cambio, la Mesa de Derechos Humanos del Oriente antioque\u00f1o dijo en su momento que las amenazas que sufrieron los l\u00edderes Sebasti\u00e1n Agudelo de Cocorn\u00e1, Flor Gallego de El Carmen de Viboral, y Fredy Morales y Miguel Guti\u00e9rrez de San Rafael s\u00ed corresponden a la defensa ambiental en sus territorios.<\/span><\/p>\n<p class=\"ox-af1eea536a-MsoNormal\" style=\"text-align: justify;\"><span style=\"color: #000000;\">Lo que hay de fondo en esta situaci\u00f3n, seg\u00fan organizaciones sociales y defensores de DDHH, es una disputa continua por el territorio en dos frentes: el primero, por el auge en la solicitud de licencias ambientales en la Zona Bosques (que integran los municipios Cocorn\u00e1, San Luis y San Francisco), y el segundo, por el aumento del microtr\u00e1fico, especialmente en la Zona P\u00e1ramo y Altiplano (conformado por los municipios m\u00e1s poblados y cercanos a Medell\u00edn).<\/span><\/p>\n<p class=\"ox-af1eea536a-MsoNormal\" style=\"text-align: justify;\"><span style=\"color: #000000;\">\u201cPor ahora es pronto para tener claridad de los presuntos responsables que asesinaron a Mario Palomino y a Juli\u00e1n Ochoa. Un Fiscal Especializado tom\u00f3 los dos casos para darle celeridad a las investigaciones y lograr esclarecer estos cr\u00edmenes para que no queden en la impunidad\u201d, concluy\u00f3 Yesid.<\/span><\/p>\n<p class=\"ox-af1eea536a-MsoNormal\" style=\"text-align: justify; padding-left: 40px;\"><span style=\"color: #000000;\"><b>La desgracia de ser l\u00edder social en esta regi\u00f3n<\/b><\/span><\/p>\n<p class=\"ox-af1eea536a-MsoNormal\" style=\"text-align: justify;\"><span style=\"color: #000000;\">En el Oriente antioque\u00f1o, hace dos d\u00e9cadas atr\u00e1s, en la \u00e9poca m\u00e1s dif\u00edcil del conflicto armado, quien intentara el cambio era se\u00f1alado de guerrillero o colaborador de un grupo armado, pues el recrudecimiento del conflicto impidi\u00f3 todo intento de desarrollo y conden\u00f3 a todo un pa\u00eds a una guerra innecesaria que afect\u00f3 en mayor medida a los campesinos. Y entonces, los secuestros, las amenazas, las desapariciones, las masacres y los asesinatos fueron el factor com\u00fan. Pero, tal parece que la violencia no se ha ido por completo.<\/span><\/p>\n<p class=\"ox-af1eea536a-MsoNormal\" style=\"text-align: justify;\"><span style=\"color: #000000;\">Del remanso de paz que dicen llamar a la regi\u00f3n hoy, queda poco. Ahora la desgracia se ha encarnado nuevamente en contra de las y los l\u00edderes sociales que buscan un territorio en condiciones dignas y justas para sus habitantes; desligados de la esfera institucional y cansados de ver al Estado como un actor pasivo que sigue teniendo deudas con la protecci\u00f3n de los derechos humanos.<\/span><\/p>\n<p class=\"ox-af1eea536a-MsoNormal\" style=\"text-align: justify;\"><span style=\"color: #000000;\">A Mario y Juli\u00e1n la violencia no les dio una segunda oportunidad. La muerte pis\u00f3 con fuerza en un momento donde, seg\u00fan Fabi\u00e1n Restrepo, se est\u00e1 dando un reacomodamiento de grupos armados en la regi\u00f3n, \u201cdesde el 2007 hasta hoy se han venido generando unas presencias de grupos que no considero que sean nuevas, sino que m\u00e1s bien son reinvenciones de presencias antiguas. Al d\u00eda de hoy, en el Oriente antioque\u00f1o se identifican cuatro presencias importantes: Clan Oriente, el Mesa, Oficina de Envigado y Clan del Golfo. Esas estructuras est\u00e1n particularmente dedicadas al narcotr\u00e1fico\u201d.<\/span><\/p>\n<p class=\"ox-af1eea536a-MsoNormal\" style=\"text-align: justify;\"><span style=\"color: #000000;\">Yesid Zapata agrega que \u201clas violencias que ocurren a l\u00edderes se han dado principalmente por la presencia de grupos armados, algunos de ellos de orden paramilitar y otros locales. Creen tener el poder ante la sociedad al imponer sus propias leyes\u201d.<\/span><\/p>\n<p class=\"ox-af1eea536a-MsoNormal\" style=\"text-align: justify;\"><span style=\"color: #000000;\">Mario y Juli\u00e1n murieron de manera violenta cerca de sus hogares. Seg\u00fan informaci\u00f3n dada por Indepaz, Palomino fue asesinado con arma de fuego cuando se trasladaba en su motocicleta. Al siguiente d\u00eda, encontraron su cuerpo al lado de la carretera con un tiro de gracia en la cabeza, hecho que inmediatamente gener\u00f3 desaz\u00f3n en el Oriente antioque\u00f1o. Mientras tanto, \u201cKutamba\u201d fue asesinado con un arma tipo escopeta cuando se dirig\u00eda a su vivienda en el corregimiento de Santa Ana, en Granada, hecho en el que tambi\u00e9n result\u00f3 lesionada con arma cortopunzante, tipo machete, su compa\u00f1era permanente, con qui\u00e9n ten\u00eda una hija, y su padre.<\/span><\/p>\n<p class=\"ox-af1eea536a-MsoNormal\" style=\"text-align: justify;\"><span style=\"color: #000000;\">Indepaz incluy\u00f3 a Mario y a Juli\u00e1n entre los 1.318 defensores de derechos humanos asesinados desde la firma del Acuerdo de Paz en 2016, de los cuales 140 han sido en Antioquia. Son cifras escandalosas en un pa\u00eds que deber\u00eda cuidar y dar garant\u00edas a la labor de los defensores.<\/span><\/p>\n<p class=\"ox-af1eea536a-MsoNormal\" style=\"text-align: justify;\"><span style=\"color: #000000;\"><strong>*<\/strong> <b>Carlos Mario Palacio, Edison Garc\u00eda, c<\/b>omunicadores y periodistas.<\/span><\/p>\n","protected":false},"excerpt":{"rendered":"<p>El 17 de enero del 2022, asesinaron de Mario Palomino, un profesor y l\u00edder social de la vereda La Chapa de El Carmen de Viboral, mientras el 28 de junio asesinaron al l\u00edder Juli\u00e1n David Ochoa \u201cKutamba\u201d en el corregimiento Santa Ana de Granada. Dos hechos que en un mismo a\u00f1o han agudizado la compleja situaci\u00f3n de Derechos Humanos de quienes ejercen este rol comunitario en el Oriente antioque\u00f1o. \u00bfCu\u00e1l es el problema de fondo?<\/p>\n","protected":false},"author":102520410,"featured_media":28448,"comment_status":"closed","ping_status":"closed","sticky":false,"template":"","format":"standard","meta":{"_coblocks_attr":"","_coblocks_dimensions":"","_coblocks_responsive_height":"","_coblocks_accordion_ie_support":"","advanced_seo_description":"","jetpack_seo_html_title":"","jetpack_seo_noindex":false,"jetpack_seo_schema_type":"","_jetpack_newsletter_access":"","_jetpack_dont_email_post_to_subs":false,"_jetpack_newsletter_tier_id":0,"_jetpack_memberships_contains_paywalled_content":false,"_wpcom_ai_launchpad_first_post":false,"_jetpack_feature_clip_id":0,"_jetpack_memberships_contains_paid_content":false,"footnotes":"","jetpack_post_was_ever_published":false},"categories":[703605966],"tags":[17212,748148,703605348,42287796,703608891,703608892],"class_list":["post-28449","post","type-post","status-publish","format-standard","has-post-thumbnail","hentry","category-derechos-humanos","tag-america-latina","tag-antioquia","tag-ddhh","tag-indepaz","tag-julian-david-ochoa","tag-kutamba","fallback-thumbnail"],"jetpack_likes_enabled":false,"jetpack_sharing_enabled":true,"jetpack_shortlink":"https:\/\/wp.me\/p7lt2C-7oR","amp_enabled":true,"jetpack_featured_media_url":"https:\/\/i0.wp.com\/correspondenciadeprensa.com\/wp-content\/uploads\/2022\/08\/Colombia0408-1332131923-1659634550279.jpg?fit=890%2C415&ssl=1","_links":{"self":[{"href":"https:\/\/correspondenciadeprensa.com\/index.php?rest_route=\/wp\/v2\/posts\/28449","targetHints":{"allow":["GET"]}}],"collection":[{"href":"https:\/\/correspondenciadeprensa.com\/index.php?rest_route=\/wp\/v2\/posts"}],"about":[{"href":"https:\/\/correspondenciadeprensa.com\/index.php?rest_route=\/wp\/v2\/types\/post"}],"author":[{"embeddable":true,"href":"https:\/\/correspondenciadeprensa.com\/index.php?rest_route=\/wp\/v2\/users\/102520410"}],"replies":[{"embeddable":true,"href":"https:\/\/correspondenciadeprensa.com\/index.php?rest_route=%2Fwp%2Fv2%2Fcomments&post=28449"}],"version-history":[{"count":8,"href":"https:\/\/correspondenciadeprensa.com\/index.php?rest_route=\/wp\/v2\/posts\/28449\/revisions"}],"predecessor-version":[{"id":28580,"href":"https:\/\/correspondenciadeprensa.com\/index.php?rest_route=\/wp\/v2\/posts\/28449\/revisions\/28580"}],"wp:featuredmedia":[{"embeddable":true,"href":"https:\/\/correspondenciadeprensa.com\/index.php?rest_route=\/wp\/v2\/media\/28448"}],"wp:attachment":[{"href":"https:\/\/correspondenciadeprensa.com\/index.php?rest_route=%2Fwp%2Fv2%2Fmedia&parent=28449"}],"wp:term":[{"taxonomy":"category","embeddable":true,"href":"https:\/\/correspondenciadeprensa.com\/index.php?rest_route=%2Fwp%2Fv2%2Fcategories&post=28449"},{"taxonomy":"post_tag","embeddable":true,"href":"https:\/\/correspondenciadeprensa.com\/index.php?rest_route=%2Fwp%2Fv2%2Ftags&post=28449"}],"curies":[{"name":"wp","href":"https:\/\/api.w.org\/{rel}","templated":true}]}}