{"id":28355,"date":"2022-08-01T18:45:19","date_gmt":"2022-08-01T16:45:19","guid":{"rendered":"https:\/\/correspondenciadeprensa.com\/?p=28355"},"modified":"2022-08-01T18:45:19","modified_gmt":"2022-08-01T16:45:19","slug":"argentina-los-espejismos-de-sergio-massa-fernando-rosso","status":"publish","type":"post","link":"https:\/\/correspondenciadeprensa.com\/?p=28355","title":{"rendered":"Argentina &#8211; Los espejismos de Sergio Massa. [Fernando Rosso]"},"content":{"rendered":"<p class=\"ox-314f2fc642-MsoNormal\" style=\"text-align: justify;\"><span style=\"color: #000000;\"><b>\u201cEntre las ilusiones de Massa est\u00e1 la de transformarse en el Fernando Henrique Cardoso de esta etapa de la Argentina\u201d, escribe el autor. Y remata: \u201cOtro sue\u00f1o o pesadilla \u2014m\u00e1s cercano en tiempo y espacio\u2014 acecha como una sombra terrible al nuevo superministro. El espejo de Domingo Cavallo cuando vino a \u201dsalvar\u201c a la Alianza\u201d.<\/b><\/span><\/p>\n<p class=\"ox-314f2fc642-MsoNormal\" style=\"text-align: justify;\"><span style=\"color: #000000;\"><b><a href=\"https:\/\/www.eldiarioar.com\/\">elDiario.AR<\/a>, 31-7-2022<\/b><\/span><\/p>\n<p class=\"ox-314f2fc642-MsoNormal\"><span style=\"color: #000000;\"><strong><a href=\"https:\/\/correspondenciadeprensa.com\/\">Correspondencia de Prensa<\/a>, 1-8-2022<\/strong><\/span><\/p>\n<p class=\"ox-314f2fc642-MsoNormal\" style=\"text-align: justify;\"><span style=\"color: #000000;\">Cuando los gobiernos atraviesan crisis fuertes siempre aparece la fantas\u00eda del hombre providencial que puede resolver todos los problemas como por arte de magia. El gobierno d\u00e9bil cree encontrar al hombre fuerte en cualquier referente que tenga una sola caracter\u00edstica: darse demasiada importancia a s\u00ed mismo.<\/span><\/p>\n<p class=\"ox-314f2fc642-MsoNormal\" style=\"text-align: justify;\"><span style=\"color: #000000;\">Ese lugar ocupa Sergio Tom\u00e1s Massa, el nuevo superministro de Alberto Fern\u00e1ndez (o viceversa) que aglutin\u00f3 bajo su \u00f3rbita las \u00e1reas de Econom\u00eda, Agricultura y Producci\u00f3n.<\/span><\/p>\n<p class=\"ox-314f2fc642-MsoNormal\" style=\"text-align: justify;\"><span style=\"color: #000000;\">La experiencia pol\u00edtica y de gesti\u00f3n de Massa se reduce a la administraci\u00f3n de una intendencia en el norte del conurbano bonaerense y la ocupaci\u00f3n de algunos cargos nacionales, pero en el operativo clamor que llev\u00f3 adelante el peronismo territorial (gobernadores e intendentes) se lo presentaba como si fuera el \u00faltimo estadista.<\/span><\/p>\n<p class=\"ox-314f2fc642-MsoNormal\" style=\"text-align: justify;\"><span style=\"color: #000000;\">Si se toman por buenas todas las cr\u00f3nicas de estos d\u00edas fren\u00e9ticos, pareciera que Massa cuenta con la agenda universal y tiene l\u00ednea directa con todo el mundo: desde los inversores internacionales hasta los comisarios de la Bonaerense; desde los due\u00f1os de medios de comunicaci\u00f3n hasta la Embajada de EEUU; desde los dirigentes de los aparatos sindicales hasta Moria Cas\u00e1n. Contactos fluidos con los centros de poder, manejo de la botonera, control territorial, v\u00ednculos \u00edntimos y personales con todo el establishment y con los centros neur\u00e1lgicos en los que se cocinan las decisiones importantes. Algunos mensajes de WhatsApp y se ordenan las cosas aqu\u00ed; tres o cuatro llamados encriptados y se acomoda todo por all\u00e1; algunas reuniones y se alinean los planetas. Un poco de astucia combinada con fuertes dosis de hiperactividad, audacia con potentes se\u00f1ales de decisionismo y santo remedio.<\/span><\/p>\n<p class=\"ox-314f2fc642-MsoNormal\" style=\"text-align: justify;\"><span style=\"color: #000000;\">Pero, como dicen los soci\u00f3logos, es m\u00e1s complejo. La realidad es que la nueva esperanza blanca del Frente de Todos no emergi\u00f3 de una correlaci\u00f3n de fuerzas, sino \u2014como afirm\u00f3 el escritor y antiguo militante del Partido Socialista Unificado de Catalu\u00f1a, Manuel V\u00e1zquez Montalb\u00e1n, sobre la transici\u00f3n espa\u00f1ola\u2014 de una correlaci\u00f3n de debilidades. Un v\u00ednculo fr\u00e1gil del Gobierno con la sociedad en general y con las mayor\u00edas populares, en particular y un \u201cempate catastr\u00f3fico\u201d entre los mismos componentes de la coalici\u00f3n oficial.<\/span><\/p>\n<p class=\"ox-314f2fc642-MsoNormal\" style=\"text-align: justify;\"><span style=\"color: #000000;\">De all\u00ed brot\u00f3 la idea de un \u00e1rbitro, un C\u00e9sar o un Bonaparte que, ante un equilibrio que ven\u00eda bloqueando toda iniciativa, re\u00fana las condiciones pol\u00edticas y \u2014como recomendaba Marechal\u2014 tenga la capacidad de salir del laberinto por arriba.<\/span><\/p>\n<p class=\"ox-314f2fc642-MsoNormal\" style=\"text-align: justify; padding-left: 40px;\"><span style=\"color: #000000;\"><b>Entre Cardoso y Cavallo<\/b><\/span><\/p>\n<p class=\"ox-314f2fc642-MsoNormal\" style=\"text-align: justify;\"><span style=\"color: #000000;\">Entre las ilusiones de Massa est\u00e1 la de transformarse en el Fernando Henrique Cardoso de esta etapa de la Argentina. El reconocido soci\u00f3logo y dos veces presidente de Brasil (sus textos sobre la Teor\u00eda de la Dependencia circularon por todas las facultades human\u00edsticas del continente) asumi\u00f3 como superministro de Itamar Franco a inicios de la d\u00e9cada de 1990. Franco hab\u00eda reemplazado a Fernando Collor de Mello (era su vice) que fue destituido por casos de corrupci\u00f3n y masivas movilizaciones callejeras. Como superministro de Hacienda, Cardoso elabor\u00f3 el Plan Real, un plan de ajuste y estabilizaci\u00f3n \u201cexitoso\u201d (en el contexto de una crisis econ\u00f3mica muy fuerte, hiperinflaci\u00f3n incluida) que luego continuar\u00e1 durante sus dos mandatos al frente del Palacio de Planalto\u200b. Fue una hoja de ruta \u201cmenemista\u201d y neoliberal (con privatizaciones y endeudamiento salvaje) que transform\u00f3 regresivamente al Brasil para siempre.<\/span><\/p>\n<p class=\"ox-314f2fc642-MsoNormal\" style=\"text-align: justify;\"><span style=\"color: #000000;\">Cardoso, al igual que Massa, tampoco era economista y se dec\u00eda que una de las claves de su \u00e9xito se bas\u00f3 en tener una mirada m\u00e1s \u201cpol\u00edtica\u201d y fuerte relaci\u00f3n con el establishment nacional e internacional. Como Massa, aunque con varias bibliotecas de ventaja.<\/span><\/p>\n<p class=\"ox-314f2fc642-MsoNormal\" style=\"text-align: justify;\"><span style=\"color: #000000;\">Sin embargo, el \u00e9xito de Cardoso tuvo algunas condiciones inexistentes en la Argentina y en el mundo de hoy. Por un lado, un ciclo internacional que marchaba en el sentido de las pol\u00edticas que propon\u00eda el expresidente brasile\u00f1o: programas similares se aplicaban en geograf\u00edas tan dis\u00edmiles como Bolivia, M\u00e9xico, Argentina, Polonia, Rusia o Turqu\u00eda. El famoso Consenso de Washington gozaba de buena salud. Brasil ten\u00eda las privatizaciones y el endeudamiento por delante y una crisis que combin\u00f3 un \u201c2001\u201d (corralito y confiscaci\u00f3n de dep\u00f3sitos incluido) y un \u201c1989\u201d (con una hiperinflaci\u00f3n imparable) por detr\u00e1s. Es decir, ventajas comparativas y factores disciplinadores. Por otra parte, una especie de \u201cunidad nacional\u201d se expres\u00f3 en el Congreso que aprob\u00f3 las medidas que se enviaron desde el Ejecutivo y fueron la base del Plan Real (hasta el PT respald\u00f3 el programa a su manera).<\/span><\/p>\n<p class=\"ox-314f2fc642-MsoNormal\" style=\"text-align: justify;\"><span style=\"color: #000000;\">En la Argentina engrietada, con un superministro que es una de las figuras m\u00e1s impopulares de la dirigencia pol\u00edtica tradicional, con una deuda imposible y un mundo bipolar, hacer \u201cla gran Cardoso\u201d es una tarea dif\u00edcil.<\/span><\/p>\n<p class=\"ox-314f2fc642-MsoNormal\" style=\"text-align: justify;\"><span style=\"color: #000000;\">Otro sue\u00f1o o pesadilla \u2014m\u00e1s cercano en tiempo y espacio\u2014 acecha como una sombra terrible al nuevo superministro. El espejo de Domingo Cavallo, otro que acumul\u00f3 poderes extraordinarios cuando vino a \u201csalvar\u201d al Gobierno de la Alianza poco antes de la debacle de 2001. Cavallo fue m\u00e1s aventurero que audaz y ten\u00eda la misma autoconfianza ciega de los mesi\u00e1nicos que \u2014parafraseando a Borges\u2014 suelen cometer la insensatez de aferrarse al m\u00e1gico sonido de su nombre. Termin\u00f3 agravando la crisis con el corralito de los dep\u00f3sitos bancarios y una hecatombe social, econ\u00f3mica y pol\u00edtica sin precedentes. Fernando de la R\u00faa revel\u00f3 tiempo despu\u00e9s que \u00e9l se opuso a la designaci\u00f3n de Cavallo como ministro de Econom\u00eda y asegur\u00f3 que fue su ex vicepresidente, Carlos \u201cChacho\u201d \u00c1lvarez, quien lo convoc\u00f3. Esa extra\u00f1a man\u00eda que tienen los progresismos cuando las papas queman: buscar figuras providenciales en las filas de la ortodoxia de derecha para que \u201chagan lo que hay que hacer\u201d. Algo parecido sucede hoy con un Massa avalado por todas las sensibilidades del Frente de Todos.\u00a0<\/span><\/p>\n<p class=\"ox-314f2fc642-MsoNormal\" style=\"text-align: justify;\"><span style=\"color: #000000;\">Sin las condiciones nacionales e internacionales que favorecieron a los planes de estabilizaci\u00f3n exitosos, la pregunta envenenada que atorment\u00f3 a Alberto Fern\u00e1ndez (y antes a Mauricio Macri) sigue intacta para el nuevo superministro: \u00bfQui\u00e9n pagar\u00e1 el ajuste? \u00bfQui\u00e9n le pone el cascabel al gato? \u00bfSu base social hist\u00f3rica o la de Cristina Fern\u00e1ndez de Kirchner?\u00a0 Porque los poderes f\u00e1cticos son los \u00fanicos que pueden dormir tranquilos con el nuevo superministro ocupando el centro de la escena.<\/span><\/p>\n<p class=\"ox-314f2fc642-MsoNormal\" style=\"text-align: justify;\"><span style=\"color: #000000;\">En definitiva, Massa es Massa y sus circunstancias, si no las salva a ellas no se salva \u00e9l. El pa\u00eds de la hegemon\u00eda imposible ha sido voraz con los mesianismos de distinto calibre (por m\u00e1s que vinieran cargados de \u201cvolumen pol\u00edtico\u201d y \u201cmusculatura\u201d). Puede permitirte so\u00f1ar con los triunfos de un intelectual como Fernando Henrique, pero despertarte con los gritos desaforados de Domingo Cavallo.<\/span><\/p>\n","protected":false},"excerpt":{"rendered":"<p>\u201cEntre las ilusiones de Massa est\u00e1 la de transformarse en el Fernando Henrique Cardoso de esta etapa de la Argentina\u201d, escribe el autor. Y remata: \u201cOtro sue\u00f1o o pesadilla \u2014m\u00e1s cercano en tiempo y espacio\u2014 acecha como una sombra terrible al nuevo superministro. El espejo de Domingo Cavallo cuando vino a \u201dsalvar\u201c a la Alianza\u201d.<\/p>\n","protected":false},"author":102520410,"featured_media":28356,"comment_status":"closed","ping_status":"closed","sticky":false,"template":"","format":"standard","meta":{"_coblocks_attr":"","_coblocks_dimensions":"","_coblocks_responsive_height":"","_coblocks_accordion_ie_support":"","advanced_seo_description":"","jetpack_seo_html_title":"","jetpack_seo_noindex":false,"jetpack_seo_schema_type":"","_jetpack_newsletter_access":"","_jetpack_dont_email_post_to_subs":false,"_jetpack_newsletter_tier_id":0,"_jetpack_memberships_contains_paywalled_content":false,"_wpcom_ai_launchpad_first_post":false,"_jetpack_feature_clip_id":0,"_jetpack_memberships_contains_paid_content":false,"footnotes":"","jetpack_post_was_ever_published":false},"categories":[],"tags":[703604884,17212,703606490,703606702,703605453,703607129],"class_list":["post-28355","post","type-post","status-publish","format-standard","has-post-thumbnail","hentry","tag-alberto-fernandez","tag-america-latina","tag-domingo-cavallo","tag-frente-de-todos","tag-macri","tag-sergio-massa","fallback-thumbnail"],"jetpack_likes_enabled":false,"jetpack_sharing_enabled":true,"jetpack_shortlink":"https:\/\/wp.me\/p7lt2C-7nl","amp_enabled":true,"jetpack_featured_media_url":"https:\/\/i0.wp.com\/correspondenciadeprensa.com\/wp-content\/uploads\/2022\/08\/Argentina-Sergio-Massa0108-1412615434-1659370701202.jpg?fit=877%2C434&ssl=1","_links":{"self":[{"href":"https:\/\/correspondenciadeprensa.com\/index.php?rest_route=\/wp\/v2\/posts\/28355","targetHints":{"allow":["GET"]}}],"collection":[{"href":"https:\/\/correspondenciadeprensa.com\/index.php?rest_route=\/wp\/v2\/posts"}],"about":[{"href":"https:\/\/correspondenciadeprensa.com\/index.php?rest_route=\/wp\/v2\/types\/post"}],"author":[{"embeddable":true,"href":"https:\/\/correspondenciadeprensa.com\/index.php?rest_route=\/wp\/v2\/users\/102520410"}],"replies":[{"embeddable":true,"href":"https:\/\/correspondenciadeprensa.com\/index.php?rest_route=%2Fwp%2Fv2%2Fcomments&post=28355"}],"version-history":[{"count":3,"href":"https:\/\/correspondenciadeprensa.com\/index.php?rest_route=\/wp\/v2\/posts\/28355\/revisions"}],"predecessor-version":[{"id":28359,"href":"https:\/\/correspondenciadeprensa.com\/index.php?rest_route=\/wp\/v2\/posts\/28355\/revisions\/28359"}],"wp:featuredmedia":[{"embeddable":true,"href":"https:\/\/correspondenciadeprensa.com\/index.php?rest_route=\/wp\/v2\/media\/28356"}],"wp:attachment":[{"href":"https:\/\/correspondenciadeprensa.com\/index.php?rest_route=%2Fwp%2Fv2%2Fmedia&parent=28355"}],"wp:term":[{"taxonomy":"category","embeddable":true,"href":"https:\/\/correspondenciadeprensa.com\/index.php?rest_route=%2Fwp%2Fv2%2Fcategories&post=28355"},{"taxonomy":"post_tag","embeddable":true,"href":"https:\/\/correspondenciadeprensa.com\/index.php?rest_route=%2Fwp%2Fv2%2Ftags&post=28355"}],"curies":[{"name":"wp","href":"https:\/\/api.w.org\/{rel}","templated":true}]}}