{"id":2618,"date":"2017-06-13T16:16:00","date_gmt":"2017-06-13T16:16:00","guid":{"rendered":"https:\/\/correspondenciadeprensa.com\/?p=2618"},"modified":"2017-06-13T16:16:00","modified_gmt":"2017-06-13T16:16:00","slug":"marruecos-la-lucha-continua-en-el-rif","status":"publish","type":"post","link":"https:\/\/correspondenciadeprensa.com\/?p=2618","title":{"rendered":"Marruecos: La lucha contin\u00faa en el Rif"},"content":{"rendered":"<p><strong>Marruecos <\/strong><\/p>\n<p><strong>La lucha contin\u00faa en el Rif <\/strong><\/p>\n<p><strong>Chawqui Lotfi * <\/strong><\/p>\n<p><strong>NPA, 8-6-2017\u00a0<\/strong><strong><a href=\"https:\/\/npa2009.org\/\">https:\/\/npa2009.org\/<\/a><\/strong><\/p>\n<p><strong>Traducci\u00f3n de Faustino Eguberri \u2013 Viento Sur\u00a0<\/strong><strong><a href=\"http:\/\/www.vientosur.info\/\">http:\/\/www.vientosur.info\/<\/a><\/strong><\/p>\n<p>La ola de represi\u00f3n desencadenada tras el 26 de mayo ten\u00eda por objetivo dislocar la direcci\u00f3n del movimiento popular, esperando as\u00ed desorganizarlo, obligarle a \u201cnegociar\u201d seg\u00fan los t\u00e9rminos del poder, abortar todo proceso de extensi\u00f3n geogr\u00e1fica de la movilizaci\u00f3n. Ninguno de estos objetivos ha sido alcanzado por el poder.<\/p>\n<p>La detenci\u00f3n y secuestro de decenas de militantes, entre ellos los principales animadores y portavoces de la lucha, ha hecho emerger una nueva direcci\u00f3n de reemplazo, con las mismas caracter\u00edsticas: personas an\u00f3nimas sin necesariamente un pasado pol\u00edtico o militantes, hombres y mujeres, enraizados en los medios populares y la protesta desde el comienzo.<\/p>\n<p><strong>La represi\u00f3n no detiene la movilizaci\u00f3n <\/strong><\/p>\n<p>En esta regi\u00f3n, calificada como conservadora, que el 8 de marzo conoci\u00f3 la m\u00e1s importante manifestaci\u00f3n de mujeres por sus derechos, ha sido una joven, Nawal Benaissa, quien se ha convertido en una de las portavoces de la lucha. Alhucemas ha conocido una de las manifestaciones m\u00e1s importantes apoyadas por una nueva huelga general. Acciones de desobediencia civil est\u00e1n ya al orden del d\u00eda.<\/p>\n<p>La continuaci\u00f3n de la lucha se hace sobre las mismas bases pol\u00edticas y, adem\u00e1s, la demanda de la liberaci\u00f3n inmediata e incondicional de los detenidos. El di\u00e1logo con los partidarios de la represi\u00f3n y las oficinas pol\u00edticas corruptas es rechazado. El \u00fanico efecto de la represi\u00f3n es haber enraizado la protesta en una actividad cotidiana y llevado a un nivel m\u00e1s importante la combinaci\u00f3n de la lucha por las cuestiones sociales y la libertad pol\u00edtica, desafiando a los dispositivos de seguridad y al acoso de las fuerzas del orden.<\/p>\n<p>El poder no ha podido debilitar ni hacer callar al pueblo del Rif. Una nueva generaci\u00f3n pol\u00edtica se ha cristalizado a una escala de masas, una generaci\u00f3n que no cuenta m\u00e1s que son sus propias fuerzas y busca los medios para ganar. La movilizaci\u00f3n, a pesar de los momentos de enfrentamiento, sigue siendo pac\u00edfica debido a la comprensi\u00f3n colectiva de que en este estadio esto permite mantener el car\u00e1cter popular de las acciones, desmontar la propaganda del poder sobre los partidarios del caos que querr\u00edan imponer una situaci\u00f3n del tipo libio y, m\u00e1s sencillamente, por la correlaci\u00f3n de fuerzas.<\/p>\n<p>La protesta desborda el Rif. Cerca de 1 000 abogados se han unido a la defensa de los detenidos, muchos de los cuales han sido maltratados y sin duda torturados. Han tenido lugar llamamientos locales de solidaridad en m\u00e1s de una veintena de ciudades de forma no sincronizada. Las fuerzas del orden han impedido cualquier concentraci\u00f3n o las han dispersado violentamente, en particular en las grandes ciudades. Pero son miles de personas las que han salido a la calle en cada ocasi\u00f3n.<\/p>\n<p><strong>Extender y construir perspectivas nacionales <\/strong><\/p>\n<p>No hay a\u00fan un efecto de bola de nieve aunque las razones profundas de la lucha, sus motivos sociales y democr\u00e1ticos no son espec\u00edficos del Rif. Esto remite a varios elementos de importancia. Contrariamente al M20F (Movimiento 20 de Febrero), las organizaciones no est\u00e1n implicadas, se contentan con denunciar la represi\u00f3n o mantener el eje de la lucha en la solidaridad con el Rif.<\/p>\n<p>Adem\u00e1s, la din\u00e1mica de la lucha actual, en su potencial pol\u00edtico, implica una radicalidad inasumible para muchas de ellas. As\u00ed, solo las redes y movimientos ligados a la izquierda radical se han implicado con fuerza. Pero ah\u00ed tambi\u00e9n pesa la ausencia de una expresi\u00f3n pol\u00edtica unitaria de la izquierda social y pol\u00edtica de lucha que trace objetivos de conjunto, que apunten a plantear la cuesti\u00f3n de un enfrentamiento de amplitud con el poder o, por lo menos, a coordinar las diferentes acciones locales en momentos fuertes nacionales, aunque una primera cita centralizada en Rabat haya sido anunciada para el 11 de junio. Y \u201cla Intifada rife\u00f1a\u201d no tiene apoyo por parte del movimiento sindical o de otros sectores organizados del movimiento social, con algunas excepciones.<\/p>\n<p>La represi\u00f3n que se abate, con sus cortejos de detenciones, influye tambi\u00e9n.<\/p>\n<p>Lo que est\u00e1 en juego, m\u00e1s all\u00e1 de la necesaria solidaridad, plantea ya la articulaci\u00f3n con reivindicaciones locales concretas que correspondan a las preocupaciones inmediatas de las capas populares. Plantea tambi\u00e9n, como ocurre en el Rif, la construcci\u00f3n de comit\u00e9s de acci\u00f3n populares organizados y aut\u00f3nomos en la base que superen las redes militantes.<\/p>\n<p>Lo que est\u00e1 en juego las pr\u00f3ximas semanas es superar los ritmos desiguales de la lucha, encontrar los medios de enraizar localmente, construir perspectivas nacionales, mantener la presi\u00f3n para que la movilizaci\u00f3n del Rif no quede aislada.<\/p>\n<p>* Chawqui Lotfi (militante de Tahadi\/Emancipaci\u00f3n Democr\u00e1tica).<\/p>\n","protected":false},"excerpt":{"rendered":"<p>La din\u00e1mica de la lucha actual, en su potencial pol\u00edtico, implica una radicalidad inasumible para muchas de ellas. As\u00ed, solo las redes y movimientos ligados a la izquierda radical se han implicado con fuerza. Pero ah\u00ed tambi\u00e9n pesa la ausencia de una expresi\u00f3n pol\u00edtica unitaria de la izquierda social y pol\u00edtica&#8230;<\/p>\n","protected":false},"author":102520410,"featured_media":0,"comment_status":"open","ping_status":"open","sticky":false,"template":"","format":"aside","meta":{"_coblocks_attr":"","_coblocks_dimensions":"","_coblocks_responsive_height":"","_coblocks_accordion_ie_support":"","advanced_seo_description":"","jetpack_seo_html_title":"","jetpack_seo_noindex":false,"jetpack_seo_schema_type":"","_jetpack_newsletter_access":"","_jetpack_dont_email_post_to_subs":false,"_jetpack_newsletter_tier_id":0,"_jetpack_memberships_contains_paywalled_content":false,"_wpcom_ai_launchpad_first_post":false,"_jetpack_feature_clip_id":0,"_jetpack_memberships_contains_paid_content":false,"footnotes":"","jetpack_post_was_ever_published":false},"categories":[53888],"tags":[6419459,62949836,706300,28508774],"class_list":["post-2618","post","type-post","status-publish","format-aside","hentry","category-marruecos","tag-encarcelamiento","tag-m20f","tag-secuestros","tag-tahadi","post_format-post-format-aside"],"jetpack_likes_enabled":false,"jetpack_sharing_enabled":true,"jetpack_shortlink":"https:\/\/wp.me\/p7lt2C-Ge","amp_enabled":true,"jetpack_featured_media_url":"","_links":{"self":[{"href":"https:\/\/correspondenciadeprensa.com\/index.php?rest_route=\/wp\/v2\/posts\/2618","targetHints":{"allow":["GET"]}}],"collection":[{"href":"https:\/\/correspondenciadeprensa.com\/index.php?rest_route=\/wp\/v2\/posts"}],"about":[{"href":"https:\/\/correspondenciadeprensa.com\/index.php?rest_route=\/wp\/v2\/types\/post"}],"author":[{"embeddable":true,"href":"https:\/\/correspondenciadeprensa.com\/index.php?rest_route=\/wp\/v2\/users\/102520410"}],"replies":[{"embeddable":true,"href":"https:\/\/correspondenciadeprensa.com\/index.php?rest_route=%2Fwp%2Fv2%2Fcomments&post=2618"}],"version-history":[{"count":4,"href":"https:\/\/correspondenciadeprensa.com\/index.php?rest_route=\/wp\/v2\/posts\/2618\/revisions"}],"predecessor-version":[{"id":2622,"href":"https:\/\/correspondenciadeprensa.com\/index.php?rest_route=\/wp\/v2\/posts\/2618\/revisions\/2622"}],"wp:attachment":[{"href":"https:\/\/correspondenciadeprensa.com\/index.php?rest_route=%2Fwp%2Fv2%2Fmedia&parent=2618"}],"wp:term":[{"taxonomy":"category","embeddable":true,"href":"https:\/\/correspondenciadeprensa.com\/index.php?rest_route=%2Fwp%2Fv2%2Fcategories&post=2618"},{"taxonomy":"post_tag","embeddable":true,"href":"https:\/\/correspondenciadeprensa.com\/index.php?rest_route=%2Fwp%2Fv2%2Ftags&post=2618"}],"curies":[{"name":"wp","href":"https:\/\/api.w.org\/{rel}","templated":true}]}}