{"id":25475,"date":"2022-04-13T16:37:59","date_gmt":"2022-04-13T14:37:59","guid":{"rendered":"https:\/\/correspondenciadeprensa.com\/?p=25475"},"modified":"2022-04-13T16:38:18","modified_gmt":"2022-04-13T14:38:18","slug":"ecuador-carta-abierta-a-la-direccion-de-pachakutik-y-su-bloque-parlamentario-documento-firmas","status":"publish","type":"post","link":"https:\/\/correspondenciadeprensa.com\/?p=25475","title":{"rendered":"Ecuador &#8211; Carta abierta a la direcci\u00f3n de Pachakutik y su bloque parlamentario. [Documento &#8211; Firmas]"},"content":{"rendered":"<p class=\"ox-3a6757ed4d-MsoNormal\" style=\"text-align: justify;\"><span style=\"color: #000000;\"><b>Carta abierta a la direcci\u00f3n del Movimiento Unidad Plurinacional Pachakutik y su bloque parlamentario<\/b><\/span><\/p>\n<p class=\"ox-3a6757ed4d-MsoNormal\" style=\"text-align: justify;\"><span style=\"color: #000000;\"><b><a href=\"https:\/\/revistanawpa.org\/\">Revista \u00d1awpa<\/a>, 11-4-2022<\/b><\/span><\/p>\n<p class=\"ox-3a6757ed4d-MsoNormal\"><span style=\"color: #000000;\"><strong><a href=\"https:\/\/correspondenciadeprensa.com\/\">Correspondencia de Prensa<\/a>, 13-4-2022<\/strong><\/span><\/p>\n<p class=\"ox-3a6757ed4d-MsoNormal\" style=\"text-align: justify;\"><span style=\"color: #000000;\">De nuestras consideraciones<\/span><\/p>\n<p class=\"ox-3a6757ed4d-MsoNormal\" style=\"text-align: justify;\"><span style=\"color: #000000;\">El Ecuador atraviesa una situaci\u00f3n pol\u00edtica compleja, una suerte de entrampamiento generado por los conflictos abiertos entre el presidente Guillermo Lasso y la Asamblea Nacional y al interior de la propia Asamblea.<\/span><\/p>\n<p class=\"ox-3a6757ed4d-MsoNormal\" style=\"text-align: justify; padding-left: 40px;\"><span style=\"color: #000000;\"><b>Una minicrisis pol\u00edtica<\/b><\/span><\/p>\n<p class=\"ox-3a6757ed4d-MsoNormal\" style=\"text-align: justify;\"><span style=\"color: #000000;\">En el fondo, igual los conflictos de hoy que los desplazamientos en las mayor\u00edas m\u00f3viles que tratan de controlar la Asamblea, reflejan las debilidades pol\u00edticas compartidas de todas las fuerzas pol\u00edticas. Aunque cuenta con el respaldo de los grandes grupos econ\u00f3micos y de la mayor\u00eda de la prensa tradicional, el gobierno de Lasso es d\u00e9bil: su respaldo electoral propio es reducido y el limitado bloque parlamentario que logr\u00f3 elegir le hace depender de alianzas ocasionales que no han tenido mucha duraci\u00f3n. Una primera alianza con el PSC (Partido Social Cristiano) y el corre\u00edsmo se deshizo antes incluso de instalarse la Asamblea. Luego, la alianza con la ID (Izquierda Democr\u00e1tica) \u00a0y Pachakutik alcanz\u00f3 a elegir las dignidades parlamentarias pero no pod\u00eda dar viabilidad a la aprobaci\u00f3n de las reformas neoliberales que le interesan al gobierno. Pas\u00f3 despu\u00e9s por un acuerdo silencioso con el corre\u00edsmo para aprobar la reforma tributaria.<\/span><\/p>\n<p class=\"ox-3a6757ed4d-MsoNormal\" style=\"text-align: justify;\"><span style=\"color: #000000;\">Dos importantes acciones legislativas agudizaron los enfrentamientos: la aprobaci\u00f3n por parte de la mayor\u00eda de la Asamblea Nacional de amnist\u00edas de 268 luchadores y dirigentes sociales perseguidos judicialmente; y la decisi\u00f3n de archivar el proyecto de Ley de Atracci\u00f3n de Inversiones enviado por el Ejecutivo, lo que se sum\u00f3 a la derrota temprana con el rechazo a la Ley Creando Oportunidades, un compendio del programa neoliberal. Qued\u00f3 entonces claro que el gobierno no puede en este momento controlar a gusto a la Asamblea y ech\u00f3 a rodar las opciones de disolverla a trav\u00e9s de la muerte cruzada y de aplicar su programa neoliberal mediante consultas populares, seguramente junto a otros temas, como la seguridad, que pueden servir de se\u00f1uelos para atraer votos. El gobierno aspira a favorecerse de la desesperaci\u00f3n de millones de personas desempleadas o precarizadas y del temor de la poblaci\u00f3n frente al incremento descontrolado de la violencia y del narcotr\u00e1fico.<\/span><\/p>\n<p class=\"ox-3a6757ed4d-MsoNormal\" style=\"text-align: justify;\"><span style=\"color: #000000;\">Pero el gobierno compensa su debilidad con las debilidades mayores de sus oponentes. El PSC ha perdido el aval de una parte de los grandes empresarios, que respaldan al gobierno. El corre\u00edsmo no puede aparecer como oposici\u00f3n consecuente, porque sus acciones son oscilantes, en busca de beneficios puntuales para sus figuras; as\u00ed, su abstenci\u00f3n hizo aprobar la reforma tributaria, una de las piedras angulares del proyecto neoliberal y de la carta de intenci\u00f3n impuesta por el FMI. La ID colabora con el gobierno a ratos, y a ratos lo critica. Y Pachakutik cede a desgarramientos alimentados desde el corre\u00edsmo y el gobierno.<\/span><\/p>\n<p class=\"ox-3a6757ed4d-MsoNormal\" style=\"text-align: justify;\"><span style=\"color: #000000;\">Mientras tanto, el gobierno avanza, ha anunciado su disposici\u00f3n a gobernar v\u00eda decretos para eludir nuevos fracasos parlamentarios. Gobernar sin la Asamblea y recurrir a las consultas requiere que el presidente mejore su imagen y su aceptaci\u00f3n entre la ciudadan\u00eda, montando una campa\u00f1a de desprestigio a la Asamblea, lo que ciertamente no requiere de mucho esfuerzo. Pachakutik deber\u00eda exigir a Lasso que presente pruebas de sus acusaciones.<\/span><\/p>\n<p class=\"ox-3a6757ed4d-MsoNormal\" style=\"text-align: justify;\"><span style=\"color: #000000;\">Estos vaivenes y el tratamiento medi\u00e1tico que reciben encubren tres principales l\u00edneas de conflicto que afectan a la sociedad ecuatoriana y que no encuentran resoluci\u00f3n.<\/span><\/p>\n<p class=\"ox-3a6757ed4d-MsoNormal\" style=\"text-align: justify;\"><span style=\"color: #000000;\">La primera es la implementaci\u00f3n del modelo neoliberal, \u00fanico programa econ\u00f3mico del que disponen las derechas y los gremios empresariales. Este programa est\u00e1 en marcha ya desde finales del gobierno de Correa y se profundiz\u00f3 con la firma de la carta de intenci\u00f3n con el FMI y la utilizaci\u00f3n oportunista e inescrupulosa\u00a0 de la pandemia ante una sociedad desesperada y paralizada por los estragos causado por el Covid 19. Lasso simplemente refrend\u00f3 los acuerdos con el FMI y pretende radicalizar y acelerar la imposici\u00f3n de pol\u00edticas cuyos efectos ya los vivimos entre 1981 y 2005 con su secuela de empobrecimiento, precarizaci\u00f3n del trabajo, crecimiento de la informalidad, abandono y destrucci\u00f3n de los sistemas p\u00fablicos de salud y educaci\u00f3n, debilitamiento de la seguridad social y festinamiento de los recursos del Estado y del pueblo en beneficio de los capitales monop\u00f3licos. En el orden del d\u00eda se encuentran las privatizaciones y la firma de tratados de libre comercio. Detr\u00e1s de esta trayectoria est\u00e1 la alianza de los grupos del gran empresariado bancario, comercial, industrial y del agronegocio; los perjudicados ser\u00e1n los trabajadores, los campesinos, los productores nacionales, la poblaci\u00f3n pobre usuaria de los servicios p\u00fablicos e incluso amplios sectores de las capas medias.<\/span><\/p>\n<p class=\"ox-3a6757ed4d-MsoNormal\" style=\"text-align: justify;\"><span style=\"color: #000000;\">La segunda es la disputa pol\u00edtica por el control del Estado, que enfrenta a CREO, el Partido Socialcristiano y el corre\u00edsmo, todos ellos interesados en impedir el aparecimiento y la consolidaci\u00f3n de fuerzas que rompan el empantanamiento pol\u00edtico de la dicotom\u00eda entre las derechas y el populismo. Una disputa que transita no solo los caminos de los enfrentamientos aparentemente insalvables, sino tambi\u00e9n los de acercamientos y acuerdos sorpresivos, dif\u00edcilmente explicables por sus actores.<\/span><\/p>\n<p class=\"ox-3a6757ed4d-MsoNormal\" style=\"text-align: justify;\"><span style=\"color: #000000;\">La tercera es la posibilidad abierta por las protestas multitudinarias de octubre de 2019 y el mill\u00f3n ochocientos mil votos que se encaminaron hacia Pachakutik en la primera vuelta electoral de 2021: el surgimiento de una fuerza social y pol\u00edtica netamente diferenciada de las derechas neoliberales y el populismo.<\/span><\/p>\n<p class=\"ox-3a6757ed4d-MsoNormal\" style=\"text-align: justify; padding-left: 40px;\"><span style=\"color: #000000;\"><b>Pachakutik m\u00e1s all\u00e1 de Pachakutik<\/b><\/span><\/p>\n<p class=\"ox-3a6757ed4d-MsoNormal\" style=\"text-align: justify;\"><span style=\"color: #000000;\">El temor de la derecha y el corre\u00edsmo por una posible participaci\u00f3n de Pachakutik en la segunda vuelta electoral de 2021 los junt\u00f3 impl\u00edcita y expl\u00edcitamente para impedir esa posibilidad, pero no pudieron evitar que se conviertan en la segunda fuerza pol\u00edtica de la Asamblea. Sin embargo, el propio Pachakutik, que se levant\u00f3 como una propuesta alternativa, no logra responder a esa demanda ni al esp\u00edritu de sus votantes.<\/span><\/p>\n<p class=\"ox-3a6757ed4d-MsoNormal\" style=\"text-align: justify;\"><span style=\"color: #000000;\">La acci\u00f3n parlamentaria de Pachakutik ha tenido algunos puntos altos, como la investigaci\u00f3n sobre los \u201cPandora Papers\u201d, la concesi\u00f3n de amnist\u00edas a favor de luchadores sociales, la votaci\u00f3n en contra de las leyes neoliberales de Lasso, pero tambi\u00e9n las acciones solidarias de algunas de sus autoridades locales frente a tragedias como el deslave en la Comuna Santa Clara de San Mill\u00e1n en Quito.<\/span><\/p>\n<p class=\"ox-3a6757ed4d-MsoNormal\" style=\"text-align: justify;\"><span style=\"color: #000000;\">Tambi\u00e9n desde los GAD encabezados por Pachakutik, como en Cayambe, Guaranda, Ca\u00f1ar se han desarrollado importantes iniciativas en el manejo de la pandemia y en la solidaridad con poblaciones de otros cantones que han sufrido los embates de desastres.<\/span><\/p>\n<p class=\"ox-3a6757ed4d-MsoNormal\" style=\"text-align: justify;\"><span style=\"color: #000000;\">Estos son los temas que deben concentrar la atenci\u00f3n, sin embargo, hoy se ha puesto en primer plano la disputa entre dos sectores de asamble\u00edstas de Pachakutik que parece tener por centro la continuidad de Guadalupe Llori en la presidencia de la Asamblea Nacional. En estas fricciones, ambos sectores, uno respaldado por la direcci\u00f3n de Pachakutik, y otro por la dirigencia de la Conaie se amenazan mutuamente con la expulsi\u00f3n y se acusan unos a otros de haber abandonado el proyecto pol\u00edtico.<\/span><\/p>\n<p class=\"ox-3a6757ed4d-MsoNormal\" style=\"text-align: justify;\"><span style=\"color: #000000;\">Las diferencia -que son reales- aparecen hoy sobredeterminadas por las alianzas de hecho. Mientras un sector ha privilegiado los acuerdos con el gobierno (y, seg\u00fan denuncias del propio presidente Guillermo Lasso, algunos de ellos pidiendo puestos o proyectos a cambio de los votos en la Asamblea), el otro sector ha terminado privilegiando los acuerdos con el corre\u00edsmo y, eventualmente con el socialcristianismo, en la medida en que se mantiene el pacto UNES-PSC. Resulta al menos parad\u00f3jico que Pachakutik, que lleg\u00f3 a la Asamblea gracias al voto de un gran n\u00famero de personas que se emancipaba pol\u00edticamente de la dicotom\u00eda corre\u00edsmo-neoliberalismo, est\u00e9 ahora atrapado y rasgado por la disputa entre las derechas y el populismo.<\/span><\/p>\n<p class=\"ox-3a6757ed4d-MsoNormal\" style=\"text-align: justify;\"><span style=\"color: #000000;\">Pero esto es revelador de una falencia: hoy por hoy, Pachakutik carece de una l\u00ednea pol\u00edtica clara y definida. \u00bfQu\u00e9 posici\u00f3n debe mantener frente al gobierno y su proyecto neoliberal y extractivista? \u00bfQu\u00e9 posici\u00f3n frente a leyes que buscan la privatizaci\u00f3n de las m\u00e1s rentables empresas estatales, frente a leyes que impulsan la precarizaci\u00f3n de las relaciones laborales, frente a leyes que perpet\u00faan la opresi\u00f3n de la mujer, como el veto presidencial a la ley sobre el aborto en embarazos causados por violaciones?\u00a0 \u00bfQu\u00e9 posici\u00f3n frente al corre\u00edsmo? \u00bfQu\u00e9 relaci\u00f3n debe mantener con los movimientos sociales, con la CONAIE, en primer lugar, pero tambi\u00e9n con el Frente Unitario de los Trabajadores, con organizaciones de mujeres, de pobladores urbanos, de j\u00f3venes y estudiantes? Limitarse a la agenda parlamentaria es insuficiente: hace falta un debate profundo, amplio y sistem\u00e1tico sobre los temas centrales y privilegiar la alianza con los movimientos y organizaciones sociales.<\/span><\/p>\n<p class=\"ox-3a6757ed4d-MsoNormal\" style=\"text-align: justify;\"><span style=\"color: #000000;\">Pachakutik debe retomar el v\u00ednculo con sus organizaciones de base y el mill\u00f3n ochocientos mil votantes que se fijaron en \u00e9l en la b\u00fasqueda de una alternativa que supere el p\u00e9ndulo entre el neoliberalismo y el populismo.<\/span><\/p>\n<p class=\"ox-3a6757ed4d-MsoNormal\" style=\"text-align: justify;\"><span style=\"color: #000000;\"><b>Suscriben:<\/b><\/span><\/p>\n<p class=\"ox-3a6757ed4d-MsoNormal\" style=\"text-align: justify;\"><span style=\"color: #000000;\">Guillermo Churuchumbi. Coordinador de los Gobiernos Alternativos del Ecuador.<\/span><\/p>\n<p class=\"ox-3a6757ed4d-MsoNormal\" style=\"text-align: justify;\"><span style=\"color: #000000;\">Blanca Chancosa. Ex Presidenta de la ECUARUNARI.<\/span><\/p>\n<p class=\"ox-3a6757ed4d-MsoNormal\" style=\"text-align: justify;\"><span style=\"color: #000000;\">Fernando Cabascango. Asamble\u00edsta por Pichincha.<\/span><\/p>\n<p class=\"ox-3a6757ed4d-MsoNormal\" style=\"text-align: justify;\"><span style=\"color: #000000;\">A\u00edda Marcillo. Concejala del GAD Municipal de Otavalo.<\/span><\/p>\n<p class=\"ox-3a6757ed4d-MsoNormal\" style=\"text-align: justify;\"><span style=\"color: #000000;\">Pacha Cutik Lema. Vicepresidente GAD Parroquial Miguel Egas, Peguche.<\/span><\/p>\n<p class=\"ox-3a6757ed4d-MsoNormal\" style=\"text-align: justify;\"><span style=\"color: #000000;\">Humberto Cholango. Ex Presidente de la CONAIE.<\/span><\/p>\n<p class=\"ox-3a6757ed4d-MsoNormal\" style=\"text-align: justify;\"><span style=\"color: #000000;\">Floresmilo Simba\u00f1a. Ex Dirigente de la CONAIE.<\/span><\/p>\n<p class=\"ox-3a6757ed4d-MsoNormal\" style=\"text-align: justify;\"><span style=\"color: #000000;\">Francisco Chasiguano. Presidente del Pueblo Kichwa Karanki.<\/span><\/p>\n<p class=\"ox-3a6757ed4d-MsoNormal\" style=\"text-align: justify;\"><span style=\"color: #000000;\">Ver\u00f3nica Tene. Dirigente de la Mujer, COMICH.<\/span><\/p>\n<p class=\"ox-3a6757ed4d-MsoNormal\" style=\"text-align: justify;\"><span style=\"color: #000000;\">Manuel Guam\u00e1n. Presidente SAKIAT, Saraguro.<\/span><\/p>\n<p class=\"ox-3a6757ed4d-MsoNormal\" style=\"text-align: justify;\"><span style=\"color: #000000;\">Kasha Yarina Rojas. Secretaria Coordinaci\u00f3n Pachakutik \u2013 Cotacachi.<\/span><\/p>\n<p class=\"ox-3a6757ed4d-MsoNormal\" style=\"text-align: justify;\"><span style=\"color: #000000;\">Alberto Acosta. Ex Presidente de la Asamblea Constituyente.<\/span><\/p>\n<p class=\"ox-3a6757ed4d-MsoNormal\" style=\"text-align: justify;\"><span style=\"color: #000000;\">Mes\u00edas Tatamuez. Presidente de la CEDOCUT.<\/span><\/p>\n<p class=\"ox-3a6757ed4d-MsoNormal\" style=\"text-align: justify;\"><span style=\"color: #000000;\">Edwin Bedoya. Vicepresidente de la CEDOCUT.<\/span><\/p>\n<p class=\"ox-3a6757ed4d-MsoNormal\" style=\"text-align: justify;\"><span style=\"color: #000000;\">Telmo Eduardo Jaramillo Ram\u00edrez. Ex Ejecutivo Nacional Pachakutik 2003 \u2013 2005.<\/span><\/p>\n<p class=\"ox-3a6757ed4d-MsoNormal\" style=\"text-align: justify;\"><span style=\"color: #000000;\">Manuel D\u00edaz. Dirigente de la FICI.<\/span><\/p>\n<p class=\"ox-3a6757ed4d-MsoNormal\" style=\"text-align: justify;\"><span style=\"color: #000000;\">Wayra Fern\u00e1ndez. Dirigente de la FICI.<\/span><\/p>\n<p class=\"ox-3a6757ed4d-MsoNormal\" style=\"text-align: justify;\"><span style=\"color: #000000;\">Inti Cartuche Vacacela. Presidente del Colectivo Plurinacional \u00d1awpa.<\/span><\/p>\n<p class=\"ox-3a6757ed4d-MsoNormal\" style=\"text-align: justify;\"><span style=\"color: #000000;\">Marco Le\u00f3n Siza. Colectivo Plurinacional \u00d1awpa.<\/span><\/p>\n<p class=\"ox-3a6757ed4d-MsoNormal\" style=\"text-align: justify;\"><span style=\"color: #000000;\">Carlos Camacho Mora. Colectivo Plurinacional \u00d1awpa.<\/span><\/p>\n<p class=\"ox-3a6757ed4d-MsoNormal\" style=\"text-align: justify;\"><span style=\"color: #000000;\">Movimiento Revolucionario de los Trabajadores. MRT.<\/span><\/p>\n<p class=\"ox-3a6757ed4d-MsoNormal\" style=\"text-align: justify;\"><span style=\"color: #000000;\">Clara Merino. Movimiento Nacional Mujeres Sectores Populares LUNA CRECIENTE.<\/span><\/p>\n<p class=\"ox-3a6757ed4d-MsoNormal\" style=\"text-align: justify;\"><span style=\"color: #000000;\">In\u00e9s del Carmen Morales Imbaquingo. Dirigente del Barrio La Loma de Cayambe.<\/span><\/p>\n<p class=\"ox-3a6757ed4d-MsoNormal\" style=\"text-align: justify;\"><span style=\"color: #000000;\">Mario Unda. Docente Universitario.<\/span><\/p>\n<p class=\"ox-3a6757ed4d-MsoNormal\" style=\"text-align: justify;\"><span style=\"color: #000000;\">Adriana Rodr\u00edguez Caguana. Docente Universitario.<\/span><\/p>\n<p class=\"ox-3a6757ed4d-MsoNormal\" style=\"text-align: justify;\"><span style=\"color: #000000;\">Soledad Chalco. Docente Universitaria.<\/span><\/p>\n<p class=\"ox-3a6757ed4d-MsoNormal\" style=\"text-align: justify;\"><span style=\"color: #000000;\">Christian Arteaga. Docente Universitario.<\/span><\/p>\n<p class=\"ox-3a6757ed4d-MsoNormal\" style=\"text-align: justify;\"><span style=\"color: #000000;\">Virginia G\u00f3mez de la Torre. Fundaci\u00f3n Desaf\u00edo.<\/span><\/p>\n<p class=\"ox-3a6757ed4d-MsoNormal\" style=\"text-align: justify;\"><span style=\"color: #000000;\">Sylvia Bonilla Bola\u00f1os. Abogada Constitucionalista.<\/span><\/p>\n<p class=\"ox-3a6757ed4d-MsoNormal\" style=\"text-align: justify;\"><span style=\"color: #000000;\">Maritza Idrobo. Activista de Izquierda. Revista \u00d1awpa.<\/span><\/p>\n<p class=\"ox-3a6757ed4d-MsoNormal\" style=\"text-align: justify;\"><span style=\"color: #000000;\">Mariana Yumbay. Ex Jueza Constitucionalista.<\/span><\/p>\n<p class=\"ox-3a6757ed4d-MsoNormal\" style=\"text-align: justify;\"><span style=\"color: #000000;\">Arawi Ruiz. Director de la Academia Quechua de Humanidades.<\/span><\/p>\n<p class=\"ox-3a6757ed4d-MsoNormal\" style=\"text-align: justify;\"><span style=\"color: #000000;\">Xavier Maldonado. ALAMES Ecuador.<\/span><\/p>\n<p class=\"ox-3a6757ed4d-MsoNormal\" style=\"text-align: justify;\"><span style=\"color: #000000;\">Elizabeth Rivera. Revista \u00d1awpa.<\/span><\/p>\n<p class=\"ox-3a6757ed4d-MsoNormal\" style=\"text-align: justify;\"><span style=\"color: #000000;\">Eduardo Castro. Revista \u00d1awpa. Colectivo Sociocultural \u00abLa Gruska\u00bb.<\/span><\/p>\n<p class=\"ox-3a6757ed4d-MsoNormal\" style=\"text-align: justify;\"><span style=\"color: #000000;\">Erika Arteaga Cruz. Revista \u00d1awpa.<\/span><\/p>\n<p class=\"ox-3a6757ed4d-MsoNormal\" style=\"text-align: justify;\"><span style=\"color: #000000;\">Juan Cuvi.<\/span><\/p>\n<p class=\"ox-3a6757ed4d-MsoNormal\" style=\"text-align: justify;\"><span style=\"color: #000000;\">John Cajas Guijarro.<\/span><\/p>\n<p class=\"ox-3a6757ed4d-MsoNormal\" style=\"text-align: justify;\"><span style=\"color: #000000;\">Cecilia Moreta.<\/span><\/p>\n<p class=\"ox-3a6757ed4d-MsoNormal\" style=\"text-align: justify;\"><span style=\"color: #000000;\">Ra\u00fal Lema.<\/span><\/p>\n<p class=\"ox-3a6757ed4d-MsoNormal\" style=\"text-align: justify;\"><span style=\"color: #000000;\">Carlos Lima Castillo.<\/span><\/p>\n<p class=\"ox-3a6757ed4d-MsoNormal\" style=\"text-align: justify;\"><span style=\"color: #000000;\">Ver\u00f3nica Yuquilema.<\/span><\/p>\n<p class=\"ox-3a6757ed4d-MsoNormal\" style=\"text-align: justify;\"><span style=\"color: #000000;\">\u00c1ngel Tip\u00e1n Santillan.<\/span><\/p>\n<p class=\"ox-3a6757ed4d-MsoNormal\" style=\"text-align: justify;\"><span style=\"color: #000000;\">Hendrix Castro Sandoval.<\/span><\/p>\n<p class=\"ox-3a6757ed4d-MsoNormal\" style=\"text-align: justify;\"><span style=\"color: #000000;\">Adhesiones a la carta, escribir a:<\/span> <a class=\"mailto-link\" tabindex=\"9999\" href=\"mailto:revistanawpa@gmail.com\" target=\"_blank\" rel=\"noopener\">revistanawpa@gmail.com<\/a><\/p>\n<div class=\"ox-3a6757ed4d-MsoNormal\" align=\"center\">\n<hr align=\"center\" size=\"2\" width=\"100%\" \/>\n<\/div>\n","protected":false},"excerpt":{"rendered":"<p>El Ecuador atraviesa una situaci\u00f3n pol\u00edtica compleja, una suerte de entrampamiento generado por los conflictos abiertos entre el presidente Guillermo Lasso y la Asamblea Nacional y al interior de la propia Asamblea.<\/p>\n","protected":false},"author":102520410,"featured_media":25480,"comment_status":"closed","ping_status":"closed","sticky":false,"template":"","format":"standard","meta":{"_coblocks_attr":"","_coblocks_dimensions":"","_coblocks_responsive_height":"","_coblocks_accordion_ie_support":"","advanced_seo_description":"","jetpack_seo_html_title":"","jetpack_seo_noindex":false,"jetpack_seo_schema_type":"","_jetpack_newsletter_access":"","_jetpack_dont_email_post_to_subs":false,"_jetpack_newsletter_tier_id":0,"_jetpack_memberships_contains_paywalled_content":false,"_wpcom_ai_launchpad_first_post":false,"_jetpack_feature_clip_id":0,"_jetpack_memberships_contains_paid_content":false,"footnotes":"","jetpack_post_was_ever_published":false},"categories":[5207],"tags":[17212,703605289,703605288,703605011,159959,1696190,703605433,2132558,703608373],"class_list":["post-25475","post","type-post","status-publish","format-standard","has-post-thumbnail","hentry","category-ecuador","tag-america-latina","tag-conaie","tag-correismo","tag-fmi","tag-fut","tag-izquierda-democratica","tag-lasso","tag-pachakutik","tag-partido-social-cristiano","fallback-thumbnail"],"jetpack_likes_enabled":false,"jetpack_sharing_enabled":true,"jetpack_shortlink":"https:\/\/wp.me\/p7lt2C-6CT","amp_enabled":true,"jetpack_featured_media_url":"https:\/\/i0.wp.com\/correspondenciadeprensa.com\/wp-content\/uploads\/2022\/04\/Ecuador1304-3309108496-1649860591976.jpg?fit=882%2C437&ssl=1","_links":{"self":[{"href":"https:\/\/correspondenciadeprensa.com\/index.php?rest_route=\/wp\/v2\/posts\/25475","targetHints":{"allow":["GET"]}}],"collection":[{"href":"https:\/\/correspondenciadeprensa.com\/index.php?rest_route=\/wp\/v2\/posts"}],"about":[{"href":"https:\/\/correspondenciadeprensa.com\/index.php?rest_route=\/wp\/v2\/types\/post"}],"author":[{"embeddable":true,"href":"https:\/\/correspondenciadeprensa.com\/index.php?rest_route=\/wp\/v2\/users\/102520410"}],"replies":[{"embeddable":true,"href":"https:\/\/correspondenciadeprensa.com\/index.php?rest_route=%2Fwp%2Fv2%2Fcomments&post=25475"}],"version-history":[{"count":6,"href":"https:\/\/correspondenciadeprensa.com\/index.php?rest_route=\/wp\/v2\/posts\/25475\/revisions"}],"predecessor-version":[{"id":25482,"href":"https:\/\/correspondenciadeprensa.com\/index.php?rest_route=\/wp\/v2\/posts\/25475\/revisions\/25482"}],"wp:featuredmedia":[{"embeddable":true,"href":"https:\/\/correspondenciadeprensa.com\/index.php?rest_route=\/wp\/v2\/media\/25480"}],"wp:attachment":[{"href":"https:\/\/correspondenciadeprensa.com\/index.php?rest_route=%2Fwp%2Fv2%2Fmedia&parent=25475"}],"wp:term":[{"taxonomy":"category","embeddable":true,"href":"https:\/\/correspondenciadeprensa.com\/index.php?rest_route=%2Fwp%2Fv2%2Fcategories&post=25475"},{"taxonomy":"post_tag","embeddable":true,"href":"https:\/\/correspondenciadeprensa.com\/index.php?rest_route=%2Fwp%2Fv2%2Ftags&post=25475"}],"curies":[{"name":"wp","href":"https:\/\/api.w.org\/{rel}","templated":true}]}}