{"id":25124,"date":"2022-03-24T22:16:45","date_gmt":"2022-03-24T21:16:45","guid":{"rendered":"https:\/\/correspondenciadeprensa.com\/?p=25124"},"modified":"2022-03-24T22:16:45","modified_gmt":"2022-03-24T21:16:45","slug":"brasil-las-alianzas-de-bolsonaro-con-putin-y-orban-contra-el-aborto-y-a-favor-de-la-familia-tradicional-sonia-correa-entrevista","status":"publish","type":"post","link":"https:\/\/correspondenciadeprensa.com\/?p=25124","title":{"rendered":"Brasil &#8211; Las alianzas de Bolsonaro con Putin y Orb\u00e1n contra el aborto y a favor de la familia tradicional. [Sonia Corr\u00eaa &#8211; Entrevista]"},"content":{"rendered":"<p class=\"ox-8ff92de344-MsoNormal\" style=\"text-align: justify;\"><span style=\"color: #000000;\"><b>Entrevista a Sonia Corr\u00eaa<\/b><\/span><\/p>\n<p class=\"ox-8ff92de344-MsoNormal\" style=\"text-align: justify;\"><span style=\"color: #000000;\"><b>Las alianzas de Bolsonaro con Putin y Orb\u00e1n contra el aborto y a favor de la familia tradicional<\/b><\/span><b><\/b><\/p>\n<p class=\"ox-8ff92de344-MsoNormal\"><span style=\"color: #000000;\"><b>Mariama Correia<\/b><\/span><\/p>\n<p class=\"ox-8ff92de344-MsoNormal\"><span style=\"color: #000000;\"><b><a href=\"https:\/\/apublica.org\/2022\/02\/as-aliancas-de-bolsonaro-putin-e-orban-contra-o-aborto-e-pela-familia-tradicional\/\">Ag\u00eancia P\u00fablica<\/a>, 21-3-2022<\/b><\/span><\/p>\n<p class=\"ox-8ff92de344-MsoNormal\"><strong><span style=\"color: #000000;\"><a href=\"https:\/\/correspondenciadeprensa.com\/\">Correspondencia de Prensa<\/a>, 24-3-2022<\/span><\/strong><\/p>\n<p class=\"ox-8ff92de344-MsoNormal\" style=\"text-align: justify;\"><span style=\"color: #000000;\">Las reuniones de Jair Bolsonaro con el presidente ruso Vladimir Putin y el primer ministro de Hungr\u00eda, Viktor Orb\u00e1n, una semana antes de la invasi\u00f3n de Ucrania, demuestran que la cercan\u00eda entre los gobiernos de estos pa\u00edses ha superado los \u00e1mbitos de la ideolog\u00eda y el discurso, y se ha traducido en alianzas internacionales contra la igualdad de g\u00e9nero tanto en lo que respecta al propio concepto de g\u00e9nero como a los derechos sexuales y reproductivos de las mujeres y las personas LGBTQIA+. El an\u00e1lisis proviene de la coordinadora del Observatorio de Sexualidad y Pol\u00edtica (SPW), Sonia Corr\u00eaa, una de las principales referencias acad\u00e9micas de Brasil en estudios feministas.<\/span><\/p>\n<p class=\"ox-8ff92de344-MsoNormal\" style=\"text-align: justify;\"><span style=\"color: #000000;\">Bolsonaro, que llam\u00f3 \u00abhermano\u00bb al l\u00edder de la ultraderecha h\u00fangara y \u00abamigo\u00bb a Putin, tradujo las afinidades con estos dos l\u00edderes ultraconservadores como una creencia com\u00fan en \u00abDios, Patria y Familia\u00bb. En una entrevista con la Agencia P\u00fablica, Sonia analiz\u00f3 los m\u00faltiples significados de los encuentros entre los l\u00edderes, que se producen en un a\u00f1o de elecciones en Brasil, pero tambi\u00e9n en Hungr\u00eda, y de definiciones de cambio de mando en varios pa\u00edses latinoamericanos.<\/span><\/p>\n<figure id=\"attachment_25130\" aria-describedby=\"caption-attachment-25130\" style=\"width: 663px\" class=\"wp-caption aligncenter\"><img data-recalc-dims=\"1\" loading=\"lazy\" decoding=\"async\" data-attachment-id=\"25130\" data-permalink=\"https:\/\/correspondenciadeprensa.com\/?attachment_id=25130\" data-orig-file=\"https:\/\/i0.wp.com\/correspondenciadeprensa.com\/wp-content\/uploads\/2022\/03\/Brasil2403-II.jpg?fit=772%2C457&amp;ssl=1\" data-orig-size=\"772,457\" data-comments-opened=\"0\" data-image-title=\"Brasil2403 II\" data-image-description=\"\" data-image-caption=\"\" data-large-file=\"https:\/\/i0.wp.com\/correspondenciadeprensa.com\/wp-content\/uploads\/2022\/03\/Brasil2403-II.jpg?fit=656%2C388&amp;ssl=1\" class=\"  wp-image-25130 aligncenter\" src=\"https:\/\/i0.wp.com\/correspondenciadeprensa.com\/wp-content\/uploads\/2022\/03\/Brasil2403-II.jpg?resize=656%2C388&#038;ssl=1\" alt=\"Brasil2403 II\" width=\"656\" height=\"388\" srcset=\"https:\/\/i0.wp.com\/correspondenciadeprensa.com\/wp-content\/uploads\/2022\/03\/Brasil2403-II.jpg?w=772&amp;ssl=1 772w, https:\/\/i0.wp.com\/correspondenciadeprensa.com\/wp-content\/uploads\/2022\/03\/Brasil2403-II.jpg?resize=300%2C178&amp;ssl=1 300w, https:\/\/i0.wp.com\/correspondenciadeprensa.com\/wp-content\/uploads\/2022\/03\/Brasil2403-II.jpg?resize=768%2C455&amp;ssl=1 768w\" sizes=\"auto, (max-width: 656px) 100vw, 656px\" \/><figcaption id=\"caption-attachment-25130\" class=\"wp-caption-text\">Sonia Corr\u00eaa, coordinadora del Observatorio de Sexualidad y Pol\u00edtica (SPW).<\/figcaption><\/figure>\n<p class=\"ox-8ff92de344-MsoNormal\" style=\"text-align: justify;\"><span style=\"color: #000000;\"><b>-Bolsonaro destac\u00f3 en sus encuentros con Putin y Orb\u00e1n que los gobiernos de los tres pa\u00edses tienen en com\u00fan la defensa de la \u00abfamilia\u00bb. \u00bfPuede explicar c\u00f3mo este discurso une a los gobiernos de extrema derecha y c\u00f3mo se utiliza para atacar los derechos del colectivo LGBTQIA+ y de las mujeres?<\/b><\/span><\/p>\n<p class=\"ox-8ff92de344-MsoNormal\" style=\"text-align: justify;\"><span style=\"color: #000000;\">La defensa de la \u00abfamilia\u00bb o de una determinada concepci\u00f3n de la misma es tambi\u00e9n un tema recurrente en la doctrina cristiana, especialmente en el catolicismo. Esta doctrina ha sufrido transformaciones a lo largo de la historia, pero al menos desde el siglo XIII ha estado anclada en las elaboraciones teol\u00f3gicas de Santo Tom\u00e1s de Aquino sobre el sentido de la reproducci\u00f3n humana, que, de hecho, derivan de las concepciones aristot\u00e9licas sobre la procreaci\u00f3n humana como manifestaci\u00f3n de lo divino en lo humano. Las corrientes que defienden este punto de vista afirman que la \u00abfamilia natural\u00bb precede y tiene primac\u00eda sobre la sociedad y el Estado. Esta ideolog\u00eda familiarista tiene sin duda un sentido doctrinal religioso y, por ejemplo, condena las formas de parentesco no heterosexuales. Sin embargo, no son s\u00f3lo una \u00abagenda religiosa, moral o de costumbres\u00bb, como se suele decir en Brasil.<\/span><\/p>\n<p class=\"ox-8ff92de344-MsoNormal\" style=\"text-align: justify;\"><span style=\"color: #000000;\">En las disputas pol\u00edticas actuales, estos puntos de vista tan antiguos sobre la \u00abfamilia\u00bb se unen a la ecuaci\u00f3n m\u00e1s amplia de la racionalidad neoliberal, que valora y refuerza el papel de la familia en doble clave. Por un lado, concibe a la \u00abfamilia\u00bb como un elemento estabilizador de los \u00f3rdenes sociales que, regidos por la econom\u00eda de mercado, est\u00e1n sujetos a permanentes inestabilidades. Por otro lado, como argumentaba expl\u00edcitamente Angela Gandra [Secretaria Nacional de la Familia, del Ministerio de la Mujer, la Familia y los Derechos Humanos de Brasil] en un art\u00edculo reciente: \u00abinvertir en la familia permite reducir los costes p\u00fablicos de la protecci\u00f3n social\u00bb. En Rusia y Hungr\u00eda, donde la tasa de fecundidad es muy baja, los gobiernos tambi\u00e9n invierten en la familia con objetivos demogr\u00e1ficos, es decir, para promover las familias numerosas.<\/span><\/p>\n<p class=\"ox-8ff92de344-MsoNormal\" style=\"text-align: justify;\"><span style=\"color: #000000;\"><b>-\u00bfCu\u00e1les son las convergencias entre Rusia, Hungr\u00eda y Brasil en las ofensivas antig\u00e9nero?<\/b><\/span><\/p>\n<p class=\"ox-8ff92de344-MsoNormal\" style=\"text-align: justify;\"><span style=\"color: #000000;\">Los discursos de Bolsonaro, Putin y Orb\u00e1n convergen descaradamente cuando se trata del repudio al g\u00e9nero. Pero antes de profundizar en estas l\u00edneas de convergencia, es interesante recordar brevemente c\u00f3mo el repudio del g\u00e9nero est\u00e1 vinculado a las pol\u00edticas familistas. Es importante recordar, por ejemplo, que ya en los a\u00f1os 80 -es decir, mucho antes de la invenci\u00f3n de la \u00abideolog\u00eda de g\u00e9nero\u00bb- el cardenal Ratzinger [Benedicto XVI] interpret\u00f3 las demandas feministas de anticoncepci\u00f3n y aborto y las primeras decisiones judiciales sobre la dimisi\u00f3n de g\u00e9nero adoptadas en Alemania como amenazas a la reproducci\u00f3n, la familia y la naturaleza humana.<\/span><\/p>\n<p class=\"ox-8ff92de344-MsoNormal\" style=\"text-align: justify;\"><span style=\"color: #000000;\">La versi\u00f3n madura de este repudio se sedimentar\u00eda en la d\u00e9cada de los 90, bas\u00e1ndose en dos argumentos. La primera es que el concepto de g\u00e9nero es un se\u00f1uelo, ya que se presenta como una defensa de la igualdad entre hombres y mujeres, pero en realidad promueve el \u00abpolimorfismo sexual\u00bb, el \u00abfin de la familia\u00bb y la \u00abdestrucci\u00f3n de lo humano\u00bb. La segunda, no menos importante, es que la \u00abideolog\u00eda de g\u00e9nero\u00bb es una \u00abnueva cara del marxismo\u00bb. Esto significa que es importante examinar la alineaci\u00f3n entre los tres aut\u00f3cratas en relaci\u00f3n con este marco en su conjunto, y no s\u00f3lo en relaci\u00f3n con ofensivas o pol\u00edticas espec\u00edficas.<\/span><\/p>\n<figure id=\"attachment_25131\" aria-describedby=\"caption-attachment-25131\" style=\"width: 654px\" class=\"wp-caption aligncenter\"><img data-recalc-dims=\"1\" loading=\"lazy\" decoding=\"async\" data-attachment-id=\"25131\" data-permalink=\"https:\/\/correspondenciadeprensa.com\/?attachment_id=25131\" data-orig-file=\"https:\/\/i0.wp.com\/correspondenciadeprensa.com\/wp-content\/uploads\/2022\/03\/Brasil2403-III.jpg?fit=1000%2C666&amp;ssl=1\" data-orig-size=\"1000,666\" data-comments-opened=\"0\" data-image-title=\"Brasil2403 III\" data-image-description=\"\" data-image-caption=\"\" data-large-file=\"https:\/\/i0.wp.com\/correspondenciadeprensa.com\/wp-content\/uploads\/2022\/03\/Brasil2403-III.jpg?fit=656%2C437&amp;ssl=1\" class=\"  wp-image-25131 aligncenter\" src=\"https:\/\/i0.wp.com\/correspondenciadeprensa.com\/wp-content\/uploads\/2022\/03\/Brasil2403-III.jpg?resize=654%2C435&#038;ssl=1\" alt=\"Brasil2403 III\" width=\"654\" height=\"435\" srcset=\"https:\/\/i0.wp.com\/correspondenciadeprensa.com\/wp-content\/uploads\/2022\/03\/Brasil2403-III.jpg?w=1000&amp;ssl=1 1000w, https:\/\/i0.wp.com\/correspondenciadeprensa.com\/wp-content\/uploads\/2022\/03\/Brasil2403-III.jpg?resize=300%2C200&amp;ssl=1 300w, https:\/\/i0.wp.com\/correspondenciadeprensa.com\/wp-content\/uploads\/2022\/03\/Brasil2403-III.jpg?resize=768%2C511&amp;ssl=1 768w\" sizes=\"auto, (max-width: 654px) 100vw, 654px\" \/><figcaption id=\"caption-attachment-25131\" class=\"wp-caption-text\">Jair Bolsonaro acompa\u00f1ado por el presidente de la Federaci\u00f3n Rusa, Vladimir Putin, durante una declaraci\u00f3n de prensa.<\/figcaption><\/figure>\n<p class=\"ox-8ff92de344-MsoNormal\" style=\"text-align: justify;\"><span style=\"color: #000000;\"><b>-\u00bfCu\u00e1l ha sido la posici\u00f3n del gobierno de Putin en este campo?<\/b><\/span><\/p>\n<p class=\"ox-8ff92de344-MsoNormal\" style=\"text-align: justify;\"><span style=\"color: #000000;\">Putin, desde hace tiempo, tambi\u00e9n expresa su repudio a la llamada \u00abideolog\u00eda de g\u00e9nero\u00bb. Justo antes del anuncio del viaje de Bolsonaro a Mosc\u00fa, en una reuni\u00f3n del Valdai Discussion Club, hizo una larga y severa cr\u00edtica contra el g\u00e9nero como cuesti\u00f3n geopol\u00edtica. En ese discurso, estableci\u00f3 una analog\u00eda entre las actuales pol\u00edticas de g\u00e9nero en la educaci\u00f3n con lo que denomin\u00f3 los experimentos educativos del totalitarismo sovi\u00e9tico destinados a la \u00abdestrucci\u00f3n deliberada de la religi\u00f3n y la familia\u00bb y sugiri\u00f3 que la \u00abpropagaci\u00f3n de la ideolog\u00eda de g\u00e9nero deber\u00eda considerarse un crimen contra la humanidad\u00bb.<\/span><\/p>\n<p class=\"ox-8ff92de344-MsoNormal\" style=\"text-align: justify;\"><span style=\"color: #000000;\">Rusia tiene ahora una pol\u00edtica consolidada de fomento de la familia como estrategia para aumentar la natalidad, y hay indicios de que el acceso al aborto, que sigue siendo legal, se ha hecho m\u00e1s dif\u00edcil. Rusia tambi\u00e9n adopt\u00f3 a principios de la d\u00e9cada de 2010 una ley que proh\u00edbe la \u00abpropaganda de la homosexualidad\u00bb. Sin embargo, el signo m\u00e1s flagrante de la convergencia de posiciones de Brasil y Rusia en el \u00e1mbito de los debates de g\u00e9nero ha sido en el Consejo de Derechos Humanos de la ONU, donde, desde 2019, ambos pa\u00edses se han alineado en las votaciones de las resoluciones sobre los derechos de las mujeres y las ni\u00f1as.<\/span><\/p>\n<p class=\"ox-8ff92de344-MsoNormal\" style=\"text-align: justify;\"><span style=\"color: #000000;\">Es importante decir que en el comunicado conjunto [del presidente brasile\u00f1o y el presidente ruso, publicado tras su reuni\u00f3n oficial] del 16 [de febrero], Bolsonaro se refiri\u00f3 expl\u00edcitamente a la defensa de la familia. Putin habl\u00f3 de valores compartidos, pero estos temas no se mencionaron directamente en las referencias a la colaboraci\u00f3n entre Brasil y Rusia en las Naciones Unidas. A pesar de este silencio, yo dir\u00eda que debemos estar atentos a lo que suceder\u00e1 en las pr\u00f3ximas reuniones del Consejo de Derechos Humanos en marzo, junio y septiembre de 2022.<\/span><\/p>\n<figure id=\"attachment_25132\" aria-describedby=\"caption-attachment-25132\" style=\"width: 659px\" class=\"wp-caption aligncenter\"><img data-recalc-dims=\"1\" loading=\"lazy\" decoding=\"async\" data-attachment-id=\"25132\" data-permalink=\"https:\/\/correspondenciadeprensa.com\/?attachment_id=25132\" data-orig-file=\"https:\/\/i0.wp.com\/correspondenciadeprensa.com\/wp-content\/uploads\/2022\/03\/Brasil2403-IV.jpg?fit=996%2C482&amp;ssl=1\" data-orig-size=\"996,482\" data-comments-opened=\"0\" data-image-title=\"Brasil2403 IV\" data-image-description=\"\" data-image-caption=\"\" data-large-file=\"https:\/\/i0.wp.com\/correspondenciadeprensa.com\/wp-content\/uploads\/2022\/03\/Brasil2403-IV.jpg?fit=656%2C317&amp;ssl=1\" class=\"  wp-image-25132 aligncenter\" src=\"https:\/\/i0.wp.com\/correspondenciadeprensa.com\/wp-content\/uploads\/2022\/03\/Brasil2403-IV.jpg?resize=656%2C318&#038;ssl=1\" alt=\"Brasil2403 IV\" width=\"656\" height=\"318\" srcset=\"https:\/\/i0.wp.com\/correspondenciadeprensa.com\/wp-content\/uploads\/2022\/03\/Brasil2403-IV.jpg?w=996&amp;ssl=1 996w, https:\/\/i0.wp.com\/correspondenciadeprensa.com\/wp-content\/uploads\/2022\/03\/Brasil2403-IV.jpg?resize=300%2C145&amp;ssl=1 300w, https:\/\/i0.wp.com\/correspondenciadeprensa.com\/wp-content\/uploads\/2022\/03\/Brasil2403-IV.jpg?resize=768%2C372&amp;ssl=1 768w\" sizes=\"auto, (max-width: 656px) 100vw, 656px\" \/><figcaption id=\"caption-attachment-25132\" class=\"wp-caption-text\">Jair Bolsonaro se re\u00fane con el primer ministro de Hungr\u00eda, Viktor Mih\u00e1ly Orb\u00e1n<\/figcaption><\/figure>\n<p class=\"ox-8ff92de344-MsoNormal\" style=\"text-align: justify;\"><span style=\"color: #000000;\"><b>-Con Hungr\u00eda, \u00bfBrasil ya tiene un intercambio m\u00e1s consolidado en materia de derechos humanos y cuestiones de g\u00e9nero?<\/b><\/span><\/p>\n<p class=\"ox-8ff92de344-MsoNormal\" style=\"text-align: justify;\"><span style=\"color: #000000;\">Orb\u00e1n fue uno de los jefes de Estado que estuvo presente en la toma de posesi\u00f3n de Bolsonaro y se encarg\u00f3 de mencionarlo en su discurso del 17 de febrero [durante una reuni\u00f3n con el presidente brasile\u00f1o]. En Hungr\u00eda, desde 2015, los ataques a la producci\u00f3n acad\u00e9mica sobre g\u00e9nero han sido sistem\u00e1ticos. Hoy en d\u00eda los estudios de g\u00e9nero est\u00e1n pr\u00e1cticamente paralizados en el pa\u00eds, y varias investigadoras feministas han abandonado Hungr\u00eda. Adem\u00e1s, Hungr\u00eda cuenta con un Ministerio de Asuntos de la Familia y lleva a\u00f1os aplicando s\u00f3lidas pol\u00edticas de \u00abprotecci\u00f3n familiar\u00bb.<\/span><\/p>\n<p class=\"ox-8ff92de344-MsoNormal\" style=\"text-align: justify;\"><span style=\"color: #000000;\">En cuanto a las pol\u00edticas LGBTTI+, el a\u00f1o pasado, una reforma de la ley de protecci\u00f3n de la pedofilia incluy\u00f3 una cl\u00e1usula que proh\u00edbe compartir contenidos LGBTTI+ a los ni\u00f1os. La ley fue duramente criticada dentro y fuera del pa\u00eds, incluso por la Uni\u00f3n Europea, que la considera contraria al Convenio Europeo de Derechos Humanos. En respuesta a estas cr\u00edticas, Orb\u00e1n ha convocado un plebiscito en apoyo de la ley, que coincidir\u00e1 con las elecciones parlamentarias de abril.<\/span><\/p>\n<p class=\"ox-8ff92de344-MsoNormal\" style=\"text-align: justify;\"><span style=\"color: #000000;\">Desde 2019, el gobierno brasile\u00f1o ha participado con el gobierno h\u00fangaro en dos iniciativas creadas originalmente por la administraci\u00f3n Trump: la Iniciativa Internacional de Libertad Religiosa y el llamado Consenso de Ginebra. Y el ministerio de Damares [Alves, ministra brasile\u00f1a de la Mujer, la Familia y los Derechos Humanos] ha establecido una amplia agenda de intercambios con Hungr\u00eda. Por ejemplo, Damares Alves y Angela Gandra han participado en las Cumbres Demogr\u00e1ficas anuales promovidas por el gobierno. La comunicaci\u00f3n entre el ministerio brasile\u00f1o y su hom\u00f3logo h\u00fangaro es constante. Adem\u00e1s, Gandra y Katlin Novak [ministra de Asuntos Familiares de Hungr\u00eda] son miembros muy activos de la Political Network for Values, una conocida red neoconservadora mundial.<\/span><\/p>\n<p class=\"ox-8ff92de344-MsoNormal\" style=\"text-align: justify;\"><span style=\"color: #000000;\">La agenda econ\u00f3mica y comercial entre Hungr\u00eda y Brasil es relativamente modesta, si se compara con la de Rusia. Pero las convergencias ideol\u00f3gicas en estos \u00e1mbitos de acci\u00f3n pol\u00edtica son muchas y flagrantes. No es de extra\u00f1ar, por tanto, que Bolsonaro llamara hermano a Orb\u00e1n o que las afinidades entre ambos en cuanto a \u00abdefensa de la familia\u00bb y \u00abprotecci\u00f3n de la libertad religiosa (cristiana)\u00bb fueran tan destacadas en los comunicados de Budapest.<\/span><\/p>\n<p class=\"ox-8ff92de344-MsoNormal\" style=\"text-align: justify;\"><span style=\"color: #000000;\">Por \u00faltimo, pero no menos importante, desde que Ernesto Ara\u00fajo dej\u00f3 de ser canciller [de Brasil] en abril de 2021, Angela Gandra ha asumido un papel diplom\u00e1tico equivalente al de Katlin Novak. Es ella quien gestiona la pol\u00edtica exterior en relaci\u00f3n con la familia, el g\u00e9nero y los derechos sexuales y reproductivos y otras cuestiones relacionadas. Y sus actividades internacionales se han intensificado enormemente. Ofrecemos un relato de estos recorridos en nuestra revisi\u00f3n de la pol\u00edtica sexual en 2021, en la secci\u00f3n Pol\u00edticas antig\u00e9nero. Entre otros eventos de esta lista, es interesante mencionar que en octubre, en Ginebra, el gobierno brasile\u00f1o promovi\u00f3, en asociaci\u00f3n con Hungr\u00eda y Polonia y con la participaci\u00f3n de la OIT (Organizaci\u00f3n Internacional del Trabajo), un panel sobre conciliaci\u00f3n familiar y trabajo que cont\u00f3 con la presencia del ministro Damares y de la secretaria de la Familia, Angela Gandra. Durante el mismo viaje, Damares y Gandra tuvieron una audiencia con el canciller h\u00fangaro para discutir nuevas posibilidades de cooperaci\u00f3n. Y, en la sede de la misi\u00f3n brasile\u00f1a ante la ONU, se celebr\u00f3 el primer aniversario del Consenso de Ginebra, cuando se anunci\u00f3 el ingreso de Rusia en el grupo.<\/span><\/p>\n<p class=\"ox-8ff92de344-MsoNormal\" style=\"text-align: justify;\"><span style=\"color: #000000;\"><b>-\u00bfQu\u00e9 representa la entrada de Rusia en el Consenso de Ginebra?<\/b><\/span><\/p>\n<p class=\"ox-8ff92de344-MsoNormal\" style=\"text-align: justify;\"><span style=\"color: #000000;\">El Consenso de Ginebra fue una plataforma formalizada por la administraci\u00f3n Trump en sus \u00faltimos momentos (octubre de 2020). Fue precedida por dos declaraciones, tambi\u00e9n firmadas por Brasil, que fueron presentadas en la Asamblea General de la OMS y en la Asamblea General de la ONU en 2019. Polonia, Hungr\u00eda y Brasil fueron los primeros socios de la hora de Estados Unidos. El documento final condena las pol\u00edticas de salud reproductiva y los derechos reproductivos y hace un llamamiento a la defensa de la familia, y fue firmado originalmente por 36 pa\u00edses, un n\u00famero bastante reducido si se tiene en cuenta que la ONU cuenta con 193 Estados miembros. Con la derrota de Trump, el gobierno de Biden abandon\u00f3 la plataforma, que ahora ser\u00eda liderada por Brasil. En septiembre de 2021, Guatemala se uni\u00f3 al consenso, convirti\u00e9ndose en el segundo pa\u00eds latinoamericano en participar en la plataforma. Posteriormente, se anunci\u00f3 la adhesi\u00f3n de Rusia. Con la salida de EE.UU., el liderazgo brasile\u00f1o y la reciente adhesi\u00f3n de Rusia, por el peso geopol\u00edtico de ambos pa\u00edses, dan sin duda mayor tracci\u00f3n a la iniciativa.<\/span><\/p>\n<p class=\"ox-8ff92de344-MsoNormal\" style=\"text-align: justify;\"><span style=\"color: #000000;\">Pero es importante destacar que el llamado Consenso de Ginebra no es una plataforma institucionalizada de la ONU. No es m\u00e1s que un mecanismo de presi\u00f3n creado por los Estados conservadores para influir en los debates del sistema internacional de derechos humanos sobre cuestiones relacionadas con el g\u00e9nero, la familia y los derechos sexuales y reproductivos. Debido al nuevo liderazgo de Brasil, est\u00e1 claro que los resultados del proceso electoral [presidencial] de 2022 ser\u00e1n decisivos para el destino de la plataforma. Estoy seguro de que hay muchos actores estatales y no estatales de la derecha y del \u00e1mbito religioso neoconservador preocupados por esto. Por lo tanto, es fundamental que las organizaciones de la sociedad civil que luchan por la igualdad de g\u00e9nero, por los derechos sexuales y reproductivos y por el pleno reconocimiento de la pluralidad de las familias presten atenci\u00f3n a estos acontecimientos.<\/span><\/p>\n<p class=\"ox-8ff92de344-MsoNormal\" style=\"text-align: justify;\"><span style=\"color: #000000;\"><b>-\u00bfSon estas alineaciones s\u00f3lo discursivas o tienen implicaciones concretas?<\/b><\/span><\/p>\n<p class=\"ox-8ff92de344-MsoNormal\" style=\"text-align: justify;\"><span style=\"color: #000000;\">La convergencia de los discursos de Bolsonaro, Putin y Orb\u00e1n en torno a los temas de g\u00e9nero, familia, defensa de la tradici\u00f3n y la religi\u00f3n cristiana es innegable. Pero hay diferencias significativas en cuanto a la densidad institucional de los alineamientos entre Brasil y Rusia, por un lado, y Brasil y Hungr\u00eda, por otro.<\/span><\/p>\n<p class=\"ox-8ff92de344-MsoNormal\" style=\"text-align: justify;\"><span style=\"color: #000000;\">Hasta ahora, no se han producido intercambios m\u00e1s sistem\u00e1ticos entre Brasil y Rusia desde el punto de vista de los intercambios de experiencias, formulaci\u00f3n y aplicaci\u00f3n de pol\u00edticas p\u00fablicas, como ha ocurrido claramente con Hungr\u00eda. Quiz\u00e1 tras la visita a Mosc\u00fa se desarrollen nuevas iniciativas y agendas de colaboraci\u00f3n en los debates del sistema de la ONU. Adem\u00e1s, es necesario considerar que las relaciones entre Brasil y Rusia tienen una larga historia, no comenzaron con Bolsonaro. Ven\u00edan tomando forma desde el gobierno de Fernando Henrique [1995-2002] y ganaron envergadura y sustancia durante los gobiernos de Lula [2003-2010] y Dilma [2011-2016] debido a la creaci\u00f3n del BRICS [grupo de pa\u00edses emergentes formado por Brasil, Rusia, India, China y Sud\u00e1frica]. En otras palabras, es importante estar atentos no s\u00f3lo a los escenarios de la ONU, sino tambi\u00e9n a otros espacios intergubernamentales en los que Brasil y Rusia interact\u00faan, para captar posibles iniciativas conjuntas en los \u00e1mbitos que nos ocupan.<\/span><\/p>\n<p class=\"ox-8ff92de344-MsoNormal\" style=\"text-align: justify;\"><span style=\"color: #000000;\">En el caso de Hungr\u00eda, el intercambio ya existe, es muy intenso y se desarrollar\u00e1 a lo largo de 2022, aunque ning\u00fan representante del Ministerio de la Mujer, la Familia y los Derechos Humanos estuviera en la comitiva presidencial. En las actuales condiciones preelectorales, es bueno no perder de vista las nuevas iniciativas en este \u00e1mbito de cooperaci\u00f3n, especialmente con Hungr\u00eda, que ha hecho cosas bastante sofisticadas en el campo de la promoci\u00f3n del conservadurismo cultural.<\/span><\/p>\n<p class=\"ox-8ff92de344-MsoNormal\" style=\"text-align: justify;\"><span style=\"color: #000000;\"><b>-\u00bfQu\u00e9 significa este acercamiento con los gobiernos ruso y h\u00fangaro desde el punto de vista de las elecciones de este a\u00f1o?<\/b><\/span><\/p>\n<p class=\"ox-8ff92de344-MsoNormal\" style=\"text-align: justify;\"><span style=\"color: #000000;\">Estos viajes se produjeron en un momento en el que hay nuevos ciclos electorales en marcha en Europa, Am\u00e9rica Latina y tambi\u00e9n en Estados Unidos, donde est\u00e1 en juego la consolidaci\u00f3n o el retorno de la derecha. En Europa, acaban de celebrarse elecciones regionales en Castilla, Espa\u00f1a, en las que el partido de derechas VOX ha experimentado un importante crecimiento. En abril hay elecciones en Francia y Hungr\u00eda, donde en este \u00faltimo pa\u00eds, por primera vez, Orb\u00e1n se enfrentar\u00e1 a una oposici\u00f3n articulada. En Am\u00e9rica Latina, acaba de celebrarse la primera vuelta de las elecciones presidenciales en Costa Rica, Colombia elige nuevo presidente en mayo y en octubre tendremos las elecciones brasile\u00f1as. En noviembre se celebran en Estados Unidos las elecciones legislativas de mitad de mandato.<\/span><\/p>\n<p class=\"ox-8ff92de344-MsoNormal\" style=\"text-align: justify;\"><span style=\"color: #000000;\">Es interesante hacer una breve analog\u00eda con lo ocurrido entre 2016 y 2018. Trump fue elegido en Estados Unidos. Antes se hab\u00eda producido un feroz ataque de g\u00e9nero en el refer\u00e9ndum de paz en Colombia y a lo largo de 2017 vimos en Am\u00e9rica Latina una fuerte movilizaci\u00f3n de las fuerzas de la derecha. En el primer semestre, el autob\u00fas antig\u00e9nero de la organizaci\u00f3n espa\u00f1ola Hazte Oir (cuyo brazo digital es Citizengo), vinculada org\u00e1nicamente a Vox, recorri\u00f3 M\u00e9xico, Colombia y Chile. En junio se celebr\u00f3 en M\u00e9xico una Cumbre Iberoamericana de Parlamentarios, a la que asistieron figuras como el pastor adjunto Fabricio Alvarado y Jos\u00e9 Antonio Kast, que luego ser\u00edan los candidatos de la derecha en unas elecciones muy disputadas en Costa Rica (2018) y Chile (2021). En noviembre, Citizengo moviliz\u00f3 una en\u00e9rgica campa\u00f1a digital contra la presencia de Judith Butler [fil\u00f3sofa] en Brasil, que culmin\u00f3 con la protesta \u00abacto de fe\u00bb, en la que se quem\u00f3 la efigie de la fil\u00f3sofa como bruja. En nuestro estudio sobre la pol\u00edtica antig\u00e9nero, Isabela Kalil [antrop\u00f3loga] y yo interpretamos este evento ya casi olvidado como la antesala de las elecciones de 2018.<\/span><\/p>\n<p class=\"ox-8ff92de344-MsoNormal\" style=\"text-align: justify;\"><span style=\"color: #000000;\">Veamos qu\u00e9 ocurre en este nuevo ciclo electoral. A lo largo de 2021, representantes de Vox han estado en varios pa\u00edses latinoamericanos para promover la Carta de Madrid, un documento elaborado en 2020 como plataforma de aglutinaci\u00f3n de las fuerzas de la derecha iberoamericana. La \u00faltima visita fue a Brasil, en diciembre, cuando Santiago Abascal [presidente del partido] estuvo con Bolsonaro. En enero tuvo lugar en Madrid una reuni\u00f3n de partidos y gobernantes de derechas y en esa ocasi\u00f3n Vox se posicion\u00f3 como mediador entre Europa y Am\u00e9rica.<\/span><\/p>\n<p class=\"ox-8ff92de344-MsoNormal\" style=\"text-align: justify;\"><span style=\"color: #000000;\">El viaje de Bolsonaro a Rusia fue anunciado en el G-20 de octubre, y siempre es bueno recordar que Putin trafica muy bien con varios de los actores reunidos en Madrid, como Orb\u00e1n y Marine Le Pen. Desde que Boris<\/span><\/p>\n<p class=\"ox-8ff92de344-MsoNormal\" style=\"text-align: justify;\"><span style=\"color: #000000;\">Johnson lleg\u00f3 al poder, el Partido Conservador ha recibido m\u00e1s de 1,9 millones de libras en donaciones rusas.<\/span><\/p>\n<p class=\"ox-8ff92de344-MsoNormal\" style=\"text-align: justify;\"><span style=\"color: #000000;\"><b>-\u00bfY el paso por Hungr\u00eda?<\/b><\/span><\/p>\n<p class=\"ox-8ff92de344-MsoNormal\" style=\"text-align: justify;\"><span style=\"color: #000000;\">El paso por Hungr\u00eda se decidi\u00f3 despu\u00e9s, al parecer, por la presi\u00f3n de los sectores m\u00e1s ideol\u00f3gicos del bolsonarismo gubernamental. Muy significativamente, mientras habl\u00e1bamos de esta gira, el Foro de Madrid se reun\u00eda al lado, en Bogot\u00e1. El evento cont\u00f3 con la presencia de Ernesto Araujo [ex ministro de Relaciones Exteriores] y Eduardo Bolsonaro [hijo del presidente y diputado federal]. Y otras figuras, como Javier Milei, la estrella emergente del libertarismo de derecha en Argentina en noviembre y un importante grupo de actores de la derecha chilena. El mensaje de YouTube que anuncia el evento reactiva la fantasmagor\u00eda del Foro de S\u00e3o Paulo, afirmando que 2022 es un a\u00f1o crucial para la Iberoesfera porque la posible victoria de candidatos asociados a ella es una \u00abamenaza para la democracia\u00bb.<\/span><\/p>\n<p class=\"ox-8ff92de344-MsoNormal\" style=\"text-align: justify;\"><span style=\"color: #000000;\">En otras palabras, esta agitaci\u00f3n transcontinental y rizom\u00e1tica que, en la superficie, puede parecer desconectada tiene objetivos electorales. Sin duda, el viaje de Bolsonaro a Rusia y Hungr\u00eda tiene como objetivo demostrar sus compromisos ultraconservadores al p\u00fablico interno. Pero tambi\u00e9n es crucial examinar esta escena desde otro \u00e1ngulo: \u00bfcu\u00e1l es la apuesta y el inter\u00e9s de las fuerzas de las que he hablado en las elecciones brasile\u00f1as?<\/span><\/p>\n<p class=\"ox-8ff92de344-MsoNormal\" style=\"text-align: justify;\"><span style=\"color: #000000;\">Si pensamos en t\u00e9rminos de la teor\u00eda del domin\u00f3, t\u00edpica de la Guerra Fr\u00eda, creo que a ninguno de ellos le interesa \u00abperder a Brasil\u00bb, que es a la vez un modo de conexi\u00f3n estrat\u00e9gico y un \u00abintermediario\u00bb crucial en el marco de las negociaciones intergubernamentales.<\/span><\/p>\n<p class=\"ox-8ff92de344-MsoNormal\" style=\"text-align: justify;\"><span style=\"color: #000000;\">Como tal, es vital preguntarse qu\u00e9 buscan Bolsonaro y los derechistas brasile\u00f1os de estas fuerzas como parte de sus estrategias electorales, as\u00ed como averiguar c\u00f3mo invertir\u00e1n estos actores estatales y sus conexiones no gubernamentales en las elecciones brasile\u00f1as de 2022. Seguramente habr\u00e1 mucho m\u00e1s que un auto da f\u00e9 antifeminista. En este sentido, es muy perspicaz la hip\u00f3tesis de Felipe Loureiro, profesor de la USP, de que la agenda oscura del viaje a Rusia se refiere a las estrategias digitales destinadas a perturbar los procesos electorales, en las que los rusos tienen una probada experiencia. La presencia del estratega digital de la familia Bolsonaro en la comitiva es un fuerte s\u00edntoma de que las conversaciones extraoficiales sobre este candente tema habr\u00edan tenido lugar en Mosc\u00fa.<\/span><\/p>\n<p class=\"ox-8ff92de344-MsoNormal\" style=\"text-align: justify;\"><span style=\"color: #000000;\">Sin duda, es una parte muy importante de la ecuaci\u00f3n. No es el \u00fanico. Hay que mirar de cerca para discernir cu\u00e1l puede ser la contribuci\u00f3n potencial de las otras fuerzas y actores que se mueven en las tramas de las que venimos hablando para las elecciones de 2022 en Brasil.<\/span><\/p>\n<p class=\"ox-8ff92de344-MsoNormal\" style=\"text-align: justify;\"><span style=\"color: #000000;\">(Entrevista publicada originalmente en portugu\u00e9s por <a href=\"https:\/\/apublica.org\/2022\/02\/as-aliancas-de-bolsonaro-putin-e-orban-contra-o-aborto-e-pela-familia-tradicional\/\">Ag\u00eancia P\u00fablica<\/a>)<\/span><\/p>\n","protected":false},"excerpt":{"rendered":"<p>La investigadora Sonia Corr\u00eaa habla sobre los puntos de aproximaci\u00f3n entre l\u00edderes ultraconservadores en la ofensiva contra los derechos. <\/p>\n","protected":false},"author":102520410,"featured_media":25125,"comment_status":"closed","ping_status":"closed","sticky":false,"template":"","format":"standard","meta":{"_coblocks_attr":"","_coblocks_dimensions":"","_coblocks_responsive_height":"","_coblocks_accordion_ie_support":"","advanced_seo_description":"","jetpack_seo_html_title":"","jetpack_seo_noindex":false,"jetpack_seo_schema_type":"","_jetpack_newsletter_access":"","_jetpack_dont_email_post_to_subs":false,"_jetpack_newsletter_tier_id":0,"_jetpack_memberships_contains_paywalled_content":false,"_wpcom_ai_launchpad_first_post":false,"_jetpack_feature_clip_id":0,"_jetpack_memberships_contains_paid_content":false,"footnotes":"","jetpack_post_was_ever_published":false},"categories":[376665,53378],"tags":[17212,703604862,703606061,703606804,1453120,703605213],"class_list":["post-25124","post","type-post","status-publish","format-standard","has-post-thumbnail","hentry","category-genero","category-rusia","tag-america-latina","tag-bolsonaro","tag-hungria","tag-lgbtiq","tag-orban","tag-putin","fallback-thumbnail"],"jetpack_likes_enabled":false,"jetpack_sharing_enabled":true,"jetpack_shortlink":"https:\/\/wp.me\/p7lt2C-6xe","amp_enabled":true,"jetpack_featured_media_url":"https:\/\/i0.wp.com\/correspondenciadeprensa.com\/wp-content\/uploads\/2022\/03\/Brasil2403-I.jpg?fit=1095%2C547&ssl=1","_links":{"self":[{"href":"https:\/\/correspondenciadeprensa.com\/index.php?rest_route=\/wp\/v2\/posts\/25124","targetHints":{"allow":["GET"]}}],"collection":[{"href":"https:\/\/correspondenciadeprensa.com\/index.php?rest_route=\/wp\/v2\/posts"}],"about":[{"href":"https:\/\/correspondenciadeprensa.com\/index.php?rest_route=\/wp\/v2\/types\/post"}],"author":[{"embeddable":true,"href":"https:\/\/correspondenciadeprensa.com\/index.php?rest_route=\/wp\/v2\/users\/102520410"}],"replies":[{"embeddable":true,"href":"https:\/\/correspondenciadeprensa.com\/index.php?rest_route=%2Fwp%2Fv2%2Fcomments&post=25124"}],"version-history":[{"count":7,"href":"https:\/\/correspondenciadeprensa.com\/index.php?rest_route=\/wp\/v2\/posts\/25124\/revisions"}],"predecessor-version":[{"id":25135,"href":"https:\/\/correspondenciadeprensa.com\/index.php?rest_route=\/wp\/v2\/posts\/25124\/revisions\/25135"}],"wp:featuredmedia":[{"embeddable":true,"href":"https:\/\/correspondenciadeprensa.com\/index.php?rest_route=\/wp\/v2\/media\/25125"}],"wp:attachment":[{"href":"https:\/\/correspondenciadeprensa.com\/index.php?rest_route=%2Fwp%2Fv2%2Fmedia&parent=25124"}],"wp:term":[{"taxonomy":"category","embeddable":true,"href":"https:\/\/correspondenciadeprensa.com\/index.php?rest_route=%2Fwp%2Fv2%2Fcategories&post=25124"},{"taxonomy":"post_tag","embeddable":true,"href":"https:\/\/correspondenciadeprensa.com\/index.php?rest_route=%2Fwp%2Fv2%2Ftags&post=25124"}],"curies":[{"name":"wp","href":"https:\/\/api.w.org\/{rel}","templated":true}]}}