{"id":24236,"date":"2022-02-14T12:46:53","date_gmt":"2022-02-14T11:46:53","guid":{"rendered":"https:\/\/correspondenciadeprensa.com\/?p=24236"},"modified":"2022-02-15T20:54:51","modified_gmt":"2022-02-15T19:54:51","slug":"brasil-la-clase-trabajadora-es-un-gigante-social-valerio-arcary","status":"publish","type":"post","link":"https:\/\/correspondenciadeprensa.com\/?p=24236","title":{"rendered":"Brasil &#8211; La clase trabajadora es un gigante social. [Valerio Arcary]"},"content":{"rendered":"<p class=\"ox-05f1b70a99-MsoNormal\"><span style=\"color: #000000;\"><b><a href=\"https:\/\/esquerdaonline.com.br\/\">Esquerda Online<\/a>, 11-2-2022 <\/b><\/span><\/p>\n<p class=\"ox-05f1b70a99-MsoNormal\"><span style=\"color: #000000;\"><b>Traducci\u00f3n de <a href=\"https:\/\/correspondenciadeprensa.com\/\">Correspondencia de Prensa<\/a>, 14-2-2022<\/b><\/span><\/p>\n<p style=\"text-align: justify;\"><span style=\"color: #000000;\">La clase trabajadora brasile\u00f1a es un gigante social. Cuando se puso en marcha en los a\u00f1os 1980, hizo temblar los pilares de apoyo de la dictadura. Un velo de invisibilidad oculta hoy su poder, y disminuye la influencia que puede ejercer sobre el destino del pa\u00eds, pero no oculta la robustez de su fuerza de choque social.<\/span><\/p>\n<p style=\"text-align: justify;\"><span style=\"color: #000000;\">Lamentablemente, no sali\u00f3 a la calle en 2021 durante la campa\u00f1a <em>Fuera Bolsonaro<\/em>, por varias razones objetivas y subjetivas, pero volver\u00e1 a luchar. No sabemos cu\u00e1ndo, pero ser\u00e1 protagonista de las luchas que le depara el futuro.<img data-recalc-dims=\"1\" loading=\"lazy\" decoding=\"async\" data-attachment-id=\"24242\" data-permalink=\"https:\/\/correspondenciadeprensa.com\/?attachment_id=24242\" data-orig-file=\"https:\/\/i0.wp.com\/correspondenciadeprensa.com\/wp-content\/uploads\/2022\/02\/Brasil1402-II.jpg?fit=512%2C259&amp;ssl=1\" data-orig-size=\"512,259\" data-comments-opened=\"0\" data-image-meta=\"{&quot;aperture&quot;:&quot;0&quot;,&quot;credit&quot;:&quot;&quot;,&quot;camera&quot;:&quot;&quot;,&quot;caption&quot;:&quot;&quot;,&quot;created_timestamp&quot;:&quot;0&quot;,&quot;copyright&quot;:&quot;&quot;,&quot;focal_length&quot;:&quot;0&quot;,&quot;iso&quot;:&quot;0&quot;,&quot;shutter_speed&quot;:&quot;0&quot;,&quot;title&quot;:&quot;&quot;,&quot;orientation&quot;:&quot;0&quot;}\" data-image-title=\"Brasil1402 II\" data-image-description=\"\" data-image-caption=\"\" data-large-file=\"https:\/\/i0.wp.com\/correspondenciadeprensa.com\/wp-content\/uploads\/2022\/02\/Brasil1402-II.jpg?fit=512%2C259&amp;ssl=1\" class=\"  wp-image-24242 aligncenter\" src=\"https:\/\/i0.wp.com\/correspondenciadeprensa.com\/wp-content\/uploads\/2022\/02\/Brasil1402-II.jpg?resize=607%2C307&#038;ssl=1\" alt=\"Brasil1402 II\" width=\"607\" height=\"307\" srcset=\"https:\/\/i0.wp.com\/correspondenciadeprensa.com\/wp-content\/uploads\/2022\/02\/Brasil1402-II.jpg?w=512&amp;ssl=1 512w, https:\/\/i0.wp.com\/correspondenciadeprensa.com\/wp-content\/uploads\/2022\/02\/Brasil1402-II.jpg?resize=300%2C152&amp;ssl=1 300w\" sizes=\"auto, (max-width: 607px) 100vw, 607px\" \/><\/span><\/p>\n<p style=\"text-align: justify;\"><span style=\"color: #000000;\">Una premisa marxista es que debemos conocerla: a) sigue siendo sobreexplotada por los bajos salarios, aunque es mayoritaria en la naci\u00f3n; b) est\u00e1 muy concentrada, en m\u00e1s de veinte ciudades y regiones metropolitanas de un mill\u00f3n o m\u00e1s de habitantes; c) el peso de la juventud ha disminuido, si se compara con hace cuatro d\u00e9cadas, pero uno de cada tres trabajadores tiene menos de treinta a\u00f1os; d) ha tenido una intensa feminizaci\u00f3n, en los \u00faltimos treinta a\u00f1os, siendo \u00e9sta su capa m\u00e1s oprimida; e) hay un peso inmenso, en muchas regiones, de negros, por lo tanto, de v\u00edctimas del racismo; f) tiene, en 2022, menos homogeneidad interna que en 1979, pero la escolaridad media se ha duplicado; g) ejerce y sufre la presi\u00f3n del peso del semiproletariado, pero tiende a arrastrar a su campo a la mayor\u00eda pobre y popular de las ciudades y del campo; h) no tiene organizaci\u00f3n, salvo raras excepciones, en los lugares de trabajo; i) sufre, sobre todo en las empresas privadas, de una baja tasa de sindicalizaci\u00f3n.<\/span><\/p>\n<p style=\"text-align: justify;\"><span style=\"color: #000000;\">Hay m\u00e1s de 12 millones de trabajadores industriales, siete millones m\u00e1s en la construcci\u00f3n, casi cinco millones en el transporte y diecis\u00e9is millones de empleados p\u00fablicos.<img data-recalc-dims=\"1\" loading=\"lazy\" decoding=\"async\" data-attachment-id=\"24243\" data-permalink=\"https:\/\/correspondenciadeprensa.com\/?attachment_id=24243\" data-orig-file=\"https:\/\/i0.wp.com\/correspondenciadeprensa.com\/wp-content\/uploads\/2022\/02\/Brasil1402-III.jpg?fit=512%2C183&amp;ssl=1\" data-orig-size=\"512,183\" data-comments-opened=\"0\" data-image-meta=\"{&quot;aperture&quot;:&quot;0&quot;,&quot;credit&quot;:&quot;&quot;,&quot;camera&quot;:&quot;&quot;,&quot;caption&quot;:&quot;&quot;,&quot;created_timestamp&quot;:&quot;0&quot;,&quot;copyright&quot;:&quot;&quot;,&quot;focal_length&quot;:&quot;0&quot;,&quot;iso&quot;:&quot;0&quot;,&quot;shutter_speed&quot;:&quot;0&quot;,&quot;title&quot;:&quot;&quot;,&quot;orientation&quot;:&quot;0&quot;}\" data-image-title=\"Brasil1402 III\" data-image-description=\"\" data-image-caption=\"\" data-large-file=\"https:\/\/i0.wp.com\/correspondenciadeprensa.com\/wp-content\/uploads\/2022\/02\/Brasil1402-III.jpg?fit=512%2C183&amp;ssl=1\" class=\"  wp-image-24243 aligncenter\" src=\"https:\/\/i0.wp.com\/correspondenciadeprensa.com\/wp-content\/uploads\/2022\/02\/Brasil1402-III.jpg?resize=615%2C220&#038;ssl=1\" alt=\"Brasil1402 III\" width=\"615\" height=\"220\" srcset=\"https:\/\/i0.wp.com\/correspondenciadeprensa.com\/wp-content\/uploads\/2022\/02\/Brasil1402-III.jpg?w=512&amp;ssl=1 512w, https:\/\/i0.wp.com\/correspondenciadeprensa.com\/wp-content\/uploads\/2022\/02\/Brasil1402-III.jpg?resize=300%2C107&amp;ssl=1 300w\" sizes=\"auto, (max-width: 615px) 100vw, 615px\" \/><\/span><\/p>\n<p style=\"text-align: justify;\"><span style=\"color: #000000;\">La fragilidad de la organizaci\u00f3n independiente, sindical y pol\u00edtica de los trabajadores, y la inmadurez de los niveles de conciencia que a\u00fan prevalecen no deben desanimarnos. Las ilusiones reformistas no mueren solas. S\u00f3lo la experiencia pr\u00e1ctica de decenas de millones de trabajadores puede allanar el camino en la lucha de clases. La capacidad de reconocer la grandeza objetiva, pero tambi\u00e9n los l\u00edmites subjetivos del movimiento de clase en la etapa actual de la lucha de clases no debe disminuir nuestra confianza estrat\u00e9gica en la revoluci\u00f3n brasile\u00f1a.<\/span><\/p>\n<p style=\"text-align: justify;\"><span style=\"color: #000000;\">La degradaci\u00f3n de las condiciones materiales explica, pero s\u00f3lo parcialmente, que el nivel medio de conciencia haya retrocedido, si se compara con el impulso de clase de los a\u00f1os 1980, cuando la clase trabajadora brasile\u00f1a era una de las m\u00e1s luchadoras del mundo. No podemos entender las expectativas -limitadas y muy rebajadas- sin tener en cuenta tambi\u00e9n el papel de organizaciones y direcciones como el PT que, siendo mayoritario, la llev\u00f3 al des\u00e1nimo y deseduc\u00f3, apostando por acuerdos con la burgues\u00eda para garantizar la gobernabilidad durante trece a\u00f1os.<\/span><\/p>\n<p style=\"text-align: justify;\"><span style=\"color: #000000;\">Sin embargo, podemos observar que:<\/span><\/p>\n<p style=\"text-align: justify;\"><span style=\"color: #000000;\">-dado el tama\u00f1o del proletariado, le corresponde fuerza y esperanza cuando se pone en movimiento, pero, debido a los bajos niveles de organizaci\u00f3n, tambi\u00e9n miedo a las represalias de la patronal y del Estado;<\/span><\/p>\n<p style=\"text-align: justify;\"><span style=\"color: #000000;\">-a la juventud de la clase trabajadora le corresponde audacia, es decir, coraje, pero, tambi\u00e9n, tendencia a reacciones impetuosas e incluso, tambi\u00e9n, explosivas; <sup class='footnote'><a href='https:\/\/correspondenciadeprensa.com\/?p=24236#fn-24236-1' id='fnref-24236-1' onclick='return fdfootnote_show(24236)'>1<\/a><\/sup><\/span><\/p>\n<p style=\"text-align: justify;\"><span style=\"color: #000000;\">&#8211; a la feminizaci\u00f3n de la mano de obra le corresponde\u00a0 la torpeza machista y, al mismo tiempo, una reacci\u00f3n feminista; <sup class='footnote'><a href='https:\/\/correspondenciadeprensa.com\/?p=24236#fn-24236-2' id='fnref-24236-2' onclick='return fdfootnote_show(24236)'>2<\/a><\/sup><\/span><\/p>\n<p style=\"text-align: justify;\"><span style=\"color: #000000;\">&#8211; la concentraci\u00f3n en gigantescas regiones metropolitanas le otorga un gran impacto de fuerza social de choque en la lucha, pero pesan mucho las diferencias regionales entre el noreste y el sureste, entre el sur y el norte, y entre los sectores profesionales de la clase, con tendencias corporativas;<\/span><\/p>\n<p style=\"text-align: justify;\"><span style=\"color: #000000;\">-el peso de la afrodescendencia corresponde a la presi\u00f3n por la unidad contra los prejuicios <sup class='footnote'><a href='https:\/\/correspondenciadeprensa.com\/?p=24236#fn-24236-3' id='fnref-24236-3' onclick='return fdfootnote_show(24236)'>3<\/a><\/sup>, pero tambi\u00e9n a las presiones de la herencia racista;<\/span><\/p>\n<p style=\"text-align: justify;\"><span style=\"color: #000000;\">-la superexplotaci\u00f3n se corresponde con el resentimiento social y la voluntad de lucha, pero tambi\u00e9n con una inseguridad estructural ante el miedo a la miseria;<\/span><\/p>\n<p style=\"text-align: justify;\"><span style=\"color: #000000;\">-la heterogeneidad social se corresponde con los prejuicios internos y la dificultad para unirse, especialmente entre los funcionarios y los trabajadores del sector privado;<\/span><\/p>\n<p style=\"text-align: justify;\"><span style=\"color: #000000;\">-la presi\u00f3n del semiproletariado se corresponde con el \u00e1nimo y el vigor, y, en otro nivel de an\u00e1lisis, con la del lumpen, con la incertidumbre y el des\u00e1nimo;<\/span><\/p>\n<p style=\"text-align: justify;\"><span style=\"color: #000000;\">-la desorganizaci\u00f3n en la base corresponde a la inseguridad, y tambi\u00e9n a la dificultad para supervisar a los dirigentes, o a cierta tolerancia del personalismo;<\/span><\/p>\n<p style=\"text-align: justify;\"><span style=\"color: #000000;\">-la fragilidad en la organizaci\u00f3n sindical corresponde a una tendencia a la burocratizaci\u00f3n de sus organizaciones y movimientos;<\/span><\/p>\n<p style=\"text-align: justify;\"><span style=\"color: #000000;\">-la despolitizaci\u00f3n corresponde a las ilusiones reformistas, es decir, a las decepciones sobre las posibilidades de movilidad social individual; <sup class='footnote'><a href='https:\/\/correspondenciadeprensa.com\/?p=24236#fn-24236-4' id='fnref-24236-4' onclick='return fdfootnote_show(24236)'>4<\/a><\/sup><\/span><\/p>\n<p style=\"text-align: justify;\"><span style=\"color: #000000;\">-la poca educaci\u00f3n corresponde a la autoeducaci\u00f3n, a la fuerte influencia religiosa <sup class='footnote'><a href='https:\/\/correspondenciadeprensa.com\/?p=24236#fn-24236-5' id='fnref-24236-5' onclick='return fdfootnote_show(24236)'>5<\/a><\/sup>, pero tambi\u00e9n al anti intelectualismo.\u00a0\u00a0\u00a0\u00a0\u00a0\u00a0\u00a0<\/span><\/p>\n<p style=\"text-align: justify;\"><span style=\"color: #000000;\">Las encuestas de DataFolha indican que el lulismo sigue teniendo una inmensa audiencia de masas. La experiencia fue importante, especialmente en los sectores organizados, pero la ruptura fue incompleta. El desgaste del PT nunca alcanz\u00f3 a Lula con la misma intensidad. Los elementos \u00abmesi\u00e1nicos\u00bb de las ilusiones reformistas est\u00e1n vivos. Incluso los que rompieron con Lula mantienen las ilusiones en las negociaciones con la clase dominante.<\/span><\/p>\n<p style=\"text-align: justify;\"><span style=\"color: #000000;\">La conclusi\u00f3n necesaria, cuando pensamos en perspectiva en este ciclo hist\u00f3rico de cuatro d\u00e9cadas, es que la experiencia de la clase trabajadora es lenta. En situaciones defensivas, los trabajadores, incluso en los sectores m\u00e1s organizados y con tradici\u00f3n de lucha, hacen c\u00e1lculos de riesgo antes de exponerse en la lucha frontal. Desde 2016, la evoluci\u00f3n desfavorable de la relaci\u00f3n social de fuerzas ha obligado a la clase a un repliegue, preservando sus energ\u00edas, a la espera de condiciones m\u00e1s alentadoras. Pero sigue siendo la esperanza de que es posible cambiar Brasil. Nada ni nadie puede sustituirla. Sin ella no es posible imponer derrotas a los capitalistas. Sin su movilizaci\u00f3n, la lucha por el poder no es posible ni merece la pena.<\/span><\/p>\n<p style=\"text-align: justify;\"><span style=\"color: #000000;\">Pero ser marxista es tener la certeza de que la lucha de clases abrir\u00e1 el camino.<\/span><\/p>\n<p style=\"text-align: justify;\"><span style=\"color: #000000;\">M\u00e1s que nunca debemos confiar en la clase trabajadora.<\/span><\/p>\n<p style=\"text-align: left;\"><span style=\"color: #000000;\"><strong>* Valerio Arcary<\/strong> es militante de la corriente Resistencia\/PSOL y columnista de Esquerda Online.<\/span><\/p>\n<p><span style=\"color: #000000;\"><strong><span style=\"text-decoration: underline;\">Notas<\/span>:<\/strong><\/span><\/p>\n","protected":false},"excerpt":{"rendered":"<p>Cuando se puso en marcha en los a\u00f1os ochenta, hizo temblar los pilares de apoyo de la dictadura. Un velo de invisibilidad oculta hoy su poder, y disminuye la influencia que puede ejercer sobre el destino del pa\u00eds, pero no oculta la robustez de su fuerza de choque social.<\/p>\n","protected":false},"author":102520410,"featured_media":24241,"comment_status":"closed","ping_status":"closed","sticky":false,"template":"","format":"standard","meta":{"_coblocks_attr":"","_coblocks_dimensions":"","_coblocks_responsive_height":"","_coblocks_accordion_ie_support":"","_crdt_document":"","advanced_seo_description":"","jetpack_seo_html_title":"","jetpack_seo_noindex":false,"_jetpack_newsletter_access":"","_jetpack_dont_email_post_to_subs":false,"_jetpack_newsletter_tier_id":0,"_jetpack_memberships_contains_paywalled_content":false,"_jetpack_memberships_contains_paid_content":false,"footnotes":"","jetpack_post_was_ever_published":false},"categories":[],"tags":[17212,703604862,703605055,703605295],"class_list":{"0":"post-24236","1":"post","2":"type-post","3":"status-publish","4":"format-standard","5":"has-post-thumbnail","6":"hentry","7":"tag-america-latina","8":"tag-bolsonaro","9":"tag-lula","10":"tag-pt","12":"fallback-thumbnail"},"jetpack_featured_media_url":"https:\/\/i0.wp.com\/correspondenciadeprensa.com\/wp-content\/uploads\/2022\/02\/Brasil1402-I-370387367-1644839010943.jpg?fit=1054%2C519&ssl=1","jetpack_likes_enabled":false,"jetpack_sharing_enabled":true,"jetpack_shortlink":"https:\/\/wp.me\/p7lt2C-6iU","amp_enabled":true,"_links":{"self":[{"href":"https:\/\/correspondenciadeprensa.com\/index.php?rest_route=\/wp\/v2\/posts\/24236","targetHints":{"allow":["GET"]}}],"collection":[{"href":"https:\/\/correspondenciadeprensa.com\/index.php?rest_route=\/wp\/v2\/posts"}],"about":[{"href":"https:\/\/correspondenciadeprensa.com\/index.php?rest_route=\/wp\/v2\/types\/post"}],"author":[{"embeddable":true,"href":"https:\/\/correspondenciadeprensa.com\/index.php?rest_route=\/wp\/v2\/users\/102520410"}],"replies":[{"embeddable":true,"href":"https:\/\/correspondenciadeprensa.com\/index.php?rest_route=%2Fwp%2Fv2%2Fcomments&post=24236"}],"version-history":[{"count":8,"href":"https:\/\/correspondenciadeprensa.com\/index.php?rest_route=\/wp\/v2\/posts\/24236\/revisions"}],"predecessor-version":[{"id":24245,"href":"https:\/\/correspondenciadeprensa.com\/index.php?rest_route=\/wp\/v2\/posts\/24236\/revisions\/24245"}],"wp:featuredmedia":[{"embeddable":true,"href":"https:\/\/correspondenciadeprensa.com\/index.php?rest_route=\/wp\/v2\/media\/24241"}],"wp:attachment":[{"href":"https:\/\/correspondenciadeprensa.com\/index.php?rest_route=%2Fwp%2Fv2%2Fmedia&parent=24236"}],"wp:term":[{"taxonomy":"category","embeddable":true,"href":"https:\/\/correspondenciadeprensa.com\/index.php?rest_route=%2Fwp%2Fv2%2Fcategories&post=24236"},{"taxonomy":"post_tag","embeddable":true,"href":"https:\/\/correspondenciadeprensa.com\/index.php?rest_route=%2Fwp%2Fv2%2Ftags&post=24236"}],"curies":[{"name":"wp","href":"https:\/\/api.w.org\/{rel}","templated":true}]}}