{"id":21918,"date":"2021-11-06T20:36:37","date_gmt":"2021-11-06T19:36:37","guid":{"rendered":"https:\/\/correspondenciadeprensa.com\/?p=21918"},"modified":"2021-11-06T20:36:37","modified_gmt":"2021-11-06T19:36:37","slug":"colombia-francia-marquez-mina-envenenar-a-nuestros-ninos-con-mercurio-es-parte-del-racismo-ambiental-dominique-galeano-2","status":"publish","type":"post","link":"https:\/\/correspondenciadeprensa.com\/?p=21918","title":{"rendered":"Colombia &#8211; Francia M\u00e1rquez Mina: \u00abEnvenenar a nuestros ni\u00f1os con mercurio es parte del racismo ambiental\u00bb. [Dominique Galeano]"},"content":{"rendered":"<p style=\"text-align: justify;\"><span style=\"color: #000000;\"><strong>De luchar contra las multinacionales mineras que contaminan los territorios ancestrales a ganar el Premio Medioambiental Goldman, la dirigente de izquierda apuesta a una Colombia \u00abdigna, en paz, justa e igualitaria\u00bb. <\/strong><\/span><\/p>\n<p style=\"text-align: justify;\"><span style=\"color: #000000;\"><strong><a href=\"https:\/\/www.pagina12.com.ar\/\">P\u00e1gina\/12<\/a>, 6-11-2021<\/strong><\/span><\/p>\n<p><span style=\"color: #000000;\"><strong><a href=\"https:\/\/correspondenciadeprensa.com\/\">Correspondencia de Prensa<\/a>, 6-11-2021<\/strong><\/span><\/p>\n<p style=\"text-align: justify;\"><span style=\"color: #000000;\">\u201cLlegar a la presidencia de Colombia no es un fin, es un medio para seguir empujando las luchas\u201d, afirma Francia M\u00e1rquez Mina, que con su candidatura sacudi\u00f3 el tablero pol\u00edtico de su pa\u00eds. Abogada, dirigente social y defensora del medioambiente, M\u00e1rquez busca convertirse en la primera presidenta mujer y afrodescendiente en un pa\u00eds donde el racismo va desde lo m\u00e1s sutil hasta lo estructural. Desde las expresiones racistas hasta el despojo de territorios ancestrales. \u201cEl racismo estructural define las condiciones en las que la gente racializada debe vivir. Vemos como el modelo neoliberal y el capitalismo salvaje necesitan de esas formas de opresi\u00f3n para mantenerse\u201d, explica en di\u00e1logo con P\u00e1gina\/12.<\/span><\/p>\n<p style=\"text-align: justify;\"><span style=\"color: #000000;\">\u201cCuando a m\u00ed estos hombres blancos de \u00e9lite me vienen a decir que no tengo los m\u00e9ritos para ser presidenta, pues que me digan ellos cu\u00e1l es la experiencia que tienen. Su experiencia es de corrupci\u00f3n, su experiencia es de condenar a pueblos enteros a la muerte, a la guerra\u201d, dice M\u00e1rquez en una conferencia en la Facultad de Ciencias Sociales de la UBA, junto a la titular del Instituto Nacional contra la Discriminaci\u00f3n, la Xenofobia y el Racismo (INADI), Victoria Donda.<\/span><\/p>\n<p style=\"text-align: justify; padding-left: 40px;\"><span style=\"color: #000000;\"><strong>\u00abTenemos todo por ganar\u00bb<\/strong><\/span><\/p>\n<p style=\"text-align: justify;\"><span style=\"color: #000000;\">\u201cNosotros no tenemos nada que perder porque ya nos han arrancado todo. Parte de ese todo es que nos siguen expropiando la condici\u00f3n humana. Tenemos todo por ganar y hay que hacer un camino\u201d, remarca la precandidata a la presidencia de Colombia. Desde su ni\u00f1ez hasta la actualidad, la protecci\u00f3n de su comunidad y el territorio ancestral llevaron a M\u00e1rquez Mina a encabezar movilizaciones para exigirle una y otra vez al gobierno que frene el despojo de los pueblos afrodescendientes e ind\u00edgenas.<\/span><\/p>\n<p style=\"text-align: justify;\"><span style=\"color: #000000;\">\u201cCertificaron que no \u00e9ramos comunidad negra y por tanto no ten\u00edamos que ser consultados y yo me vi metida en la pol\u00edtica\u201d, cuenta la l\u00edder del Movimiento Soy Porque Somos en referencia a las circunstancias que la llevaron a la pol\u00edtica. Porque \u201cpol\u00edticamente est\u00e1n definiendo que mi comunidad, que ha estado en un territorio desde 1636, tiene que ser desalojada para privilegiar a una empresa multinacional que lleg\u00f3\u201d, relata.<\/span><\/p>\n<p style=\"text-align: justify;\"><span style=\"color: #000000;\">\u201cPara privilegiar el desarrollo. Siempre nos han sacrificado por el desarrollo. En nombre del desarrollo esclavizaron a nuestros ancestros y ancestras. En el nombre del desarrollo nos han racializado y en el nombre del desarrollo el patriarcado ha hecho lo que quiere con nuestros cuerpos y con nuestros territorios. Ah\u00ed me toc\u00f3 tomar partida\u201d.<\/span><\/p>\n<p style=\"text-align: justify; padding-left: 40px;\"><span style=\"color: #000000;\"><strong>Disputar el poder<\/strong><\/span><\/p>\n<p style=\"text-align: justify;\"><span style=\"color: #000000;\">En 2014, Francia M\u00e1rquez encabez\u00f3 la Marcha de los Turbantes, Movilizaci\u00f3n de Mujeres Afrodescendientes por el Cuidado de la Vida y de los Territorios Ancestrales. Junto a m\u00e1s de 100 mujeres caminaron cerca de 300 kil\u00f3metros desde el corregimiento de la Toma en el Cauca hasta la capital Bogot\u00e1 para exigirle al gobierno del entonces presidente Juan Manuel Santos que retirara los t\u00edtulos mineros concedidos tras una violenta incursi\u00f3n en el territorio ancestral.<\/span><\/p>\n<p style=\"text-align: justify;\"><span style=\"color: #000000;\">\u201cComo mujeres negras dejamos a nuestros hijos al cuidado de otras personas para caminar, para parar la miner\u00eda que estaba envenenando con mercurio el territorio. En un territorio donde tenemos ni\u00f1as y ni\u00f1os con mercurio en la sangre. Con niveles de cinco part\u00edculas de mercurio en el cuerpo de ni\u00f1os que tienen 10 u 8 a\u00f1os\u201d, recuerda la candidata.\u201cEso tambi\u00e9n es parte del exterminio f\u00edsico, eso es parte del racismo ambiental. No en todos los lugares se envenenan esos territorios. El veneno se vierte en esos territorios racializados. Entonces ah\u00ed me di cuenta de que hab\u00eda que disputarse el poder, hab\u00eda que participar porque eso no iba a parar\u201d.<\/span><\/p>\n<p style=\"text-align: justify;\"><span style=\"color: #000000;\">Ese mismo a\u00f1o, Francia M\u00e1rquez conoci\u00f3 a la l\u00edder ind\u00edgena hondure\u00f1a y defensora del medioambiente, Berta C\u00e1ceres, quien en 2016, un a\u00f1o despu\u00e9s de haber recibido el Premio Medioambiental Goldman fue asesinada en su casa. En 2018, M\u00e1rquez Mina gan\u00f3 la misma distinci\u00f3n. \u201cPara m\u00ed fue muy doloroso cuando la asesinaron. La lucha que ella hac\u00eda era la misma lucha que nosotros hacemos y terminaron asesin\u00e1ndola. No es f\u00e1cil, pero asistimos a eso. Nuestras luchas siempre est\u00e1n trazadas por los riesgos y pues ah\u00ed nos ponemos de frente\u201d, explica a P\u00e1gina\/12. M\u00e1rquez record\u00f3 las palabras de Cristina Bautista, gobernadora ind\u00edgena asesinada en el departamento de Cauca. \u201cSi callamos nos matan y si hablamos tambi\u00e9n, entonces hablamos porque no tenemos de otra\u201d.<\/span><\/p>\n<p style=\"text-align: justify; padding-left: 40px;\"><span style=\"color: #000000;\"><strong>\u00abSoy porque Somos\u00bb<\/strong><\/span><\/p>\n<p style=\"text-align: justify;\"><span style=\"color: #000000;\">En este sentido, la candidatura de Francia M\u00e1rquez se enmarca en la necesidad de su pueblo. \u201cUn pueblo que est\u00e1 cansado de que no lo dejen respirar, cansado de que le quiten sus sue\u00f1os. Este es el sue\u00f1o de los j\u00f3venes que todos los d\u00edas los asesinan y que justifican sus asesinatos llam\u00e1ndolos criminales,terroristas y v\u00e1ndalos\u201d, dice la l\u00edder de Soy porque Somos en referencia a la muerte de j\u00f3venes que se manifestaron durante el estallido social.<\/span><\/p>\n<p style=\"text-align: justify;\"><span style=\"color: #000000;\">\u201cCreo que Duque se ha empecinado en hacer trizas la paz y sostener una pol\u00edtica de muerte que ha venido fomentando el uribismo hace 20 a\u00f1os, incidiendo incluso en la pol\u00edtica exterior cuando deber\u00edamos respetar la autonom\u00eda de cada estado\u201d, afirma M\u00e1rquez a este diario. \u201cAqu\u00ed estamos resistiendo, pensando en c\u00f3mo en esta apuesta por ganar las elecciones podemos confrontar este sistema de muerte y despojo hacia una Colombia digna, en paz, justa e igualitaria. Sobre todo una Colombia que reestablezca sus relaciones con todos los pa\u00edses de la regi\u00f3n\u201d.<\/span><\/p>\n","protected":false},"excerpt":{"rendered":"<p>De luchar contra las multinacionales mineras que contaminan los territorios ancestrales a ganar el Premio Medioambiental Goldman, la dirigente de izquierda apuesta a una Colombia \u00abdigna, en paz, justa e igualitaria\u00bb.<\/p>\n","protected":false},"author":102520410,"featured_media":21908,"comment_status":"closed","ping_status":"closed","sticky":false,"template":"","format":"standard","meta":{"_coblocks_attr":"","_coblocks_dimensions":"","_coblocks_responsive_height":"","_coblocks_accordion_ie_support":"","advanced_seo_description":"","jetpack_seo_html_title":"","jetpack_seo_noindex":false,"jetpack_seo_schema_type":"","_jetpack_newsletter_access":"","_jetpack_dont_email_post_to_subs":false,"_jetpack_newsletter_tier_id":0,"_jetpack_memberships_contains_paywalled_content":false,"_wpcom_ai_launchpad_first_post":false,"_jetpack_feature_clip_id":0,"_jetpack_memberships_contains_paid_content":false,"footnotes":"","jetpack_post_was_ever_published":false},"categories":[],"tags":[703607011,17212,703607611,703607612,703605039,703607613,78306375,703604893,703607614],"class_list":["post-21918","post","type-post","status-publish","format-standard","has-post-thumbnail","hentry","tag-afrodescendientes","tag-america-latina","tag-francia-marquez-mina","tag-inadi","tag-indigenas","tag-marcha-de-los-turbantes","tag-mujeres-afrodescendientes","tag-racismo","tag-soy-porque-somos","fallback-thumbnail"],"jetpack_likes_enabled":false,"jetpack_sharing_enabled":true,"jetpack_shortlink":"https:\/\/wp.me\/p7lt2C-5Hw","amp_enabled":true,"jetpack_featured_media_url":"https:\/\/i0.wp.com\/correspondenciadeprensa.com\/wp-content\/uploads\/2021\/11\/Colombia0611-740681176-1636218717682.jpg?fit=960%2C478&ssl=1","_links":{"self":[{"href":"https:\/\/correspondenciadeprensa.com\/index.php?rest_route=\/wp\/v2\/posts\/21918","targetHints":{"allow":["GET"]}}],"collection":[{"href":"https:\/\/correspondenciadeprensa.com\/index.php?rest_route=\/wp\/v2\/posts"}],"about":[{"href":"https:\/\/correspondenciadeprensa.com\/index.php?rest_route=\/wp\/v2\/types\/post"}],"author":[{"embeddable":true,"href":"https:\/\/correspondenciadeprensa.com\/index.php?rest_route=\/wp\/v2\/users\/102520410"}],"replies":[{"embeddable":true,"href":"https:\/\/correspondenciadeprensa.com\/index.php?rest_route=%2Fwp%2Fv2%2Fcomments&post=21918"}],"version-history":[{"count":0,"href":"https:\/\/correspondenciadeprensa.com\/index.php?rest_route=\/wp\/v2\/posts\/21918\/revisions"}],"wp:featuredmedia":[{"embeddable":true,"href":"https:\/\/correspondenciadeprensa.com\/index.php?rest_route=\/wp\/v2\/media\/21908"}],"wp:attachment":[{"href":"https:\/\/correspondenciadeprensa.com\/index.php?rest_route=%2Fwp%2Fv2%2Fmedia&parent=21918"}],"wp:term":[{"taxonomy":"category","embeddable":true,"href":"https:\/\/correspondenciadeprensa.com\/index.php?rest_route=%2Fwp%2Fv2%2Fcategories&post=21918"},{"taxonomy":"post_tag","embeddable":true,"href":"https:\/\/correspondenciadeprensa.com\/index.php?rest_route=%2Fwp%2Fv2%2Ftags&post=21918"}],"curies":[{"name":"wp","href":"https:\/\/api.w.org\/{rel}","templated":true}]}}