{"id":17876,"date":"2021-04-02T08:23:33","date_gmt":"2021-04-02T06:23:33","guid":{"rendered":"https:\/\/correspondenciadeprensa.com\/?p=17876"},"modified":"2021-04-02T08:23:33","modified_gmt":"2021-04-02T06:23:33","slug":"brasil-bolsonaro-se-debilita-esquerda-online-editorial","status":"publish","type":"post","link":"https:\/\/correspondenciadeprensa.com\/?p=17876","title":{"rendered":"Brasil &#8211; Bolsonaro se debilita.  [Esquerda Online &#8211; Editorial]"},"content":{"rendered":"<p class=\"ox-071b9c5138-MsoNormal\"><span style=\"color: #000000;\"><b><a href=\"https:\/\/esquerdaonline.com.br\/\">Esquerda Online<\/a>, editorial, 1-4-2021<\/b><\/span><\/p>\n<p class=\"ox-071b9c5138-MsoNormal\"><span style=\"color: #000000;\"><b>Traducci\u00f3n de <a href=\"https:\/\/correspondenciadeprensa.com\/\">Correspondencia de Prensa<\/a>, 2-4-2021<\/b><\/span><\/p>\n<p class=\"ox-071b9c5138-MsoNormal\" style=\"text-align: justify;\"><span style=\"color: #000000;\">De forma in\u00e9dita en la historia de Brasil, la renuncia del ministro de Defensa (Fernando Azevedo) y de los comandantes de las Fuerzas Armadas &#8211; Edson Pujol, del Ej\u00e9rcito, Ilques Barbosa, de la Marina, y Carlos Berm\u00fadez, de la Fuerza A\u00e9rea &#8211; se produjo de una sola vez. Ordenado por Bolsonaro, el inesperado cambio en el alto mando militar se produjo tras otros cambios ministeriales. Hubo la salida del olavista Ernesto Ara\u00fajo del Ministerio de Asuntos Exteriores, la entrada de la diputada centrista Fl\u00e1via Arruda (Partido Liberal) al frente de la Secretar\u00eda de Gobierno y la toma de posesi\u00f3n de Anderson Torres, amigo de la familia Bolsonaro, como nuevo ministro de Justicia y Seguridad P\u00fablica. La semana pasada, se anunci\u00f3 la salida de Eduardo Pazzuelo del Ministerio de Salud, que fue sustituido por Marcelo Queiroga, un m\u00e9dico vinculado a Fl\u00e1vio Bolsonaro.<\/span><\/p>\n<p class=\"ox-071b9c5138-MsoNormal\" style=\"text-align: justify;\"><span style=\"color: #000000;\">Esta improvisada reforma ministerial, para ser correctamente entendida, debe ser evaluada en el contexto de la crisis sanitaria, econ\u00f3mica y social que se agrava cada d\u00eda. Con la pandemia fuera de control y el colapso del sistema hospitalario, Brasil ha alcanzado las 3.000 muertes diarias en la media m\u00f3vil semanal. Y la tendencia para las pr\u00f3ximas semanas es a empeorar, y tambi\u00e9n puede haber colapso del sistema funerario. Ya son m\u00e1s de 322.000 las vidas perdidas oficialmente por el covid-19. Junto con la cat\u00e1strofe pand\u00e9mica, la econom\u00eda sufre un nuevo rev\u00e9s recesivo y la crisis social se extiende por todo el pa\u00eds, con el regreso del hambre y el r\u00e1pido aumento del desempleo, la pobreza y la miseria.<\/span><\/p>\n<p class=\"ox-071b9c5138-MsoNormal\" style=\"text-align: justify;\"><span style=\"color: #000000;\">En este terrible escenario, el gobierno de Bolsonaro se debilita tanto en la sociedad civil (clases sociales) como en el \u00e1mbito pol\u00edtico-institucional (partidos, instituciones y liderazgos pol\u00edticos). Las decisiones del STF (Supremo Tribuinal Federal) que anularon las condenas de Lula, la carta de banqueros y grandes empresarios atacando la calamitosa gesti\u00f3n de la pandemia por parte del gobierno y la amenaza p\u00fablica de impeachment hecha por Artur Lira la semana pasada son demostraciones inequ\u00edvocas de este proceso de debilitamiento pol\u00edtico de Jair Bolsonaro. Tambi\u00e9n es importante destacar el enorme aislamiento internacional del gobierno, que perdi\u00f3 su principal punto de apoyo externo con la derrota de Trump. Adem\u00e1s, los sondeos de opini\u00f3n muestran un creciente rechazo al gobierno en todos los estratos sociales, desde los de menor ingreso hasta los de mayor poder adquisitivo.<\/span><\/p>\n<p class=\"ox-071b9c5138-MsoNormal\" style=\"text-align: justify;\"><span style=\"color: #000000;\">As\u00ed, la remodelaci\u00f3n ministerial expresa, en primer lugar, la creciente debilidad pol\u00edtica y social del gobierno. Al mismo tiempo, expone y potencia los conflictos entre las alas que la componen. Los centristas, liderados por los presidentes de la C\u00e1mara y el Senado, exigen cambios en la gesti\u00f3n de la pandemia y buscan ocupar ministerios y cargos. El ala ultraliberal de Paulo Guedes, vinculada al capital financiero, choca con el centro para defender el ajuste fiscal cuestionado por el proyecto de Presupuesto definido en el Congreso. Bolsonaro, a su vez, compra una pelea con el mando de las Fuerzas Armadas para intentar alinear a los militares activos con la defensa del gobierno. Por \u00faltimo, hay una crisis dentro del propio gobierno, que puede dar un salto con tendencia a agravar la multifac\u00e9tica crisis nacional.<\/span><\/p>\n<p class=\"ox-071b9c5138-MsoNormal\" style=\"text-align: justify;\"><span style=\"color: #000000;\">En este momento, por todas las razones enumeradas anteriormente, Bolsonaro no tiene la fuerza -ni pol\u00edtica ni social- para dar un (auto)golpe, provocando una ruptura institucional. La crisis con el mando de las Fuerzas Armadas revela que la actual c\u00fapula militar activa quiere distanciarse del gobierno, al que cada vez m\u00e1s se le responsabiliza -en Brasil y en el mundo- de la cat\u00e1strofe hist\u00f3rica que vive el pa\u00eds. Por otro lado, no se dan las condiciones necesarias para un impeachment inmediato. El capital financiero y los grandes empresarios difundieron una carta con exigencias y duras cr\u00edticas al gobierno, pero no pidieron la cabeza de Bolsonaro. Los centristas han subido el tono y han hecho amenazas p\u00fablicas, pero dan prioridad a la lucha por los puestos ministeriales y mantienen, por ahora, el apoyo parlamentario de Bolsonaro. La clase trabajadora y el pueblo pobre est\u00e1n cada vez m\u00e1s descontentos con Bolsonaro, pero la situaci\u00f3n de alt\u00edsimo riesgo sanitario dificulta las acciones masivas en las calles en este momento. Por \u00faltimo, el gobierno, aunque m\u00e1s desgastado, a\u00fan conserva un considerable apoyo en la sociedad y en los sectores pol\u00edticos e institucionales.<\/span><\/p>\n<p class=\"ox-071b9c5138-MsoNormal\" style=\"text-align: justify;\"><span style=\"color: #000000;\">Debido a la gravedad y la din\u00e1mica de la crisis nacional, es posible que la crisis pol\u00edtica evolucione a pasos agigantados en los pr\u00f3ximos meses, abriendo quiz\u00e1s las condiciones para la ca\u00edda del gobierno. La izquierda debe estar atenta a esta situaci\u00f3n cr\u00edtica, actuando de manera conjunta y decisiva para el derrocamiento de Bolsonaro.<\/span><\/p>\n<p class=\"ox-071b9c5138-MsoNormal\" style=\"text-align: justify; padding-left: 40px;\"><span style=\"color: #000000;\"><b>Fora Bolsonaro no puede esperar a 2022<\/b><\/span><\/p>\n<p class=\"ox-071b9c5138-MsoNormal\" style=\"text-align: justify;\"><span style=\"color: #000000;\">El actual genocidio pand\u00e9mico, que afecta especialmente a la poblaci\u00f3n negra y m\u00e1s pobre, la recesi\u00f3n econ\u00f3mica, la crisis social galopante y las reiteradas amenazas autoritarias exigen el derrocamiento de Jair Bolsonaro.<\/span><\/p>\n<p class=\"ox-071b9c5138-MsoNormal\" style=\"text-align: justify;\"><span style=\"color: #000000;\">El pa\u00eds no puede vivir con semejante barbarie y destrucci\u00f3n hasta 2022. La mejor manera -y la m\u00e1s efectiva- de hacerlo ser\u00eda convocar manifestaciones masivas en las calles para el derrocamiento inmediato de Bolsonaro. Pero el alto peligro de contagio por covid-19, en un escenario de colapso hospitalario, exige que se eviten las aglomeraciones por el momento. Pero la izquierda no puede quedarse quieta esperando el momento en que sean posibles las acciones con millones en las calles.<\/span><\/p>\n<p class=\"ox-071b9c5138-MsoNormal\" style=\"text-align: justify;\"><span style=\"color: #000000;\">Es necesario intensificar la campa\u00f1a para sacar a Bolsonaro de la presidencia de todas las maneras posibles, tanto en el Congreso como en la sociedad, presionando a todos los sectores sociales, a los diputados, a los gobiernos estatales y a las instituciones para que hagan un impeachment a Bolsonaro. La lucha por el derrocamiento del ide\u00f3logo genocida debe ir acompa\u00f1ada de la defensa de la renta de emergencia de R$ 600 (110 d\u00f3lares), la ampliaci\u00f3n de la vacunaci\u00f3n, la adopci\u00f3n del <span style=\"text-decoration: underline;\">lockdown<\/span> nacional, la estabilidad laboral, la ayuda financiera a las peque\u00f1as empresas y el congelamiento de los precios de los art\u00edculos de la canasta b\u00e1sica y de los combustibles.<\/span><\/p>\n<p class=\"ox-071b9c5138-MsoNormal\" style=\"text-align: justify;\"><span style=\"color: #000000;\">Tambi\u00e9n es fundamental el compromiso de la izquierda en todas las acciones de solidaridad con los m\u00e1s necesitados, que son promovidas por movimientos sociales, sindicatos, asociaciones de vecinos, movimiento negro, movimiento de mujeres, mandatos parlamentarios, entre otros. Tambi\u00e9n son importantes las acciones de lucha directa, como las realizadas por el movimiento sindical y estudiantil y el MTST (Movimiento de los Trabajadores Sin Techo) el 24 de marzo.<\/span><\/p>\n<p class=\"ox-071b9c5138-MsoNormal\" style=\"text-align: justify;\"><span style=\"color: #000000;\">Por \u00faltimo, cabe destacar la responsabilidad de los principales l\u00edderes de la izquierda brasile\u00f1a en este momento, especialmente Lula, por su relevante influencia en el pueblo trabajador. En efecto, es necesario discutir el proyecto y el programa de la izquierda para las elecciones de 2022. Pero hay una tarea inmediata: la lucha para derrocar a este gobierno genocida, para salvar vidas y derechos sociales y democr\u00e1ticos. Lula debe comprometerse en la defensa de Fuera Bolsonaro.<\/span><\/p>\n","protected":false},"excerpt":{"rendered":"<p>Debido a la gravedad y la din\u00e1mica de la crisis nacional, es posible que la crisis pol\u00edtica evolucione a pasos agigantados en los pr\u00f3ximos meses, abriendo quiz\u00e1s las condiciones para la ca\u00edda del gobierno. La izquierda debe estar atenta a esta situaci\u00f3n cr\u00edtica, actuando de manera conjunta y decisiva para el derrocamiento de Bolsonaro.<\/p>\n","protected":false},"author":102520410,"featured_media":17880,"comment_status":"closed","ping_status":"closed","sticky":false,"template":"","format":"standard","meta":{"_coblocks_attr":"","_coblocks_dimensions":"","_coblocks_responsive_height":"","_coblocks_accordion_ie_support":"","_crdt_document":"","advanced_seo_description":"","jetpack_seo_html_title":"","jetpack_seo_noindex":false,"_jetpack_newsletter_access":"","_jetpack_dont_email_post_to_subs":false,"_jetpack_newsletter_tier_id":0,"_jetpack_memberships_contains_paywalled_content":false,"_jetpack_memberships_contains_paid_content":false,"footnotes":"","jetpack_post_was_ever_published":false},"categories":[288368],"tags":[17212,703606066,697251526,703604862,703606064,703606065,703606067,703605413,703604913,703604864,703605055,703605684,703605195,703605509],"class_list":{"0":"post-17876","1":"post","2":"type-post","3":"status-publish","4":"format-standard","5":"has-post-thumbnail","6":"hentry","7":"category-izquierda","8":"tag-america-latina","9":"tag-anderson-torres","10":"tag-fuera-bolsonaro","11":"tag-bolsonaro","12":"tag-fernando-azevedo","13":"tag-flavia-arruda","14":"tag-fora-bolsonaro","15":"tag-fuerzas-armadas","16":"tag-hambre","17":"tag-izquierda","18":"tag-lula","19":"tag-mtst","20":"tag-partido-de-los-trabajadores","21":"tag-stf","23":"fallback-thumbnail"},"jetpack_featured_media_url":"https:\/\/i0.wp.com\/correspondenciadeprensa.com\/wp-content\/uploads\/2021\/04\/Bolsonaro204-1324640258-1617344576324.jpg?fit=600%2C320&ssl=1","jetpack_likes_enabled":false,"jetpack_sharing_enabled":true,"jetpack_shortlink":"https:\/\/wp.me\/p7lt2C-4Ek","amp_enabled":true,"_links":{"self":[{"href":"https:\/\/correspondenciadeprensa.com\/index.php?rest_route=\/wp\/v2\/posts\/17876","targetHints":{"allow":["GET"]}}],"collection":[{"href":"https:\/\/correspondenciadeprensa.com\/index.php?rest_route=\/wp\/v2\/posts"}],"about":[{"href":"https:\/\/correspondenciadeprensa.com\/index.php?rest_route=\/wp\/v2\/types\/post"}],"author":[{"embeddable":true,"href":"https:\/\/correspondenciadeprensa.com\/index.php?rest_route=\/wp\/v2\/users\/102520410"}],"replies":[{"embeddable":true,"href":"https:\/\/correspondenciadeprensa.com\/index.php?rest_route=%2Fwp%2Fv2%2Fcomments&post=17876"}],"version-history":[{"count":4,"href":"https:\/\/correspondenciadeprensa.com\/index.php?rest_route=\/wp\/v2\/posts\/17876\/revisions"}],"predecessor-version":[{"id":17881,"href":"https:\/\/correspondenciadeprensa.com\/index.php?rest_route=\/wp\/v2\/posts\/17876\/revisions\/17881"}],"wp:featuredmedia":[{"embeddable":true,"href":"https:\/\/correspondenciadeprensa.com\/index.php?rest_route=\/wp\/v2\/media\/17880"}],"wp:attachment":[{"href":"https:\/\/correspondenciadeprensa.com\/index.php?rest_route=%2Fwp%2Fv2%2Fmedia&parent=17876"}],"wp:term":[{"taxonomy":"category","embeddable":true,"href":"https:\/\/correspondenciadeprensa.com\/index.php?rest_route=%2Fwp%2Fv2%2Fcategories&post=17876"},{"taxonomy":"post_tag","embeddable":true,"href":"https:\/\/correspondenciadeprensa.com\/index.php?rest_route=%2Fwp%2Fv2%2Ftags&post=17876"}],"curies":[{"name":"wp","href":"https:\/\/api.w.org\/{rel}","templated":true}]}}