{"id":17416,"date":"2021-03-14T22:54:36","date_gmt":"2021-03-14T21:54:36","guid":{"rendered":"https:\/\/correspondenciadeprensa.com\/?p=17416"},"modified":"2021-03-14T22:54:36","modified_gmt":"2021-03-14T21:54:36","slug":"brasil-antes-de-la-revolucion-valerio-arcary","status":"publish","type":"post","link":"https:\/\/correspondenciadeprensa.com\/?p=17416","title":{"rendered":"Brasil &#8211; Antes de la revoluci\u00f3n. [Valerio Arcary]"},"content":{"rendered":"<p><span style=\"color: #000000;\"><strong><a href=\"https:\/\/aterraeredonda.com.br\/\">A Terra \u00e9 redonda<\/a>, 12-3-2021 <\/strong><\/span><\/p>\n<p><span style=\"color: #000000;\"><strong>Traducci\u00f3n de Carlos Abel Suarez \u2013 <a href=\"https:\/\/www.sinpermiso.info\/\">Sin Permiso<\/a><\/strong><\/span><\/p>\n<p><span style=\"color: #000000;\"><strong><a href=\"https:\/\/correspondenciadeprensa.com\/\">Correspondencia de Prensa<\/a>, 14-3-2021<\/strong><\/span><\/p>\n<p style=\"text-align: justify;\"><span style=\"color: #000000;\">Ninguna sociedad se sumerge en el precipicio de la decadencia hist\u00f3rica sin reacci\u00f3n, sin lucha, sin agitaci\u00f3n social.<\/span><\/p>\n<p style=\"text-align: justify;\"><span style=\"color: #000000;\">Bernardo Bertolucci dirigi\u00f3 una pel\u00edcula en los a\u00f1os sesenta, a sus veinte y pocos a\u00f1os,\u00a0 que se llamaba Prima La revoluzzione, o Antes de la revoluci\u00f3n, una adaptaci\u00f3n actualizada de un libro de Stendhal sobre los dilemas del compromiso pol\u00edtico<sup class='footnote'><a href='https:\/\/correspondenciadeprensa.com\/?p=17416#fn-17416-1' id='fnref-17416-1' onclick='return fdfootnote_show(17416)'>1<\/a><\/sup>. El personaje central vive la desilusi\u00f3n de la inminencia de la revoluci\u00f3n. No pocos de la izquierda brasile\u00f1a se han sumergido en esta angustia de decepci\u00f3n, desencanto e incluso frustraci\u00f3n con las posibilidades de transformar la sociedad en los \u00faltimos dos a\u00f1os. Pero respiraron aliviados, algunos con emocionada alegr\u00eda, ante la sorprendente decisi\u00f3n de Fachin de anular las condenas de Sergio Moro a Lula. La posibilidad de que Lula sea candidato a la presidencia en 2022 cambi\u00f3 la relaci\u00f3n pol\u00edtica de fuerzas en Brasil. Fue la mayor victoria pol\u00edtica democr\u00e1tica de los \u00faltimos cinco a\u00f1os.<\/span><\/p>\n<p style=\"text-align: justify;\"><span style=\"color: #000000;\">Lava Jato experiment\u00f3 una derrota fatal. La narrativa de que el gobierno del PT era una banda corrupta fue gravemente herida y est\u00e1 agonizante. La iron\u00eda de la historia fue que la necesidad de preservar Lava Jato explica la decisi\u00f3n de Fachin de trasladar los procesos que condenaron a Lula en Curitiba a la TRF-1 de Brasilia, y la anulaci\u00f3n de las condenas. El procesamiento de Moro, que a\u00fan puede suceder, incluso con el pedido de vista nominado de Bolsonaro, enterrar\u00eda su posible candidatura. Moro todav\u00eda es hoy el nombre m\u00e1s popular de la oposici\u00f3n liberal. Pero cada vez se parece m\u00e1s a un cad\u00e1ver insepulto. Sin \u00e9l, el \u201cgiro al centro\u201d, es decir, la posibilidad de que una candidatura de derecha liberal, como Doria, gane el liderazgo de la oposici\u00f3n, desplazando a una candidatura de izquierda en la segunda vuelta es m\u00e1s dudosa. El escenario de una confrontaci\u00f3n entre Bolsonaro y Lula en 2022, manteni\u00e9ndose las actuales condiciones, pas\u00f3 a ser la hip\u00f3tesis m\u00e1s probable.<\/span><\/p>\n<p style=\"text-align: justify;\"><span style=\"color: #000000;\">Hay una pizca de raz\u00f3n en quienes nos recuerdan que 2020 no termin\u00f3. La historia ense\u00f1a que el pasado tambi\u00e9n \u201ctermina\u201d. Cuando consideramos la dimensi\u00f3n de aquello que se transforma, lentamente y s\u00f3lo en largos per\u00edodos, todo est\u00e1 en proceso. Hay permanencias, arca\u00edsmos que nos torturan y son una forma de \u201cvenganza\u201d de la historia. El ascenso de Bolsonaro y los dos \u00faltimos a\u00f1os nos obligan a reflexionar sobre un grado de abstracci\u00f3n mayor que las peripecias de la lucha pol\u00edtica. Porque vivimos bajo la fuerza centr\u00edpeta de un terrible presentismo, especialmente cruel en Brasil, frente a la tragedia humanitaria y social.<\/span><\/p>\n<p style=\"text-align: justify;\"><span style=\"color: #000000;\">Muere un brasile\u00f1o en cada minuto de este terrible mes de marzo de 2021. El fracaso de la gesti\u00f3n de la peste provoc\u00f3 un cataclismo que colaps\u00f3 el sistema de salud y resume el desastre del balance de los \u00faltimos dos a\u00f1os. Pero es innegable que estamos ante una paradoja a principios de 2021. Hay datos incontrovertibles que se\u00f1alan una tendencia lenta, pero inequ\u00edvoca, de desgaste del apoyo al gobierno. Sin embargo, Bolsonaro logr\u00f3 dos victorias pol\u00edticas al elegir a los dos presidentes en el Congreso Nacional, tanto en la C\u00e1mara de Diputados como en el Senado, y bloquear las investigaciones contra su hijo, el senador Flavio en el Supremo Tribunal de Justicia. Este desenlace en la superestructura institucional est\u00e1 en contradicci\u00f3n con la din\u00e1mica de un debilitamiento del gobierno en la sociedad. No es raro que esto suceda. Nunca hay plena sincron\u00eda o alineamiento entre la variaci\u00f3n de la relaci\u00f3n social de fuerzas entre las clases y la relaci\u00f3n pol\u00edtica de fuerzas entre partidos e instituciones.<\/span><\/p>\n<p style=\"text-align: justify;\"><span style=\"color: #000000;\">Siempre hay presiones inmediatistas en cualquier coyuntura. Pero el presentismo estimula visiones\u00a0 impresionistas o incluso catastrofistas. A lo largo de los \u00faltimos dos a\u00f1os, el autogolpe era inminente en una hora, o era probable que se pronosticara la perspectiva de la reelecci\u00f3n de Bolsonaro en 2022. En la otra, el impeachment estaba a la vuelta de la esquina, o se anticipaba\u00a0 como irreversible la victoria de quien pudiese llegar al segundo turno como representante de las oposiciones. Esta monta\u00f1a rusa de pron\u00f3sticos oscilantes ten\u00eda poca correspondencia con las variaciones en la relaci\u00f3n social de fuerzas. Podemos distinguir el plan de valoraci\u00f3n hist\u00f3rica del nivel del equilibrio pol\u00edtico y su din\u00e1mica. Y tratar de escapar del peligro de un an\u00e1lisis nacional miope del fen\u00f3meno de extrema derecha en el poder.<\/span><\/p>\n<p style=\"text-align: justify;\"><span style=\"color: #000000;\">En la escala de la historia, una interpretaci\u00f3n marxista puede beneficiarse del lente que ofrece la ley del desarrollo desigual y combinado, un m\u00e9todo dial\u00e9ctico aplicado a la interpretaci\u00f3n de la situaci\u00f3n mundial. Estamos, desde la crisis mundial de 2007\/08, ante dos grandes conflictos y, por tanto, de poderosas tendencias y contra tendencias que condicionan el lugar de Brasil. El primero es la perspectiva de un estancamiento a largo plazo del crecimiento capitalista en los pa\u00edses centrales. El crecimiento econ\u00f3mico fue uno de los factores que preserv\u00f3 la cohesi\u00f3n social dentro de las potencias imperialistas. Ha sido parcialmente mediada por flexibilizaci\u00f3n monetaria, en forma de QE o quantitative easing\u2019s, pero no ha sido anulada. Sin embargo, prevalece una din\u00e1mica regresiva de latinoamericanizaci\u00f3n\u00a0 de las relaciones sociales con los Estados Unidos y la Uni\u00f3n Europea, y asiatizaci\u00f3n en Am\u00e9rica del Sur, todav\u00eda no consolidada. Lo segundo es la creciente rivalidad interimperialista entre Estados Unidos y China. Ha sido mediada por la orientaci\u00f3n de la Uni\u00f3n Europea de buscar la concertaci\u00f3n, presionada por el trauma destructivo de la Segunda Guerra Mundial y la presencia de Rusia. Pero no parece que la derrota de Trump y la elecci\u00f3n de Biden signifiquen un cambio en la carrera armamentista de Estados Unidos para disputar la supremac\u00eda en el sistema mundial de Estados. Am\u00e9rica del Sur parece ser el eslab\u00f3n m\u00e1s d\u00e9bil de la cadena de dominaci\u00f3n imperialista en el mundo en esta tercera d\u00e9cada del nuevo siglo. Fue Oriente Medio durante veinticinco a\u00f1os, pero ya no lo es debido a la estabilizaci\u00f3n tras la derrota de la ola de revoluciones democr\u00e1ticas de la \u00faltima d\u00e9cada. Ninguna naci\u00f3n del mundo contempor\u00e1neo se ha sumergido en el v\u00e9rtigo de la decadencia nacional sin reacci\u00f3n. Los ejemplos de Argelia, Chile y Ecuador en 2019, Per\u00fa en 2020 y Myamar este a\u00f1o confirman que, hasta que no haya una derrota hist\u00f3rica que desmoralice a una generaci\u00f3n, hay reservas sociales en las sociedades para una lucha en\u00e9rgica, poderosa y hasta enfurecida.<\/span><\/p>\n<p style=\"text-align: justify;\"><span style=\"color: #000000;\">Biden y el Partido Dem\u00f3crata no hubieran ganado las elecciones si la participaci\u00f3n del electorado negro no hubiera sido, cualitativamente, mayor, y este salto se produjo por la movilizaci\u00f3n de Black Lives Matter. La victoria de la candidatura dem\u00f3crata Biden \/ Harris en las elecciones estadounidenses profundizar\u00e1 cualitativamente el aislamiento internacional del gobierno de Bolsonaro. Si bien consideramos que Trump obtuvo una gran votaci\u00f3n, e incluso gan\u00f3 en algunos Estados p\u00e9ndulo, confirmando que una corriente pol\u00edtica de extrema derecha en Estados Unidos se est\u00e1 consolidando dentro del Partido Republicano, el resultado del proceso debilita al gobierno de Bolsonaro. La tentaci\u00f3n de la aventura bonapartista de Bolsonaro se debilit\u00f3 enormemente tras el fiasco del alucinado asalto al Capitolio en enero.<\/span><\/p>\n<p style=\"text-align: justify;\"><span style=\"color: #000000;\">Estamos ante la situaci\u00f3n econ\u00f3mica y social m\u00e1s grave desde el fin de la dictadura militar, durante el gobierno de Figueiredo. Los \u00faltimos diez a\u00f1os han sido una d\u00e9cada perdida, mostrando el declive del capitalismo perif\u00e9rico brasile\u00f1o. El sacrificio de vidas y la destrucci\u00f3n de destinos generados por una pandemia a la deriva son aterradores. El peligro de una regresi\u00f3n hist\u00f3rica est\u00e1 en el horizonte. Los datos publicados por el IBGE sobre la variaci\u00f3n del PIB en 2020 indican la mayor contracci\u00f3n de los \u00faltimos treinta a\u00f1os. La degradaci\u00f3n de la vida de las masas por la combinaci\u00f3n del desempleo por encima de los catorce millones y la presi\u00f3n inflacionaria sobre los productos alimenticios por encima del diez por ciento, s\u00f3lo puede ser comparable con los dos primeros a\u00f1os del gobierno de Collor.<\/span><\/p>\n<p style=\"text-align: justify;\"><span style=\"color: #000000;\">Ninguna sociedad se sumerge en el precipicio de la decadencia hist\u00f3rica sin reacci\u00f3n, sin lucha, sin agitaci\u00f3n social. En los \u00faltimos treinta y cinco a\u00f1os, tiempos de ruptura social y pol\u00edtica ocurrieron por la intervenci\u00f3n de las masas, en 1984, en 1992 y en 2013. La gesti\u00f3n del gobierno de Figueiredo con Delfim Netto fue la antesala de la movilizaci\u00f3n de m\u00e1s de seis millones en noventa d\u00edas en las calles reclamando por Diretas Ya, en 1984.<\/span><\/p>\n<p style=\"text-align: justify;\"><span style=\"color: #000000;\">La administraci\u00f3n del gobierno de Collor y Z\u00e9lia Cardoso de Melo provoc\u00f3 la explosi\u00f3n de la juventud en 1992 que contagi\u00f3 por lo menos a dos millones para salir a las calles en 1992.<\/span><\/p>\n<p style=\"text-align: justify;\"><span style=\"color: #000000;\">Pero todo es much\u00edsimo m\u00e1s devastador en 2020 por el impacto de la desastrosa, monstruosa y siniestra gesti\u00f3n de la peste por parte de Bolsonaro y Guedes. Nos atrae la \u201cbelleza est\u00e9tica\u201d de que puede haber una sincron\u00eda entre la recesi\u00f3n econ\u00f3mica y la explosi\u00f3n social, pero la correlaci\u00f3n no es causalidad. Las jornadas de junio de 2013 fueron tambi\u00e9n\u00a0 una aut\u00e9ntica explosi\u00f3n popular aunque sea una obviedad, incluso si ac\u00e9fala, pero no pueden ser explicadas por la presi\u00f3n volc\u00e1nica de una recesi\u00f3n econ\u00f3mica. Otros factores deben combinarse y madurar. M\u00e1s a\u00fan si tenemos en cuenta que la aprobaci\u00f3n del presupuesto de guerra y las ayudas de emergencia ha atenuado cualitativamente el impacto de la recesi\u00f3n y limitado la crisis social.<\/span><\/p>\n<p style=\"text-align: justify;\"><span style=\"color: #000000;\">Ning\u00fan gobierno se cae de maduro. Los gobiernos deben ser social y pol\u00edticamente derrotados para que puedan ser derrumbados en las calles o en las urnas. Las explosiones sociales son esencialmente movilizaciones espont\u00e1neas. Pero no son un accidente hist\u00f3rico. Cuando una sociedad se sumerge en la decadencia hist\u00f3rica y la generaci\u00f3n m\u00e1s joven llega a la conclusi\u00f3n de que ser\u00e1 imposible, mediante sus esfuerzos individuales, mantener al menos el nivel de vida de sus padres, se pondr\u00e1 en movimiento. No sabemos cu\u00e1ndo, pero hasta que se produzca una derrota hist\u00f3rica, es inexorable. Si la clase dominante es incapaz de resolver sus crisis mediante procesos pol\u00edticos de negociaci\u00f3n, las masas irrumpir\u00e1n en la vida pol\u00edtica con una disposici\u00f3n revolucionaria de lucha. En este contexto, debemos preguntarnos por qu\u00e9 Bolsonaro ocupa posiciones. Las diferencias irreconciliables dentro de la oposici\u00f3n de izquierda y entre ella y la oposici\u00f3n liberal al gobierno de extrema derecha no son las \u00fanicas, y probablemente ni siquiera la clave principal para contener la situaci\u00f3n actual. Las oposiciones a los gobiernos de Figueiredo y Collor tambi\u00e9n estuvieron profunda e incluso dram\u00e1ticamente divididas.<\/span><\/p>\n<p style=\"text-align: justify;\"><span style=\"color: #000000;\">Al menos otros cinco factores merecen atenci\u00f3n. En primer lugar, hay que considerar que la masa de la burgues\u00eda apoya al gobierno y eso cuenta mucho. Incluso el n\u00facleo duro de la clase dominante que tiene un descontento creciente, sigue creyendo que Bolsonaro debe cumplir con su mandato e incluso puede ser instrumental, porque conf\u00eda en las instituciones del r\u00e9gimen, como el Congreso y los Tribunales,\u00a0 para establecer l\u00edmites a la pulsi\u00f3n bonapartista. En segundo lugar, el gobierno mantiene el apoyo de un tercio de la poblaci\u00f3n, especialmente en los estratos medios que viran a la extrema derecha, pero tambi\u00e9n, despu\u00e9s del auxilio de emergencia, en sectores de las camadas populares y m\u00e1s pauperizadas.<\/span><\/p>\n<p style=\"text-align: justify;\"><span style=\"color: #000000;\">En tercer lugar,\u00a0 todav\u00eda pesa mucho en la conciencia de la clase trabajadora los efectos desmoralizadores de las derrotas acumuladas. En cuarto lugar, pero no menos importante, la fragilidad de las alternativas a Bolsonaro. El PT tuvo un atractivo entre el fin de la dictadura y la elecci\u00f3n de Lula en 2002, pero perdi\u00f3 su encanto. Despu\u00e9s de trece a\u00f1os, el desgaste\u00a0 y la desconfianza en el PT fueron vertiginosos. El PT sigue siendo el mayor partido de la izquierda, pero ha perdido autoridad. Es cierto que hay que tener en cuenta que los \u00faltimos cinco a\u00f1os han sido amargos y, en comparaci\u00f3n, mucho peores. Pero tambi\u00e9n es cierto que estamos asistiendo a una transici\u00f3n generacional de izquierda que se expresa en el vigor de nuevos movimientos entre j\u00f3venes, negros y mujeres, y en el fortalecimiento del PSol. La izquierda tendr\u00e1 que luchar duro para ganar el liderazgo de la oposici\u00f3n. PT y Lula ya no son atractivos, y el PSol todav\u00eda parece inmaduro para el ejercicio del poder. Finalmente, otro factor es la propia pandemia. Ella asusta e incide, al mismo tiempo, como raz\u00f3n de un creciente descontento y malestar social, adem\u00e1s impone la limitaci\u00f3n sanitaria de la movilizaci\u00f3n social y popular por el peligro del contagio.<\/span><\/p>\n<p style=\"text-align: justify;\"><span style=\"color: #000000;\">Resumen de la \u00f3pera; las condiciones objetivas para derrotar al gobierno de extrema derecha est\u00e1n madurando, lentamente, sin embargo, m\u00e1s r\u00e1pido que las subjetivas. El gobierno podr\u00e1 ser desafiado por movilizaciones de masas a medida que las restricciones impuestas por la pandemia sean atenuadas. Si se mantienen las tendencias actuales de evoluci\u00f3n, Bolsonaro deber\u00eda conseguir un lugar en el segundo turno. No es posible predecir si perdi\u00f3 o no su condici\u00f3n de favorito para la reelecci\u00f3n. No est\u00e1 descartado que el proceso de vacunaci\u00f3n se acelere, que la normalizaci\u00f3n econ\u00f3mica ocurra simult\u00e1neamente, o que la nueva ayuda de emergencia ofrezca alg\u00fan grado de protecci\u00f3n social, y que surja una sensaci\u00f3n de alivio al final de este a\u00f1o. Por tanto, no es posible alguna proyecci\u00f3n sobre el resultado de las elecciones de 2022. Tan lejos y tan cerca. Todo est\u00e1 en disputa.<\/span><\/p>\n<p style=\"text-align: justify;\"><span style=\"color: #000000;\"><strong>* Valerio Arcary<\/strong>,\u00a0 miembro de la coordinaci\u00f3n nacional de Resistencia, tendencia interna del PSOL (Partido Socialismo y Libertad). Historiador y profesor jubilado del IFSP (Instituto Federal de Educaci\u00f3n, Ciencia y Tecnolog\u00eda).<\/span><\/p>\n<p><span style=\"color: #000000;\"><u>Nota<\/u><\/span><\/p>\n","protected":false},"excerpt":{"rendered":"<p>Ninguna sociedad se sumerge en el precipicio de la decadencia hist\u00f3rica sin reacci\u00f3n, sin lucha, sin agitaci\u00f3n social.<\/p>\n","protected":false},"author":102520410,"featured_media":17422,"comment_status":"closed","ping_status":"closed","sticky":false,"template":"","format":"standard","meta":{"_coblocks_attr":"","_coblocks_dimensions":"","_coblocks_responsive_height":"","_coblocks_accordion_ie_support":"","_crdt_document":"","advanced_seo_description":"","jetpack_seo_html_title":"","jetpack_seo_noindex":false,"_jetpack_newsletter_access":"","_jetpack_dont_email_post_to_subs":false,"_jetpack_newsletter_tier_id":0,"_jetpack_memberships_contains_paywalled_content":false,"_jetpack_memberships_contains_paid_content":false,"footnotes":"","jetpack_post_was_ever_published":false},"categories":[],"tags":[17212,703605893,184861754,703605325,703605853,703605055,703604963,703605295],"class_list":{"0":"post-17416","1":"post","2":"type-post","3":"status-publish","4":"format-standard","5":"has-post-thumbnail","6":"hentry","7":"tag-america-latina","8":"tag-bernardo-bertolucci","9":"tag-black-lives-matter","10":"tag-extrema-derecha","11":"tag-lava-jato","12":"tag-lula","13":"tag-pandemia","14":"tag-pt","16":"fallback-thumbnail"},"jetpack_featured_media_url":"https:\/\/i0.wp.com\/correspondenciadeprensa.com\/wp-content\/uploads\/2021\/03\/Brasil1403-504070040-1615758850172.jpg?fit=800%2C465&ssl=1","jetpack_likes_enabled":false,"jetpack_sharing_enabled":true,"jetpack_shortlink":"https:\/\/wp.me\/p7lt2C-4wU","amp_enabled":true,"_links":{"self":[{"href":"https:\/\/correspondenciadeprensa.com\/index.php?rest_route=\/wp\/v2\/posts\/17416","targetHints":{"allow":["GET"]}}],"collection":[{"href":"https:\/\/correspondenciadeprensa.com\/index.php?rest_route=\/wp\/v2\/posts"}],"about":[{"href":"https:\/\/correspondenciadeprensa.com\/index.php?rest_route=\/wp\/v2\/types\/post"}],"author":[{"embeddable":true,"href":"https:\/\/correspondenciadeprensa.com\/index.php?rest_route=\/wp\/v2\/users\/102520410"}],"replies":[{"embeddable":true,"href":"https:\/\/correspondenciadeprensa.com\/index.php?rest_route=%2Fwp%2Fv2%2Fcomments&post=17416"}],"version-history":[{"count":6,"href":"https:\/\/correspondenciadeprensa.com\/index.php?rest_route=\/wp\/v2\/posts\/17416\/revisions"}],"predecessor-version":[{"id":17423,"href":"https:\/\/correspondenciadeprensa.com\/index.php?rest_route=\/wp\/v2\/posts\/17416\/revisions\/17423"}],"wp:featuredmedia":[{"embeddable":true,"href":"https:\/\/correspondenciadeprensa.com\/index.php?rest_route=\/wp\/v2\/media\/17422"}],"wp:attachment":[{"href":"https:\/\/correspondenciadeprensa.com\/index.php?rest_route=%2Fwp%2Fv2%2Fmedia&parent=17416"}],"wp:term":[{"taxonomy":"category","embeddable":true,"href":"https:\/\/correspondenciadeprensa.com\/index.php?rest_route=%2Fwp%2Fv2%2Fcategories&post=17416"},{"taxonomy":"post_tag","embeddable":true,"href":"https:\/\/correspondenciadeprensa.com\/index.php?rest_route=%2Fwp%2Fv2%2Ftags&post=17416"}],"curies":[{"name":"wp","href":"https:\/\/api.w.org\/{rel}","templated":true}]}}