{"id":17175,"date":"2021-03-05T19:58:16","date_gmt":"2021-03-05T18:58:16","guid":{"rendered":"https:\/\/correspondenciadeprensa.com\/?p=17175"},"modified":"2021-03-05T19:58:16","modified_gmt":"2021-03-05T18:58:16","slug":"uruguay-mujeres-en-situacion-de-calle-yo-tengo-algun-derecho-en-algun-lugar-azul-cordo","status":"publish","type":"post","link":"https:\/\/correspondenciadeprensa.com\/?p=17175","title":{"rendered":"Uruguay &#8211; Mujeres en situaci\u00f3n de calle. Yo tengo alg\u00fan derecho en alg\u00fan lugar. [Azul Cordo]"},"content":{"rendered":"<p><span style=\"color: #000000;\"><strong>Tener como techo el cielo implica m\u00e1s riesgos para las mujeres y las personas trans que para los varones. Si se concretan los refugios mixtos que propone el Ministerio de Desarrollo Social, tampoco all\u00ed estar\u00e1n a salvo.<\/strong><\/span><\/p>\n<p><span style=\"color: #000000;\"><strong><a href=\"https:\/\/brecha.com.uy\/\">Brecha<\/a>, 5-3-2021 <\/strong><\/span><\/p>\n<p><span style=\"color: #000000;\"><strong><a href=\"https:\/\/correspondenciadeprensa.com\/\">Correspondencia de Prensa<\/a>, 5-3-2021<\/strong><\/span><\/p>\n<p style=\"text-align: justify;\"><span style=\"color: #000000;\">Son las 8.30 del s\u00e1bado. El sol fuerte de febrero se levanta sobre Cord\u00f3n. Gabi sale del refugio, como sus compa\u00f1eras, caminando lento. Carga una mochila peque\u00f1a, una bolsa con ropa de abrigo y alguna que otra pilcha m\u00e1s; otras, una cartera, papeles de su vida, carpetas y una foto carnet del hijo en la billetera vac\u00eda. Mate en mano, termo atajado con el antebrazo contra el pecho y un refuerzo de jam\u00f3n y queso: el desayuno. No hay apuro. Hay todo un d\u00eda por delante.<\/span><\/p>\n<p style=\"text-align: justify;\"><span style=\"color: #000000;\">Gabi, como la mayor\u00eda de sus compa\u00f1eras, est\u00e1 preocupada porque el equipo del refugio le avis\u00f3 que los nuevos planes para personas en situaci\u00f3n de calle en el Ministerio de Desarrollo Social (MIDES) incluyen la creaci\u00f3n de centros nocturnos para mayores de 18 a\u00f1os donde varones, mujeres y personas trans convivir\u00edan.<\/span><\/p>\n<p style=\"text-align: justify;\"><span style=\"color: #000000;\">\u2014Estamos todas desocupadas, por eso estamos en la calle \u2013dice sentada en el refil\u00f3n de la entrada a un comercio que todav\u00eda est\u00e1 cerrado, al lado del refugio en la calle Cassinoni\u2013. Al no tener buena presencia, no puedo conseguir trabajo. Como no podemos trabajar, todas dijimos: \u00abVamos a estudiar\u00bb.<\/span><\/p>\n<p style=\"text-align: justify;\"><span style=\"color: #000000;\">Seg\u00fan los \u00faltimos datos del MIDES, compartidos el jueves 25 de febrero por el ministro Pablo Bartol y su equipo en la Comisi\u00f3n Especial de Poblaci\u00f3n y Desarrollo de la C\u00e1mara de Diputados, a la que fueron convocados para hablar espec\u00edficamente de la atenci\u00f3n a personas en situaci\u00f3n de calle, la mitad de esta poblaci\u00f3n vive a la intemperie o en refugios debido a la \u00abruptura de v\u00ednculos\u00bb. Al escuchar los testimonios de mujeres y personas trans, esto se traduce en quedar en la calle por haber sufrido violencia de g\u00e9nero en sus distintas versiones (f\u00edsica, psicol\u00f3gica, patrimonial, econ\u00f3mica) durante a\u00f1os, hasta haberse hartado, hasta haberse ido del hogar para no ser violadas una vez m\u00e1s, para evitar ser asesinadas. Volver a vivir con hombres les significa riesgo, amenaza, revictimizaci\u00f3n.<\/span><\/p>\n<p style=\"text-align: justify;\"><span style=\"color: #000000;\">\u2014Yo ten\u00eda una casa. Diecisiete a\u00f1os estuvimos casados, pero se puso loco. El tipo es un bandido. Primero pon\u00eda candado en la tranquera para que no saliera, despu\u00e9s me ech\u00f3 de mi casa y meti\u00f3 a un hijo que no tuvo conmigo. Yo termin\u00e9 ac\u00e1. Mi hijo estuvo dos a\u00f1os en un hogar, pero ya sali\u00f3 porque tiene 18 y se fue a vivir con otra gurisa del hogar que tiene dos hijos, pero no son de \u00e9l. Es un asentamiento, est\u00e1 bien, pero yo compr\u00e9 la casa. \u00c9l tiene una pensi\u00f3n y un sueldo. Yo, nada. \u00bfD\u00f3nde estar\u00e1n los papeles? \u2013se pregunta Mar\u00eda Julia.<\/span><\/p>\n<p style=\"text-align: justify;\"><span style=\"color: #000000;\">\u2014Las que vivimos violencia sabemos que no se supera: siguen imponiendo su fuerza \u2013dice Olga, de 62 a\u00f1os, que termin\u00f3 de desayunar en el refugio y se suma brevemente a la improvisada entrevista en la vereda antes de seguir su camino con una amiga hacia el centro diurno para adultos mayores, donde asiste a talleres y se mantiene ocupada durante media jornada.<\/span><\/p>\n<p style=\"text-align: justify;\"><span style=\"color: #000000;\">El s\u00e1bado es quiz\u00e1s el d\u00eda m\u00e1s dif\u00edcil para estar en la calle: los comedores del Instituto Nacional de Alimentaci\u00f3n est\u00e1n cerrados (son pocos, muchos quedan lejos de los refugios y el ambiente no siempre es el mejor) y se estrechan las chances de acceder a los ba\u00f1os de distintas instituciones que durante la semana est\u00e1n abiertas. Los centros diurnos reciben a personas que, como Olga y su amiga, ya tienen m\u00e1s de 60 a\u00f1os, pero no son de libre acceso: ingresan quienes fueron \u00abderivadas\u00bb por el equipo del refugio. El resto camina por la ciudad, busca un rinc\u00f3n, tiene alg\u00fan ba\u00f1o predilecto (el del Pereira Rossell, el del Parque Rod\u00f3, el de la helader\u00eda de la vuelta).<\/span><\/p>\n<p style=\"text-align: justify;\"><span style=\"color: #000000;\">\u2014Estamos obligadas a vivir por la calle y eso te lleva a situaciones como playa, alcohol y droga \u2013sigue Gabi.<\/span><\/p>\n<p style=\"text-align: justify;\"><span style=\"color: #000000;\">Para estar limpia la calle es jodida. La hora m\u00e1s cr\u00edtica es la madrugada. A nuestro alrededor se arma un semic\u00edrculo de mujeres y trans. Son casi las \u00faltimas en salir del refugio antes de que cierre, a las 21.00.<\/span><\/p>\n<p style=\"text-align: justify;\"><span style=\"color: #000000;\">A comienzos de la semana pasada, este grupo de mujeres en situaci\u00f3n de calle dirigi\u00f3 una carta a la Comisi\u00f3n de Derechos Humanos del Parlamento para dar a conocer su \u00absorpresa y preocupaci\u00f3n\u00bb por los cambios en la forma de gestionar y conformar una poblaci\u00f3n mixta en cada refugio en las futuras licitaciones. \u00abCreemos que nos afectan y vulneran nuestros derechos, tan claramente conseguidos\u00bb, dice el papel.<\/span><\/p>\n<p style=\"text-align: justify;\"><span style=\"color: #000000;\">A esto se sum\u00f3 un comunicado de Feminitep (grupo de mujeres y disidencias que participan del colectivo de personas en situaci\u00f3n de calle Ni Todo Est\u00e1 Perdido) en el que comparten la preocupaci\u00f3n y afirman que, \u00aben caso de que s\u00f3lo hubiera refugios mixtos, estos no contemplar\u00edan a mujeres y disidencias que manifiestan sentirse amenazadas en su integridad f\u00edsica, ps\u00edquica y emocional si tuvieran que convivir con varones de forma involuntaria\u00bb. Este comunicado hace hincapi\u00e9 en que, adem\u00e1s de asegurar un plato de comida, un ba\u00f1o y una cama, \u00ablos refugios deber\u00edan ser un lugar de acogida para no estar en la calle expuestas a las violencias intr\u00ednsecas\u00bb. \u00abSi los espacios para convivir propuestos desde el Estado son s\u00f3lo mixtos, se potencia el terreno f\u00e9rtil para la violencia de g\u00e9nero, la transfobia, la misoginia, el acoso, los abusos\u00bb, agrega.<\/span><\/p>\n<p style=\"text-align: justify;\"><span style=\"color: #000000;\">Esta preocupaci\u00f3n de las usuarias por la conformaci\u00f3n de refugios mixtos y el presunto cierre de los refugios de mujeres fue transmitida a Bartol por la diputada Cecilia Cairo (Frente Amplio) en la Comisi\u00f3n Especial de Poblaci\u00f3n y Desarrollo. El ministro respondi\u00f3 que ya hay refugios mixtos. Lo ejemplific\u00f3 con el Instituto Artigas, donde \u00abhay hombres, mujeres, personas trans\u00bb, y con otros refugios: \u00abComo el que tenemos en Sayago, donde viven cerca de 80 personas\u00bb. Dijo que estas experiencias son \u00abun ensayo\u00bb y que \u00abhasta el momento la evaluaci\u00f3n es muy positiva por parte de todos los equipos de acompa\u00f1amiento\u00bb, seg\u00fan consta en la versi\u00f3n taquigr\u00e1fica de la sesi\u00f3n. Sin embargo, el Instituto Artigas no es un refugio, sino el sistema de viviendas autogestionadas para 48 personas en situaci\u00f3n de calle inaugurado el 1 de octubre en Camino Maldonado. Son contenedores donde se convive de a dos personas \u00abpara ganar autonom\u00eda\u00bb y donde se espera que estas vivan hasta dos a\u00f1os, mientras consiguen una vivienda definitiva, explic\u00f3 Bartol en aquel momento. La otra experiencia mixta referida abarca a personas mayores, que suelen tener menos conflictos en la convivencia.<\/span><\/p>\n<p style=\"text-align: justify;\"><span style=\"color: #000000;\">Las usuarias de refugios nocturnos dicen que esto no es comparable a la nueva propuesta. El llamado realizado a fines de enero informa a las organizaciones interesadas en gestionar que ser\u00e1n centros nocturnos para mayores de 18 a\u00f1os y que cada uno deber\u00e1 tener una capacidad m\u00e1xima de 24 cupos, 20 habilitados y cuatro de contingencia, para prever el aumento de usuarios en invierno. El 80 por ciento de esos 20 cupos es para varones y el 20 restante, para mujeres. O sea, cada refugio alojar\u00eda a 16 varones y cuatro mujeres.<\/span><\/p>\n<p style=\"text-align: justify;\"><span style=\"color: #000000;\">\u2014No est\u00e1n pensando en la calidad del servicio, no est\u00e1n visualizando que si compartimos refugio, podemos ser violentadas. El patriarcado no es s\u00f3lo que nos maten: es tambi\u00e9n el macho que domina. Imaginate que te impongan convivir con 16 hombres. El Estado nos est\u00e1 imponiendo eso \u2013argumenta Nicole, una mujer trans de 30 a\u00f1os, alta, morocha, de voz segura, que recibe al semanario en la puerta de Cassinoni y recita de memoria un poema pintado en el muro del pasillo de esta casa, unos versos que su t\u00eda Mercedes le regal\u00f3 en la ni\u00f1ez\u2013. Sin los dem\u00e1s, la vida, el amor y la felicidad son una utop\u00eda. Estamos enlazados unos con otros mediante infinidad de hilos. Una vida depende de otra vida y ninguna se desarrolla sin los dem\u00e1s.<\/span><\/p>\n<p style=\"text-align: justify;\"><span style=\"color: #000000;\">Si bien bajar\u00eda la cantidad de personas por refugio, de un promedio de 30 a un promedio de 20, causa alarma entre las usuarias y las trabajadoras la sobrecarga que podr\u00eda implicar para los equipos de coordinaci\u00f3n. El llamado establece que cada organizaci\u00f3n interesada en gestionar este nuevo modelo debe hacerse cargo de tres refugios y manejarlos con un \u00fanico equipo t\u00e9cnico (integrado por un coordinador, un psic\u00f3logo y un trabajador social); dos educadores quedar\u00edan a cargo de la gesti\u00f3n cotidiana de cada centro.<\/span><\/p>\n<p style=\"text-align: justify;\"><span style=\"color: #000000;\">Desde hace un a\u00f1o, luego de haberse separado de su marido, Olga duerme en centros nocturnos. Duerme tranquila, dentro de lo que se puede, entre mujeres.<\/span><\/p>\n<p style=\"text-align: justify;\"><span style=\"color: #000000;\">\u2014No podemos compartir refugios con hombres que est\u00e1n en la calle, porque la vulnerabilidad de su propio ser los vuelve peligrosos \u2013dice y se va.<\/span><\/p>\n<p style=\"text-align: justify;\"><span style=\"color: #000000;\">\u2014En 2010 me violaron en el refugio para hombres de Fern\u00e1ndez Crespo cuando fui al ba\u00f1o y me iba a duchar \u2013dice una usuaria trans\u2013. Yo no ten\u00eda las u\u00f1as largas; las ten\u00eda pintadas, como ahora. En un momento entraron tres, me vieron y uno me viol\u00f3 mientras otros dos hac\u00edan guardia por si ven\u00eda alguien.<\/span><\/p>\n<p style=\"text-align: justify;\"><span style=\"color: #000000;\">\u2014\u00a1Como en la c\u00e1rcel!<\/span><\/p>\n<p style=\"text-align: justify;\"><span style=\"color: #000000;\">\u2014\u00a1Peor! Ni en la c\u00e1rcel me pas\u00f3. Si tengo que compartir de nuevo refugio con hombres, prefiero volver a la calle.<\/span><\/p>\n<p style=\"text-align: justify;\"><span style=\"color: #000000;\">Ya bastante tienen que protegerse durante el d\u00eda. Dormir en la calle es recibir golpes en plena oscuridad.<\/span><\/p>\n<p style=\"text-align: justify;\"><span style=\"color: #000000;\">\u2014Ac\u00e1, alrededor del ojo, hematomas en el pecho, puntos en la frente \u2013enumera Elidiana, con un dejo de portu\u00f1ol en su acento.<\/span><\/p>\n<p style=\"text-align: justify;\"><span style=\"color: #000000;\">\u00abEs una propuesta. Estamos abiertos a que opinen\u00bb, dijo la directora de Protecci\u00f3n Social del MIDES, Fernanda Auersperg, a Brecha, en respuesta a las cr\u00edticas de las usuarias. Aclar\u00f3 que al menos mantendr\u00edan \u00abun refugio cien por ciento de mujeres\u00bb y consider\u00f3 que el nuevo modelo respeta la proporci\u00f3n de mujeres en situaci\u00f3n de calle que vive en refugios.(1) Los varones representan ocho de cada diez personas en refugios o centros de acogida y nueve de cada diez que duermen a la intemperie. \u00abEsta cifra est\u00e1 conformada mayormente por varones en edades j\u00f3venes-adultas, y hay una sobrerrepresentaci\u00f3n de la poblaci\u00f3n afro, ind\u00edgena y trans\u00bb, dijo la funcionaria en la C\u00e1mara de Diputados.<\/span><\/p>\n<p style=\"text-align: justify;\"><span style=\"color: #000000;\">\u2014Nos tratan como a un n\u00famero \u2013contin\u00faa Nicole, indignada.<\/span><\/p>\n<p style=\"text-align: justify;\"><span style=\"color: #000000;\">Hace al menos un a\u00f1o que est\u00e1 en este refugio. Cuando se sinti\u00f3 bien, despu\u00e9s de \u00abtoda una vida de prostituci\u00f3n\u00bb, prob\u00f3 salir del centro, pero no se acostumbr\u00f3 y volvi\u00f3 a refugiarse para estar mejor, para no volver al trabajo sexual, porque sab\u00eda que pod\u00eda y quer\u00eda otra cosa. Lo consigui\u00f3: hoy trabaja en el programa de barrido de la Intendencia de Montevideo.<\/span><\/p>\n<p style=\"text-align: justify;\"><span style=\"color: #000000;\">\u2014Ac\u00e1 estoy supercuidada, superacompa\u00f1ada, y necesito un tiempito m\u00e1s para animarme a encarar sola la vida afuera \u2013expresa.<\/span><\/p>\n<p style=\"text-align: justify;\"><span style=\"color: #000000;\">La licitaci\u00f3n para crear 36 refugios mixtos se har\u00e1 en los pr\u00f3ximos meses para que el nuevo modelo comience a funcionar en enero de 2022, aclar\u00f3 Auersperg a Brecha.<\/span><\/p>\n<p style=\"text-align: justify; padding-left: 40px;\"><span style=\"color: #000000;\"><strong>Mientras tanto<\/strong><\/span><\/p>\n<p style=\"text-align: justify;\"><span style=\"color: #000000;\">\u2014No tengo noci\u00f3n del d\u00eda. No tengo un plan. Hace diez a\u00f1os llegu\u00e9 desde Brasil, hu\u00e9rfana, abandonada por mi madre adoptiva. La abuela que me crio se muri\u00f3 cuando yo ten\u00eda 14 y fui violada. Me vine para ac\u00e1 y me cas\u00e9, pero mi marido me maltrataba, y hace cinco a\u00f1os me separ\u00e9. \u00c9l se qued\u00f3 con todo en la casa de Punta de Rieles. Durante el d\u00eda salgo. No s\u00e9 qu\u00e9 buscar. La esperanza que tengo es encontrar un trabajo. No hablo mucho porque no me entienden. Fui trabajadora dom\u00e9stica en Pocitos, hice algo de gastronom\u00eda, pero no termin\u00e9 los estudios porque son muy caros. Puedo cortar el pasto, limpiar ba\u00f1os. No vivo de sue\u00f1os \u2013dice Elidiana. Tiene 39 a\u00f1os y se ha quedado un rato m\u00e1s charlando con Rub\u00ed, Gabi y Mar\u00eda Julia.<\/span><\/p>\n<p style=\"text-align: justify;\"><span style=\"color: #000000;\">Gabi lleg\u00f3 a Cassinoni tras ser derivada de un refugio en Pando, donde estaba desde que perdi\u00f3 su trabajo como cuidadora de ancianos apenas comenz\u00f3 la pandemia.<\/span><\/p>\n<p style=\"text-align: justify;\"><span style=\"color: #000000;\">\u2014Perd\u00ed ese trabajo y no pod\u00eda pagar la pensi\u00f3n donde viv\u00eda. Cuando vi que ya no se mov\u00eda nada, me derivaron para ac\u00e1.<\/span><\/p>\n<p style=\"text-align: justify;\"><span style=\"color: #000000;\">Ella es parte del 21 por ciento que actualmente est\u00e1 en la calle por haber perdido el empleo y del 48 por ciento de esta poblaci\u00f3n (in)visible desde hace menos de un a\u00f1o, siguiendo los datos que present\u00f3 Bartol hace una semana.<\/span><\/p>\n<p style=\"text-align: justify;\"><span style=\"color: #000000;\">En el Parlamento, Auersperg detall\u00f3 que en Montevideo el 66 por ciento de las personas que se encuentran a la intemperie tienen alg\u00fan tipo de trabajo; menos del 1 por ciento est\u00e1 formalizado: \u00abLos trabajos m\u00e1s comunes son el cuidado, el lavado de autos, la venta de art\u00edculos en ferias o en puestos callejeros, la carga y la descarga de materiales, las tareas de limpieza en hogares\u00bb.<\/span><\/p>\n<p style=\"text-align: justify;\"><span style=\"color: #000000;\">\u2014Hace diez a\u00f1os que estoy sin trabajo \u2013cuenta Rub\u00ed, de 60 a\u00f1os\u2013. No te toman si pon\u00e9s en el curr\u00edculum que viv\u00eds en un refugio. No me puedo anotar en algunos llamados porque tengo el liceo terminado. Limpio mejor que muchas, pero no me contratan porque no tengo el curso que lo certifique. Fui cuidacoches, pero no saqu\u00e9 mucha plata por d\u00eda porque no iba a las bocas. Compr\u00e9 un carro de supermercado por 400 pesos para hacer tortas fritas, pero lo tengo guardado porque con este calor qui\u00e9n te compra.<\/span><\/p>\n<p style=\"text-align: justify;\"><span style=\"color: #000000;\">Llega el due\u00f1o del comercio a levantar la persiana. No nos echa, pero igual nos vamos a la vuelta, al descanso de un edificio. Rub\u00ed se queda pensando en la casa que tuvo, en sus hijos:<\/span><\/p>\n<p style=\"text-align: justify;\"><span style=\"color: #000000;\">\u2014Me cans\u00e9. Es como que todas las cosas m\u00edas quedaron mal \u2013dice y mueve las manos como colocando estrellas en el cielo, ac\u00e1 y all\u00e1\u2013. Yo tengo alg\u00fan derecho en alg\u00fan lugar.<\/span><\/p>\n<p style=\"text-align: justify;\"><span style=\"color: #000000;\">Este 8M, las mujeres y las personas trans en situaci\u00f3n de calle se suman a la movilizaci\u00f3n por el centro de la ciudad. \u00abNo a la desaparici\u00f3n de refugios femeninos. No a la precarizaci\u00f3n de nuestras vidas\u00bb ser\u00e1 su consigna.<\/span><\/p>\n<p style=\"text-align: justify;\"><span style=\"color: #000000;\"><strong><u>Nota <\/u><\/strong><\/span><\/p>\n<p style=\"text-align: justify;\"><span style=\"color: #000000;\">1) Se mantendr\u00eda ese refugio exclusivo, adem\u00e1s de los centros para mujeres con ni\u00f1os a cargo (831 mujeres con hijos estaban en esta situaci\u00f3n en julio de 2020).<\/span><\/p>\n<p style=\"text-align: center;\"><span style=\"color: #000000;\">****<\/span><\/p>\n<p style=\"text-align: justify;\"><span style=\"color: #000000;\"><strong>Setenta por ciento m\u00e1s<\/strong><\/span><\/p>\n<p style=\"text-align: justify;\"><span style=\"color: #000000;\">A consecuencia de la crisis, conseguir un lugar en un refugio en forma permanente es algo cada vez m\u00e1s codiciado. Entre las mujeres que los buscan hay limpiadoras, cuidadoras, profesoras. Ocupan camas en refugios nocturnos junto a expresas, pacientes psiqui\u00e1tricas, egresadas del Instituto del Ni\u00f1o y Adolescente del Uruguay, trabajadoras sexuales.<\/span><\/p>\n<p style=\"text-align: justify;\"><span style=\"color: #000000;\">Hay datos recientes sobre las personas en situaci\u00f3n de calle. De 2019 hay datos de Montevideo: eran 2.038 personas, de las cuales 1.043 pernoctaban a la intemperie y 995 en refugios (entre varones y mujeres). De 2020, datos nacionales: para julio esa poblaci\u00f3n era de 3.917 personas en todo el pa\u00eds: 2.830 en centros de atenci\u00f3n y 1.087 a la intemperie. En Montevideo el n\u00famero de personas en situaci\u00f3n de calle hab\u00eda aumentado un 70 por ciento: eran 3.466.<\/span><\/p>\n","protected":false},"excerpt":{"rendered":"<p>Tener como techo el cielo implica m\u00e1s riesgos para las mujeres y las personas trans que para los varones. Si se concretan los refugios mixtos que propone el Ministerio de Desarrollo Social, tampoco all\u00ed estar\u00e1n a salvo.<\/p>\n","protected":false},"author":102520410,"featured_media":17182,"comment_status":"closed","ping_status":"closed","sticky":false,"template":"","format":"standard","meta":{"_coblocks_attr":"","_coblocks_dimensions":"","_coblocks_responsive_height":"","_coblocks_accordion_ie_support":"","advanced_seo_description":"","jetpack_seo_html_title":"","jetpack_seo_noindex":false,"jetpack_seo_schema_type":"","_jetpack_newsletter_access":"","_jetpack_dont_email_post_to_subs":false,"_jetpack_newsletter_tier_id":0,"_jetpack_memberships_contains_paywalled_content":false,"_wpcom_ai_launchpad_first_post":false,"_jetpack_feature_clip_id":0,"_jetpack_memberships_contains_paid_content":false,"footnotes":"","jetpack_post_was_ever_published":false},"categories":[14037,12693],"tags":[703604914,17212,703604922,703605769,703605686,703605035,703605767,703605768,703605132],"class_list":["post-17175","post","type-post","status-publish","format-standard","has-post-thumbnail","hentry","category-mujeres","category-uruguay","tag-alimentacion","tag-america-latina","tag-desempleo","tag-higiene","tag-mides","tag-salud","tag-situacion-de-calle","tag-techo","tag-vivienda","fallback-thumbnail"],"jetpack_likes_enabled":false,"jetpack_sharing_enabled":true,"jetpack_shortlink":"https:\/\/wp.me\/p7lt2C-4t1","amp_enabled":true,"jetpack_featured_media_url":"https:\/\/i0.wp.com\/correspondenciadeprensa.com\/wp-content\/uploads\/2021\/03\/Uruguay0503-3421475813-1614970651713.jpg?fit=1200%2C653&ssl=1","_links":{"self":[{"href":"https:\/\/correspondenciadeprensa.com\/index.php?rest_route=\/wp\/v2\/posts\/17175","targetHints":{"allow":["GET"]}}],"collection":[{"href":"https:\/\/correspondenciadeprensa.com\/index.php?rest_route=\/wp\/v2\/posts"}],"about":[{"href":"https:\/\/correspondenciadeprensa.com\/index.php?rest_route=\/wp\/v2\/types\/post"}],"author":[{"embeddable":true,"href":"https:\/\/correspondenciadeprensa.com\/index.php?rest_route=\/wp\/v2\/users\/102520410"}],"replies":[{"embeddable":true,"href":"https:\/\/correspondenciadeprensa.com\/index.php?rest_route=%2Fwp%2Fv2%2Fcomments&post=17175"}],"version-history":[{"count":7,"href":"https:\/\/correspondenciadeprensa.com\/index.php?rest_route=\/wp\/v2\/posts\/17175\/revisions"}],"predecessor-version":[{"id":17183,"href":"https:\/\/correspondenciadeprensa.com\/index.php?rest_route=\/wp\/v2\/posts\/17175\/revisions\/17183"}],"wp:featuredmedia":[{"embeddable":true,"href":"https:\/\/correspondenciadeprensa.com\/index.php?rest_route=\/wp\/v2\/media\/17182"}],"wp:attachment":[{"href":"https:\/\/correspondenciadeprensa.com\/index.php?rest_route=%2Fwp%2Fv2%2Fmedia&parent=17175"}],"wp:term":[{"taxonomy":"category","embeddable":true,"href":"https:\/\/correspondenciadeprensa.com\/index.php?rest_route=%2Fwp%2Fv2%2Fcategories&post=17175"},{"taxonomy":"post_tag","embeddable":true,"href":"https:\/\/correspondenciadeprensa.com\/index.php?rest_route=%2Fwp%2Fv2%2Ftags&post=17175"}],"curies":[{"name":"wp","href":"https:\/\/api.w.org\/{rel}","templated":true}]}}