{"id":1578,"date":"2017-03-08T15:30:13","date_gmt":"2017-03-08T15:30:13","guid":{"rendered":"https:\/\/correspondenciadeprensa.com\/?p=1578"},"modified":"2017-03-08T15:30:13","modified_gmt":"2017-03-08T15:30:13","slug":"8-de-marzo-nuestras-razones-para-apoyar-el-paro-internacional-de-mujeres","status":"publish","type":"post","link":"https:\/\/correspondenciadeprensa.com\/?p=1578","title":{"rendered":"8 de marzo: Nuestras razones para apoyar el paro internacional de mujeres"},"content":{"rendered":"<p><strong>8 de marzo<\/strong><\/p>\n<p><strong>Paro internacional de mujeres:\u00a0<\/strong><strong>Nuestras razones para apoyarlo <\/strong><\/p>\n<p><strong>Isabel Koifmann *<\/strong><\/p>\n<p><strong>Montevideo, 6-2-2017<\/strong><\/p>\n<p>Desde distintas organizaciones y diversos colectivos feministas a nivel internacional y en particular con mucha fuerza desde los colectivos # NI UNA MENOS de la Argentina, se ha lanzado la convocatoria a un paro de mujeres en todo el mundo el 8 de marzo, en coincidencia con el D\u00eda Internacional de la Mujer.<\/p>\n<p>Se trata de una jornada de lucha a nivel mundial que pone de manifiesto las desigualdades en derechos y oportunidades, que a pesar de las conquistas alcanzadas en el correr del siglo XX, siguen caracterizando la vida de las mujeres en el orden social del capital: mercantil patriarcal.<\/p>\n<p>Se trata de una jornada de lucha que evidencia y denuncia este sistema explotador, ladr\u00f3n de derechos, donde la opresi\u00f3n machista, pone en tela de juicio todas las conquistas alcanzadas, y cuando no lo son se las disfraza de \u201cnuevos derechos\u201d como si la que la opresi\u00f3n y discriminaci\u00f3n de g\u00e9nero fueran cosas de un pasado oscuro.<\/p>\n<p>No obstante, sabemos que la historia del capitalismo, desde sus or\u00edgenes, se forj\u00f3, como lo afirma la magistral obra de Silvia Federici, en \u201cuna poderosa din\u00e1mica de expropiaci\u00f3n social dirigida sobre el cuerpo, los saberes y la reproducci\u00f3n de las mujeres\u201d. (Calib\u00e1n y la bruja. Mujeres, cuerpo de acumulaci\u00f3n originaria, Tinta Lim\u00f3n, Buenos Aires, 2016)<\/p>\n<p>Se trata entonces, de una jornada de lucha internacional que en muchos lugares\u00a0 ha puesto sobre la mesa de discusi\u00f3n una plataforma reivindicativa de profundo contenido de anti \u2013 explotaci\u00f3n y anti \u2013 opresi\u00f3n. Anticapitalista. A saber: &#8211; la denuncia de la brecha salarial entre mujeres y varones &#8211; la lucha por el reconocimiento del trabajo no remunerado que realizan las mujeres en tareas dom\u00e9sticas y de cuidado, lo que implica que la jornada laboral de las mujeres sea mucho m\u00e1s larga. \u2013 la reivindicaci\u00f3n del derecho a decidir sobre su cuerpo, sobre su sexualidad y el derecho al aborto libre. En, fin, la denuncia de que la violencia econ\u00f3mica aumenta la vulnerabilidad de las mujeres ante la violencia machista, cuyo extremo m\u00e1s aberrante es el femicidio.<\/p>\n<p>Lo dicho hasta ahora son muy buenas razones para apoyar un paro de mujeres tambi\u00e9n en Uruguay. Un paro total de las tareas que realizamos las mujeres tanto en el mercado laboral mal remunerado como en la vida dom\u00e9stica donde reproducimos y mantenemos la fuerza de trabajo que el sistema necesita o desprecia seg\u00fan sus reglas de rentabilidad.<\/p>\n<p>Creemos muy importante trabajar en la m\u00e1s amplia difusi\u00f3n de la medida en el entendido que un paro total de actividades de las mujeres pone en evidencia el rol que las mismas cumplimos en la sociedad y en el mercado laboral y evidencia como la sociedad toda se basa en la superexplotaci\u00f3n del trabajo femenino. Apoyamos el paro total de 24 horas de todas las mujeres y denunciamos, a la vez. las pol\u00edticas oportunistas de quienes recuerdan el feminismo el 8 de marzo para sacar alg\u00fan r\u00e9dito pol\u00edtico. Intentemos involucrar a todas las mujeres en la jornada de lucha sean asalariadas, precarizadas, desocupadas, expulsadas del \u201cmercado formal de trabajo\u201d, a todas las mujeres trabajadoras m\u00e1s all\u00e1 de la pertenecer o no a las organizaciones sindicales, oficialistas o clasistas. .<\/p>\n<p>Luchemos por:<\/p>\n<p>UN PARO DE MUJERES DE 24 HORAS EN TODAS SUS TAREAS.<\/p>\n<p>IGUALDAD DE OPORTUNIDADES<\/p>\n<p>POR EL DERECHO AL ABORTO\u00a0 Y EN REPUDIO A LA DECISI\u00d3N DE LA JUEZA DE MERCEDES PURA BOOK.<\/p>\n<p>CONTRA EL MACHISMO Y EL ESTEREOTIPO SOCIAL DE MUJER MERCANCIA.<\/p>\n<p>BASTA DE FEMICIDIOS.<\/p>\n<p>* Integra el Sindicato ECOS \u2013 Cooperativa Magisterial, y es militante de la Tendencia Clasista y Combativa (TCC)<\/p>\n","protected":false},"excerpt":{"rendered":"<p>Desde distintas organizaciones y diversos colectivos feministas a nivel internacional y en particular con mucha fuerza desde los colectivos # NI UNA MENOS de la Argentina, se ha lanzado la convocatoria a un paro de mujeres en todo el mundo el 8 de marzo, en coincidencia con el D\u00eda Internacional de la Mujer&#8230;<\/p>\n","protected":false},"author":102520410,"featured_media":0,"comment_status":"open","ping_status":"open","sticky":false,"template":"","format":"aside","meta":{"_coblocks_attr":"","_coblocks_dimensions":"","_coblocks_responsive_height":"","_coblocks_accordion_ie_support":"","advanced_seo_description":"","jetpack_seo_html_title":"","jetpack_seo_noindex":false,"jetpack_seo_schema_type":"","_jetpack_newsletter_access":"","_jetpack_dont_email_post_to_subs":false,"_jetpack_newsletter_tier_id":0,"_jetpack_memberships_contains_paywalled_content":false,"_wpcom_ai_launchpad_first_post":false,"_jetpack_feature_clip_id":0,"_jetpack_memberships_contains_paid_content":false,"footnotes":"","jetpack_post_was_ever_published":false},"categories":[14037,12693],"tags":[17212,817675,564464885,564464884],"class_list":["post-1578","post","type-post","status-publish","format-aside","hentry","category-mujeres","category-uruguay","tag-america-latina","tag-dia-internacional-de-la-mujer","tag-isabel-koifmann","tag-tendencia-clasista-y-combativa","post_format-post-format-aside"],"jetpack_likes_enabled":false,"jetpack_sharing_enabled":true,"jetpack_shortlink":"https:\/\/wp.me\/p7lt2C-ps","amp_enabled":true,"jetpack_featured_media_url":"","_links":{"self":[{"href":"https:\/\/correspondenciadeprensa.com\/index.php?rest_route=\/wp\/v2\/posts\/1578","targetHints":{"allow":["GET"]}}],"collection":[{"href":"https:\/\/correspondenciadeprensa.com\/index.php?rest_route=\/wp\/v2\/posts"}],"about":[{"href":"https:\/\/correspondenciadeprensa.com\/index.php?rest_route=\/wp\/v2\/types\/post"}],"author":[{"embeddable":true,"href":"https:\/\/correspondenciadeprensa.com\/index.php?rest_route=\/wp\/v2\/users\/102520410"}],"replies":[{"embeddable":true,"href":"https:\/\/correspondenciadeprensa.com\/index.php?rest_route=%2Fwp%2Fv2%2Fcomments&post=1578"}],"version-history":[{"count":3,"href":"https:\/\/correspondenciadeprensa.com\/index.php?rest_route=\/wp\/v2\/posts\/1578\/revisions"}],"predecessor-version":[{"id":1581,"href":"https:\/\/correspondenciadeprensa.com\/index.php?rest_route=\/wp\/v2\/posts\/1578\/revisions\/1581"}],"wp:attachment":[{"href":"https:\/\/correspondenciadeprensa.com\/index.php?rest_route=%2Fwp%2Fv2%2Fmedia&parent=1578"}],"wp:term":[{"taxonomy":"category","embeddable":true,"href":"https:\/\/correspondenciadeprensa.com\/index.php?rest_route=%2Fwp%2Fv2%2Fcategories&post=1578"},{"taxonomy":"post_tag","embeddable":true,"href":"https:\/\/correspondenciadeprensa.com\/index.php?rest_route=%2Fwp%2Fv2%2Ftags&post=1578"}],"curies":[{"name":"wp","href":"https:\/\/api.w.org\/{rel}","templated":true}]}}