{"id":1538,"date":"2017-03-02T13:44:25","date_gmt":"2017-03-02T13:44:25","guid":{"rendered":"https:\/\/correspondenciadeprensa.com\/?p=1538"},"modified":"2017-03-02T13:44:25","modified_gmt":"2017-03-02T13:44:25","slug":"ecuadordonde-esta-la-izquierda","status":"publish","type":"post","link":"https:\/\/correspondenciadeprensa.com\/?p=1538","title":{"rendered":"Ecuador:\u00bfD\u00f3nde est\u00e1 la izquierda?"},"content":{"rendered":"<p><strong>Ecuador: \u00bfD\u00f3nde est\u00e1 la izquierda? *<\/strong><\/p>\n<p><strong>Sebasti\u00e1n Vallejo<\/strong><\/p>\n<p><strong>Rebeli\u00f3n, 27-2-2017 <a href=\"http:\/\/www.rebelion.org\/\">http:\/\/www.rebelion.org\/<\/a><\/strong><\/p>\n<p>No es muy dif\u00edcil entender c\u00f3mo Len\u00edn Moreno obtuvo casi el 40% de los votos v\u00e1lidos. En la \u00faltima d\u00e9cada, la estabilidad de Alianza PAIS como movimiento y partido le ha permitido crear v\u00ednculos de identificaci\u00f3n con una base de votantes que los tendr\u00e1 por muchos a\u00f1os m\u00e1s. Los \u2018borregos\u2019, como los identifican aquellos que gritan \u2018democracia\u2019 mientras un ex Izquierda Democr\u00e1tica busca que Quito \u2018arda\u2019 a favor del representante pol\u00edtico de la oligarqu\u00eda financiera nacional. Somos, a la vez, un pa\u00eds con todav\u00eda marcadas y profundas desigualdades sociales donde el votante medio se beneficia de la redistribuci\u00f3n de la riqueza.<\/p>\n<p>Es decir, el votante medio es receptor neto de los impuestos que pagamos. La redistribuci\u00f3n que se ha logrado con el modelo desarrollista de los \u00faltimos a\u00f1os, buena o mala, limitada o amplia, sigue captando apoyo de aquellos que no son ni afiliados ni devotos, pero s\u00ed beneficiarios de las estructuras que antes no exist\u00edan y de los servicios que se han ampliado. Pero estas condiciones tienen un techo. Los esc\u00e1ndalos de corrupci\u00f3n, los l\u00edmites del modelo econ\u00f3mico, el distanciamiento y el hostigamiento a las bases sociales, y la severa incapacidad de autocr\u00edtica, son los obst\u00e1culos que los ha alienado de quienes deber\u00edan ser sus aliados naturales, y ha creado una brecha infranqueable con aquellos que est\u00e1n del otro lado. Con la segunda vuelta a dos meses, son muchos los espacios que debe ganar Moreno si quiere llevarse la Presidencia.<\/p>\n<p>En este escenario, lo que m\u00e1s llama la atenci\u00f3n es el rol de la izquierda. Y no hablo de Alianza PAIS, hace ya algunos a\u00f1os tirando hacia el centro. Hablo de la izquierda cr\u00edtica, de la izquierda de bases, de la izquierda intelectual, de los movimientos sociales, de los sindicatos, que no han logrado establecer un discurso com\u00fan propositivo y colectivo, que les permita recobrar ese espacio ideol\u00f3gico que ha dejado Alianza PAIS despu\u00e9s de 10 a\u00f1os de desarrollismo. Sorprende, o a lo mejor no, que Moncayo haya dejado a la suerte el voto de la Izquierda Democr\u00e1tica. Sorprende tambi\u00e9n que dirigentes del movimiento ind\u00edgena hayan tomado tan poco tiempo para hacer p\u00fablico su apoyo a Lasso.<\/p>\n<p>Una izquierda mejor organizada y propositiva ser\u00eda una izquierda capaz de recoger ese voto nulo y voto blanco al que deben hablar Lasso y Moreno, pero en el cual existe rechazo para los dos. Ser\u00eda una izquierda capaz de establecer una cr\u00edtica sustantiva a AP que la obligue a regresar, negociar, y replantearse el modelo y la pol\u00edtica que est\u00e1n llevando a cabo, y que por falta de esa izquierda se ha movido hacia la derecha. Y en este punto, esa izquierda organizada ser\u00eda el voto dirimente para la segunda vuelta. Es dif\u00edcil negociar con un gobierno que se ha mostrado m\u00e1s bien intransigente ante los condicionamientos pol\u00edticos. Las voces m\u00e1s cr\u00edticas dentro de Alianza PAIS han salido, mayormente, por el distanciamiento ideol\u00f3gico del proyecto original. Pero esto tambi\u00e9n es pol\u00edtica, y ahora hubiera sido cu\u00e1ndo.<\/p>\n<p>Pero esta no es tanto una cr\u00edtica para la izquierda desorganizada o lo que queda de la izquierda organizada. Al final, Alianza PAIS se tom\u00f3 esos espacios hace 10 a\u00f1os y su transici\u00f3n pol\u00edtica ha dejado mucha confusi\u00f3n. Esto es, m\u00e1s que nada, un llamado a la reflexi\u00f3n. Un llamado para evitar caer, tanto en esa posici\u00f3n donde toda cr\u00edtica a Alianza PAIS es hacerle el juego a la derecha, como en la peligrosa decisi\u00f3n de darle las riendas de este pa\u00eds al mejor representante de la burgues\u00eda financiera y del capital.<\/p>\n<p>En este punto, un llamado tard\u00edo, pero cuya reflexi\u00f3n ser\u00e1 importante para marcar el futuro, inevitable, de la batalla que nos espera los pr\u00f3ximos cuatro a\u00f1os.<\/p>\n<p>* Fuente: <a href=\"http:\/\/www.eltelegrafo.com.ec\/noticias\/columnistas\/1\/donde-esta-la-izquierda\">http:\/\/www.eltelegrafo.com.ec\/noticias\/columnistas\/1\/donde-esta-la-izquierda<\/a><\/p>\n","protected":false},"excerpt":{"rendered":"<p>No es muy dif\u00edcil entender c\u00f3mo Len\u00edn Moreno obtuvo casi el 40% de los votos v\u00e1lidos. En la \u00faltima d\u00e9cada, la estabilidad de Alianza PAIS como movimiento y partido le ha permitido crear v\u00ednculos de identificaci\u00f3n con una base de votantes que los tendr\u00e1 por muchos a\u00f1os m\u00e1s. Los \u2018borregos\u2019, como los identifican aquellos que gritan \u2018democracia\u2019 mientras un ex Izquierda Democr\u00e1tica busca que Quito \u2018arda\u2019 a favor del representante pol\u00edtico de la oligarqu\u00eda financiera nacional. Somos, a la vez, un pa\u00eds con todav\u00eda marcadas y profundas desigualdades sociales donde el votante medio se beneficia de la redistribuci\u00f3n de la riqueza&#8230;<\/p>\n","protected":false},"author":102520410,"featured_media":0,"comment_status":"open","ping_status":"open","sticky":false,"template":"","format":"aside","meta":{"_coblocks_attr":"","_coblocks_dimensions":"","_coblocks_responsive_height":"","_coblocks_accordion_ie_support":"","advanced_seo_description":"","jetpack_seo_html_title":"","jetpack_seo_noindex":false,"jetpack_seo_schema_type":"","_jetpack_newsletter_access":"","_jetpack_dont_email_post_to_subs":false,"_jetpack_newsletter_tier_id":0,"_jetpack_memberships_contains_paywalled_content":false,"_wpcom_ai_launchpad_first_post":false,"_jetpack_feature_clip_id":0,"_jetpack_memberships_contains_paid_content":false,"footnotes":"","jetpack_post_was_ever_published":false},"categories":[288368],"tags":[17212,1696190],"class_list":["post-1538","post","type-post","status-publish","format-aside","hentry","category-izquierda","tag-america-latina","tag-izquierda-democratica","post_format-post-format-aside"],"jetpack_likes_enabled":false,"jetpack_sharing_enabled":true,"jetpack_shortlink":"https:\/\/wp.me\/p7lt2C-oO","amp_enabled":true,"jetpack_featured_media_url":"","_links":{"self":[{"href":"https:\/\/correspondenciadeprensa.com\/index.php?rest_route=\/wp\/v2\/posts\/1538","targetHints":{"allow":["GET"]}}],"collection":[{"href":"https:\/\/correspondenciadeprensa.com\/index.php?rest_route=\/wp\/v2\/posts"}],"about":[{"href":"https:\/\/correspondenciadeprensa.com\/index.php?rest_route=\/wp\/v2\/types\/post"}],"author":[{"embeddable":true,"href":"https:\/\/correspondenciadeprensa.com\/index.php?rest_route=\/wp\/v2\/users\/102520410"}],"replies":[{"embeddable":true,"href":"https:\/\/correspondenciadeprensa.com\/index.php?rest_route=%2Fwp%2Fv2%2Fcomments&post=1538"}],"version-history":[{"count":4,"href":"https:\/\/correspondenciadeprensa.com\/index.php?rest_route=\/wp\/v2\/posts\/1538\/revisions"}],"predecessor-version":[{"id":1542,"href":"https:\/\/correspondenciadeprensa.com\/index.php?rest_route=\/wp\/v2\/posts\/1538\/revisions\/1542"}],"wp:attachment":[{"href":"https:\/\/correspondenciadeprensa.com\/index.php?rest_route=%2Fwp%2Fv2%2Fmedia&parent=1538"}],"wp:term":[{"taxonomy":"category","embeddable":true,"href":"https:\/\/correspondenciadeprensa.com\/index.php?rest_route=%2Fwp%2Fv2%2Fcategories&post=1538"},{"taxonomy":"post_tag","embeddable":true,"href":"https:\/\/correspondenciadeprensa.com\/index.php?rest_route=%2Fwp%2Fv2%2Ftags&post=1538"}],"curies":[{"name":"wp","href":"https:\/\/api.w.org\/{rel}","templated":true}]}}