{"id":14308,"date":"2020-09-30T21:21:56","date_gmt":"2020-09-30T19:21:56","guid":{"rendered":"https:\/\/correspondenciadeprensa.com\/?p=14308"},"modified":"2020-09-30T21:21:56","modified_gmt":"2020-09-30T19:21:56","slug":"brasil-correos-el-fin-de-la-huelga-no-puede-cerrar-la-lucha-adriano-dias","status":"publish","type":"post","link":"https:\/\/correspondenciadeprensa.com\/?p=14308","title":{"rendered":"Brasil &#8211; Correos: el fin de la huelga no puede cerrar la lucha. [Adriano Dias]"},"content":{"rendered":"<p><strong><a href=\"https:\/\/correiocidadania.com.br\/\">Correio da Cidadania<\/a>, 29-9-2020<\/strong><\/p>\n<p><strong>Traducci\u00f3n de <a href=\"https:\/\/correspondenciadeprensa.com\/\">Correspondencia de Prensa<\/a>, 30-9-2020<\/strong><\/p>\n<p style=\"text-align: justify;\">La huelga de los trabajadores de los Correos demostr\u00f3 la fuerza y la voluntad de la categor\u00eda de luchar contra el gobierno del Bolsonario y su pol\u00edtica de eliminaci\u00f3n de derechos y privatizaci\u00f3n. Fue una huelga que enfrent\u00f3, adem\u00e1s del gobierno, al poder judicial, ya que \u00e9ste, por dos momentos, atac\u00f3 el convenio colectivo en beneficio de la pol\u00edtica bolsonarista contra la clase trabajadora. Lamentablemente, la huelga tambi\u00e9n mostr\u00f3 el papel de los rompehuelgas en el movimiento sindical: fueron c\u00f3mplices de Bolsonaro y del general Floriano en la retirada de 49 cl\u00e1usulas de nuestro convenio colectivo, ya que los dos mayores sindicatos del pa\u00eds (R\u00edo de Janeiro y San Pablo), afiliados a la CTB (Central de los Trabajadores y Trabajadoras del Brasil), boicotearon la huelga.<\/p>\n<p style=\"text-align: justify; padding-left: 40px;\"><strong>Un ataque para avanzar en la privatizaci\u00f3n<\/strong><\/p>\n<p style=\"text-align: justify;\">Lo que ocurri\u00f3 es un reflejo de la pol\u00edtica global del gobierno de Bolsonaro y del presidente de la Compa\u00f1\u00eda, el general Floriano, para avanzar en la privatizaci\u00f3n. El desmantelamiento del convenio colectivo es parte de este proyecto, as\u00ed que se propusieron atacar nuestros derechos. Para ellos, es necesario reducir los costos de mano de obra para facilitar la venta de la empresa.<\/p>\n<p style=\"text-align: justify;\">Tambi\u00e9n simboliza c\u00f3mo el gobierno trata los derechos de la clase trabajadora: todo para beneficiar a los privilegiados de siempre, como el presidente de Correos, que gana m\u00e1s de 46.000 reales y mantiene su salario intacto, mientras que los dem\u00e1s trabajadores de la Compa\u00f1\u00eda tienen amargas p\u00e9rdidas en sus ingresos.<\/p>\n<p style=\"text-align: justify; padding-left: 40px;\"><strong>La justicia al lado del gobierno<\/strong><\/p>\n<p style=\"text-align: justify;\">La justicia, otra vez, jug\u00f3 para el gobierno. Ya lo hab\u00eda hecho el STF (Supremo Tribunal Federal), cuando valid\u00f3 los cambios en\u00a0 colectivo, y ahora la decisi\u00f3n del TST (Tribunal Superior del Trabajo)los confirma. El retiro de 49 cl\u00e1usulas del acuerdo causa un impacto social y econ\u00f3mico brutal en los derechos de la categor\u00eda. La eliminaci\u00f3n de bonos y asignaciones adicionales, la reducci\u00f3n del porcentaje pagado en los bonos de horas nocturnas y horas extras y la reducci\u00f3n del tiempo de licencia de maternidad y lactancia es una brutalidad inaceptable, teniendo en cuenta que es una categor\u00eda que sigue trabajando en medio de la pandemia, que ya ha causado la muerte de m\u00e1s de 120 trabajadores, y que tiene el salario m\u00e1s bajo entre las empresas estatales. El ajuste del 2,6% concedido trat\u00f3 de minimizar el resultado que en la suma final es de p\u00e9rdida.<\/p>\n<p style=\"text-align: justify;\">Lo que sucedi\u00f3 fue que una casta de jueces privilegiados decidi\u00f3 la vida de 100 mil trabajadores. Por eso, desde el principio, hemos dicho que no debemos confiar en los tribunales por su trayectoria en contra de la categor\u00eda y porque, en muchas \u00e1reas, especialmente la laboral, est\u00e1n totalmente alineados con el gobierno. Es importante recordar que el relator de la sentencia final es Ives Gandra Martins, un bolsonarista que est\u00e1 siendo propuesto para ocupar un sill\u00f3n en el STF.<\/p>\n<p style=\"text-align: justify; padding-left: 40px;\"><strong>La categor\u00eda mostr\u00f3 mucha voluntad<\/strong><\/p>\n<p style=\"text-align: justify;\">Fueron 36 d\u00edas de huelga en los que la categor\u00eda mostr\u00f3 su fuerza frente al gobierno, la Justicia e incluso el aislamiento, ya que los bancarios y los petroleros no entraron en huelga. La dupla general Floriano\/Bolsonaro trat\u00f3 en todo momento de debilitar la fuerza de la huelga aplicando descuentos ilegales y haciendo amenazas. Los trabajadores no se intimidaron, y la lucha se fortaleci\u00f3 a\u00fan m\u00e1s con piquetes, actos y ocupaciones.<\/p>\n<p style=\"text-align: justify;\">La caravana a Brasilia demostr\u00f3 que, a pesar de m\u00e1s de un mes de huelga, los trabajadores se mantuvieron firmes y llevaron a cabo un acto espectacular que fue un ejemplo para otras categor\u00edas que tambi\u00e9n est\u00e1n siendo atacadas por el gobierno. La fuerza de la base demostr\u00f3 que el resultado de la huelga no puede depositarse en las espaldas de estos valientes guerreros y que el camino de la lucha es lo que debe seguirse contra este gobierno autoritario y ladr\u00f3n de derechos.<\/p>\n<p style=\"text-align: justify; padding-left: 40px;\"><strong>El papel rompehuelga de FINDECT\/CTB<\/strong><\/p>\n<p style=\"text-align: justify;\">A pesar de la fuerte disposici\u00f3n de la base y la brutalidad del ataque, la pol\u00edtica de la FINDECT (PCdoB\/CTB), que dirige los mayores sindicatos (R\u00edo de Janeiro y San Pablo), fue desmantelar el movimiento de huelga. Primero apostaron en el STF, luego desaparecieron de sus lugares de trabajo y negaron la unidad para construir el calendario de huelgas.<\/p>\n<p style=\"text-align: justify;\">En R\u00edo de Janeiro, el SINTECT-RJ, incluso, orient\u00f3 a los huelguistas a no participar en las actividades de base del sindicalismo clasista. Es decir, promovi\u00f3 el debilitamiento de la huelga dividiendo a los trabajadores. Adem\u00e1s de no poner nunca a sindicatos importantes como el Sintsama (Sindicato de Trabajadores de Cedae) o los trabajadores del comercio de R\u00edo de Janeiro, al servicio de la unidad y la solidaridad en esta lucha.<\/p>\n<p style=\"text-align: justify;\">El colmo de la traici\u00f3n fue el boicot de la caravana a Brasilia, una actividad nacional unitaria del movimiento, que fue atacada por los dirigentes corruptos que mostraron\u00a0 as\u00ed su servilismo al gobierno. No dudamos que esta postura signific\u00f3 una traici\u00f3n en un momento en que era necesario reforzar la huelga. Este papel fue cobrado en las asambleas virtuales de la categor\u00eda (R\u00edo de Janeiro y San Pablo, en las que la suspensi\u00f3n de la huelga fue aprobada por pocos votos de diferencia. No podemos aceptar una direcci\u00f3n que traicione a la categor\u00eda en el momento en que m\u00e1s la necesita. Es hora de que los trabajadores que a\u00fan creen en el PCdoB reflexionen y rompan con sus direcciones. El hecho es que el PCdoB y la c\u00fapula del CTB,\u00a0 son quienes organizaron la derrota econ\u00f3mica.<\/p>\n<p style=\"text-align: justify;\">Si bien denunciamos la falta de unidad del movimiento sindical, causada por la traici\u00f3n de la FINDECT, no eximimos de cr\u00edtica a las principales centrales sindicales del pa\u00eds (CUT, CTB, Fuerza Sindical) en la huelga. La c\u00fapula de la CUT, Articulaci\u00f3n Sindical, que dirige la mayor central del pa\u00eds y comanda la mayor parte de la FENTECT, no realiz\u00f3 una acci\u00f3n de apoyo nacional de solidaridad con la huelga. No moviliz\u00f3 su amplia base sindical y no construy\u00f3 una nueva jornada nacional de lucha aprovechando la huelga de Correos, que en ese momento era el hecho principal de la lucha de clases en el pa\u00eds y que se enfrent\u00f3 al gobierno bolsonarista en las calles.<\/p>\n<p style=\"text-align: justify;\">Nuestra central, la CSP-Conlutas (Central Sindical y Popular-Conlutas), hizo esta propuesta. El hecho es que la dirigencia de la mayor central del pa\u00eds, la CUT, aisl\u00f3 al movimiento e impidi\u00f3 la unidad con los bancarios y petroleros. O sea: falt\u00f3 a la prueba de fuego de la lucha nacional contra la extrema derecha.<\/p>\n<p style=\"text-align: justify; padding-left: 40px;\"><strong>La necesidad de un polo alternativo<\/strong><\/p>\n<p style=\"text-align: justify;\">Frente a la traici\u00f3n liderada por la burocracia de la CTB, es urgente construir un polo de direcci\u00f3n alternativo para el movimiento de los trabadores de los Correos. Tambi\u00e9n vimos que, a pesar de los discursos, la Articulaci\u00f3n Sindical aisl\u00f3 la esta huelga de otros sindicatos que se movilizaban por sus demandas. Por eso, hay que construir una alternativa que re\u00fana a los sindicatos de la CSP-Conlutas, a los compa\u00f1eros de la Intersindical y de la CUT.<\/p>\n<p style=\"text-align: justify;\">Un polo que construya otra acci\u00f3n en el movimiento sindical, garantizando la democracia obrera, contra la burocratizaci\u00f3n y que tenga como pol\u00edtica central la movilizaci\u00f3n de la categor\u00eda, manteniendo su independencia de los gobiernos. Un polo que contin\u00fae la lucha contra la privatizaci\u00f3n de la empresa<\/p>\n<p style=\"text-align: justify;\">En R\u00edo de Janeiro, los activistas de la CSP-Conlutas y de corrientes de la CUT, promovieron, incansablemente,\u00a0 muchas actividades de solidaridad con la huelga,\u00a0 incluso sin contar con el aval de la direcci\u00f3n del sindicato. Estas iniciativas deben continuar para fortalecer una oposici\u00f3n combativa.<\/p>\n<p style=\"text-align: justify; padding-left: 40px;\"><strong>Por un plan de lucha contra la privatizaci\u00f3n<\/strong><\/p>\n<p style=\"text-align: justify;\">La categor\u00eda mostr\u00f3 mucha voluntad de lucha, pero Bolsonaro\/Floriano no abandonar\u00e1n sus ataques. Seguir\u00e1n la pol\u00edtica de privatizaci\u00f3n de los Correos. Ante este escenario, es esencial no bajar la cabeza y seguir\u00a0 luchando para evitar que los ataques tengan \u00e9xito.<\/p>\n<p style=\"text-align: justify;\">Es necesario que las federaciones construyan un plan de lucha para rescatar las p\u00e9rdidas y evitar la privatizaci\u00f3n, uni\u00e9ndose a los funcionarios p\u00fablicos en la batalla contra la Reforma Administrativa. Incluso con el resultado adverso, la huelga demostr\u00f3 que hay una capacidad de la clase trabajadora para luchar contra el gobierno.<\/p>\n<p><strong>* Adriano Dias<\/strong> es funcionario de Correos en la ciudad de R\u00edo de Janeiro<\/p>\n","protected":false},"excerpt":{"rendered":"<p>Otra vez el poder judicial actu\u00f3 a favor del gobierno y la agenda privatizadora, mientras que las direcciones sindicales sabotearon la huelga y la lucha colectiva.<\/p>\n","protected":false},"author":102520410,"featured_media":14311,"comment_status":"closed","ping_status":"closed","sticky":false,"template":"","format":"standard","meta":{"_coblocks_attr":"","_coblocks_dimensions":"","_coblocks_responsive_height":"","_coblocks_accordion_ie_support":"","_crdt_document":"","advanced_seo_description":"","jetpack_seo_html_title":"","jetpack_seo_noindex":false,"_jetpack_newsletter_access":"","_jetpack_dont_email_post_to_subs":false,"_jetpack_newsletter_tier_id":0,"_jetpack_memberships_contains_paywalled_content":false,"_jetpack_memberships_contains_paid_content":false,"footnotes":"","jetpack_post_was_ever_published":false},"categories":[],"tags":[17212,1108197],"class_list":{"0":"post-14308","1":"post","2":"type-post","3":"status-publish","4":"format-standard","5":"has-post-thumbnail","6":"hentry","7":"tag-america-latina","8":"tag-ctb","10":"fallback-thumbnail"},"jetpack_featured_media_url":"https:\/\/i0.wp.com\/correspondenciadeprensa.com\/wp-content\/uploads\/2020\/09\/Brasil3009.jpg?fit=640%2C346&ssl=1","jetpack_likes_enabled":false,"jetpack_sharing_enabled":false,"jetpack_shortlink":"https:\/\/wp.me\/p7lt2C-3IM","amp_enabled":true,"_links":{"self":[{"href":"https:\/\/correspondenciadeprensa.com\/index.php?rest_route=\/wp\/v2\/posts\/14308","targetHints":{"allow":["GET"]}}],"collection":[{"href":"https:\/\/correspondenciadeprensa.com\/index.php?rest_route=\/wp\/v2\/posts"}],"about":[{"href":"https:\/\/correspondenciadeprensa.com\/index.php?rest_route=\/wp\/v2\/types\/post"}],"author":[{"embeddable":true,"href":"https:\/\/correspondenciadeprensa.com\/index.php?rest_route=\/wp\/v2\/users\/102520410"}],"replies":[{"embeddable":true,"href":"https:\/\/correspondenciadeprensa.com\/index.php?rest_route=%2Fwp%2Fv2%2Fcomments&post=14308"}],"version-history":[{"count":3,"href":"https:\/\/correspondenciadeprensa.com\/index.php?rest_route=\/wp\/v2\/posts\/14308\/revisions"}],"predecessor-version":[{"id":14312,"href":"https:\/\/correspondenciadeprensa.com\/index.php?rest_route=\/wp\/v2\/posts\/14308\/revisions\/14312"}],"wp:featuredmedia":[{"embeddable":true,"href":"https:\/\/correspondenciadeprensa.com\/index.php?rest_route=\/wp\/v2\/media\/14311"}],"wp:attachment":[{"href":"https:\/\/correspondenciadeprensa.com\/index.php?rest_route=%2Fwp%2Fv2%2Fmedia&parent=14308"}],"wp:term":[{"taxonomy":"category","embeddable":true,"href":"https:\/\/correspondenciadeprensa.com\/index.php?rest_route=%2Fwp%2Fv2%2Fcategories&post=14308"},{"taxonomy":"post_tag","embeddable":true,"href":"https:\/\/correspondenciadeprensa.com\/index.php?rest_route=%2Fwp%2Fv2%2Ftags&post=14308"}],"curies":[{"name":"wp","href":"https:\/\/api.w.org\/{rel}","templated":true}]}}