{"id":14260,"date":"2020-09-28T13:01:11","date_gmt":"2020-09-28T11:01:11","guid":{"rendered":"https:\/\/correspondenciadeprensa.com\/?p=14260"},"modified":"2020-09-28T18:12:09","modified_gmt":"2020-09-28T16:12:09","slug":"brasil-las-llamas-del-agronegocio-daniel-camargos-andre-campos","status":"publish","type":"post","link":"https:\/\/correspondenciadeprensa.com\/?p=14260","title":{"rendered":"Brasil &#8211; Las llamas del agronegocio. [Daniel Camargos\/Andr\u00e9 Campos]"},"content":{"rendered":"<p><strong>El fuego en el Pantanal de Mato Grosso comenz\u00f3 en las haciendas de ganado que abastecen a los gigantes de la agroindustria.<\/strong><\/p>\n<p><strong><a href=\"https:\/\/reporterbrasil.org.br\/\">Rep\u00f3rter Brasil<\/a>, 22-9-2020<\/strong><\/p>\n<p><strong>Traducci\u00f3n de <a href=\"https:\/\/correspondenciadeprensa.com\/\">Correspondencia de Prensa<\/a>, 28-9-2020<\/strong><\/p>\n<p style=\"text-align: justify;\">Las quemas iniciadas en cinco propiedades de Mato Grosso son responsables de la destrucci\u00f3n de un \u00e1rea equivalente a la ciudad de R\u00edo de Janeiro. Dos de estas haciendas son de productores que venden ganado a empresas de la familia Maggi (Amaggi y Bom Futuro), proveedores de gigantes como JBS, Marfrig y Minerva.<\/p>\n<p style=\"text-align: justify;\">Parte del incendio que devast\u00f3 el Pantanal de Mato Grosso provino de las haciendas que venden ganado al grupo Amaggi, del ex ministro y senador Blairo Maggi <sup class='footnote'><a href='https:\/\/correspondenciadeprensa.com\/?p=14260#fn-14260-1' id='fnref-14260-1' onclick='return fdfootnote_show(14260)'>1<\/a><\/sup> y al grupo Bom Futuro, de Era\u00ed Maggi, considerado el mayor productor de soja del mundo. Estos dos grupos empresariales, a su vez, son proveedores de los gigantes multinacionales JBS, Marfrig y Minerva.<\/p>\n<p style=\"text-align: justify;\">El informe de Rep\u00f3rter Brasil se bas\u00f3 en un estudio de la ONG Instituto Centro de Vida, que identific\u00f3 que los incendios en Mato Grosso comenzaron en cinco propiedades, bas\u00e1ndose en el an\u00e1lisis cruzado de los puntos calientes del INPE (Instituto Nacional de Investigaciones Espaciales), las im\u00e1genes de los sat\u00e9lites Sentinel-2 y Planet y el mapeo de las \u00e1reas afectadas por los incendios de la NASA. El estudio de ICV analiz\u00f3 los puntos calientes en Mato Grosso entre el 1 de julio y el 17 de agosto, pero se\u00f1ala que el primer incendio en la regi\u00f3n comenz\u00f3 el 11 de julio. Bas\u00e1ndose en la geolocalizaci\u00f3n de estas granjas, Rep\u00f3rter Brasil utiliz\u00f3 los datos del Catastro Ambiental Rural (CAR) y de la Secretar\u00eda de Estado de Hacienda para identificar a los propietarios, as\u00ed como los documentos para investigar a los compradores de dos de estos granjeros.<\/p>\n<p style=\"text-align: justify;\">El incendio que se inici\u00f3 en estas cinco propiedades rurales, todas ubicadas en Pocon\u00e9 (a 100 km de la capital Cuiab\u00e1), fue responsable de la destrucci\u00f3n de 116.783 hect\u00e1reas, un \u00e1rea equivalente a la ciudad de R\u00edo de Janeiro. Este volumen de destrucci\u00f3n correspondi\u00f3 al 36% del \u00e1rea total afectada por los incendios en el Pantanal de Mato Grosso en el per\u00edodo analizado (entre julio y la primera mitad de agosto).<\/p>\n<p style=\"text-align: justify;\">El incendio que golpea al Pantanal es objeto de una investigaci\u00f3n de la Polic\u00eda Federal, que investiga la responsabilidad de las explotaciones agr\u00edcolas en la zona rural de Corumb\u00e1, en Mato Grosso do Sul. El estudio del ICV se centr\u00f3 en Mato Grosso, alrededor de la ciudad de Pocon\u00e9.<\/p>\n<p style=\"text-align: justify;\">Entre esas cinco propiedades rurales de Mato Grosso se encuentra la hacienda Comitiva, de Raimundo Cardoso Costa, donde el incendio se inici\u00f3 el 20 de julio y se registraron por lo menos 171 brotes. La superficie total destruida por el incendio iniciado en esta granja fue de 25.188 hect\u00e1reas.<\/p>\n<p style=\"text-align: justify;\">Seg\u00fan datos de la Secretar\u00eda de Estado de Hacienda de Mato Grosso, Raimundo Cardoso Costa es propietario de otra finca, junto a la Comitiva, llamada Recanto das On\u00e7as. Rep\u00f3rter Brasil identific\u00f3 que la finca Recanto das On\u00e7as comercializaba ganado con el grupo Bom Futuro, m\u00e1s conocido por su producci\u00f3n de soja, pero que tiene un reba\u00f1o de 130.000 cabezas de ganado nelore. El grupo Bom Futuro est\u00e1 entre los proveedores de ganado de los mayores mataderos de Brasil: JBS, Marfrig y Minerva, como atestiguan los documentos a los que el informe tuvo acceso.<\/p>\n<p style=\"text-align: justify;\">Otra hacienda ubicada en Pocon\u00e9 que est\u00e1 entre las cinco analizadas por Rep\u00f3rter Brasil es Esp\u00edrito Santo, de Jos\u00e9 Sebasti\u00e3o Gomes da Silva, donde el incendio comenz\u00f3 el 4 de agosto. Seg\u00fan el INPE hubo al menos 73 brotes de incendio que destruyeron 14.292 hect\u00e1reas, seg\u00fan el an\u00e1lisis de la NASA.<\/p>\n<p style=\"text-align: justify;\">Gomes da Silva tambi\u00e9n es due\u00f1o de otra hacienda, Formosa. Esta propiedad vende ganado a la hacienda R\u00edo Bonito, propiedad de Elza Junqueira de Carvalho Dias, que a su vez vende ganado con JBS y Marfrig. La Hacienda Formosa tambi\u00e9n es proveedora de Amaggi Pecu\u00e1ria. La empresa forma parte del grupo Amaggi, la familia del pol\u00edtico Blairo Maggi, que tiene 10 haciendas en Mato Grosso y opera en varios sectores adem\u00e1s de la soja y la ganader\u00eda, como la energ\u00eda y la log\u00edstica. Amaggi Pecu\u00e1ria, a su vez, est\u00e1 entre los proveedores de JBS, Marfrig y Minerva.<\/p>\n<p style=\"text-align: justify;\">La semana pasada (14 de septiembre), un equipo de la Polic\u00eda Federal de Corumb\u00e1, en Mato Grosso do Sul, estado que tambi\u00e9n alberga el bioma del Pantanal, llev\u00f3 a cabo registros e incautaciones en cuatro granjas, con la sospecha de que el fuego fue provocado intencionadamente para abrir pastos. La polic\u00eda investiga si algo similar al \u00abD\u00eda del fuego\u00bb ocurri\u00f3 con el Pantanal, cuando ganaderos y empresarios de Novo Progresso, en el estado de Par\u00e1, organizaron incendios en el Amazonas el 10 y 11 de agosto del a\u00f1o pasado.<\/p>\n<p style=\"text-align: justify;\">\u00abQueremos averiguar qui\u00e9nes fueron los autores [de los incendios en el Pantanal]\u00bb, dijo el delegado Daniel Rocha a Rep\u00f3rter Brasil, en referencia al hecho de que los incendios que destruyen el bioma fueron causados por la acci\u00f3n humana &#8211; y no por la estaci\u00f3n seca. Las propiedades investigadas por la polic\u00eda federal en la Operaci\u00f3n Mat\u00e1\u00e1 est\u00e1n cerca del Parque Nacional del Pantanal, en la frontera de los dos estados, y, seg\u00fan el delegado, son grandes ranchos de ganado.<\/p>\n<p style=\"text-align: justify;\">El fuego es la forma m\u00e1s barata de expandir un pastizal, seg\u00fan Mauro Armelin, director ejecutivo de Amigos de la Tierra de la Amazonia Brasile\u00f1a. Para el ejecutivo, los mataderos tambi\u00e9n deben analizar a sus proveedores indirectos, como una forma de frenar la deforestaci\u00f3n y tambi\u00e9n la quema causada por la acci\u00f3n humana. \u00abSi los mataderos no hicieron el an\u00e1lisis completo y el seguimiento de los [proveedores] indirectos, nunca podr\u00e1n decir que sus cadenas de producci\u00f3n est\u00e1n libres de deforestaci\u00f3n\u00bb, explica.<\/p>\n<p style=\"text-align: justify;\">M\u00e1s de un centenar de empacadores de carne firmaron un acuerdo con el Ministerio P\u00fablico Federal (MPF) en 2009 para no comprar ganado de zonas deforestadas o multadas por trabajo esclavo en la regi\u00f3n del Amazonas.<\/p>\n<p style=\"text-align: justify;\">M\u00e1s de 10 a\u00f1os despu\u00e9s, los mataderos consiguen eludir el acuerdo con una serie de trucos, a menudo involucrando a proveedores indirectos con problemas socio-ambientales, tal como lo demostr\u00f3 Rep\u00f3rter Brasil en un informe publicado en junio.<\/p>\n<p style=\"text-align: justify;\">Raimundo Cardoso Costa dijo a Reporter Brasil que el incendio en su propiedad comenz\u00f3 despu\u00e9s de la explosi\u00f3n de un veh\u00edculo. \u00abLos bomberos lo apagaron, pero el fuego se qued\u00f3 en las ra\u00edces de las plantas y luego se extendi\u00f3\u00bb, dice. El fuego, dijo, destruy\u00f3 el 40% de las 15.000 hect\u00e1reas de su propiedad, adem\u00e1s de extenderse a otras granjas.<\/p>\n<p style=\"text-align: justify;\">El hacendado reclama de la legislaci\u00f3n ambiental y dice que lo ideal ser\u00eda liberar el fuego en el per\u00edodo que no estuviera seco. \u00abTienes que dejar que el pantanero limpie lo que tiene que limpiar\u00bb, dice. Raimundo tambi\u00e9n afirma que nunca prender\u00eda fuego a la granja en s\u00ed, porque sin el bosque nativo, que funciona como una valla natural, tendr\u00eda que gastar R$10.000 para construir un kil\u00f3metro de valla &#8211; su hacienda, dice, necesitar\u00eda 50 kil\u00f3metros.<\/p>\n<p style=\"text-align: justify;\">Residente en San Pablo, ha tenido haciendas en el Pantanal durante 10 a\u00f1os y un reba\u00f1o de 1.200 cabezas de nelore. Es un t\u00edpico proveedor indirecto, ya que vende el ganado principalmente a otros hacendados que engordan su cr\u00eda antes de venderla a los mataderos. Afirma haber vendido la hacienda Recanto das On\u00e7as, aunque su nombre sigue figurando como propietario en un documento del Secretario de Estado de Finanzas. El hacendado, sin embargo, confirm\u00f3 que ha negociado en varias ocasiones con el grupo Bom Futuro (proveedor de JBS, Marfrig y Minerva).<img data-recalc-dims=\"1\" loading=\"lazy\" decoding=\"async\" data-attachment-id=\"14265\" data-permalink=\"https:\/\/correspondenciadeprensa.com\/?attachment_id=14265\" data-orig-file=\"https:\/\/i0.wp.com\/correspondenciadeprensa.com\/wp-content\/uploads\/2020\/09\/Brasil2809-II.jpg?fit=1600%2C1066&amp;ssl=1\" data-orig-size=\"1600,1066\" data-comments-opened=\"0\" data-image-title=\"Brasil2809 II\" data-image-description=\"\" data-image-caption=\"\" data-large-file=\"https:\/\/i0.wp.com\/correspondenciadeprensa.com\/wp-content\/uploads\/2020\/09\/Brasil2809-II.jpg?fit=656%2C437&amp;ssl=1\" class=\"  wp-image-14265 aligncenter\" src=\"https:\/\/i0.wp.com\/correspondenciadeprensa.com\/wp-content\/uploads\/2020\/09\/Brasil2809-II.jpg?resize=656%2C437&#038;ssl=1\" alt=\"Brasil2809 II\" width=\"656\" height=\"437\" srcset=\"https:\/\/i0.wp.com\/correspondenciadeprensa.com\/wp-content\/uploads\/2020\/09\/Brasil2809-II.jpg?w=1600&amp;ssl=1 1600w, https:\/\/i0.wp.com\/correspondenciadeprensa.com\/wp-content\/uploads\/2020\/09\/Brasil2809-II.jpg?resize=300%2C200&amp;ssl=1 300w, https:\/\/i0.wp.com\/correspondenciadeprensa.com\/wp-content\/uploads\/2020\/09\/Brasil2809-II.jpg?resize=1024%2C682&amp;ssl=1 1024w, https:\/\/i0.wp.com\/correspondenciadeprensa.com\/wp-content\/uploads\/2020\/09\/Brasil2809-II.jpg?resize=768%2C512&amp;ssl=1 768w, https:\/\/i0.wp.com\/correspondenciadeprensa.com\/wp-content\/uploads\/2020\/09\/Brasil2809-II.jpg?resize=1536%2C1023&amp;ssl=1 1536w, https:\/\/i0.wp.com\/correspondenciadeprensa.com\/wp-content\/uploads\/2020\/09\/Brasil2809-II.jpg?resize=1200%2C800&amp;ssl=1 1200w, https:\/\/i0.wp.com\/correspondenciadeprensa.com\/wp-content\/uploads\/2020\/09\/Brasil2809-II.jpg?resize=1400%2C933&amp;ssl=1 1400w, https:\/\/i0.wp.com\/correspondenciadeprensa.com\/wp-content\/uploads\/2020\/09\/Brasil2809-II.jpg?resize=600%2C400&amp;ssl=1 600w, https:\/\/i0.wp.com\/correspondenciadeprensa.com\/wp-content\/uploads\/2020\/09\/Brasil2809-II.jpg?w=1312&amp;ssl=1 1312w\" sizes=\"auto, (max-width: 656px) 100vw, 656px\" \/><\/p>\n<p style=\"text-align: justify;\">Raimundo se queja de la responsabilidad de los incendios que recae sobre los hacendados. \u00abNos est\u00e1n detonando. El pantanero siempre ha sido el cuidador del Pantanal\u00bb, dice. Tambi\u00e9n es un defensor del presidente Jair Bolsonaro. \u00abTodo lo que pasa en Brasil es culpa de Bolsonaro. Los medios de comunicaci\u00f3n piensan que cuanto peor, mejor. Tenemos que ayudar al presidente a mejorar el Brasil\u00bb.<\/p>\n<p style=\"text-align: justify;\">Rep\u00f3rter se puso en contacto con el abogado del otro hacendado, Jos\u00e9 Sebasti\u00e3o Gomes da Silva, pero no obtuvo respuesta hasta el cierre de este texto.<\/p>\n<p style=\"text-align: justify;\">Amaggi, que compra ganado a Jos\u00e9 Sebasti\u00e3o Gomes, inform\u00f3 a Rep\u00f3rter Brasil que suspender\u00e1 las compras de ganado con este proveedor mientras espera la investigaci\u00f3n sobre la responsabilidad del origen de los incendios en otras propiedades de Gomes.<\/p>\n<p style=\"text-align: justify;\">La Minerva Foods destac\u00f3 que \u00ablos productores agr\u00edcolas tambi\u00e9n se ven obstaculizados por los incendios a gran escala, que pueden alcanzar sus propiedades\u00bb. Dijo que sus proveedores directos (Amaggi y Bom Futuro) no tienen irregularidades, pero no hizo comentarios sobre los proveedores indirectos (Raimundo y Jos\u00e9 Sebasti\u00e3o).<\/p>\n<p style=\"text-align: justify;\">Propietario de las marcas Montana y Bassi, Marfrig dijo que utiliza una plataforma de vigilancia por sat\u00e9lite para controlar a los proveedores con brotes de incendio y que hay una alerta para que se suspenda la compra de ganado hasta que se aclare la situaci\u00f3n, pero que no hay un control total sobre los proveedores indirectos. La compa\u00f1\u00eda reconoce el problema como \u00abcr\u00edtico\u00bb y lanz\u00f3 un programa en julio para tratar de resolverlo.<\/p>\n<p style=\"text-align: justify;\">JBS, propietaria de las marcas Friboi, Seara, Swift y Doriana, dijo que s\u00f3lo puede controlar a los proveedores que venden directamente al matadero, porque no tiene acceso a las Gu\u00edas de Tr\u00e1nsito Animal (GTA) de los eslabones anteriores de la cadena. Sin la informaci\u00f3n sobre los GTA, la empresa entiende que ser\u00eda \u00abprecipitada cualquier conclusi\u00f3n de JBS sobre el origen del ganado comprado a estos proveedores\u00bb<\/p>\n<p style=\"text-align: justify;\">El grupo Bom Futuro no respondi\u00f3 la solicitud de datos de Rep\u00f3rter Brasil.<\/p>\n<p style=\"text-align: justify; padding-left: 40px;\"><strong>Destrucci\u00f3n abrumadora <\/strong><\/p>\n<p style=\"text-align: justify;\">Los incendios en el Pantanal este a\u00f1o son los m\u00e1s grandes desde que el INPE comenz\u00f3 a registrar las cifras en 1998. Hay casi 16.000 brotes de fuego (hasta el mi\u00e9rcoles 16 de septiembre), un 56% m\u00e1s que en 2005, el peor a\u00f1o de la serie hist\u00f3rica. El fuego destruy\u00f3 el 15% de la regi\u00f3n, con 2,3 millones de hect\u00e1reas del mayor humedal del mundo.<\/p>\n<p style=\"text-align: justify;\">La fauna nativa del Pantanal es la que m\u00e1s sufre. Hay 1.200 especies diferentes de animales, 36 de las cuales est\u00e1n en peligro de extinci\u00f3n. Entre las v\u00edctimas hay serpientes, caimanes, monos y jaguares. Los incendios ya han diezmado un refugio para los guacamayos azules y se est\u00e1n extendiendo sobre un \u00e1rea protegida para los jaguares.<\/p>\n<p style=\"text-align: justify;\">\u00abCuando llegu\u00e9 a Pocon\u00e9, cerca de la medianoche, la ciudad estaba envuelta en la penumbra. El humo era tan fuerte que cre\u00ed que era la niebla del amanecer. No lo fue. Fue el efecto causado por los m\u00e1s de 2 millones de hect\u00e1reas que se incendiaron en el Pantanal\u00bb, inform\u00f3 el fot\u00f3grafo Jo\u00e3o Paulo Guimar\u00e3es a Rep\u00f3rter Brasil.<\/p>\n<p><strong><u>Nota <\/u><\/strong><\/p>\n<p>&nbsp;<\/p>\n","protected":false},"excerpt":{"rendered":"<p>El fuego en el Pantanal de Mato Grosso comenz\u00f3 en las haciendas de ganado que abastecen a los gigantes de la agroindustria.<\/p>\n","protected":false},"author":102520410,"featured_media":14264,"comment_status":"closed","ping_status":"closed","sticky":false,"template":"","format":"standard","meta":{"_coblocks_attr":"","_coblocks_dimensions":"","_coblocks_responsive_height":"","_coblocks_accordion_ie_support":"","advanced_seo_description":"","jetpack_seo_html_title":"","jetpack_seo_noindex":false,"jetpack_seo_schema_type":"","_jetpack_newsletter_access":"","_jetpack_dont_email_post_to_subs":false,"_jetpack_newsletter_tier_id":0,"_jetpack_memberships_contains_paywalled_content":false,"_wpcom_ai_launchpad_first_post":false,"_jetpack_feature_clip_id":0,"_jetpack_memberships_contains_paid_content":false,"footnotes":"","jetpack_post_was_ever_published":false},"categories":[31683],"tags":[17212,703604709,703604710,703604708,703604711],"class_list":["post-14260","post","type-post","status-publish","format-standard","has-post-thumbnail","hentry","category-medio-ambiente","tag-america-latina","tag-bom-futuro","tag-marfring","tag-mato-grosso","tag-minerva","fallback-thumbnail"],"jetpack_likes_enabled":false,"jetpack_sharing_enabled":false,"jetpack_shortlink":"https:\/\/wp.me\/p7lt2C-3I0","amp_enabled":true,"jetpack_featured_media_url":"https:\/\/i0.wp.com\/correspondenciadeprensa.com\/wp-content\/uploads\/2020\/09\/Brasil2809-I.jpg?fit=640%2C428&ssl=1","_links":{"self":[{"href":"https:\/\/correspondenciadeprensa.com\/index.php?rest_route=\/wp\/v2\/posts\/14260","targetHints":{"allow":["GET"]}}],"collection":[{"href":"https:\/\/correspondenciadeprensa.com\/index.php?rest_route=\/wp\/v2\/posts"}],"about":[{"href":"https:\/\/correspondenciadeprensa.com\/index.php?rest_route=\/wp\/v2\/types\/post"}],"author":[{"embeddable":true,"href":"https:\/\/correspondenciadeprensa.com\/index.php?rest_route=\/wp\/v2\/users\/102520410"}],"replies":[{"embeddable":true,"href":"https:\/\/correspondenciadeprensa.com\/index.php?rest_route=%2Fwp%2Fv2%2Fcomments&post=14260"}],"version-history":[{"count":7,"href":"https:\/\/correspondenciadeprensa.com\/index.php?rest_route=\/wp\/v2\/posts\/14260\/revisions"}],"predecessor-version":[{"id":14288,"href":"https:\/\/correspondenciadeprensa.com\/index.php?rest_route=\/wp\/v2\/posts\/14260\/revisions\/14288"}],"wp:featuredmedia":[{"embeddable":true,"href":"https:\/\/correspondenciadeprensa.com\/index.php?rest_route=\/wp\/v2\/media\/14264"}],"wp:attachment":[{"href":"https:\/\/correspondenciadeprensa.com\/index.php?rest_route=%2Fwp%2Fv2%2Fmedia&parent=14260"}],"wp:term":[{"taxonomy":"category","embeddable":true,"href":"https:\/\/correspondenciadeprensa.com\/index.php?rest_route=%2Fwp%2Fv2%2Fcategories&post=14260"},{"taxonomy":"post_tag","embeddable":true,"href":"https:\/\/correspondenciadeprensa.com\/index.php?rest_route=%2Fwp%2Fv2%2Ftags&post=14260"}],"curies":[{"name":"wp","href":"https:\/\/api.w.org\/{rel}","templated":true}]}}