{"id":1405,"date":"2016-11-16T20:54:36","date_gmt":"2016-11-16T20:54:36","guid":{"rendered":"https:\/\/correspondenciadeprensa.com\/?p=1405"},"modified":"2016-11-16T20:54:37","modified_gmt":"2016-11-16T20:54:37","slug":"eeuu-pesadilla-ambiental-bajo-trump","status":"publish","type":"post","link":"https:\/\/correspondenciadeprensa.com\/?p=1405","title":{"rendered":"EEUU: Pesadilla ambiental bajo Trump"},"content":{"rendered":"<p><strong>Estados Unidos <\/strong><\/p>\n<p><strong>Pesadilla ambiental bajo Trump<\/strong><\/p>\n<p><strong>Eduardo Gudynas *<\/strong><\/p>\n<p><strong>Montevideo Portal, 14-11-2016 \u00a0<\/strong><strong><a href=\"http:\/\/www.montevideo.com.uy\/\">http:\/\/www.montevideo.com.uy\/<\/a><\/strong><\/p>\n<p>La elecci\u00f3n de Donald Trump como presidente de los Estados Unidos ha encendido todas las alertas ambientales dentro y fuera de ese pa\u00eds. Tanto sus posturas personales como las de sus m\u00e1s cercanos apoyos, anuncian retrocesos may\u00fasculos en las medidas para enfrentar el deterioro ambiental en su propio pa\u00eds como en el escenario internacional.<\/p>\n<p>La victoria de Trump fue en terremoto en varios asuntos, y entre ellos especialmente para las pol\u00edticas ambientales. El multimillonario es conocido por sus posiciones en contra de la protecci\u00f3n ambiental. Es un conocido \u00abnegacionista\u00bb &#8211; este el t\u00e9rmino que se usa para aquellos que creen que el cambio clim\u00e1tico no existe o no est\u00e1 causado por el ser humano. Es sin duda un t\u00e9rmino negativo, ya que toda la ciencia contempor\u00e1nea muestra que nuestras emisiones de gases invernadero est\u00e1n afectando el clima global, y que eso tiene consecuencias como el aumento de la temperatura promedio, el alza en el nivel de los oc\u00e9anos, o la proliferaci\u00f3n de eventos clim\u00e1ticos extremos.<\/p>\n<p>Trump, en cambio, no cree en nada de eso. Y su negacionismo no es una treta publicitaria para conseguir apoyos de votantes o de la corporaciones petroleras, sino que es una sincera muestra de sus man\u00edas e ignorancia. En un tuit del 6 de noviembre de 2012, Trump escrib\u00eda que el \u00abconcepto de calentamiento global fue creado por y para los chinos para que las manufacturas de EE UU no fueran competitivas\u00bb.<\/p>\n<p>Tener un negacionista en la Casa Blanca es un desastre, tanto para la calidad del ambiente dentro de Estados Unidos, como para el resto del planeta, es lo que repiten cient\u00edficos y destacados analistas. Recordemos que esa naci\u00f3n es el segundo m\u00e1s grande emisor de gases invernadero, de donde cualquier medida real para detener el calentamiento plantario debe contar con su concurso.<\/p>\n<p>El equipo de Trump es tanto o m\u00e1s complicado por posturas anti-ambientales similares o a\u00fan m\u00e1s radicales. El presidente electo ya nombr\u00f3 a Myron Ebell para dirigir la Agencia de Protecci\u00f3n Ambiente (EPA, por sus siglas en ingl\u00e9s), la principal instituci\u00f3n de control y regulaci\u00f3n ambiental federal en ese pa\u00eds. Ebell es todav\u00eda m\u00e1s negacionista que Trump, y ha dicho, por ejemplo, que no debemos preocuparnos por el cambio clim\u00e1tico. Ebell proviene del mundo corporativo, y ha sido un actor importante del muy conservador Instituto de la Competitividad Empresarial en ese pa\u00eds.<\/p>\n<p>Se anuncia que la inefable Sarah Palin, una ultraconservadora, podr\u00eda ser la secretaria del interior, y por lo tanto encargada de todo el sistema de \u00e1reas protegidas y parques nacionales. Palin fue gobernadora de Alaska, candidata a la vicepresidencia, y recordada por su estribillo \u00abtaladra, baby, taladra\u00bb apoyando a las petroleras.<\/p>\n<p>El compromiso ambiental internacional m\u00e1s reciente para lidiar con el cambio clim\u00e1tico, el Acuerdo de Par\u00eds, fue subscripto por el presidente Obama, junto a otras 108 naciones. No es la medida m\u00e1s efectiva ante el cambio clim\u00e1tico a juicio de los cient\u00edficos, pero es al menos una respuesta m\u00ednima para que las cosas no empeoren a\u00fan m\u00e1s r\u00e1pido. Pero con Trump todo puede ser peor porque desde su equipo se anuncia que buscar\u00e1n retirarse de ese acuerdo.<\/p>\n<p>Tambi\u00e9n se sabe que Trump detesta muchas de las medidas que aprob\u00f3 Obama. Por ello, tambi\u00e9n apunta a eliminar, cambiar o convertir en inefectivo la regulaci\u00f3n ambiental m\u00e1s importante de su antecesor, la ley marco de Energ\u00eda Limpia. Esa era una norma ambiciosa que apostaba hacia energ\u00edas m\u00e1s limpias y menos emisiones, y que necesitaba de apoyo federal constante en tanto fue demanda judicialmente por 28 estados y unas cien empresas. Muchos piensan que con Trump esa respaldo se perder\u00e1 y toda esa ley podr\u00eda caer.<\/p>\n<p>Otro tanto se espera a los subsidios para energ\u00edas limpias, mientras no sorprender\u00eda que, en cambio, se pasara a apoyar m\u00e1s el carb\u00f3n. Esto ser\u00eda otro mazazo para la bi\u00f3sfera, ya que usar ese mineral para generar energ\u00eda es de los procesos m\u00e1s contaminantes que existen.<\/p>\n<p>En la misma l\u00ednea, todos los analistas dan por descontado m\u00e1s apoyos a las petroleras y a la explotaci\u00f3n de hidrocarburos no convencionales por el m\u00e9todo de la fractura hidra\u00falica (fracking). Varios de esos emprendimientos ya son objeto de muchas resistencias de comunidades ciudadanas, y entre ellas de varios grupos de nativos americanos. Aunque no muy visible en nuestros noticieros, ya est\u00e1 en marcha un duro conflicto, con refriegas, gases, y arrestos, que enfrenta a grupos ind\u00edgenas contra el tendido de un oleoducto en Dakota del Norte. Con Trump ya se sabe que se impondr\u00e1n a\u00fan m\u00e1s duramente ese tipo de obras.<\/p>\n<p>Por si fuera poco, Trump tambi\u00e9n ha expresado su deseo de desmantelar la Agencia de Protecci\u00f3n Ambiental (EPA, por sus siglas en ingles), la principal agencia regulatoria en cuestiones ambientales.<\/p>\n<p>Similares temores se repiten a nivel internacional. El retiro de EE.UU. del Acuerdo de Par\u00eds seguramente empeorar\u00e1 el cambio clim\u00e1tico, pero adem\u00e1s desaparecer\u00eda la presi\u00f3n que ejerc\u00eda ese gobierno para que otros pa\u00edses se sumaran, y es probable que se recorte la ayuda financiera que brindaba. Ese escenario adem\u00e1s permitir\u00eda que otros esc\u00e9pticos anti-ambientales ya no tengan tanta verg\u00fcenza en admitirlo, o bien que reduzcan sus medidas internas. Por eso se miara con temor que har\u00edan, por ejemplo, los gobiernos de China o India, otros dos grandes emisores de gases invernadero.<\/p>\n<p>En el caso de Trump es sencillo burlarse de sus posturas ambientales tan primitivas. Pero tambi\u00e9n hay que reconocer que ideas similares se repiten en Am\u00e9rica Latina, e incluso en Uruguay. Por ejemplo, recuerdo que en el primer gobierno V\u00e1zquez, el viceministro del ambiente de aquel entonces en m\u00e1s de un encuentro dej\u00f3 en claro que no cre\u00eda mucho en la determinante responsabilidad humana del recalentamiento global. Tampoco olvidamos a un director de DINAMA, bajo el gobierno Batlle, que hasta public\u00f3 un libro son sus posturas entre esc\u00e9pticas y negacionistas. Y son recordadas las dos amenazas del gobierno de J. Mujica por sacar a la Direcci\u00f3n de Medio Ambiente (DINAMA) del Ministerio del Ambiente.<\/p>\n<p>Por todo esto hay mucha preocupaci\u00f3n sobre el estado ambiental de planeta. En 2016 se volver\u00e1 a romper el record en el alza de la temperatura media del planeta, y mientras tanto se repiten los eventos clim\u00e1ticos extremos, desde nuestros ciclones a la peor sequ\u00eda que sufre California en el \u00faltimo milenio. La elecci\u00f3n de Trump como presidente hace que sea todav\u00eda m\u00e1s dif\u00edcil poder promover buenas pol\u00edticas ambientales.<\/p>\n<p>* Analista en temas de ambiente y desarrollo, y defensor de la Naturaleza. Integrante del Centro Latino Americano de Ecolog\u00eda Social (CLAES); investigador asociado en el Dpto Antropolog\u00eda, Universidad California, Davis; Duggan fellow del Natural Resources Defense Council de EEUU. Docente invitado en universidades de Uruguay y otros pa\u00edses de Am\u00e9rica Latina, EE UU y Europa. Acompa\u00f1a organizaciones ciudadanas, desde grupos ambientalistas a federaciones ind\u00edgenas, en distintos pa\u00edses del continente.<\/p>\n","protected":false},"excerpt":{"rendered":"<p>La elecci\u00f3n de Donald Trump como presidente de los Estados Unidos ha encendido todas las alertas ambientales dentro y fuera de ese pa\u00eds. Tanto sus posturas personales como las de sus m\u00e1s cercanos apoyos, anuncian retrocesos may\u00fasculos en las medidas para enfrentar el deterioro ambiental en su propio pa\u00eds como en el escenario internacional&#8230;<\/p>\n","protected":false},"author":102520410,"featured_media":0,"comment_status":"open","ping_status":"open","sticky":false,"template":"","format":"aside","meta":{"_coblocks_attr":"","_coblocks_dimensions":"","_coblocks_responsive_height":"","_coblocks_accordion_ie_support":"","_crdt_document":"","advanced_seo_description":"","jetpack_seo_html_title":"","jetpack_seo_noindex":false,"_jetpack_newsletter_access":"","_jetpack_dont_email_post_to_subs":false,"_jetpack_newsletter_tier_id":0,"_jetpack_memberships_contains_paywalled_content":false,"_jetpack_memberships_contains_paid_content":false,"footnotes":"","jetpack_post_was_ever_published":false},"categories":[68395],"tags":[761708],"class_list":["post-1405","post","type-post","status-publish","format-aside","hentry","category-estados-unidos","tag-sarah-palin","post_format-post-format-aside"],"jetpack_featured_media_url":"","jetpack_likes_enabled":false,"jetpack_sharing_enabled":true,"jetpack_shortlink":"https:\/\/wp.me\/p7lt2C-mF","amp_enabled":true,"_links":{"self":[{"href":"https:\/\/correspondenciadeprensa.com\/index.php?rest_route=\/wp\/v2\/posts\/1405","targetHints":{"allow":["GET"]}}],"collection":[{"href":"https:\/\/correspondenciadeprensa.com\/index.php?rest_route=\/wp\/v2\/posts"}],"about":[{"href":"https:\/\/correspondenciadeprensa.com\/index.php?rest_route=\/wp\/v2\/types\/post"}],"author":[{"embeddable":true,"href":"https:\/\/correspondenciadeprensa.com\/index.php?rest_route=\/wp\/v2\/users\/102520410"}],"replies":[{"embeddable":true,"href":"https:\/\/correspondenciadeprensa.com\/index.php?rest_route=%2Fwp%2Fv2%2Fcomments&post=1405"}],"version-history":[{"count":3,"href":"https:\/\/correspondenciadeprensa.com\/index.php?rest_route=\/wp\/v2\/posts\/1405\/revisions"}],"predecessor-version":[{"id":1408,"href":"https:\/\/correspondenciadeprensa.com\/index.php?rest_route=\/wp\/v2\/posts\/1405\/revisions\/1408"}],"wp:attachment":[{"href":"https:\/\/correspondenciadeprensa.com\/index.php?rest_route=%2Fwp%2Fv2%2Fmedia&parent=1405"}],"wp:term":[{"taxonomy":"category","embeddable":true,"href":"https:\/\/correspondenciadeprensa.com\/index.php?rest_route=%2Fwp%2Fv2%2Fcategories&post=1405"},{"taxonomy":"post_tag","embeddable":true,"href":"https:\/\/correspondenciadeprensa.com\/index.php?rest_route=%2Fwp%2Fv2%2Ftags&post=1405"}],"curies":[{"name":"wp","href":"https:\/\/api.w.org\/{rel}","templated":true}]}}