{"id":13938,"date":"2020-09-13T13:51:29","date_gmt":"2020-09-13T11:51:29","guid":{"rendered":"https:\/\/correspondenciadeprensa.com\/?p=13938"},"modified":"2020-09-13T16:36:48","modified_gmt":"2020-09-13T14:36:48","slug":"colombia-la-represion-de-duque-quien-dio-la-orden","status":"publish","type":"post","link":"https:\/\/correspondenciadeprensa.com\/?p=13938","title":{"rendered":"Colombia &#8211; La represi\u00f3n de Duque. \u00bfQui\u00e9n dio la orden? [Nicol\u00e1s Rocha Cort\u00e9s]"},"content":{"rendered":"<p><strong>El 9 y 10 de septiembre la Polic\u00eda Nacional de Colombia abri\u00f3 fuego contra manifestantes durante las protestas por la muerte de Javier Ordo\u00f1ez a manos de agentes de la instituci\u00f3n. El pa\u00eds suma otra masacre y ya son 56 en lo que va del a\u00f1o.<\/strong><\/p>\n<p><strong><a href=\"https:\/\/ctxt.es\/es\/\">Ctxt<\/a>, 12-9-2020<\/strong><\/p>\n<p><strong><a href=\"https:\/\/correspondenciadeprensa.com\/\">Correspondencia de Prensa<\/a>, 13-9-2020<\/strong><\/p>\n<p style=\"text-align: justify;\">Bogot\u00e1 arde. Mientras, polic\u00edas, el Escuadr\u00f3n M\u00f3vil Antidisturbios (ESMAD) y guardias de seguridad armados con pistolas, palos y motos protagonizan una imagen que antes se entend\u00eda como aislada. Al caer la noche, miembros de la Polic\u00eda Nacional se convierten en verdugos. Disparan contra el pueblo y, como lo registran decenas de videos en todo el pa\u00eds, asesinan indiscriminadamente.<\/p>\n<p style=\"text-align: justify;\">Los gritos, disparos y sirenas se mezclan en el aire. Agentes apuntan y disparan por las angostas calles bogotanas en contra de quien tengan en frente. \u201dQuiubo, gonorrea\u201d, \u201capague eso\u201d, \u201c\u00bfse va a hacer matar?\u201d, son algunas de las consignas que se desprenden de las gargantas excitadas de polic\u00edas en toda la ciudad. El sonido de los balazos es seco. Las motos aceleran sobre los cuerpos de manifestantes. La gente corre y responde con piedras, patadas, insultos.<\/p>\n<p style=\"text-align: justify;\">Van al menos once muertos y 403 heridos. 72 con heridas de bala. Claudia L\u00f3pez, alcaldesa de la ciudad de Bogot\u00e1, afirma que las autoridades \u201cdesobedecieron instrucciones expresas y p\u00fablicas de la Alcald\u00eda\u201d y cierra con la pregunta que ronda a esta masacre: \u201c\u00bfEntonces a qui\u00e9n obedecen?\u201d<\/p>\n<p style=\"text-align: justify;\">Algunos culpan a v\u00e1ndalos. Hablan de violencia como si el Estado no tuviera responsabilidad. Lloran por buses y hormig\u00f3n. Se pasan la pelota entre instituciones mientras la sangre de la noche anterior se seca en el adoqu\u00edn cubierto de escombros y casquillos.<\/p>\n<p style=\"text-align: justify;\">Las protestas comenzaron tras el asesinato de Javier Ordo\u00f1ez, un hombre de 43 a\u00f1os que, acusado de violar la cuarentena, fue sometido por miembros de la Polic\u00eda con constantes descargas el\u00e9ctricas. A pesar de esto, los forenses encontraron nueve fracturas craneales y golpes en el p\u00f3mulo, el cuello, los hombros y el t\u00f3rax que desembocaron en su muerte. La golpiza le fue propinada dentro de un Centro de Atenci\u00f3n Inmediata (CAI).<\/p>\n<p style=\"text-align: justify;\">\u201cPor favor, no m\u00e1s\u201d, fueron las palabras del abogado que suplicaba por su vida. Una vez difundida la noticia de su muerte, el coronel Alexander Amaya declar\u00f3 ante medios nacionales que durante el procedimiento una persona\u00a0 \u201cpresenta molestias en su salud f\u00edsica y de inmediato es trasladada al centro m\u00e9dico m\u00e1s cercano. Lastimosamente llega sin signos vitales\u201d.<\/p>\n<p style=\"text-align: justify;\">Bogot\u00e1 arde y en las calles agentes persiguen a manifestantes para golpearlos entre varios. Los patean en el piso. \u201c\u00a1Asesinos!\u201d gritan los testigos.<\/p>\n<p style=\"text-align: justify;\">Durante dos noches los Centros de Atenci\u00f3n Inmediata son abrazados por las llamas. No s\u00f3lo por el caso de Javier. La lista es interminable. 1. En el CAI de Bosa Laureles polic\u00edas abusaron de una mujer. 2. En el CAI de Codito polic\u00edas torturaron y obligaron a detenidos a jugar ruleta rusa. 3. En el CAI de Soledad los polic\u00edas torturaron y robaron a defensores de derechos humanos. 4. En el CAI de La Gaitana se denunci\u00f3 que secuestraron y torturaron a un joven. 5. En el CAI de Britalia doce polic\u00edas fueron vinculados con microtr\u00e1fico de drogas. 6. En el CAI de Oneida polic\u00edas extorsionaban a los residentes. 7. En el CAI de Las Am\u00e9ricas cuatro polic\u00edas violaron a una ni\u00f1a de 13 a\u00f1os que fue a usar el ba\u00f1o. 8. En el CAI de San Diego, dos mujeres de 22 y 23 a\u00f1os denunciaron abuso sexual por parte de uniformados durante las protestas del 10 de septiembre.<\/p>\n<p style=\"text-align: justify;\">Bogot\u00e1 arde y la gente se pregunta: \u00bfqui\u00e9n nos cuida?<\/p>\n<p style=\"text-align: justify;\">Son las diez de la noche del 10 de septiembre y mientras el fuego se atiza, el miedo crece. Los videos son contundentes y no dejan espacio para supuestos: La Polic\u00eda est\u00e1 disparando contra manifestantes. Lo hacen apuntando a la cabeza, al coraz\u00f3n y a las piernas. No son balas perdidas, no son errores de procedimiento. Nos est\u00e1n matando.<\/p>\n<p style=\"text-align: justify;\">Los videos inundan las redes. En Twitter se habla de muertos. Cuerpos tirados en el piso sobre charcos de sangre son iluminados por las llamas. \u201c\u00a1Lo mataron, lo mataron!, tombos hijueputas. No lo dejemos ah\u00ed. Lo mataron\u201d\u2014 se puede escuchar en un video en el que un manifestante con un disparo en la cabeza es rodeado por otras personas.<\/p>\n<p style=\"text-align: justify;\">Luego de dos noches de masacre a manos del Estado el ministro de Defensa Carlos Holmes Trujillo afirma que todo es orquestado a trav\u00e9s de las redes sociales. Saltan las siglas ACAB, el t\u00e9rmino antifa, y una declaraci\u00f3n: \u201cSe reforzar\u00e1 el dispositivo de polic\u00eda en Bogot\u00e1 con 750 uniformados, m\u00e1s 850 que llegan de otras regiones del pa\u00eds. 300 soldados de la brigada 13 del ej\u00e9rcito apoyar\u00e1n la labor de la Polic\u00eda Nacional en la capital de Colombia\u201d. A la par, la senadora del partido Centro Democr\u00e1tico Mar\u00eda Fernanda Cabal afirma, en un medio de amplia difusi\u00f3n nacional, que el expresidente Juan Manuel Santos est\u00e1 detr\u00e1s de todo.<\/p>\n<p style=\"text-align: justify;\">\u00bfC\u00f3mo se ve una dictadura? Hace una semana Transparencia Internacional alert\u00f3 sobre la concentraci\u00f3n de poder del presidente Iv\u00e1n Duque. Resalt\u00f3 el hecho de que el Gobierno se \u201cconvirti\u00f3 en legislador transitorio\u201d y que la Fiscal\u00eda, Procuradur\u00eda y Defensor\u00eda est\u00e1n en manos de allegados y exfuncionarios del gobierno. Todo esto poco despu\u00e9s de que se dio a conocer que el ejecutivo pag\u00f3 a la firma Du Brands para perfilar a los influenciadores que hablaban bien o mal del gobierno, misma compa\u00f1\u00eda que firm\u00f3 un contrato de m\u00e1s de $3.000 millones de pesos, de recursos para la paz, con el fin de mejorar la imagen del mandatario.<\/p>\n<p style=\"text-align: justify;\">A esto se le suman las 55 masacres ocurridas en Colombia durante lo corrido de 2020. Seg\u00fan el Instituto de Estudios para el Desarrollo y la Paz (Indepaz), en nueve meses ha habido doce masacres en Antioquia, ocho en Cauca, Nari\u00f1o y Norte de Santander, cinco en Putumayo, cuatro en Choc\u00f3, dos en C\u00f3rdoba, Valle del Cauca y Bol\u00edvar, tres en Atl\u00e1ntico, una en Arauca, Huila, Magdalena, Tolima, Caldas, Cundinamarca, Meta y Cesar. Y a pesar de que Iv\u00e1n Duque insista en llamarlos \u201chomicidios colectivos\u201d, la lengua no tiene medias tintas. La matanza de personas, por lo general indefensas, producida por ataque armado o causa parecida es una masacre.<\/p>\n<p style=\"text-align: justify;\">Bogot\u00e1 arde y todos son culpables menos los que disparan.<\/p>\n<p style=\"text-align: justify;\">Los disturbios crecen. Los proyectiles se incrustan en rejas, postes, muros y carne \u2014\u201c\u00a1Socio, no se vaya. No se vaya, perro!\u201d se puede escuchar en otro video mientras j\u00f3venes intentan mantener a un manifestante con vida despu\u00e9s de recibir un disparo.<\/p>\n<p style=\"text-align: justify;\">Cabe resaltar que la brutalidad policial no es nueva en Colombia. Hace poco m\u00e1s de dos meses Anderson Arboleda, un joven de 24 a\u00f1os, muri\u00f3 en Puerto Tejada despu\u00e9s de que un polic\u00eda lo golpeara en la cabeza por violar la cuarentena. Al igual que en noviembre de 2019 Dylan Cruz fue asesinado por el ESMAD con una escopeta calibre 12 durante el Paro Nacional. En Colombia la muerte no envejece.<\/p>\n<p style=\"text-align: justify;\">\u00bfDios y Patria? El lema institucional de la Polic\u00eda Nacional de Colombia habla de amor perfecto, generosidad absoluta y justicia plena. Pero el accionar de sus miembros durante d\u00e9cadas no deja m\u00e1s que rabia y frustraci\u00f3n. Las manifestaciones siguen, as\u00ed como los disparos y el fuego. El ritmo febril de la violencia se toma la capital del pa\u00eds.<\/p>\n<p style=\"text-align: justify;\">En la ma\u00f1ana del 11 de septiembre, entre las cenizas de los CAI, se erigen bibliotecas comunitarias en respuesta a la brutalidad policial. Los ciudadanos las bautizan en honor a los muertos. Se pintan murales, decenas de libros son donados y la m\u00fasica aparece. En la noche las protestas ser\u00e1n pac\u00edficas aunque la Polic\u00eda seguir\u00e1 persiguiendo y atacando.<\/p>\n<p style=\"text-align: justify;\">El gobierno ofrece recompensas y las calles siguen tibias. Los testimonios de personas agredidas por agentes aumentan. Incluso gente que estaba en su casa, como Alexis Valencia Conto, relata el momento en el que desde la misma direcci\u00f3n en la que estaba la Polic\u00eda empezaron a llover balas calibre 9mm. Una de ellas se aloj\u00f3 en el pecho de su hermano, Robert.<\/p>\n<p style=\"text-align: justify;\">Agentes con chaquetas al rev\u00e9s para que no puedan ser identificados, amenazas a periodistas, golpizas deliberadas en grupo, persecuci\u00f3n, perfilamiento, ataques a residencias y nombres que no deben ser olvidados: Andr\u00e9s Felipe Rodr\u00edguez, 23 a\u00f1os; Julieth Ram\u00edrez Mesa, 18 a\u00f1os; Alexander Fonseca, 17 a\u00f1os; Fredy Alexander Mahecha, 20 a\u00f1os; Germ\u00e1n Fuentes, 25 a\u00f1os; Angie Paola Baquero, 29 a\u00f1os; Jaider Alexander Fonseca, 17 a\u00f1os; Christian Andr\u00e9s Hurtado, 27 a\u00f1os; Larwan Estiben Mendoza, 26 a\u00f1os; Gabriel Estrada Espinosa, 31 a\u00f1os y Juli\u00e1n Mauricio Gonz\u00e1lez, 27 a\u00f1os.<\/p>\n<p style=\"text-align: justify;\">Son las nueve y treinta y siete de la ma\u00f1ana del 12 de septiembre de 2020 y anoche, durante una alocuci\u00f3n presidencial, Iv\u00e1n Duque habl\u00f3 de que la Polic\u00eda tuvo una actitud gallarda durante la masacre, mencion\u00f3 deportaciones e invit\u00f3 a tener confianza en las instituciones. Se sabe, tambi\u00e9n, que el mandatario rechaz\u00f3 la reforma estructural de la Polic\u00eda. Por ahora, mientras la sangre ya es una mancha seca, los pol\u00edticos le \u201cofrecen el perd\u00f3n a las v\u00edctimas\u201d, los actos simb\u00f3licos contin\u00faan y la c\u00fapula de la instituci\u00f3n sigue intacta despu\u00e9s de que, en palabras de la alcaldesa, ocurriera el hecho \u201cm\u00e1s grave que ha pasado en Bogot\u00e1 desde la toma del Palacio de Justicia\u201d, el 6 de noviembre de 1985.<\/p>\n<p style=\"text-align: justify;\">Mientras Bogot\u00e1 arde Colombia es manejada desde una finca.<\/p>\n<p>* <b>Nicol\u00e1s Rocha<\/b> <strong>Cort\u00e9s<\/strong>, periodista y fot\u00f3grafo colombiano.<\/p>\n","protected":false},"excerpt":{"rendered":"<p>Bogot\u00e1 arde y en las calles agentes persiguen a manifestantes para golpearlos entre varios. Los patean en el piso. \u201c\u00a1Asesinos!\u201d gritan los testigos.<\/p>\n","protected":false},"author":102520410,"featured_media":13941,"comment_status":"closed","ping_status":"closed","sticky":false,"template":"","format":"standard","meta":{"_coblocks_attr":"","_coblocks_dimensions":"","_coblocks_responsive_height":"","_coblocks_accordion_ie_support":"","advanced_seo_description":"","jetpack_seo_html_title":"","jetpack_seo_noindex":false,"jetpack_seo_schema_type":"","_jetpack_newsletter_access":"","_jetpack_dont_email_post_to_subs":false,"_jetpack_newsletter_tier_id":0,"_jetpack_memberships_contains_paywalled_content":false,"_wpcom_ai_launchpad_first_post":false,"_jetpack_feature_clip_id":0,"_jetpack_memberships_contains_paid_content":false,"footnotes":"","jetpack_post_was_ever_published":false},"categories":[],"tags":[17212,703604665,703604664,703604663,703604656],"class_list":["post-13938","post","type-post","status-publish","format-standard","has-post-thumbnail","hentry","tag-america-latina","tag-brutalidad-policial","tag-cai","tag-centro-de-atencion-inmediata","tag-javier-ordonez","fallback-thumbnail"],"jetpack_likes_enabled":false,"jetpack_sharing_enabled":false,"jetpack_shortlink":"https:\/\/wp.me\/p7lt2C-3CO","amp_enabled":true,"jetpack_featured_media_url":"https:\/\/i0.wp.com\/correspondenciadeprensa.com\/wp-content\/uploads\/2020\/09\/Colombia1309.jpg?fit=640%2C391&ssl=1","_links":{"self":[{"href":"https:\/\/correspondenciadeprensa.com\/index.php?rest_route=\/wp\/v2\/posts\/13938","targetHints":{"allow":["GET"]}}],"collection":[{"href":"https:\/\/correspondenciadeprensa.com\/index.php?rest_route=\/wp\/v2\/posts"}],"about":[{"href":"https:\/\/correspondenciadeprensa.com\/index.php?rest_route=\/wp\/v2\/types\/post"}],"author":[{"embeddable":true,"href":"https:\/\/correspondenciadeprensa.com\/index.php?rest_route=\/wp\/v2\/users\/102520410"}],"replies":[{"embeddable":true,"href":"https:\/\/correspondenciadeprensa.com\/index.php?rest_route=%2Fwp%2Fv2%2Fcomments&post=13938"}],"version-history":[{"count":6,"href":"https:\/\/correspondenciadeprensa.com\/index.php?rest_route=\/wp\/v2\/posts\/13938\/revisions"}],"predecessor-version":[{"id":13946,"href":"https:\/\/correspondenciadeprensa.com\/index.php?rest_route=\/wp\/v2\/posts\/13938\/revisions\/13946"}],"wp:featuredmedia":[{"embeddable":true,"href":"https:\/\/correspondenciadeprensa.com\/index.php?rest_route=\/wp\/v2\/media\/13941"}],"wp:attachment":[{"href":"https:\/\/correspondenciadeprensa.com\/index.php?rest_route=%2Fwp%2Fv2%2Fmedia&parent=13938"}],"wp:term":[{"taxonomy":"category","embeddable":true,"href":"https:\/\/correspondenciadeprensa.com\/index.php?rest_route=%2Fwp%2Fv2%2Fcategories&post=13938"},{"taxonomy":"post_tag","embeddable":true,"href":"https:\/\/correspondenciadeprensa.com\/index.php?rest_route=%2Fwp%2Fv2%2Ftags&post=13938"}],"curies":[{"name":"wp","href":"https:\/\/api.w.org\/{rel}","templated":true}]}}