{"id":13693,"date":"2020-09-02T20:54:09","date_gmt":"2020-09-02T18:54:09","guid":{"rendered":"https:\/\/correspondenciadeprensa.com\/?p=13693"},"modified":"2020-09-02T20:54:09","modified_gmt":"2020-09-02T18:54:09","slug":"brasil-el-gobierno-intenta-impedir-y-criminalizar-el-aborto-legal-por-violacion","status":"publish","type":"post","link":"https:\/\/correspondenciadeprensa.com\/?p=13693","title":{"rendered":"Brasil &#8211; El gobierno intenta \u00abimpedir y criminalizar\u00bb el aborto legal por violaci\u00f3n.   [Marina Duarte de Souza]"},"content":{"rendered":"<p><strong><a href=\"https:\/\/www.brasildefato.com.br\/\">Brasil de Fato<\/a>, 31-8-2020 <\/strong><\/p>\n<p><strong><a href=\"https:\/\/correspondenciadeprensa.com\/\">Correspondencia de Prensa<\/a>, 2-9-2020<\/strong><\/p>\n<p><strong>Traducci\u00f3n de Luiza Man\u00e7ano<\/strong><\/p>\n<p style=\"text-align: justify;\">El Ministerio de la Salud de Brasil divulg\u00f3 el \u00faltimo viernes (28), un decreto ministerial que obliga a los profesionales de salud a notificar a la polic\u00eda cuando atiendan mujeres v\u00edctimas de violaci\u00f3n que opten por el aborto legal.<\/p>\n<p style=\"text-align: justify;\">\u201cSer\u00e1 obligatorio que el m\u00e9dico, profesionales de salud o dem\u00e1s responsables por el centro sanitario notifiquen a la autoridad policial al acoger pacientes de casos en que hay indicios o confirmaci\u00f3n del delito de violaci\u00f3n\u201d, dice el decreto firmado por el ministro de Salud interino del pa\u00eds, el general Eduardo Pazuello.<\/p>\n<p style=\"text-align: justify;\">La decisi\u00f3n lleg\u00f3 12 d\u00edas despu\u00e9s que fundamentalistas intentaron impedir el aborto legal de una ni\u00f1a de diez a\u00f1os que se qued\u00f3 embarazada despu\u00e9s de ser violada por su t\u00edo y altera la norma t\u00e9cnica anterior que no exig\u00eda la presentaci\u00f3n de un informe policial para acceder a la interrupci\u00f3n del embarazo en casos de violaci\u00f3n, una de las tres causales en que el aborto es legal en Brasil.<\/p>\n<p style=\"text-align: justify;\">Para Sonia Coelho, integrante de la Sempreviva Organizaci\u00f3n Feminista (SOF), la orden ministerial es un modo de \u201ccriminalizar e impedir\u201d el acceso al aborto legal, dado que la norma anterior buscaba facilitar el acceso de la v\u00edctima de violenca sexual a los servicios de salud, porque muchas veces las mujeres tienen miedo de sufrir amenazas del violador, que en algunos casos es un familiar suyo\u201d.<\/p>\n<p style=\"text-align: justify;\">\u201cEso lo hemos visto ahora, con la ni\u00f1a diciendo que sufr\u00eda amenazas frecuentes de su t\u00edo y eso pasa con muchas mujeres y ni\u00f1as, que sufren la violaci\u00f3n y tienen miedo de denunciar. Poder recurrir al aborto legal sin hacer la denuncia policial muchas veces facilitaba acceder a ese derecho\u201d, dice la referente.<\/p>\n<p style=\"text-align: justify;\">El nuevo decreto significa entonces \u201cun modo de dificultar que mujeres y ni\u00f1as puedan acceder al aborto legal, as\u00ed como dificultar y amedrentar a los profesionales de salud. Aunque sea un derecho establecido por ley, muchas veces los profesionales de salud temen ejecutar el procedimiento. Esa es una medida para dificultar el derecho al aborto legal y ellos [el gobierno] siempre quisieron hacer eso\u201d, se\u00f1ala.<\/p>\n<p style=\"text-align: justify;\">La oposici\u00f3n al gobierno ultraderechista coincide con el an\u00e1lisis de la militante. La diputada federal Jandira Feghali (PCdoB) y otras diez parlamentarias presentaron un Proyecto de Decreto Legislativo (PDL) para suspender la orden ministerial que, seg\u00fan ellas, \u201cdificulta el aborto legal y preve violencia psicol\u00f3gica con la mujer\u201d.<\/p>\n<p style=\"text-align: justify;\">El obstetra e integrante de la Federaci\u00f3n Brasile\u00f1a de Asociaciones de Ginecolog\u00eda y Obstetricia (Febrasgo) Olimpio Barbosa de Moraes Filho afirma que la organizaci\u00f3n es totalmente contraria al decreto, que representa una pol\u00edtica del gobierno federal \u201ccontra las mujeres y su dignidad\u201d, dado que crea a\u00fan m\u00e1s trabas al acceso a este derecho.<\/p>\n<p style=\"text-align: justify;\">Para Filho, obligar a la v\u00edctima a realizar una denuncia representa \u201cuna violencia m\u00e1s\u201d pues el Estado no ofrece a las v\u00edctimas protecci\u00f3n y seguridad.<\/p>\n<p style=\"text-align: justify;\">\u201cClaro que debemos empoderar a las mujeres, ofrecerles condiciones para que puedan dejar el lugar donde se produjo la violencia y que se sientan protegidas para presentar la denuncia. Pero como est\u00e1 la ley, no van a tener ning\u00fan apoyo, lo que significa que van a denunciar y despu\u00e9s volver\u00e1n a las comunidades en las cuales fueron violadas. O sea, es una pol\u00edtica de exterminio, quieren acabar con la vida de las mujeres\u201d, declara.<\/p>\n<p style=\"text-align: center;\"><strong>Otros cambios<\/strong><\/p>\n<p style=\"text-align: justify;\">La orden ministerial cambia las reglas y medidas para que las mujeres puedan acceder a la interrupci\u00f3n voluntaria del embarazo como establece la ley. Entre los cambios est\u00e1 la exigencia de que m\u00e9dicos comuniquen a las pacientes la posibilidad de ver al feto en la ultrasonograf\u00eda y la obligaci\u00f3n de que las pacientes firmen un formulario de consentimiento que enumera las posibles complicaciones de un aborto.<\/p>\n<p style=\"text-align: justify;\">Sonia Coelho considera que estas dos exigencias representa la tortura y culpabilizaci\u00f3n de la v\u00edctima de la violaci\u00f3n, por ejemplo. \u201cHay profesionales que intentan limitar o impedir el derecho al aborto legal y as\u00ed podr\u00e1n obligar a la mujer a ver el feto y eso es una forma de tortura para que renuncie al procedimiento\u201d, afirma.<\/p>\n<p style=\"text-align: justify;\">La nueva norma tiene cuatro fases de \u201cJustificaci\u00f3n y Autorizaci\u00f3n de la Interrupci\u00f3n del Embarazo\u201d. La primera, tiene que ver con la necesidad de un \u201cformulario de informe circunstanciado\u201d que deber\u00e1 presentar el lugar, fecha y hora aproximada del hecho, tipo y modo de violencia, descripci\u00f3n de los agresores e identificaci\u00f3n de testigos, en el caso de que hayan testigos.<\/p>\n<p style=\"text-align: justify;\">En la segunda y tercera fase se realizar\u00e1n los ex\u00e1menes f\u00edsicos y ginecol\u00f3gicos y el m\u00e9dico responsable deber\u00e1 emitir un informe t\u00e9cnico. Un \u201cformulario de aprobaci\u00f3n del procedimiento de interrupci\u00f3n del embarazo\u201d firmado por tres personas del equipo de salud y otro \u201cformulario de responsabilidad\u201d que deber\u00e1 ser firmado por la v\u00edctima o su representante legal. Este \u00faltimo presentar\u00e1 una advertencia expresa sobre la previsi\u00f3n de delitos de falsedad ideol\u00f3gica y aborto, previstos en el C\u00f3digo Penal, en el caso de que no haya sido v\u00edctima de violaci\u00f3n.<\/p>\n<p style=\"text-align: justify;\">Esos procedimientos estaban previstos en un decreto del Ministerio de la Salud de 2005, pero fueron alterados.<\/p>\n<p style=\"text-align: justify;\">En la cuarta fase est\u00e1 el \u201cformulario de consentimiento libre y esclarecido\u201d que deber\u00e1 contar con la declaraci\u00f3n de aceptaci\u00f3n del aborto legal, que contar\u00e1 con una lista detallada de todos los riesgos que presenta a la salud, como hemorragia, da\u00f1os al \u00fatero y sepsis. Antes el formulario apenas mencionaba que la mujer deber\u00eda ser informada por el equipo sobre los riesgos del procedimiento.<\/p>\n<p style=\"text-align: justify;\">El obstetra consultado por Brasil de Fato alerta que el aborto legal es m\u00e1s seguro cuando el embarazo est\u00e1 en las primeras semanas. Por lo tanto, si se crean trabas [para dificultar el acceso], prorrogando el embarazo, el procedimiento pasa a presentar m\u00e1s riesgos para la mujeres, seg\u00fan \u00e9l.<\/p>\n<p style=\"text-align: justify;\">Adem\u00e1s, el decreto ministerial establece que los profesionales deber\u00e1n preservar y entregar a la polic\u00eda \u201cpresuntas evidencias materiales del delito de violaci\u00f3n, como fragmentos del embri\u00f3n o feto con el objetivo de realizar pruebas gen\u00e9ticas que podr\u00edan llevar a la identificaci\u00f3n del presunto autor del crimen\u201d. Seg\u00fan el obstetra, ning\u00fan centro m\u00e9dico en Brasil tiene la capacidad t\u00e9cnica de ofrecer este servicio, lo que podr\u00eda hacer inviable una parte de la atenci\u00f3n a la mujer.<\/p>\n<p style=\"text-align: justify;\">La representante de la SOF se\u00f1ala tambi\u00e9n que la prueba de ADN, prevista en ley, ya identifica al autor del crimen y que la necesidad de presentar fragmentos del embri\u00f3n tiene por objetivo la coerci\u00f3n de los equipos m\u00e9dicos y la culpabilizaci\u00f3n de la mujer. Ella recuerda que en 2019 hubo un incremento de proyectos contra el aborto legal en el Congreso Nacional, presentados principalmente por partidarios del actual gobierno, y destaca que el actual decreto viene a concretar este objetivo.<\/p>\n<p style=\"text-align: justify;\">En la opini\u00f3n del obstetra Olimpio Barbosa de Moraes Filho, si el gobierno tiene el objetivo de atender a las mujeres, deber\u00edan democratizar el debate y escuchar a sus posiciones, adem\u00e1s de debatir el tema entre investigadoras e investigadores y \u201cno actuar en nombre del negacionismo y de la ignorancia\u201d.<\/p>\n","protected":false},"excerpt":{"rendered":"<p>Para obstetra, la nueva regulaci\u00f3n representa \u201cuna violencia m\u00e1s\u201d contra las mujeres y ni\u00f1as.<\/p>\n","protected":false},"author":102520410,"featured_media":13697,"comment_status":"closed","ping_status":"closed","sticky":false,"template":"","format":"standard","meta":{"_coblocks_attr":"","_coblocks_dimensions":"","_coblocks_responsive_height":"","_coblocks_accordion_ie_support":"","advanced_seo_description":"","jetpack_seo_html_title":"","jetpack_seo_noindex":false,"jetpack_seo_schema_type":"","_jetpack_newsletter_access":"","_jetpack_dont_email_post_to_subs":false,"_jetpack_newsletter_tier_id":0,"_jetpack_memberships_contains_paywalled_content":false,"_wpcom_ai_launchpad_first_post":false,"_jetpack_feature_clip_id":0,"_jetpack_memberships_contains_paid_content":false,"footnotes":"","jetpack_post_was_ever_published":false},"categories":[14037],"tags":[17212,703604627],"class_list":["post-13693","post","type-post","status-publish","format-standard","has-post-thumbnail","hentry","category-mujeres","tag-america-latina","tag-justificacion-y-autorizacion-de-la-interrupcion-del-embarazo","fallback-thumbnail"],"jetpack_likes_enabled":false,"jetpack_sharing_enabled":true,"jetpack_shortlink":"https:\/\/wp.me\/p7lt2C-3yR","amp_enabled":true,"jetpack_featured_media_url":"https:\/\/i0.wp.com\/correspondenciadeprensa.com\/wp-content\/uploads\/2020\/09\/Brasil-Aborto.jpg?fit=448%2C290&ssl=1","_links":{"self":[{"href":"https:\/\/correspondenciadeprensa.com\/index.php?rest_route=\/wp\/v2\/posts\/13693","targetHints":{"allow":["GET"]}}],"collection":[{"href":"https:\/\/correspondenciadeprensa.com\/index.php?rest_route=\/wp\/v2\/posts"}],"about":[{"href":"https:\/\/correspondenciadeprensa.com\/index.php?rest_route=\/wp\/v2\/types\/post"}],"author":[{"embeddable":true,"href":"https:\/\/correspondenciadeprensa.com\/index.php?rest_route=\/wp\/v2\/users\/102520410"}],"replies":[{"embeddable":true,"href":"https:\/\/correspondenciadeprensa.com\/index.php?rest_route=%2Fwp%2Fv2%2Fcomments&post=13693"}],"version-history":[{"count":4,"href":"https:\/\/correspondenciadeprensa.com\/index.php?rest_route=\/wp\/v2\/posts\/13693\/revisions"}],"predecessor-version":[{"id":13698,"href":"https:\/\/correspondenciadeprensa.com\/index.php?rest_route=\/wp\/v2\/posts\/13693\/revisions\/13698"}],"wp:featuredmedia":[{"embeddable":true,"href":"https:\/\/correspondenciadeprensa.com\/index.php?rest_route=\/wp\/v2\/media\/13697"}],"wp:attachment":[{"href":"https:\/\/correspondenciadeprensa.com\/index.php?rest_route=%2Fwp%2Fv2%2Fmedia&parent=13693"}],"wp:term":[{"taxonomy":"category","embeddable":true,"href":"https:\/\/correspondenciadeprensa.com\/index.php?rest_route=%2Fwp%2Fv2%2Fcategories&post=13693"},{"taxonomy":"post_tag","embeddable":true,"href":"https:\/\/correspondenciadeprensa.com\/index.php?rest_route=%2Fwp%2Fv2%2Ftags&post=13693"}],"curies":[{"name":"wp","href":"https:\/\/api.w.org\/{rel}","templated":true}]}}