{"id":1241,"date":"2016-11-01T18:05:14","date_gmt":"2016-11-01T18:05:14","guid":{"rendered":"https:\/\/correspondenciadeprensa.com\/?p=1241"},"modified":"2016-11-01T18:05:14","modified_gmt":"2016-11-01T18:05:14","slug":"uruguay-vivas-nos-queremos-marcha-de-protesta-ante-un-nuevo-femicidio-y-en-contra-la-violencia-machista","status":"publish","type":"post","link":"https:\/\/correspondenciadeprensa.com\/?p=1241","title":{"rendered":"Uruguay. \u00abVivas nos queremos\u00bb: marcha de protesta ante un nuevo femicidio y en contra la violencia machista"},"content":{"rendered":"<p><strong>Uruguay<\/strong><\/p>\n<p><strong>Decenas de personas volvieron a marchar en contra de la violencia machista<\/strong><\/p>\n<p><strong>Las mismas ra\u00edces<\/strong><\/p>\n<p><strong>Montevideo Portal, 25-10-2016\u00a0<\/strong><strong><a href=\"http:\/\/www.montevideo.com.uy\/\">http:\/\/www.montevideo.com.uy\/<\/a><\/strong><\/p>\n<p>Decenas de personas marcharon este lunes en contra de la violencia machista y en reacci\u00f3n de un nuevo femicidio en Uruguay. Con un discurso apuntando a un cambio social \u201cde ra\u00edz\u201d, las feministas reaccionaron ante la muerte de una mujer en Dolores.<\/p>\n<p>Decenas de personas marcharon en la noche de este lunes, en reacci\u00f3n de un nuevo femicidio, que tuvo lugar en Dolores el fin de semana. Un hombre asesin\u00f3 a una mujer a pu\u00f1aladas y luego intent\u00f3 suicidarse incendiando la casa. Ante este hecho, \u00aby siempre que se d\u00e9 un femicidio\u00bb, la Coordinadora de Feminismos de Uruguay convoc\u00f3 a una alerta en la Plaza Libertad, para luego marchar hacia la Plaza de los Treinta y Tres Orientales.<\/p>\n<p>\u00abNi una menos, ni una m\u00e1s \/\/ este sistema es opresor y patriarcal\u00bb fue una de las consignas cantadas por los marchantes durante las cuadras que separan la Plaza Libertad de la de los Treinta y Tres Orientales. Dentro de la gente se ve\u00edan hombres que fueron parte de la caminata y cantaban las consignas, pero eran mayor\u00eda las manifestantes.<\/p>\n<p>Durante el transcurso del camino, varias fueron las instituciones que se atacaron, pero el capitalismo, el Estado y la Iglesia se llevaron todas las voces: \u00abIglesia, vos sos la dictadura\u00bb, entonaron al pasar por la Iglesia del Cord\u00f3n.<\/p>\n<p>Cecilia, una de las organizadoras de la marcha, coment\u00f3 a Montevideo Portal que el feminismo, las feministas y el movimiento (que de hecho es muy complejo, porque contiene muchas corrientes, dijo) intentan lograr un cambio social que se d\u00e9 de ra\u00edz.<\/p>\n<p>\u00abCuando se habla de feminismo, hay personas que lo asocian directamente con el machismo, como si fuese lo contrario\u00bb, dijo y explic\u00f3 que el machismo es anterior al capitalismo y que con el surgimiento de ese sistema social lo que pas\u00f3 fue que \u00abse asociaron\u00bb.<\/p>\n<p>\u00abEse sistema se asocia con el capitalismo, y se conforma este nuevo sistema que se va reconfigurando, que es el capitalismo patriarcal, donde los varones viven privilegios que las mujeres no tienen. Desde antes de los 70 se empezaron a organizar las mujeres y ya desde antes a organizarse para hacer una transformaci\u00f3n social en relaci\u00f3n contra el patriarcado\u00bb, se explay\u00f3.<\/p>\n<p>La militante apunt\u00f3 que el feminismo \u00abempieza\u00bb con la defensa de los derechos: \u00abEl feminismo en un principio busc\u00f3 la igualdad\u00bb.<\/p>\n<p>\u00abLo que plante\u00f3 es que la mujer sea igual al var\u00f3n. Desde ese momento, se piensa en igualdad. La igualdad de derechos, ser igual al var\u00f3n\u00bb, puntualiz\u00f3.<\/p>\n<p>Luego, dijo, hubo nuevas ideas que hablaron del feminismo de \u00abla diferencia\u00bb, \u00abque marca que la mujer no quiere los mismos derechos del var\u00f3n\u00bb. Este nuevo pensamiento \u00abno quiere ser igual al var\u00f3n, no quiere que el modelo a seguir sea el var\u00f3n burgu\u00e9s, blanco y heterosexual\u00bb.<\/p>\n<p>\u00abEl feminismo no es igualdad; s\u00ed en alg\u00fan plano. Somos iguales, pero iguales a qu\u00e9. \u00bfIgual al var\u00f3n que ejerce determinada violencia? Vemos muchas mujeres en lugares de poder que son iguales a los varones en la forma de actuar en la vida\u00bb, ejemplific\u00f3.<\/p>\n<p>Otra de las manifestantes, Marcela, enfatiz\u00f3 en la idea de problematizar en \u00abc\u00f3mo nosotros (varones y mujeres) reproducimos en cosas peque\u00f1as este sistema. Qu\u00e9 cosas hago yo que est\u00e1n vinculados a este sistema capitalista y patriarcal. En nuestra pareja, con nuestros hijos, con nuestros padres. En todo, pensar en c\u00f3mo reproducimos esa cultura\u00bb. \u00abSi no hay un cambio de sistema no habr\u00e1 igualdad\u00bb, sentenci\u00f3.<\/p>\n<p>La movilizaci\u00f3n culmin\u00f3 en la Plaza de los Treinta y Tres, donde todos los participantes leyeron la proclama y juntos hicieron un abrazo, que se conform\u00f3 al canto de \u00abvivas nos queremos\u00bb.<\/p>\n","protected":false},"excerpt":{"rendered":"<p>Decenas de personas marcharon este lunes en contra de la violencia machista y en reacci\u00f3n de un nuevo femicidio en Uruguay. Con un discurso apuntando a un cambio social \u201cde ra\u00edz\u201d, las feministas reaccionaron ante la muerte de una mujer en Dolores&#8230;<\/p>\n","protected":false},"author":102520410,"featured_media":0,"comment_status":"open","ping_status":"open","sticky":false,"template":"","format":"aside","meta":{"_coblocks_attr":"","_coblocks_dimensions":"","_coblocks_responsive_height":"","_coblocks_accordion_ie_support":"","advanced_seo_description":"","jetpack_seo_html_title":"","jetpack_seo_noindex":false,"jetpack_seo_schema_type":"","_jetpack_newsletter_access":"","_jetpack_dont_email_post_to_subs":false,"_jetpack_newsletter_tier_id":0,"_jetpack_memberships_contains_paywalled_content":false,"_wpcom_ai_launchpad_first_post":false,"_jetpack_feature_clip_id":0,"_jetpack_memberships_contains_paid_content":false,"footnotes":"","jetpack_post_was_ever_published":false},"categories":[14037,12693],"tags":[17212],"class_list":["post-1241","post","type-post","status-publish","format-aside","hentry","category-mujeres","category-uruguay","tag-america-latina","post_format-post-format-aside"],"jetpack_likes_enabled":false,"jetpack_sharing_enabled":true,"jetpack_shortlink":"https:\/\/wp.me\/p7lt2C-k1","amp_enabled":true,"jetpack_featured_media_url":"","_links":{"self":[{"href":"https:\/\/correspondenciadeprensa.com\/index.php?rest_route=\/wp\/v2\/posts\/1241","targetHints":{"allow":["GET"]}}],"collection":[{"href":"https:\/\/correspondenciadeprensa.com\/index.php?rest_route=\/wp\/v2\/posts"}],"about":[{"href":"https:\/\/correspondenciadeprensa.com\/index.php?rest_route=\/wp\/v2\/types\/post"}],"author":[{"embeddable":true,"href":"https:\/\/correspondenciadeprensa.com\/index.php?rest_route=\/wp\/v2\/users\/102520410"}],"replies":[{"embeddable":true,"href":"https:\/\/correspondenciadeprensa.com\/index.php?rest_route=%2Fwp%2Fv2%2Fcomments&post=1241"}],"version-history":[{"count":2,"href":"https:\/\/correspondenciadeprensa.com\/index.php?rest_route=\/wp\/v2\/posts\/1241\/revisions"}],"predecessor-version":[{"id":1243,"href":"https:\/\/correspondenciadeprensa.com\/index.php?rest_route=\/wp\/v2\/posts\/1241\/revisions\/1243"}],"wp:attachment":[{"href":"https:\/\/correspondenciadeprensa.com\/index.php?rest_route=%2Fwp%2Fv2%2Fmedia&parent=1241"}],"wp:term":[{"taxonomy":"category","embeddable":true,"href":"https:\/\/correspondenciadeprensa.com\/index.php?rest_route=%2Fwp%2Fv2%2Fcategories&post=1241"},{"taxonomy":"post_tag","embeddable":true,"href":"https:\/\/correspondenciadeprensa.com\/index.php?rest_route=%2Fwp%2Fv2%2Ftags&post=1241"}],"curies":[{"name":"wp","href":"https:\/\/api.w.org\/{rel}","templated":true}]}}