{"id":11592,"date":"2020-04-06T13:05:29","date_gmt":"2020-04-06T11:05:29","guid":{"rendered":"http:\/\/correspondenciadeprensa.com\/?p=11592"},"modified":"2020-04-09T21:09:35","modified_gmt":"2020-04-09T19:09:35","slug":"argentina-la-cuarentena-imposible-informales-desempleados-y-precarizados","status":"publish","type":"post","link":"https:\/\/correspondenciadeprensa.com\/?p=11592","title":{"rendered":"Argentina &#8211; La cuarentena imposible: informales, desempleados y precarizados.   [Fabi\u00e1n Kovacik]"},"content":{"rendered":"<p><strong>Segunda semana de cuarentena<\/strong><\/p>\n<p><strong>No me dejan salir <\/strong><\/p>\n<p><strong>El coronavirus ya modific\u00f3 la vida cotidiana de los argentinos y apunta a reorganizar el escenario econ\u00f3mico en la puja de poder entre los sectores populares y los grupos concentrados. Las ayudas econ\u00f3micas al sector informal no alcanzan, y, asfixiados por una cuarentena imposible de cumplir, millones de personas se exponen al amedrentamiento policial al salir de sus casas. El aporte de los grandes grupos econ\u00f3micos a la causa nacional todav\u00eda se espera.<\/strong><\/p>\n<p><strong>F. Kovacik, desde Buenos Aires<\/strong><\/p>\n<p><strong><a href=\"https:\/\/brecha.com.uy\/\">Brecha<\/a>, 4-4-2020 \u00a0\u00a0\u00a0\u00a0\u00a0\u00a0\u00a0\u00a0\u00a0\u00a0\u00a0\u00a0\u00a0\u00a0\u00a0\u00a0\u00a0\u00a0\u00a0\u00a0\u00a0\u00a0\u00a0\u00a0\u00a0\u00a0\u00a0\u00a0\u00a0\u00a0\u00a0\u00a0\u00a0\u00a0\u00a0\u00a0\u00a0\u00a0\u00a0\u00a0\u00a0\u00a0\u00a0\u00a0\u00a0\u00a0\u00a0\u00a0\u00a0\u00a0\u00a0\u00a0\u00a0\u00a0\u00a0\u00a0\u00a0\u00a0\u00a0\u00a0\u00a0\u00a0\u00a0\u00a0\u00a0\u00a0\u00a0\u00a0\u00a0\u00a0\u00a0\u00a0\u00a0\u00a0\u00a0\u00a0\u00a0\u00a0\u00a0\u00a0\u00a0\u00a0\u00a0\u00a0\u00a0\u00a0\u00a0\u00a0\u00a0\u00a0\u00a0\u00a0\u00a0\u00a0\u00a0\u00a0\u00a0\u00a0\u00a0\u00a0\u00a0\u00a0\u00a0\u00a0\u00a0\u00a0\u00a0\u00a0\u00a0\u00a0\u00a0\u00a0\u00a0\u00a0\u00a0\u00a0\u00a0\u00a0\u00a0\u00a0\u00a0\u00a0\u00a0\u00a0 <\/strong><\/p>\n<p><strong><a href=\"https:\/\/correspondenciadeprensa.com\/\">Correspondencia de Prensa<\/a>, 6-4-2020<\/strong><\/p>\n<p style=\"text-align:justify;\">La decisi\u00f3n del presidente Alberto Fern\u00e1ndez de prolongar el aislamiento obligatorio hasta el 13 de abril aument\u00f3 los interrogantes en torno a la situaci\u00f3n sanitaria, econ\u00f3mica y social en el pa\u00eds. Desde el punto de vista m\u00e9dico, los resultados indican una progresi\u00f3n bajo control de la pandemia con una tasa de mortalidad sostenida de un 2 por ciento respecto del total de infectados. Los casos positivos ya superan los 1.000 y comenz\u00f3 a registrarse un n\u00famero importante de contagios por transmisi\u00f3n comunitaria. La capital sigue siendo el principal foco y le sigue el Gran Buenos Aires. Entre ambos concentran el 60 por ciento de los casos, pero tambi\u00e9n las cifras m\u00e1s duras y riesgosas en t\u00e9rminos de desempleo y pobreza.<\/p>\n<p style=\"text-align:center;\"><strong>Informales, desempleados y precarizados<\/strong><\/p>\n<p style=\"text-align:justify;\">Al cabo de una semana de decretado el aislamiento obligatorio, el gobierno repar\u00f3 en los problemas del sector informal de la econom\u00eda. Con viviendas precarias y familias numerosas, ese sector recibi\u00f3 el anuncio de un bono de 5 mil pesos (77 d\u00f3lares) para el mes de abril. La medida fue ampliada el jueves 26 con un subsidio especial de otros 10 mil pesos para aquellos inscriptos como monotributistas, una categor\u00eda fiscal que engloba desde el emprendedor individual que produce artesan\u00edas o vende servicios hasta los miembros de una cooperativa. Seg\u00fan datos de la Administraci\u00f3n Federal de Ingresos P\u00fablicos, el padr\u00f3n nacional para esta categor\u00eda oscila entre 3 y 4 millones de personas. Para percibir el subsidio es necesario inscribirse en la p\u00e1gina web de la Administraci\u00f3n Nacional de la Seguridad Social, que debi\u00f3 extender la fecha de recepci\u00f3n de formularios tres d\u00edas m\u00e1s: s\u00f3lo en los primeros dos d\u00edas ya se hab\u00edan anotado 9 millones de personas.<\/p>\n<p style=\"text-align:justify;\">\u201cQue los inscriptos superen el n\u00famero de monotributistas y alcancen al 75 por ciento de la mano de obra activa total en la Argentina habla de las graves falencias en los ingresos de los trabajadores y en la distribuci\u00f3n de la renta, dadas las necesidades que esta pandemia termin\u00f3 por desnudar\u201d, se\u00f1al\u00f3 a Brecha Enrique Mart\u00ednez, coordinador del Instituto para la Producci\u00f3n Popular y extitular del Instituto Nacional de Tecnolog\u00eda Industrial bajo los gobiernos de Ra\u00fal Alfons\u00edn, N\u00e9stor Kirchner y Cristina Fern\u00e1ndez. \u201cLa situaci\u00f3n de los sectores populares es grave. Todo el sector de peque\u00f1as y medianas empresas, los cuentapropistas y los cooperativistas se ha quedado sin posibilidad concreta de producir y obtener ingresos\u201d, agreg\u00f3.<\/p>\n<p style=\"text-align:justify;\">\u201cEn Argentina el sector cooperativo nunca logr\u00f3 constituirse en cadena de producci\u00f3n y valor propia; siempre dependi\u00f3, en alg\u00fan punto, de los grupos econ\u00f3micos concentrados. Hoy llega a esta instancia totalmente desprotegido. Para salir de esta situaci\u00f3n har\u00e1 falta no s\u00f3lo la intervenci\u00f3n estatal, sino la inteligencia para plantear una salida que contemple la producci\u00f3n y los ingresos. No hay que sacarles a los ricos para darles a los pobres; hay que permitir que los pobres trabajen y desarrollen sus propias capacidades\u201d, enfatiz\u00f3 Mart\u00ednez.<\/p>\n<p style=\"text-align:justify;\">Los ministerios de Econom\u00eda y Desarrollo Productivo, en las \u00faltimas semanas, establecieron medidas puntuales, como la reducci\u00f3n de tasas de inter\u00e9s para cr\u00e9ditos blandos, la suspensi\u00f3n de impuestos para las pymes, el congelamiento del precio de los alquileres y de los cr\u00e9ditos hipotecarios hasta el 30 de setiembre, con la idea de frenar la ca\u00edda de la econom\u00eda en los sectores bajos y asalariados. Una ca\u00edda en la actividad implica mayores problemas en la vida cotidiana de millones de habitantes de las barriadas populares, que viven de trabajos ocasionales o de un salario en relaci\u00f3n de dependencia, lo que implicar\u00eda una agudizaci\u00f3n del conflicto social.<\/p>\n<p style=\"text-align:center;\"><strong>La cuarentena imposible<\/strong><\/p>\n<p style=\"text-align:justify;\">\u201cEn los barrios populares lo \u00faltimo que necesit\u00e1bamos eran polic\u00edas y gendarmes\u201d, se\u00f1al\u00f3 a Brecha Ismael Jalil, de la Coordinadora contra la Represi\u00f3n Policial e Institucional (Correpi). \u201cNecesitamos hospitales ambulantes, ayuda social y dinero para que la gente pueda comer ante la pandemia. El encierro, tal como lo plantea el gobierno nacional, est\u00e1 pensado para las clases medias urbanas, y est\u00e1 bien. Pero en los barrios populares la gente vive en ranchos o con familia de seis o siete miembros hacinada en una habitaci\u00f3n. La idea de quedarse en casa es suicida, y cuando salen, los meten en cana\u201d, agreg\u00f3.<\/p>\n<p style=\"text-align:justify;\">Seg\u00fan datos relevados por Correpi, desde el inicio del aislamiento obligatorio se produjeron 500 mil notificaciones por violar la cuarentena. 13 mil personas, en su mayor\u00eda j\u00f3venes de entre 18 y 30 a\u00f1os, terminaron en las comisar\u00edas. \u201cViolar la cuarentena fue la excusa policial para caerles a los pibes que ten\u00edan otras causas\u201d, se\u00f1al\u00f3 Jalil. A ra\u00edz de estas denuncias, tanto el ministro de Desarrollo Social, Daniel Arroyo, como los intendentes de los principales municipios del Gran Buenos Aires plantean una variante para la consigna oficial \u201cno salgas de tu barrio\u201d. \u201cEs dif\u00edcil pedirle a la gente que vive de changas callejeras que no salga de su casa, porque as\u00ed no puede sobrevivir\u201d, remat\u00f3 Jalil.<img data-recalc-dims=\"1\" loading=\"lazy\" decoding=\"async\" data-attachment-id=\"11595\" data-permalink=\"https:\/\/correspondenciadeprensa.com\/?attachment_id=11595\" data-orig-file=\"https:\/\/i0.wp.com\/correspondenciadeprensa.com\/wp-content\/uploads\/2020\/04\/argentina604-ii.jpg?fit=900%2C600&amp;ssl=1\" data-orig-size=\"900,600\" data-comments-opened=\"0\" data-image-title=\"ARGENTINA-BUENOS AIRES-COVID-19-CUARENTENA\" data-image-description=\"\" data-image-caption=\"&lt;p&gt;(200320) &amp;#8212; BUENOS AIRES, 20 marzo, 2020 (Xinhua) &amp;#8212; Elementos de la Polic\u00eda de la Ciudad controlan el ingreso a la Terminal Retiro durante la primera jornada de la cuarentena obligatoria decretada por el gobierno argentino, en la ciudad de Buenos Aires, capital de Argentina, el 20 de marzo de 2020. El presidente de Argentina, Alberto Fern\u00e1ndez, pidi\u00f3 el viernes a la poblaci\u00f3n unidad y cumplir la cuarentena obligatoria dispuesta hasta el pr\u00f3ximo 31 de marzo, para superar la pandemia de la enfermedad causada por el nuevo coronavirus, que en el pa\u00eds registra 128 casos, tres de ellos fatales. (Xinhua\/Mart\u00edn Zabala) (mz) (mm) (da)&lt;\/p&gt;\n\" data-large-file=\"https:\/\/i0.wp.com\/correspondenciadeprensa.com\/wp-content\/uploads\/2020\/04\/argentina604-ii.jpg?fit=656%2C437&amp;ssl=1\" class=\" size-full wp-image-11595 aligncenter\" src=\"https:\/\/i0.wp.com\/correspondenciadeprensa.com\/wp-content\/uploads\/2020\/04\/argentina604-ii.jpg?resize=656%2C437&#038;ssl=1\" alt=\"ARGENTINA-BUENOS AIRES-COVID-19-CUARENTENA\" width=\"656\" height=\"437\" \/><\/p>\n<p style=\"text-align:center;\"><strong>Dilema frente a los poderosos <\/strong><\/p>\n<p style=\"text-align:justify;\">Frente a la emergencia sanitaria, el presidente Alberto Fern\u00e1ndez reorganiz\u00f3 su agenda. Hab\u00eda asumido con la idea de reconstruir un pa\u00eds endeudado cuyo tema central era la negociaci\u00f3n con el Fmi y los acreedores, y termin\u00f3 enfrentado a una pandemia mundial cuyos alcances a\u00fan no se perciben totalmente. Si el tema excluyente del \u00faltimo mes fue el acelerado avance del coronavirus, la tarde del viernes 27 abri\u00f3 un nuevo frente de tormenta.<\/p>\n<p style=\"text-align:justify;\">Mientras peque\u00f1os empresarios, cooperativistas y sectores del comercio cuentapropista reclaman al gobierno medidas complementarias ante un inminente corte de la cadena de pagos, \u201clos grandes grupos econ\u00f3micos concentrados aprovechan la situaci\u00f3n y buscan que la cadena de pagos se corte para promover una vuelta a la actividad\u201d, se\u00f1al\u00f3 a Brecha Francisco Cantamutto, licenciado en Econom\u00eda e investigador del Conicet. El grupo multinacional Techint \u2013dedicado a la ingenier\u00eda y construcci\u00f3n de grandes obras\u2013 decidi\u00f3 despedir a 1.450 obreros no renov\u00e1ndoles el contrato, lo que gener\u00f3 las primeras discusiones sobre c\u00f3mo sostener la actividad econ\u00f3mica en un contexto de aislamiento de la mano de obra.<\/p>\n<p style=\"text-align:justify;\">La Asociaci\u00f3n de Empresarios Nacionales \u2013que re\u00fane a peque\u00f1os y medianos empresarios ligados esencialmente a abastecer el mercado interno\u2013 reclama al gobierno medidas m\u00e1s severas contra los bancos y las grandes empresas, por ejemplo, la obligaci\u00f3n de pagar a las pymes toda la facturaci\u00f3n en un plazo m\u00e1ximo de 15 d\u00edas y los cr\u00e9ditos de los bancos a la mitad de la tasa actual para evitar el corte de la cadena de pagos.<\/p>\n<p style=\"text-align:justify;\">\u201cEs hora de que los grandes empresarios ganen un poco menos\u201d, dijo en ese sentido el presidente Fern\u00e1ndez en su mensaje del domingo pasado, al extender el plazo de aislamiento hasta el 13 de abril. Para Cantamutto, la popularidad del mandatario indicada por los \u00faltimos sondeos presentados en marzo deber\u00eda ser aprovechada para rediscutir los t\u00e9rminos de las relaciones sociales y econ\u00f3micas de Argentina: \u201cEs necesario hacer part\u00edcipes del salvataje a los grandes bancos y a las grandes empresas, implementar un impuesto a las grandes fortunas y a los fondos en el exterior que puedan ser identificados por el Banco Central, adem\u00e1s de suspender el pago de la deuda externa\u201d.<\/p>\n<p style=\"text-align:justify;\">El economista Claudio Katz, investigador del Conicet y docente de la Universidad de Buenos Aires, fue m\u00e1s all\u00e1: \u201cEs muy probable que el manejo de esta crisis defina la t\u00f3nica, conservadora o progresista, del quinto peronismo. Alberto proviene del primer sector, pero se amold\u00f3 al segundo por el liderazgo de Cristina Fern\u00e1ndez. La redefinici\u00f3n en curso hace tambalear su proyecto inicial de repetir el equilibrio de N\u00e9stor, incorporando ingredientes de institucionalidad alfonsinista a la coalici\u00f3n gobernante\u201d.<\/p>\n<p style=\"text-align:justify;\">Sin embargo, anota Katz, \u201cFern\u00e1ndez logr\u00f3 hasta ahora afianzar la hegemon\u00eda que introdujo al inicio de su gesti\u00f3n. Ya consigui\u00f3 el acompa\u00f1amiento de la oposici\u00f3n, la tregua de los medios de comunicaci\u00f3n y el continuado sost\u00e9n del electorado, que apost\u00f3 a superar la pesadilla del macrismo. Cuenta, adem\u00e1s, con la aprobaci\u00f3n de los cient\u00edficos y sanitaristas, que ejercen una influencia may\u00fascula en la coyuntura actual. La derecha ha perdido gravitaci\u00f3n\u201d. A pesar de eso, \u201cel escenario puede cambiar si las respuestas a la crisis son inadecuadas. La poblaci\u00f3n eval\u00faa con enorme atenci\u00f3n la gesti\u00f3n oficial del vendaval econ\u00f3mico y sanitario\u201d.<\/p>\n","protected":false},"excerpt":{"rendered":"<p>Desde el punto de vista m\u00e9dico, los resultados indican una progresi\u00f3n bajo control de la pandemia con una tasa de mortalidad sostenida de un 2 por ciento respecto del total de infectados. Los casos positivos ya superan los 1.000 y comenz\u00f3 a registrarse un n\u00famero importante de contagios por transmisi\u00f3n comunitaria. La capital sigue siendo el principal foco y le sigue el Gran Buenos Aires. Entre ambos concentran el 60 por ciento de los casos, pero tambi\u00e9n las cifras m\u00e1s duras y riesgosas en t\u00e9rminos de desempleo y pobreza&#8230;<\/p>\n","protected":false},"author":102520410,"featured_media":11645,"comment_status":"closed","ping_status":"closed","sticky":false,"template":"","format":"aside","meta":{"_coblocks_attr":"","_coblocks_dimensions":"","_coblocks_responsive_height":"","_coblocks_accordion_ie_support":"","advanced_seo_description":"","jetpack_seo_html_title":"","jetpack_seo_noindex":false,"jetpack_seo_schema_type":"","_jetpack_newsletter_access":"","_jetpack_dont_email_post_to_subs":false,"_jetpack_newsletter_tier_id":0,"_jetpack_memberships_contains_paywalled_content":false,"_wpcom_ai_launchpad_first_post":false,"_jetpack_feature_clip_id":0,"_jetpack_memberships_contains_paid_content":false,"footnotes":"","jetpack_post_was_ever_published":false},"categories":[2127],"tags":[17212,14579059],"class_list":["post-11592","post","type-post","status-publish","format-aside","has-post-thumbnail","hentry","category-salud","tag-america-latina","tag-barrios-populares","post_format-post-format-aside","fallback-thumbnail"],"jetpack_likes_enabled":false,"jetpack_sharing_enabled":true,"jetpack_shortlink":"https:\/\/wp.me\/p7lt2C-30Y","amp_enabled":true,"jetpack_featured_media_url":"https:\/\/i0.wp.com\/correspondenciadeprensa.com\/wp-content\/uploads\/2020\/04\/argentina604-ib.jpg?fit=768%2C483&ssl=1","_links":{"self":[{"href":"https:\/\/correspondenciadeprensa.com\/index.php?rest_route=\/wp\/v2\/posts\/11592","targetHints":{"allow":["GET"]}}],"collection":[{"href":"https:\/\/correspondenciadeprensa.com\/index.php?rest_route=\/wp\/v2\/posts"}],"about":[{"href":"https:\/\/correspondenciadeprensa.com\/index.php?rest_route=\/wp\/v2\/types\/post"}],"author":[{"embeddable":true,"href":"https:\/\/correspondenciadeprensa.com\/index.php?rest_route=\/wp\/v2\/users\/102520410"}],"replies":[{"embeddable":true,"href":"https:\/\/correspondenciadeprensa.com\/index.php?rest_route=%2Fwp%2Fv2%2Fcomments&post=11592"}],"version-history":[{"count":3,"href":"https:\/\/correspondenciadeprensa.com\/index.php?rest_route=\/wp\/v2\/posts\/11592\/revisions"}],"predecessor-version":[{"id":11596,"href":"https:\/\/correspondenciadeprensa.com\/index.php?rest_route=\/wp\/v2\/posts\/11592\/revisions\/11596"}],"wp:featuredmedia":[{"embeddable":true,"href":"https:\/\/correspondenciadeprensa.com\/index.php?rest_route=\/wp\/v2\/media\/11645"}],"wp:attachment":[{"href":"https:\/\/correspondenciadeprensa.com\/index.php?rest_route=%2Fwp%2Fv2%2Fmedia&parent=11592"}],"wp:term":[{"taxonomy":"category","embeddable":true,"href":"https:\/\/correspondenciadeprensa.com\/index.php?rest_route=%2Fwp%2Fv2%2Fcategories&post=11592"},{"taxonomy":"post_tag","embeddable":true,"href":"https:\/\/correspondenciadeprensa.com\/index.php?rest_route=%2Fwp%2Fv2%2Ftags&post=11592"}],"curies":[{"name":"wp","href":"https:\/\/api.w.org\/{rel}","templated":true}]}}