{"id":11574,"date":"2020-04-06T09:25:38","date_gmt":"2020-04-06T07:25:38","guid":{"rendered":"http:\/\/correspondenciadeprensa.com\/?p=11574"},"modified":"2020-04-09T21:07:19","modified_gmt":"2020-04-09T19:07:19","slug":"brasil-la-construccion-de-la-tragedia","status":"publish","type":"post","link":"https:\/\/correspondenciadeprensa.com\/?p=11574","title":{"rendered":"Brasil &#8211; La construcci\u00f3n de la tragedia.   [Gilberto Calil]"},"content":{"rendered":"<p><strong><a href=\"https:\/\/esquerdaonline.com.br\/\">Esquerda Online<\/a>, 5-4-2020<\/strong><\/p>\n<p><strong>Traducci\u00f3n de <a href=\"https:\/\/correspondenciadeprensa.com\/\">Correspondencia de Prensa<\/a>, 6-4-2020<\/strong><\/p>\n<p style=\"text-align:justify;\">Desde el discurso de Jair Bolsonaro del pasado 31 de marzo, presentado como \u00abm\u00e1s sabio\u00bb por la \u00fanica raz\u00f3n de que el discurso de la semana anterior fue criminalmente irresponsable y propag\u00f3 m\u00faltiples desinformaciones, el tono de las cr\u00edticas de los medios de comunicaci\u00f3n a las pol\u00edticas contradictorias e insuficientes del Ministerio de Salud ha disminuido, e incluso los actos de aparente sabotaje presidencial al aislamiento presidencial han sido tratados como problemas menores por los principales medios de comunicaci\u00f3n. El aplazamiento de la aprobaci\u00f3n de los ingresos de emergencia tiene una conexi\u00f3n evidente con la intenci\u00f3n pol\u00edtica de sabotear el aislamiento social y producir una situaci\u00f3n catastr\u00f3fica, pero a menudo se presenta como una cuesti\u00f3n t\u00e9cnica.<\/p>\n<p style=\"text-align:justify;\">Junto con esto, es un discurso que afirma que el aislamiento social, en la forma en que se est\u00e1 llevando a cabo en el pa\u00eds, ya ha producido efectos positivos (como si estuvi\u00e9ramos en un punto en el que ser\u00eda posible frenarlo). Esto se expres\u00f3 en las declaraciones (1) del Secretario Ejecutivo del Ministerio de Salud, Jo\u00e3o Gabbardo dos Reis, para quien \u00abla din\u00e1mica de la enfermedad en el Brasil est\u00e1 por debajo de la curva de crecimiento de Espa\u00f1a, Italia y los Estados Unidos, a partir del caso centenario\u00bb.\u00a0 Tambi\u00e9n declar\u00f3 que \u00abning\u00fan [pa\u00eds] se ha preparado tanto como Brasil, tuvimos la suerte de prepararnos lo mejor posible, otros pa\u00edses no tuvieron este tiempo. La gran mayor\u00eda de los hospitales hoy en d\u00eda est\u00e1n vac\u00edos.(2) La frase sobre \u00abhospitales vac\u00edos\u00bb, absurdamente falsa, repite la afirmaci\u00f3n del propio Bolsonaro. La tesis de la buena preparaci\u00f3n suena rid\u00edcula en vista de la realidad que enfrentan los profesionales de la salud. Pero la pregunta central es: \u00bfes nuestra curva realmente inferior a la de otros pa\u00edses?<\/p>\n<p style=\"text-align:justify;\">Por supuesto, al trabajar con n\u00fameros para producir cuadros y gr\u00e1ficos, cada corte y criterio utilizado puede servir para apoyar diferentes conclusiones, y en alg\u00fan momento los tres pa\u00edses citados tuvieron una explosi\u00f3n de casos. En Italia esto sigui\u00f3 al movimiento de <em>Milano no si ferma<\/em> y la consiguiente reapertura del comercio, y en los Estados Unidos, a los discursos de Trump que minimizaban los riesgos del Covid-19 y vend\u00edan ilusiones sobre la eficacia de la cloroquina. Despu\u00e9s de una autocr\u00edtica tard\u00eda, tanto Trump como el Ayuntamiento de Mil\u00e1n revisaron sus posiciones, pero se tard\u00f3 mucho tiempo en reducir la tasa de crecimiento de las muertes debido al retraso general en el per\u00edodo de incubaci\u00f3n y el tiempo de desarrollo de la enfermedad hasta que \u00e9sta empeor\u00f3.<\/p>\n<p style=\"text-align:justify;\">Adem\u00e1s de esto, es innegable que la comparaci\u00f3n entre las diferentes realidades nacionales se ve muy obstaculizada por los diferentes niveles de sub-registro, que a pesar de los discursos oficiales, es enorme en el caso brasile\u00f1o. Por esta raz\u00f3n, es importante contrastar el discurso oficial con la curva de evoluci\u00f3n de las muertes, desde la fecha de la primera muerte. Es evidente que incluso existe el problema del sub-registro, que se expresa tanto en situaciones de muertes que ni siquiera fueron probadas, como en el lapso de tiempo que transcurre entre la muerte y el resultado del examen, ya que absurdamente (para un pa\u00eds que supuestamente se prepar\u00f3 tan bien), la mayor\u00eda de las muertes ocurren antes de que se conozca el resultado del examen. Aun as\u00ed, suponiendo que el registro de defunciones est\u00e9 un poco menos alejado de la realidad que el registro de casos, tenemos la siguiente situaci\u00f3n:<img data-recalc-dims=\"1\" loading=\"lazy\" decoding=\"async\" data-attachment-id=\"11576\" data-permalink=\"https:\/\/correspondenciadeprensa.com\/?attachment_id=11576\" data-orig-file=\"https:\/\/i0.wp.com\/correspondenciadeprensa.com\/wp-content\/uploads\/2020\/04\/brasil604-ii.jpg?fit=853%2C390&amp;ssl=1\" data-orig-size=\"853,390\" data-comments-opened=\"0\" data-image-title=\"Brasil604 II\" data-image-description=\"\" data-image-caption=\"\" data-large-file=\"https:\/\/i0.wp.com\/correspondenciadeprensa.com\/wp-content\/uploads\/2020\/04\/brasil604-ii.jpg?fit=656%2C300&amp;ssl=1\" class=\" size-full wp-image-11576 aligncenter\" src=\"https:\/\/i0.wp.com\/correspondenciadeprensa.com\/wp-content\/uploads\/2020\/04\/brasil604-ii.jpg?resize=656%2C300&#038;ssl=1\" alt=\"Brasil604 II\" width=\"656\" height=\"300\" \/><\/p>\n<p style=\"text-align:justify;\">Incluimos intencionadamente a la Argentina para destacar la diferencia de resultados que se produce cuando hay una pol\u00edtica efectiva y unificada para asegurar el aislamiento social. Incluso habiendo tenido la primera muerte diez d\u00edas antes que Brasil, el pa\u00eds vecino tiene menos del 10% de muertes que Brasil, y menos de la mitad de muertes por mill\u00f3n de habitantes (0,94 Argentina, 2,06 Brasil).<\/p>\n<p style=\"text-align:justify;\">En relaci\u00f3n con Italia, hasta el d\u00eda 15, la tasa de crecimiento del n\u00famero de v\u00edctimas mortales en Brasil fue mayor. Fue precisamente en ese momento, en la segunda semana de marzo, cuando explotaron las tasas italianas, lo que se explica por el hecho de que la campa\u00f1a <em>Milano no si ferma <\/em>se inici\u00f3 el 26 de febrero y que sus efectos no se limitaron a la ciudad de Mil\u00e1n, sino que tuvieron eco en diferentes partes de Italia, especialmente en Lombard\u00eda (de la que Mil\u00e1n es la capital), que sigue concentrando el 39% de los casos y m\u00e1s del 56% de las muertes en Italia. Considerar positivo que nuestra curva est\u00e9 un poco por debajo de la italiana en este momento ser\u00eda una verdadera demencia, teniendo en cuenta que Italia ya tiene m\u00e1s de 15.000 muertos (un n\u00famero que inevitablemente seguir\u00e1 creciendo mucho) y que Brasil tiene tres veces y media la poblaci\u00f3n de Italia, por lo que si sigue la curva de evoluci\u00f3n italiana, Brasil tendr\u00eda m\u00e1s de 50.000 muertos.<\/p>\n<p style=\"text-align:justify;\">En relaci\u00f3n con los Estados Unidos, la curva brasile\u00f1a es claramente m\u00e1s pronunciada, porque el punto de inflexi\u00f3n all\u00ed se produjo m\u00e1s tarde. All\u00ed tambi\u00e9n, los discursos presidenciales fueron el combustible para la propagaci\u00f3n de la pandemia. El 26 de febrero Trump dijo que la situaci\u00f3n estaba bajo control y que el Covid-19 era una simple gripe sin mayores consecuencias. El 20 de marzo exacerb\u00f3 su posici\u00f3n, minimizando la amenaza de la pandemia y manteniendo la eficiencia del cloro en el tratamiento de los pacientes. (3) Para entonces, los Estados Unidos hab\u00edan registrado 9.000 casos y hab\u00edan aumentado nueve veces en una semana. cinco d\u00edas despu\u00e9s, el n\u00famero de muertos se hab\u00eda disparado, llegando a 1.331 muertes en un solo d\u00eda ayer. Aun considerando el n\u00famero de muertes, otra forma de evaluar y comparar el ritmo de crecimiento de los diferentes pa\u00edses, considerando que ayer Brasil oficialmente super\u00f3 las 400 muertes, es observar cu\u00e1ntos d\u00edas, desde la primera muerte, cada pa\u00eds tard\u00f3 en llegar a este punto. Los resultados son, una vez m\u00e1s, preocupantes.<img data-recalc-dims=\"1\" loading=\"lazy\" decoding=\"async\" data-attachment-id=\"11577\" data-permalink=\"https:\/\/correspondenciadeprensa.com\/?attachment_id=11577\" data-orig-file=\"https:\/\/i0.wp.com\/correspondenciadeprensa.com\/wp-content\/uploads\/2020\/04\/brasil604-iii-e1586157802137.jpg?fit=327%2C503&amp;ssl=1\" data-orig-size=\"327,503\" data-comments-opened=\"0\" data-image-title=\"Brasil604 III\" data-image-description=\"\" data-image-caption=\"\" data-large-file=\"https:\/\/i0.wp.com\/correspondenciadeprensa.com\/wp-content\/uploads\/2020\/04\/brasil604-iii-e1586157802137.jpg?fit=327%2C503&amp;ssl=1\" class=\" size-full wp-image-11577 alignright\" src=\"https:\/\/i0.wp.com\/correspondenciadeprensa.com\/wp-content\/uploads\/2020\/04\/brasil604-iii-e1586157802137.jpg?resize=327%2C503&#038;ssl=1\" alt=\"Brasil604 III\" width=\"327\" height=\"503\" \/><\/p>\n<p style=\"text-align:justify;\">Turqu\u00eda y B\u00e9lgica han venido registrando tasas de crecimiento muy elevadas, alcanzando r\u00e1pidamente el grupo de pa\u00edses con m\u00e1s casos y m\u00e1s muertes, aunque B\u00e9lgica tiene poco m\u00e1s de diez millones de habitantes. Tambi\u00e9n se encuentran entre los pa\u00edses con el mayor n\u00famero de pacientes graves y es muy probable que tengan un r\u00e1pido aumento de las muertes. Los otros dos pa\u00edses con un crecimiento m\u00e1s r\u00e1pido que el Brasil son Espa\u00f1a e Italia, en el epicentro mundial de la pandemia. Por sus caracter\u00edsticas, el Brasil podr\u00eda compararse con los Estados Unidos, de dimensiones continentales y con una regionalidad distinta. Incluso en la condici\u00f3n anterior, de minimizaci\u00f3n de riesgos por su presidente hasta hace poco, Estados Unidos tard\u00f3 cuatro d\u00edas m\u00e1s que Brasil en alcanzar las 400 muertes, lo que es bastante expresivo.<\/p>\n<p style=\"text-align:justify;\">Esto indica que la situaci\u00f3n brasile\u00f1a es dram\u00e1tica. No como algo aislado, porque la imagen del mundo es muy preocupante, pero lo suficiente como para considerar que el discurso del Ministerio de Sanidad es inadecuado e inapropiado. El crecimiento del n\u00famero de muertes diarias se ha producido en progresi\u00f3n geom\u00e9trica:<\/p>\n<p style=\"text-align:justify;\"><img data-recalc-dims=\"1\" loading=\"lazy\" decoding=\"async\" data-attachment-id=\"11578\" data-permalink=\"https:\/\/correspondenciadeprensa.com\/?attachment_id=11578\" data-orig-file=\"https:\/\/i0.wp.com\/correspondenciadeprensa.com\/wp-content\/uploads\/2020\/04\/brasil604-iv-e1586157900793.jpg?fit=236%2C229&amp;ssl=1\" data-orig-size=\"236,229\" data-comments-opened=\"0\" data-image-title=\"Brasil604 IV\" data-image-description=\"\" data-image-caption=\"\" data-large-file=\"https:\/\/i0.wp.com\/correspondenciadeprensa.com\/wp-content\/uploads\/2020\/04\/brasil604-iv-e1586157900793.jpg?fit=236%2C229&amp;ssl=1\" class=\" size-full wp-image-11578 alignleft\" src=\"https:\/\/i0.wp.com\/correspondenciadeprensa.com\/wp-content\/uploads\/2020\/04\/brasil604-iv-e1586157900793.jpg?resize=236%2C229&#038;ssl=1\" alt=\"Brasil604 IV\" width=\"236\" height=\"229\" \/>Se observa que durante el mes de marzo y hasta ahora, en promedio cada cinco d\u00edas el n\u00famero de muertes en el mundo se ha duplicado. En el caso brasile\u00f1o, la proporci\u00f3n es a\u00fan mayor, llegando a casi tres veces por intervalo.<\/p>\n<p style=\"text-align:justify;\">Este conjunto de datos indica que si el cargo de quien ocupa la presidencia de la Rep\u00fablica no est\u00e1 cualificado, y en comparaci\u00f3n con el del Ministerio de Sanidad parece m\u00e1s razonable, no por ello est\u00e1 a la altura de las necesidades o se acerca adecuadamente al panorama actual. La situaci\u00f3n es muy grave, se est\u00e1 gestando una tragedia nacional e incluso las indispensables medidas de solidaridad social que afortunadamente han ido creciendo mucho en los \u00faltimos d\u00edas ser\u00e1n insuficientes en un panorama cercano al colapso de la salud.<\/p>\n<p style=\"text-align:justify;\">&#8211; <b>Gilberto Calil<\/b> es doctor en Historia por la Universidad de Federal Fluminense (UFF) y profesor del curso de Historia y del Programa de Posgrado en Historia de la Universidad Estadual del Oeste de Paran\u00e1 (UNIOESTE), integrando el Grupo de Investigaci\u00f3n de Historia y Poder. Es autor, entre otros libros, de \u00abIntegralismo y Hegemon\u00eda Burguesa\u00bb (Edunioeste, 2011) y de investigaciones sobre el Estado, el Poder, el Derecho, la Hegemon\u00eda, la Dictadura y el Fascismo.<\/p>\n<p><strong><u>Notas<\/u><\/strong><\/p>\n<p>1)<a href=\"https:\/\/g1.globo.com\/bemestar\/coronavirus\/noticia\/2020\/04\/04\/secretario-do-ministerio-da-saude-diz-que-quem-pega-coronavirus-desenvolve-imunidade-nao-existe-nenhuma-comprovacao-de-que-possa-ter-uma-reinfeccao.ghtm\">https:\/\/g1.globo.com\/bemestar\/coronavirus\/noticia\/2020\/04\/04\/secretario-do-ministerio-da-saude-diz-que-quem-pega-coronavirus-desenvolve-imunidade-nao-existe-nenhuma-comprovacao-de-que-possa-ter-uma-reinfeccao.ghtm<\/a><\/p>\n<p>2) <a href=\"https:\/\/agenciabrasil.ebc.com.br\/saude\/noticia\/2020-04\/brasil-ultrapassa-marca-de-10-mil-casos-de-covid-19\">https:\/\/agenciabrasil.ebc.com.br\/saude\/noticia\/2020-04\/brasil-ultrapassa-marca-de-10-mil-casos-de-covid-19<\/a><\/p>\n<p>3) <a href=\"https:\/\/exame.abril.com.br\/ciencia\/otimismo-de-trump-com-drogas-ciencia\/\">https:\/\/exame.abril.com.br\/ciencia\/otimismo-de-trump-com-drogas-ciencia\/<\/a><\/p>\n","protected":false},"excerpt":{"rendered":"<p>Se observa que durante el mes de marzo y hasta ahora, en promedio cada cinco d\u00edas el n\u00famero de muertes en el mundo se ha duplicado. En el caso brasile\u00f1o, la proporci\u00f3n es a\u00fan mayor, llegando a casi tres veces por intervalo&#8230;<\/p>\n","protected":false},"author":102520410,"featured_media":11644,"comment_status":"closed","ping_status":"closed","sticky":false,"template":"","format":"aside","meta":{"_coblocks_attr":"","_coblocks_dimensions":"","_coblocks_responsive_height":"","_coblocks_accordion_ie_support":"","advanced_seo_description":"","jetpack_seo_html_title":"","jetpack_seo_noindex":false,"jetpack_seo_schema_type":"","_jetpack_newsletter_access":"","_jetpack_dont_email_post_to_subs":false,"_jetpack_newsletter_tier_id":0,"_jetpack_memberships_contains_paywalled_content":false,"_wpcom_ai_launchpad_first_post":false,"_jetpack_feature_clip_id":0,"_jetpack_memberships_contains_paid_content":false,"footnotes":"","jetpack_post_was_ever_published":false},"categories":[],"tags":[17212,350678440,19562447],"class_list":["post-11574","post","type-post","status-publish","format-aside","has-post-thumbnail","hentry","tag-america-latina","tag-joao-gabbardo-dos-reis","tag-letalidad","post_format-post-format-aside","fallback-thumbnail"],"jetpack_likes_enabled":false,"jetpack_sharing_enabled":true,"jetpack_shortlink":"https:\/\/wp.me\/p7lt2C-30G","amp_enabled":true,"jetpack_featured_media_url":"https:\/\/i0.wp.com\/correspondenciadeprensa.com\/wp-content\/uploads\/2020\/04\/brasil604-ib.jpg?fit=640%2C427&ssl=1","_links":{"self":[{"href":"https:\/\/correspondenciadeprensa.com\/index.php?rest_route=\/wp\/v2\/posts\/11574","targetHints":{"allow":["GET"]}}],"collection":[{"href":"https:\/\/correspondenciadeprensa.com\/index.php?rest_route=\/wp\/v2\/posts"}],"about":[{"href":"https:\/\/correspondenciadeprensa.com\/index.php?rest_route=\/wp\/v2\/types\/post"}],"author":[{"embeddable":true,"href":"https:\/\/correspondenciadeprensa.com\/index.php?rest_route=\/wp\/v2\/users\/102520410"}],"replies":[{"embeddable":true,"href":"https:\/\/correspondenciadeprensa.com\/index.php?rest_route=%2Fwp%2Fv2%2Fcomments&post=11574"}],"version-history":[{"count":1,"href":"https:\/\/correspondenciadeprensa.com\/index.php?rest_route=\/wp\/v2\/posts\/11574\/revisions"}],"predecessor-version":[{"id":11579,"href":"https:\/\/correspondenciadeprensa.com\/index.php?rest_route=\/wp\/v2\/posts\/11574\/revisions\/11579"}],"wp:featuredmedia":[{"embeddable":true,"href":"https:\/\/correspondenciadeprensa.com\/index.php?rest_route=\/wp\/v2\/media\/11644"}],"wp:attachment":[{"href":"https:\/\/correspondenciadeprensa.com\/index.php?rest_route=%2Fwp%2Fv2%2Fmedia&parent=11574"}],"wp:term":[{"taxonomy":"category","embeddable":true,"href":"https:\/\/correspondenciadeprensa.com\/index.php?rest_route=%2Fwp%2Fv2%2Fcategories&post=11574"},{"taxonomy":"post_tag","embeddable":true,"href":"https:\/\/correspondenciadeprensa.com\/index.php?rest_route=%2Fwp%2Fv2%2Ftags&post=11574"}],"curies":[{"name":"wp","href":"https:\/\/api.w.org\/{rel}","templated":true}]}}