{"id":11545,"date":"2020-04-04T18:26:41","date_gmt":"2020-04-04T16:26:41","guid":{"rendered":"http:\/\/correspondenciadeprensa.com\/?p=11545"},"modified":"2020-04-04T18:35:21","modified_gmt":"2020-04-04T16:35:21","slug":"italia-crisis-del-coronavirus-hay-una-batalla-abierta-con-los-empresarios","status":"publish","type":"post","link":"https:\/\/correspondenciadeprensa.com\/?p=11545","title":{"rendered":"Italia &#8211; Crisis del coronavirus: \u00abHay una batalla abierta con los empresarios.\u00bb   [Eliana Como &#8211; Entrevista]"},"content":{"rendered":"<p><strong>Con Eliana Como, activista del movimiento feminista, militante de Sinistra Anticapitalista<\/strong><\/p>\n<p><strong><a href=\"https:\/\/www.marx21.de\/\">Marx21<\/a>, 1-4-2020 <\/strong><\/p>\n<p><strong>Traducci\u00f3n de <a href=\"https:\/\/correspondenciadeprensa.com\/\">Correspondencia de Prensa<\/a>, 4-4-2020<\/strong><\/p>\n<p><strong>Los trabajadores italianos resisten contra las pol\u00edticas del gobierno durante esta crisis del coronavirus. Luca De Crescenzo y Yaak Pabst hablaron con Eliana Como, de B\u00e9rgamo, sobre la doble vida de la clase obrera, los enga\u00f1os mortales de la c\u00e1mara de industrias y sobre c\u00f3mo se organiza una huelga a pesar de la prohibici\u00f3n de reunirse.<\/strong><\/p>\n<p><strong>-Cu\u00e9ntanos c\u00f3mo es la situaci\u00f3n que enfrentan los trabajadores italianos en este momento.<\/strong><\/p>\n<p style=\"text-align:justify;\">Miramos el futuro con preocupaci\u00f3n. Las medidas tomadas por el gobierno italiano han sido muy contradictorias desde el principio y han hecho recaer la enorme carga de la crisis sobre los trabajadores. Los trabajadores y los empleados est\u00e1n pagando un precio muy alto por esto, tanto en t\u00e9rminos de salud como financieros.<\/p>\n<p><strong>-\u00bfUn precio elevado?<\/strong><\/p>\n<p style=\"text-align:justify;\">Millones de personas en Italia llevan una doble vida: Los fines de semana, como \u00abciudadanos\u00bb no pueden ni siquiera ir a pasear al parque. Pero los lunes tienen que volver al trabajo y al hacinamiento como trabajadores, van en autobuses y tranv\u00edas y est\u00e1n todo el d\u00eda en contacto con cientos de compa\u00f1eros de trabajo. Es un riesgo para ellos mismos y limita el alcance de las medidas de contenci\u00f3n.<\/p>\n<p><strong>-\u00bfA qui\u00e9n te refieres exactamente?<\/strong><\/p>\n<p style=\"text-align:justify;\">Sobre todo a los que tienen que trabajar duro y a los que ni siquiera se les garantizan las medidas de seguridad m\u00ednimas. Las personas m\u00e1s afectadas son, por supuesto, las que trabajan en los llamados sectores esenciales, es decir, los servicios p\u00fablicos, empezando por la salud, pero tambi\u00e9n en la distribuci\u00f3n de alimentos, el transporte, la limpieza y los servicios p\u00fablicos. Tambi\u00e9n se ven afectados los trabajadores de sectores que no son esenciales para la vida, especialmente la producci\u00f3n industrial, que hasta hace poco estaban (y siguen estando) en pleno funcionamiento. Adem\u00e1s, el peso de esta crisis ha tenido un impacto dr\u00e1stico en los salarios de los trabajadores.<\/p>\n<p><strong>-\u00bfEn qu\u00e9 sentido?<\/strong><\/p>\n<p style=\"text-align:justify;\">Algunas empresas han cerrado, los ingresos de los trabajadores fueron liquidados tarde y parcialmente.<\/p>\n<p><strong>-Pero el gobierno ha ratificado el decreto \u00abCura Italia\u00bb. \u00bfJunto con la \u00abcassa integrazione\u00bb se supone que protege a los trabajadores de los recortes salariales?<\/strong><\/p>\n<p style=\"text-align:justify;\">El gobierno promete mucho, pero la llamada \u00abcassa integrazione\u00bb [seguro de desempleo parcial] s\u00f3lo cubre una parte del salario. Un trabajador ordinario recibe poco m\u00e1s de la mitad de un salario medio. Mucha gente ni siquiera tiene derecho a la \u00abcassa integrazione\u00bb. Los trabajadores precarios s\u00f3lo tienen derecho a una prima \u00fanica de 600 euros por todo el per\u00edodo en el que no trabajen. Los que trabajan en peque\u00f1as empresas est\u00e1n cubiertos s\u00f3lo por una forma espec\u00edfica de \u00abcassa integrazione\u00bb, financiada por las Regiones, y van a tener que esperar 5 o 6 meses para cobrar.<\/p>\n<p><strong>-\u00bfCu\u00e1ntas personas siguen trabajando? Seg\u00fan algunas estimaciones razonables, 12 millones de personas siguen trabajando, es decir, el 60% del total de trabajadores y empleados.<\/strong><\/p>\n<p style=\"text-align:justify;\">No puedo dec\u00edrtelo exactamente. La \u00fanica respuesta que puedo darte es: \u00a1todav\u00eda son demasiados!<\/p>\n<p><strong>-Pero el gobierno hab\u00eda decidido suspender la producci\u00f3n en las industrias no esenciales. \u00bfEn qu\u00e9 ha quedado eso?<\/strong><\/p>\n<p style=\"text-align:justify;\">Fueron s\u00f3lo anuncios. Anuncios tard\u00edos, hechos en Facebook por el primer ministro Conte cuando ya hab\u00eda cuatro mil muertes s\u00f3lo en Lombard\u00eda, la regi\u00f3n m\u00e1s afectada y a la vez m\u00e1s industrializada de Italia.<\/p>\n<p><strong>-\u00bfEntonces no pas\u00f3 nada?<\/strong><\/p>\n<p style=\"text-align:justify;\">S\u00ed, pero con un retraso dram\u00e1tico. Y hubo una batalla abierta muy importante con los empresarios.<\/p>\n<p><strong>-\u00bfCon qu\u00e9 resultado?<\/strong><\/p>\n<p style=\"text-align:justify;\">Al d\u00eda siguiente del anuncio del Primer Ministro Conte, la Confindustria &#8211; la federaci\u00f3n de empresarios italianos &#8211; intervino en la elaboraci\u00f3n del decreto, sobre la definici\u00f3n de las actividades consideradas esenciales.<\/p>\n<p><strong>-\u00bfC\u00f3mo es eso?<\/strong><\/p>\n<p style=\"text-align:justify;\">La lista de empresas esenciales se fue haciendo cada vez m\u00e1s larga. Por ejemplo, entre las actividades consideradas esenciales est\u00e1 la del caucho sint\u00e9tico. Si se tratara de los guantes de l\u00e1tex indispensables, ser\u00eda correcto. Pero estamos hablando de la producci\u00f3n de neum\u00e1ticos. Otro ejemplo escandaloso: la industria de armamentos. El Ministerio de Defensa hizo una declaraci\u00f3n en la que pide cort\u00e9smente a las f\u00e1bricas que reduzcan la producci\u00f3n. Pero es un pedido, no una obligaci\u00f3n, por lo que a las empresas les importa un bledo.<\/p>\n<p><strong>-Pero entonces el gobierno promulg\u00f3 un nuevo decreto, \u00bfes as\u00ed?<\/strong><\/p>\n<p style=\"text-align:justify;\">Digamos que si el primero ya llegaba tarde, hacer otro era una p\u00e9rdida de tiempo criminal. Los d\u00edas perdidos no son s\u00f3lo los que hay entre un decreto y otro, sino tambi\u00e9n los que hay entre el cierre necesario de algunas empresas y la posibilidad de que \u00e9stas cumplan mientras tanto con sus pedidos. Algunas empresas pudieron evitar el cierre. Por lo tanto, aunque el nuevo decreto es mejor que el anterior, deja muchos problemas pendientes, tal vez debido tambi\u00e9n a la falta de convicci\u00f3n de los propios actores principales.<\/p>\n<p><strong>-\u00bfY el gobierno no est\u00e1 convencido de que el virus debe ser combatido por todos los medios?<\/strong><\/p>\n<p style=\"text-align:justify;\">Sin las \u00abhuelgas salvajes\u00bb que hubo, sin una amenaza de una huelga general por parte del movimiento sindical y sin las peque\u00f1as acciones de protesta en las f\u00e1bricas, no habr\u00eda habido acuerdos. El gobierno fue presionado por los trabajadores. Pero a\u00fan quedan muchas carencias, en muchos sectores no est\u00e1 claro lo que debe ser considerado como esencial.<\/p>\n<p><strong>-\u00bfPor ejemplo?<\/strong><\/p>\n<p style=\"text-align:justify;\">Pienso en los bancos y en las compa\u00f1\u00edas de seguros. Pienso, por otra parte, en los carteros que no s\u00f3lo realizan actividades esenciales sino que al mismo tiempo corren un gran riesgo y pueden transmitir o ser contagiados con el virus. Dos carteros ya han muerto aqu\u00ed en B\u00e9rgamo.<\/p>\n<p><strong>-\u00bfC\u00f3mo se aplican las medidas gubernamentales?<\/strong><\/p>\n<p style=\"text-align:justify;\">Muchas empresas han cambiado la definici\u00f3n de su actividad de la noche a la ma\u00f1ana para que su actividad aparezca como esencial. Adem\u00e1s, las empresas que no pertenecen a sectores esenciales pueden seguir abiertas si est\u00e1n insertas en la cadena de producci\u00f3n de un producto esencial.<\/p>\n<p><strong>-Entonces, \u00bfc\u00f3mo se define el car\u00e1cter de esencial?<\/strong><\/p>\n<p>A trav\u00e9s de una certificaci\u00f3n establecida por la propia empresa.<\/p>\n<p><strong>-\u00bfEn serio?<\/strong><\/p>\n<p style=\"text-align:justify;\">La empresa se comunica con el prefecto (es decir, con el representante del gobierno en la provincia), que luego consulta a los sindicatos, pero al final, es \u00e9l quien toma la decisi\u00f3n. Todos los prefectos no se preocupan por eso y entonces, en las empresas en las que no hay sindicato no podemos hacer nada o muy poca cosa. En cambio, donde los trabajadores son fuertes y est\u00e1n afiliados a un sindicato, las empresas han tenido que cerrar.<\/p>\n<p><strong>-Explica un poco m\u00e1s este aspecto.<\/strong><\/p>\n<p style=\"text-align:justify;\">Desde que se declar\u00f3 la emergencia sanitaria, empez\u00f3 la preocupaci\u00f3n de los trabajadores. En las f\u00e1bricas donde hab\u00eda una fuerte organizaci\u00f3n, el cierre fue implementado inmediatamente desde abajo. Por ejemplo, la empresa \u00abSame\u00bb de B\u00e9rgamo, que es uno de los bastiones de Riconquistiamo Tutto!, fue cerrada a finales de febrero gracias a un acuerdo sindical.<\/p>\n<p><strong>-Pero esto es realmente una excepci\u00f3n.<\/strong><\/p>\n<p style=\"text-align:justify;\">Por supuesto. Pero algo empez\u00f3 a moverse r\u00e1pidamente tambi\u00e9n en otros centros de trabajo. Los trabajadores empezaron a cuestionar las pol\u00edticas esquizofr\u00e9nicas del gobierno: por un lado, un gobierno que los inundaba de consejos y de obligaciones a quedarse en casa. Por otro lado, vas a trabajar todos los d\u00edas como si no pasara nada. Pero, sin embargo, los sindicatos cometieron un error.<\/p>\n<p><strong>-\u00bfQu\u00e9 quieres decir?<\/strong><\/p>\n<p style=\"text-align:justify;\">A medida que la bronca y el miedo crec\u00edan, los sindicatos se focalizaron en una afirmaci\u00f3n ilusoria, la del trabajo en condiciones de seguridad.<\/p>\n<p><strong>-\u00bfY por qu\u00e9 ilusoria?<\/strong><\/p>\n<p style=\"text-align:justify;\">En muchos lugares de trabajo, en particular en las f\u00e1bricas, eso es imposible, no hay forma de respetar la distancia de seguridad. Y tampoco era realista pensar que llegar\u00edan equipamientos de protecci\u00f3n, siendo que no hab\u00eda ni siquiera para los trabajadores de la salud.<\/p>\n<p><strong>-Pero los trabajadores saben protegerse\u2026<\/strong><\/p>\n<p style=\"text-align:justify;\">Por supuesto. Pero en las actuales circunstancias, cuando faltan equipos de protecci\u00f3n, es por lo menos ingenuo exigir un \u00abtrabajo seguro\u00bb en lugar de plantear que se cierren las f\u00e1bricas. Y contar con protecciones, habr\u00eda sido igual de criminal: habr\u00eda significado que faltar\u00edan en los hospitales y para las actividades realmente esenciales.<\/p>\n<p><strong>-\u00bfCu\u00e1les fueron las consecuencias de centrarse en el reclamo de \u00abtrabajo seguro\u00bb?<\/strong><\/p>\n<p style=\"text-align:justify;\">Se perdi\u00f3 un tiempo precioso. Aunque fue firmado un protocolo de seguridad con las empresas. Pero eso fue pr\u00e1cticamente in\u00fatil. Mientras que se introdujeron nuevas obligaciones para los empleados, como tomarles la temperatura, por ejemplo, s\u00f3lo hab\u00eda recomendaciones no obligatorias para las empresas. El resultado fue que millones de personas siguieron vi\u00e9ndose obligadas a trabajar, y un factor importante para romper las cadenas de infecci\u00f3n fue ignorado, a saber, el cierre de empresas no esenciales.<\/p>\n<p><strong>-\u00bfC\u00f3mo se lleg\u00f3 al acuerdo?<\/strong><\/p>\n<p style=\"text-align:justify;\">No se habr\u00eda producido sin las acciones de protesta de los trabajadores de las f\u00e1bricas, que presionaron no s\u00f3lo a los patrones, sino tambi\u00e9n a las tres principales federaciones sindicales.<\/p>\n<p><strong>-\u00bfEn qu\u00e9 sentido?<\/strong><\/p>\n<p style=\"text-align:justify;\">Puedo citar las f\u00e1bricas donde somos fuertes como Riprendiamoci tutto!: GKN, Piaggio, Electrolux, Fincantieri, en las que los trabajadores ya hab\u00edan hecho o\u00edr su voz. Pero tambi\u00e9n otros grupos industriales, como Fiat-Chrysler. Luego viene el sector de la log\u00edstica, donde el <a href=\"https:\/\/sicobas.org\/\">SI Cobas<\/a> organiza las luchas de los trabajadores desde hace muchos a\u00f1os. Y finalmente hubo formas de lucha m\u00e1s espont\u00e1neas e individuales, como llamar al m\u00e9dico, tomarse licencia o simplemente no presentarse a trabajar. Puede parecer extra\u00f1o, pero el miedo y la bronca estallaron despu\u00e9s de la firma del protocolo. Una ola de huelgas en todo pa\u00eds. No s\u00f3lo donde los trabajadores eran fuertes y estaban organizados, sino tambi\u00e9n en f\u00e1bricas menos combativas, los trabajadores pararon la producci\u00f3n. Eso tambi\u00e9n se debi\u00f3 al hecho de que al cerrar algunas grandes f\u00e1bricas, otras industrias comenzaron a perder pedidos y contratos. Entonces, los trabajadores vieron que la situaci\u00f3n estaba cambiando y actuaron en consecuencia.<img data-recalc-dims=\"1\" loading=\"lazy\" decoding=\"async\" data-attachment-id=\"11547\" data-permalink=\"https:\/\/correspondenciadeprensa.com\/?attachment_id=11547\" data-orig-file=\"https:\/\/i0.wp.com\/correspondenciadeprensa.com\/wp-content\/uploads\/2020\/04\/italia404b-ii-e1586017577150.jpg?fit=1200%2C800&amp;ssl=1\" data-orig-size=\"1200,800\" data-comments-opened=\"0\" data-image-title=\"Italia404b II\" data-image-description=\"\" data-image-caption=\"\" data-large-file=\"https:\/\/i0.wp.com\/correspondenciadeprensa.com\/wp-content\/uploads\/2020\/04\/italia404b-ii-e1586017577150.jpg?fit=656%2C437&amp;ssl=1\" class=\" size-full wp-image-11547 aligncenter\" src=\"https:\/\/i0.wp.com\/correspondenciadeprensa.com\/wp-content\/uploads\/2020\/04\/italia404b-ii-e1586017577150.jpg?resize=656%2C437&#038;ssl=1\" alt=\"Italia404b II\" width=\"656\" height=\"437\" \/><\/p>\n<p><strong>-\u00bfPero c\u00f3mo se organiza una huelga en tiempos del Coronavirus?<\/strong><\/p>\n<p style=\"text-align:justify;\">Era demasiado tarde cuando los sindicatos confederados llamaron a una movilizaci\u00f3n nacional para cerrar f\u00e1bricas, as\u00ed que al principio, muchos trabajadores tuvieron que proponer sus propias iniciativas. La preocupaci\u00f3n era tan grande que todos los procedimientos habituales fueron dejados de lado. Para organizarse, los trabajadores utilizaron las redes sociales. Por ejemplo en Electrolux o en Forli, la huelga, que tuvo mucho \u00e9xito, se organiz\u00f3 enteramente a trav\u00e9s de Whatsapp.<\/p>\n<p><strong>-Pero las asambleas est\u00e1n prohibidas y las f\u00e1bricas no pueden estar bloqueadas por piquetes de huelga&#8230;<\/strong><\/p>\n<p style=\"text-align:justify;\">La gente no es est\u00fapida. Los trabajadores mantuvieron la distancia necesaria entre s\u00ed durante los piquetes frente a las f\u00e1bricas.<\/p>\n<p><strong>-\u00bfY c\u00f3mo reaccionaron los dirigentes sindicales ante estos movimientos desde abajo?<\/strong><\/p>\n<p style=\"text-align:justify;\">En mi opini\u00f3n, se perdi\u00f3 una oportunidad hist\u00f3rica. La direcci\u00f3n nacional tard\u00f3 dos semanas en pedir el cierre de la producci\u00f3n no esencial, y las movilizaciones fueron convocadas s\u00f3lo para ciertas categor\u00edas de trabajadores y en ciertas regiones, o por delegados, f\u00e1brica por f\u00e1brica. Ni siquiera las convocaron en los d\u00edas en que se multiplicaron las huelgas espont\u00e1neas.<\/p>\n<p><strong>-\u00bfEn qu\u00e9 medida fue negativo?<\/strong><\/p>\n<p style=\"text-align:justify;\">Era el momento en que hab\u00eda que declarar la huelga general. Los trabajadores estaban movilizados y el gobierno habr\u00eda tenido que escucharlos. La direcci\u00f3n sindical se centr\u00f3 en la consigna sobre el cumplimiento de las condiciones de seguridad, pero todos sab\u00edamos que \u00e9stas no se respetaban en casi ning\u00fan sitio. Se perdi\u00f3 tiempo, lo que en una situaci\u00f3n como la actual significa vidas humanas, y dej\u00f3 espacio para que Confindustria dictara sus condiciones. Y ahora estamos aqu\u00ed, con estos decretos tard\u00edos e insuficientes.<\/p>\n<p><strong>-\u00bfY qu\u00e9 deber\u00edan haber hecho?<\/strong><\/p>\n<p style=\"text-align:justify;\">Imponer el cierre de toda la producci\u00f3n no esencial. Esa era la condici\u00f3n para salvar incluso a aquellos que trabajan en las empresas en las que no hay sindicato, que son muchas: las peque\u00f1as y medianas empresas, a menudo de subcontrataci\u00f3n, que contin\u00faan como si nada hubiera pasado, donde los trabajadores son extremadamente vulnerables al chantaje, muy a menudo hay extranjeros que, si pierden su trabajo, tambi\u00e9n pierden el derecho a seguir viviendo en Italia. Muchos de los que lucharon en aquellos d\u00edas, y yo misma, lamentamos que pese a haberlo dicho desde el principio no fuimos escuchados y no tuvimos peso sobre nuestros dirigentes. Pero esta situaci\u00f3n no puede seguir as\u00ed.<\/p>\n<p><strong>-\u00bfQu\u00e9 quieres decir?<\/strong><\/p>\n<p style=\"text-align:justify;\">En primer lugar, en mi opini\u00f3n la situaci\u00f3n es mucho m\u00e1s tr\u00e1gica de lo que se dice. Aqu\u00ed, en la provincia de B\u00e9rgamo, muchas muertes no se cuentan porque mueren solos en sus casas o en residencias de ancianos, donde la situaci\u00f3n es tr\u00e1gica (incluso para los que trabajan all\u00ed), sin tener acceso a los centros hospitalarios sobrecargados y, por lo tanto, sin tener siquiera un diagn\u00f3stico oficial post mortem.<\/p>\n<p><strong>-\u00bfCu\u00e1les son tus principales preocupaciones?<\/strong><\/p>\n<p style=\"text-align:justify;\">Para m\u00ed, la situaci\u00f3n es explosiva en muchas \u00e1reas, incluyendo las esenciales. En el transporte, por ejemplo. Pero la situaci\u00f3n tambi\u00e9n se est\u00e1 volviendo cada vez m\u00e1s precaria en los supermercados, que est\u00e1n abiertos los fines de semana y por lo tanto los trabajadores no tienen siquiera tiempo para desinfectar a fondo los locales.<\/p>\n<p><strong>-\u00bfCu\u00e1l es la situaci\u00f3n de los que trabajan en los hospitales? <\/strong><\/p>\n<p style=\"text-align:justify;\">En los hospitales y asilos del norte, todos los empleados soportan una presi\u00f3n enorme y han estado literalmente en la l\u00ednea del frente durante todas estas semanas. Con esto me refiero al personal de investigaci\u00f3n, m\u00e9dico, de enfermer\u00eda y de limpieza. El principal problema es que el sistema de salud italiano ha sido destrozado en las \u00faltimas d\u00e9cadas &#8211; hay una falta enorme de recursos financieros, materiales y de personal. Esto afecta a los trabajadores m\u00e9dicos y de enfermer\u00eda, que han tenido que asumir una carga incre\u00edble estas semanas. Por ejemplo, turnos extremos que van mucho m\u00e1s all\u00e1 de las horas normales de trabajo, sabiendo que los salarios se han mantenido pr\u00e1cticamente invariables durante casi 10 a\u00f1os debido a la pol\u00edtica de austeridad. Incluso los investigadores que fueron los primeros en aislar la cepa del virus italiano en el hospital de Mil\u00e1n tienen trabajos inseguros. \u00a1Es un desastre!<\/p>\n<p><strong>-\u00bfCu\u00e1les son sus reivindicaciones?<\/strong><\/p>\n<p style=\"text-align:justify;\">Necesitamos urgentemente muchos m\u00e1s recursos para la salud p\u00fablica y m\u00e1s personal. Hay suficiente dinero. Para eso, el gobierno podr\u00eda recortar el gasto militar, que en Italia es uno de los m\u00e1s altos de Europa.<\/p>\n<p><strong>-\u00bfQu\u00e9 lecciones se pueden sacar de las \u00faltimas semanas?<\/strong><\/p>\n<p style=\"text-align:justify;\">Para m\u00ed, est\u00e1 claro que no se debe gastar ni un solo euro en atenci\u00f3n m\u00e9dica privada. Hemos visto que el sector privado no est\u00e1 invirtiendo en lo que es realmente necesario en estas situaciones. Y tendremos que preguntarnos tambi\u00e9n cu\u00e1l es el verdadero impacto de la contaminaci\u00f3n ambiental, porque la llanura del Po, que es el lugar m\u00e1s contaminado e industrializado de Europa, no s\u00f3lo de Italia, es donde el virus m\u00e1s se ha arraigado. Espero que, de todo esto, tambi\u00e9n hayamos aprendido que Confindustria es una organizaci\u00f3n criminal que pone sus beneficios por encima de la vida de las mismas personas que trabajan para ella y que la rabia de los trabajadores muy a menudo va m\u00e1s all\u00e1 de las orientaciones de las direcciones sindicales.<\/p>\n<p><strong>-\u00bfQu\u00e9 papel pueden jugar los sindicatos en Italia para garantizar la contenci\u00f3n de la pandemia?<\/strong><\/p>\n<p style=\"text-align:justify;\">Tenemos que impulsar los intereses de la clase obrera en la crisis. En Italia, por ejemplo, estamos luchando actualmente por el cierre real e inmediato de los sectores no esenciales de la econom\u00eda. Es de esperar que las huelgas y protestas en las f\u00e1bricas contin\u00faen. Sobre todo, para evitar la propagaci\u00f3n del coronavirus en el sur de Italia. Otra lecci\u00f3n importante es que no todos estamos en el mismo barco. Si el movimiento sindical act\u00faa seg\u00fan el principio: \u00abla gente antes que los beneficios\u00bb, eso significa resistir y combatir las soluciones a la crisis que presentan los que est\u00e1n en el poder.<\/p>\n","protected":false},"excerpt":{"rendered":"<p>Muchas empresas han cambiado la definici\u00f3n de su actividad de la noche a la ma\u00f1ana para que su actividad aparezca como esencial. Adem\u00e1s, las empresas que no pertenecen a sectores esenciales pueden seguir abiertas si est\u00e1n insertas en la cadena de producci\u00f3n de un producto esencial&#8230;<\/p>\n","protected":false},"author":102520410,"featured_media":11546,"comment_status":"closed","ping_status":"closed","sticky":false,"template":"","format":"aside","meta":{"_coblocks_attr":"","_coblocks_dimensions":"","_coblocks_responsive_height":"","_coblocks_accordion_ie_support":"","advanced_seo_description":"","jetpack_seo_html_title":"","jetpack_seo_noindex":false,"jetpack_seo_schema_type":"","_jetpack_newsletter_access":"","_jetpack_dont_email_post_to_subs":false,"_jetpack_newsletter_tier_id":0,"_jetpack_memberships_contains_paywalled_content":false,"_wpcom_ai_launchpad_first_post":false,"_jetpack_feature_clip_id":0,"_jetpack_memberships_contains_paid_content":false,"footnotes":"","jetpack_post_was_ever_published":false},"categories":[10990,21862,2127],"tags":[20799614,11382043],"class_list":["post-11545","post","type-post","status-publish","format-aside","has-post-thumbnail","hentry","category-europa","category-italia","category-salud","tag-cofindustria","tag-equipos-de-proteccion","post_format-post-format-aside","fallback-thumbnail"],"jetpack_likes_enabled":false,"jetpack_sharing_enabled":true,"jetpack_shortlink":"https:\/\/wp.me\/p7lt2C-30d","amp_enabled":true,"jetpack_featured_media_url":"https:\/\/i0.wp.com\/correspondenciadeprensa.com\/wp-content\/uploads\/2020\/04\/italia404-i.jpg?fit=900%2C599&ssl=1","_links":{"self":[{"href":"https:\/\/correspondenciadeprensa.com\/index.php?rest_route=\/wp\/v2\/posts\/11545","targetHints":{"allow":["GET"]}}],"collection":[{"href":"https:\/\/correspondenciadeprensa.com\/index.php?rest_route=\/wp\/v2\/posts"}],"about":[{"href":"https:\/\/correspondenciadeprensa.com\/index.php?rest_route=\/wp\/v2\/types\/post"}],"author":[{"embeddable":true,"href":"https:\/\/correspondenciadeprensa.com\/index.php?rest_route=\/wp\/v2\/users\/102520410"}],"replies":[{"embeddable":true,"href":"https:\/\/correspondenciadeprensa.com\/index.php?rest_route=%2Fwp%2Fv2%2Fcomments&post=11545"}],"version-history":[{"count":2,"href":"https:\/\/correspondenciadeprensa.com\/index.php?rest_route=\/wp\/v2\/posts\/11545\/revisions"}],"predecessor-version":[{"id":11552,"href":"https:\/\/correspondenciadeprensa.com\/index.php?rest_route=\/wp\/v2\/posts\/11545\/revisions\/11552"}],"wp:featuredmedia":[{"embeddable":true,"href":"https:\/\/correspondenciadeprensa.com\/index.php?rest_route=\/wp\/v2\/media\/11546"}],"wp:attachment":[{"href":"https:\/\/correspondenciadeprensa.com\/index.php?rest_route=%2Fwp%2Fv2%2Fmedia&parent=11545"}],"wp:term":[{"taxonomy":"category","embeddable":true,"href":"https:\/\/correspondenciadeprensa.com\/index.php?rest_route=%2Fwp%2Fv2%2Fcategories&post=11545"},{"taxonomy":"post_tag","embeddable":true,"href":"https:\/\/correspondenciadeprensa.com\/index.php?rest_route=%2Fwp%2Fv2%2Ftags&post=11545"}],"curies":[{"name":"wp","href":"https:\/\/api.w.org\/{rel}","templated":true}]}}