{"id":11256,"date":"2020-03-15T19:13:55","date_gmt":"2020-03-15T18:13:55","guid":{"rendered":"http:\/\/correspondenciadeprensa.com\/?p=11256"},"modified":"2020-03-15T19:17:35","modified_gmt":"2020-03-15T18:17:35","slug":"estado-espanol-los-enemigos-de-los-pobres-no-viajan-en-patera-viajan-en-yates","status":"publish","type":"post","link":"https:\/\/correspondenciadeprensa.com\/?p=11256","title":{"rendered":"Estado espa\u00f1ol &#8211; \u00abLos enemigos de los pobres no viajan en patera, viajan en yates.\u00bb   [Miguel Urb\u00e1n &#8211; Entrevista]"},"content":{"rendered":"<p><strong>Miguel Urb\u00e1n tiene unos 40 a\u00f1os, es cofundador de Podemos y lidera Anticapitalistas, un sector de ese partido que decidi\u00f3 escindirse por discrepar con el ingreso a un gobierno en alianza con el Psoe. Es tambi\u00e9n eurodiputado, un puesto desde el cual ha denunciado reiteradamente las pol\u00edticas sociales, econ\u00f3micas y migratorias de la Uni\u00f3n Europea (UE). A fines del a\u00f1o pasado Urb\u00e1n escribi\u00f3 \u201cLa emergencia de Vox\u201d, un libro en el que analiza el crecimiento de la extrema derecha en Espa\u00f1a en el contexto de la derechizaci\u00f3n rampante que se vive en el mundo. <\/strong><\/p>\n<p><strong>Daniel Gatti &#8211; <a href=\"https:\/\/brecha.com.uy\/\">Brecha<\/a><\/strong><strong>, 13-2-2020<\/strong><\/p>\n<p><strong><a href=\"https:\/\/correspondenciadeprensa.com\/\">Correspondencia de Prensa<\/a>, 15-3-2020<\/strong><\/p>\n<p style=\"text-align:justify;\"><strong>\u2014Vox es actualmente la tercera fuerza pol\u00edtica espa\u00f1ola, y partidos similares est\u00e1n en el gobierno o tienen fuertes posibilidades de gobernar en varios pa\u00edses europeos. \u00bfA qu\u00e9 atribu\u00eds ese auge, que se produce en un marco que est\u00e1 lejos de limitarse a Europa?<\/strong><\/p>\n<p style=\"text-align:justify;\">\u2014Hay una regresi\u00f3n autoritaria en casi todos los continentes. Se la ve, por supuesto, en Europa, pero Am\u00e9rica Latina en su conjunto ha virado a la derecha. Tambi\u00e9n gobierna la extrema derecha en India, en la Filipinas de Marcos Duterte, obviamente en Estados Unidos. Con algunas excepciones, el elemento econ\u00f3mico ultraliberal, el autoritarismo y un profundo conservadurismo ser\u00edan los rasgos que las unificar\u00edan. La aceleraci\u00f3n de las medidas neoliberales es algo que distingue incluso a aquellos movimientos que se presentan con ribetes de cierto populismo del bienestar, como la Agrupaci\u00f3n Nacional, de Marine Le Pen, que se inscribe en una l\u00f3gica estatal muy marcada por el contexto particular franc\u00e9s. Recordemos que las propuestas fundamentales de La Liga de Matteo Salvini apuntan a adelgazar al Estado y a disminuir los impuestos a los m\u00e1s ricos. Vox tambi\u00e9n lo propone, y por supuesto Jair Bolsonaro o Donald Trump. Casi todos los partidos de esta tendencia van por all\u00ed, aunque disfracen sus propuestas con discursos \u201cpopulares\u201d.<\/p>\n<p style=\"text-align:justify;\">En su gran mayor\u00eda, estos partidos crecen en reacci\u00f3n a movimientos anteriores, como el feminista o los derechos conquistados por la comunidad Lgbt. Y hay tambi\u00e9n otro punto com\u00fan a gran n\u00famero de ellos: una vuelta al fundamentalismo religioso, que puede ser cat\u00f3lico en Espa\u00f1a o Polonia, evangelista en la mayor parte de Am\u00e9rica Latina y parcialmente en Estados Unidos, hinduista en India.<\/p>\n<p style=\"text-align:justify;\"><strong>\u2014En Europa los grupos de extrema derecha muestran una gran ductilidad y en el Parlamento Europeo est\u00e1n presentes en distintas bancadas, que en muchos casos comparten con partidos de la derecha \u201ccl\u00e1sica\u201d.<\/strong><\/p>\n<p style=\"text-align:justify;\">\u2014Est\u00e1n en al menos cuatro bancadas: el Partido Popular Europeo, donde se inscribe por ejemplo el Fidesz del primer ministro h\u00fangaro, V\u00edktor Orban; el Grupo de los Conservadores y Reformistas, al que pertenecen, entre otros, Vox, Ley y Justicia, que hoy gobierna Polonia, los escandinavos y Fratelli d\u2019Italia; el grupo puramente de extrema derecha, Identidad y Democracia, con La Liga de Salvini, la Agrupaci\u00f3n Nacional francesa, el Partido por la Libertad de Holanda, Alternativa por Alemania; y los No Inscritos, entre los que se ubican los griegos de Amanecer Dorado, los h\u00fangaros de Jobbik, otros partidos polacos y \u2013hasta el Brexit\u2014 el Ukip brit\u00e1nico de Neil Farage. Esto demuestra no s\u00f3lo la pujanza de la extrema derecha continental, sino tambi\u00e9n su flexibilidad y el hecho de que tiene fronteras sumamente porosas con la derecha menos radicalizada.<\/p>\n<p style=\"text-align:justify;\"><strong>\u2014Hay una tendencia a inscribir a estos movimientos en el marco de un resurgimiento del fascismo. \u00bfEst\u00e1s de acuerdo con esta caracterizaci\u00f3n?<\/strong><\/p>\n<p style=\"text-align:justify;\">\u2014A veces sobredimensionamos las categor\u00edas europeas. El contexto actual es muy distinto al de los a\u00f1os treinta del siglo pasado, aunque hoy estemos sacudidos por una crisis muy profunda del capitalismo y haya un crecimiento de la violencia de signo ultraderechista.<\/p>\n<p style=\"text-align:justify;\">Una de las caracter\u00edsticas esenciales del fascismo de entreguerras es que naci\u00f3 para combatir y aplastar a un movimiento obrero y revolucionario en auge que no pod\u00eda ser aplastado simplemente por los aparatos del Estado y se necesitaba, para derrotarlo, una fusi\u00f3n entre esos aparatos y un movimiento popular como el fascismo. Hoy, por desgracia, no estamos ante un auge del movimiento obrero ni la izquierda tiene planteos revolucionarios en Europa ni en otras partes del mundo. Y tampoco la extrema derecha construye organizaciones de masas.<\/p>\n<p style=\"text-align:justify;\"><strong>\u2014\u00bfCasa Pound y Fratelli d\u2019Italia no est\u00e1n haciendo un trabajo de ese tipo, con gran \u00e9xito?<\/strong><\/p>\n<p style=\"text-align:justify;\">\u2014Sin duda, pero son organizaciones sin peso pol\u00edtico. Casa Pound tiene en Italia como diez centros sociales ocupados, pero electoralmente es insignificante. Si uno mira el mapa de las organizaciones de extrema derecha en Europa, las dos \u00fanicas que podr\u00edan tener un car\u00e1cter neofascista ser\u00edan Amanecer Dorado, en Grecia, y el Jobbik, en Hungr\u00eda. Ah\u00ed s\u00ed tienen estructuras sociales y paramilitares afines que han salido a la caza de las oposiciones de izquierda. Pero eso no pasa con Le Pen, con Salvini, con Alternativa por Alemania. Lo que s\u00ed es cierto, sin embargo, es que se est\u00e1 creando un caldo de cultivo para cierto terrorismo ultraderechista, que cada vez tiene m\u00e1s fuerza a nivel europeo e internacional, (1) aunque no tiene v\u00ednculos org\u00e1nicos con las expresiones electorales de la extrema derecha.<\/p>\n<p style=\"text-align:justify;\">Por el momento, en resumen, nos encontramos en un per\u00edodo en el que ser\u00eda aventurado decir que estamos ante una regresi\u00f3n fascista, pero tambi\u00e9n lo ser\u00eda afirmar de manera absoluta lo contrario. A m\u00ed me gusta en ese sentido el concepto de posfascismo que utiliza el historiador italiano Enzo Traverso, para quien estamos hoy en una fase de transici\u00f3n, con elementos que nos recuerdan al fascismo y otros que rompen con el fascismo cl\u00e1sico.<\/p>\n<p style=\"text-align:justify;\"><strong>\u2014La propuesta de construir frentes antifascistas para oponerse al auge de la extrema derecha es levantada hoy desde distintas tiendas. La ha hecho Emmanuel Macron en Francia, pero tambi\u00e9n el ex primer ministro griego Alexis Tsipras, de la Coalici\u00f3n de Izquierda Radical (Syriza).<\/strong><\/p>\n<p style=\"text-align:justify;\">\u2014Hay que reflexionar sobre la forma que tendr\u00eda hoy el antifascismo. Vox, por ejemplo, y otros movimientos est\u00e1n entrando en nuestras casas m\u00e1s a trav\u00e9s de los tel\u00e9fonos m\u00f3viles, de las redes sociales, de los medios, que por su implantaci\u00f3n social. \u00bfC\u00f3mo se combate eso? Es un nuevo frente de batalla y es claramente una historia a escribir.<\/p>\n<p style=\"text-align:justify;\">Me preocupa, eso s\u00ed, que haya sectores de la izquierda, como los partidos socialistas europeos, que est\u00e9n comprando partes importantes de la agenda pol\u00edtica y social de la ultraderecha al mismo tiempo que llaman a combatirla. Igual que lo hacen los partidos de la derecha cl\u00e1sica. \u00bfCon base en qu\u00e9 construir con ellos un frente antifascista?<\/p>\n<p style=\"text-align:justify;\">Yo acabo de volver de la isla griega de Lesbos, donde la situaci\u00f3n de los migrantes es terrible. (ver:\u00a0<a href=\"https:\/\/correspondenciadeprensa.com\/2020\/03\/07\/grecia-la-batalla-de-lesbos-el-ataque-reaccionario-contra-los-refugiados\/\">Grecia \u2013 La batalla de Lesbos. El ataque reaccionario contra los refugiados<\/a>) La centroderecha en el poder en Atenas est\u00e1 aplicando un programa de extrema derecha con el benepl\u00e1cito de la UE, disparando a refugiados en la frontera y tolerando a las bandas ultras que acosan a Ong y a activistas. Pero lo peor es cuando sale Alexis Tsipras, que tanto ilusionara a la izquierda cuando le hizo frente a la troika en 2015, a defender esa pol\u00edtica del gobierno de su pa\u00eds.<\/p>\n<p style=\"text-align:justify;\">En Francia, en 2002, cuando Jacques Chirac y Jean Marie Le Pen se enfrentaron en la segunda vuelta de las elecciones se plante\u00f3 un \u201cbloque republicano\u201d para cerrarle el paso a la ultraderecha. Los socialistas entraron en ese juego. Ahora se habla de tender un \u201ccord\u00f3n sanitario\u201d en torno a la extrema derecha. El problema de estas estrategias es que llevan a que la izquierda termine asumiendo los programas de la derecha neoliberal y la derecha radicalizada, es decir, del extremo centro, para que no gane la extrema derecha. Cuando nos obligan a elegir ahora entre Marine Le Pen y Emmanuel Macron, quien gana es siempre el mismo: el capital. A fin de cuentas, lo que pasa es que la extrema derecha se refuerza y la izquierda se desdibuja. Otra vez el caso de Francia es ejemplar: los socialistas emplearon esa estrategia y hoy no pasan del 6 por ciento; Le Pen los cuadriplica.<\/p>\n<p style=\"text-align:justify;\">As\u00ed como Margaret Thatcher dec\u00eda que su mayor logro hab\u00eda sido que el laborista Tony Blair hubiera asumido sus pol\u00edticas, Marine Le Pen puede decir que su mayor logro fue que Manuel Valls, ministro del Interior del socialista Fran\u00e7ois Hollande, fuera con los inmigrantes y con la represi\u00f3n interna tan duro como ella.<\/p>\n<p style=\"text-align:justify;\"><strong>\u2014En tu libro tom\u00e1s distancia de quienes se oponen a los frentes antifascistas desde la llamada izquierda \u201crojiparda\u201d, individuos y grupos que desde una visi\u00f3n anticapitalista reivindican algunas posturas soberanistas y de defensa del Estado-naci\u00f3n de la ultraderecha, o que no ven con malos ojos a un Salvini cuando quiere reservar las ayudas sociales a los nativos. Se ubica all\u00ed un ala del partido alem\u00e1n Die Linke, algunos dirigentes o exdirigentes de Podemos, como Manolo Monereo, el intelectual italiano Diego Fusaro\u2026(2)<\/strong><\/p>\n<p style=\"text-align:justify;\">\u2014Creo que hay que diferenciar. Fusaro es un fascista. Se lo coloca a veces en la izquierda por sus lecturas de Gramsci o de Marx, pero mira que a Gramsci lo ha le\u00eddo muy bien un sector de la derecha para defender pol\u00edticas absolutamente contrarias a las que defend\u00eda el fundador del Partido Comunista Italiano. En la izquierda tenemos esa cosa soberbia de creer que porque alguien es inteligente \u2013y Fusaro evidentemente lo es\u2013 no puede ser de derecha\u2026<\/p>\n<p style=\"text-align:justify;\">Una cosa es Fusaro, y otra cosa son Oskar Lafontaine o Sahra Wagenknecht, de Die Linke, o Manolo Monereo, que son realmente antifascistas. Manolo es un amigo, un compa\u00f1ero. \u00c9l tiene esa preocupaci\u00f3n que tambi\u00e9n tenemos nosotros de buscar alternativas radicales al neoliberalismo, aunque para m\u00ed erra el camino. No se puede ceder ni un \u00e1pice a las propuestas de la ultraderecha o intentar \u201ccomprenderlas\u201d: la izquierda no puede perder su identidad, una identidad abierta, mestiza, internacionalista. Si compramos la tesis de la izquierda rojiparda, que intenta dividir a la clase obrera entre nativos y extranjeros, le estar\u00edamos haciendo el juego a los empresarios. Por suerte han tenido muy poco peso.<\/p>\n<p style=\"text-align:justify;\">Es falso, por otra parte, que haya una defensa del Estado-naci\u00f3n de parte de la ultraderecha: qu\u00e9 curioso que lo \u00fanico en su discurso que podr\u00eda ir en ese sentido sea el control de las fronteras. Nunca el de los capitales. Los peligros para los pobres en Europa no vienen de las pateras, sino de los yates, y eso no hay que perderlo jam\u00e1s de vista.<\/p>\n<p style=\"text-align:justify;\"><strong>\u2014Afirm\u00e1s que una de las razones del crecimiento de Vox en Espa\u00f1a es que ha logrado marcar la agenda y que lo ha hecho con base en cierta incorrecci\u00f3n pol\u00edtica que en a\u00f1os anteriores hab\u00eda sido patrimonio del 15M y luego de Podemos. \u00bfC\u00f3mo podr\u00eda la izquierda volver a marcar la agenda?<\/strong><\/p>\n<p style=\"text-align:justify;\">\u2014La incorrecci\u00f3n pol\u00edtica del 15M en Espa\u00f1a consisti\u00f3 en patear el tablero, impugnando el r\u00e9gimen pol\u00edtico surgido de la Transici\u00f3n desde propuestas igualitarias y rompiendo la normalidad de lo \u201cecon\u00f3micamente posible\u201d, hablando de la nacionalizaci\u00f3n de sectores estrat\u00e9gicos, de la auditor\u00eda de las deudas. Identific\u00e1bamos claramente al adversario y afirm\u00e1bamos que si hab\u00eda una emergencia social, hab\u00eda que poner los recursos p\u00fablicos para el bien com\u00fan, para salvar personas en vez de bancos. Conect\u00e1bamos entonces con un extendido sentido com\u00fan popular. Luego perdimos esa capacidad de iniciativa, la izquierda se fue \u201cnormalizando\u201d, y Vox pate\u00f3 el tablero de una manera muy distinta: desde la agresi\u00f3n, desde lo burlesco, desde la exclusi\u00f3n, en funci\u00f3n de \u201cguerras culturales\u201d que pasan por proclamas antifeministas, ataques al movimiento Lgbt, la defensa de la unidad espa\u00f1ola.<\/p>\n<p style=\"text-align:justify;\">Hoy el coronavirus nos da una ocasi\u00f3n de oro para retomar la iniciativa.<\/p>\n<p style=\"text-align:justify;\"><strong>\u2014A ver\u2026<\/strong><\/p>\n<p style=\"text-align:justify;\">\u2014Esta epidemia puede ser que nos haga perder derechos o que nos haga ganarlos.<\/p>\n<p style=\"text-align:justify;\">Hoy en la Comunidad de Madrid hay m\u00e1s hospitales privados que p\u00fablicos. Un gobierno de izquierda tendr\u00eda que plantear la expropiaci\u00f3n de los privados para ponerlos en funci\u00f3n del inter\u00e9s com\u00fan. La Constituci\u00f3n espa\u00f1ola incluso lo permite en tiempos de emergencia sanitaria como este. Se puede hacer, por lo tanto, ma\u00f1ana mismo.<\/p>\n<p style=\"text-align:justify;\">La nacionalizaci\u00f3n de los sectores estrat\u00e9gicos \u2013en situaciones como la actual, que implica una movilizaci\u00f3n de recursos gigantesca para evitar una crisis social\u2013 deja tambi\u00e9n de ser una consigna para convertirse en una necesidad. Lo mismo que plantear una moratoria total de los desahucios [los desalojos de viviendas].<\/p>\n<p style=\"text-align:justify;\"><strong>\u2014A tu modo de ver, Podemos ha perdido esa capacidad de iniciativa y esa ser\u00eda una de las principales razones de la salida de Anticapitalistas de ese partido.<\/strong><\/p>\n<p style=\"text-align:justify;\">\u2014As\u00ed es. Hay que empujar para que aquella fuerza se recupere. Lo que se plantea ahora Anticapitalistas es reconstruir una izquierda independiente que no entre en un gobierno con el Psoe en las condiciones de subordinaci\u00f3n en que lo hizo Unidas Podemos y que vuelva a cuestionar las bases del r\u00e9gimen derivado de la transici\u00f3n del 78. Partimos de la base, adem\u00e1s, de que la \u00fanica manera de ganarle la batalla a la extrema derecha es hablando de cuestiones materiales: asegurar pensiones dignas, trabajo digno, una renta b\u00e1sica, sanidad para todos, progresividad fiscal. Y eso no se hace sin romper con el marco actual de la UE, por ejemplo.<\/p>\n<p style=\"text-align:justify;\">\u2014Unidas Podemos defiende que s\u00f3lo estando dentro del gobierno pudo arrancarle al Psoe cosas que cuando estaban fuera de \u00e9l los socialistas se compromet\u00edan a hacer, pero luego no concretaban. Dice que as\u00ed pudieron frenar los desahucios y medidas proempresariales promovidas desde la UE y aceptadas por el Psoe, aumentar el salario m\u00ednimo, decidir acciones en favor de los peque\u00f1os productores en el conflicto en el campo.<\/p>\n<p style=\"text-align:justify;\">\u2014Cualquier decisi\u00f3n que mejore la vida de la gente la apoyamos y la aplaudimos. Y es posible que otras medidas coyunturales tambi\u00e9n se puedan lograr. Pero una cosa son los avances coyunturales y otra, las medidas estructurales. E incluso las coyunturales las podemos arrancar sin entrar al gobierno.<\/p>\n<p style=\"text-align:justify;\"><strong>\u2014\u00bfAl estilo de Portugal, donde el Bloque de Izquierda y el Partido Comunista pactaron medidas con el Partido Socialista sin ingresar al Ejecutivo?<\/strong><\/p>\n<p style=\"text-align:justify;\">\u2014No, como se hizo en la legislatura pasada aqu\u00ed, cuando logramos subir tres veces m\u00e1s el salario m\u00ednimo que en esta legislatura, en la que Podemos est\u00e1 en el gobierno. Lo que Anticapitalistas defiende no es \u201cla revoluci\u00f3n o nada\u201d. Eso es una caricatura. Pensamos que se puede llegar a una serie de acuerdos con el Psoe que mejoren la vida de la gente, pero sin ser copart\u00edcipes de pol\u00edticas social-liberales. Ahora mismo el gobierno est\u00e1 mandando guardias civiles para apoyar al Ejecutivo griego en las pol\u00edticas de cierre de fronteras. \u00bfPor qu\u00e9 tienes que ser c\u00f3mplice de eso? Tambi\u00e9n contin\u00faa con las devoluciones en caliente en la frontera, y acaba de aprobar un techo de gasto impuesto por la UE que da por buenas las pol\u00edticas neoliberales de Bruselas. Ning\u00fan ministro de Unidas Podemos est\u00e1 de acuerdo con esas medidas, pero se las tienen que tragar.<\/p>\n<p style=\"text-align:justify;\">Para nosotros la entrada a este gobierno fue una diferencia estrat\u00e9gica con la direcci\u00f3n actual de Podemos. Podemos naci\u00f3 en 2014 con una hip\u00f3tesis: no subordinarnos al Psoe, no gobernar juntos siendo nosotros minor\u00eda. S\u00ed hacerlo en condiciones de fuerza, como sucedi\u00f3 en algunas comunidades auton\u00f3micas.<\/p>\n<p style=\"text-align:justify;\">Y hay otro problema: al entrar al gobierno dejas un espacio vac\u00edo, y la naturaleza aborrece el vac\u00edo. Si nadie lo ocupa, ese espacio pol\u00edtico muta. Al d\u00eda de hoy, Vox no ha conseguido captar votos provenientes de la izquierda, pero es muy probable que la frustraci\u00f3n que genere este gobierno lleve a una desafecci\u00f3n del electorado de izquierda que primero puede volcarse a la abstenci\u00f3n y despu\u00e9s mudarse a otro espacio. Sucedi\u00f3 en Francia, en Italia. \u00bfPor qu\u00e9 no en Espa\u00f1a?<\/p>\n<p style=\"text-align:justify;\"><strong>\u2014\u00bfCu\u00e1l ser\u00eda la especificidad de Vox en el marco de las organizaciones europeas de extrema derecha?<\/strong><\/p>\n<p style=\"text-align:justify;\">\u2014Creo que Vox se parece mucho m\u00e1s a Bolsonaro que a Le Pen. Es profundamente neoliberal, nace de cierto movimiento \u201cneocon\u201d, con parentesco con el Tea Party estadounidense, y conecta con cierta tradici\u00f3n nacional-cat\u00f3lica, fascistoide, que nunca ha sido erradicada de la derecha espa\u00f1ola. No hay que olvidar que, a diferencia de otras derechas europeas, la espa\u00f1ola carece de toda tradici\u00f3n democr\u00e1tica. Lo que hoy es Vox antes estaba dentro del Partido Popular. No hay grandes diferencias entre Vox, el PP o Ciudadanos. Acaso que Vox hace una apolog\u00eda abierta del pasado franquista y las otras derechas lo asumen con la boca peque\u00f1a, con cierta verg\u00fcenza. De ah\u00ed que en Espa\u00f1a sea incluso in\u00fatil plantear un \u201ccerco sanitario\u201d: \u00bfCon qu\u00e9 derecha democr\u00e1tica lo har\u00edas? PP, Ciudadanos y Vox no tienen problemas para gobernar juntos. Lo hacen ya en comunidades auton\u00f3micas y lo pueden hacer a nivel del Estado.<\/p>\n<p style=\"text-align:justify;\">En Alemania, en cambio, cuando derecha, extrema derecha y liberales votaron juntos semanas atr\u00e1s en el land oriental de Turingia para que Die Linke no accediera a la presidencia, esa alianza no resisti\u00f3 porque las estructuras nacionales democristianas, con Angela Merkel a la cabeza, la rechazaron.<\/p>\n<p style=\"text-align:justify;\">El sistema pol\u00edtico espa\u00f1ol de los \u00faltimos 40 a\u00f1os deriva de la Transici\u00f3n, y la Transici\u00f3n reposa en una palabra clave: la impunidad del franquismo. Se pact\u00f3 el no castigo a los cr\u00edmenes de la dictadura y que las fuerzas armadas permanecieran intocadas. Si las elecciones se hicieran s\u00f3lo en los cuarteles, no hay duda de que en Espa\u00f1a ganar\u00eda Vox, lo que plantea la necesidad de exhumar por completo al franquismo del Ej\u00e9rcito y la Polic\u00eda. Eso no se ha hecho.<\/p>\n<p><strong><u>Notas<\/u><\/strong><\/p>\n<p>1) De acuerdo con el Institute for Economics and Peace (Iep), en los \u00faltimos cinco a\u00f1os los atentados de extrema derecha crecieron 320 por ciento en Europa, Am\u00e9rica del Norte y Ocean\u00eda, y son cada vez m\u00e1s letales: 17 muertos en 2017, 77 el a\u00f1o pasado (La Vanguardia, 23-II-20). En 2018, se\u00f1al\u00f3 en enero el madrile\u00f1o Observatorio Internacional de Estudios sobre Terrorismo, en el conjunto de Occidente \u201chubo m\u00e1s ataques terroristas inspirados por la extrema derecha que por el terrorismo yihadista (17,2 frente a 6,8 por ciento)\u201d.<\/p>\n<p>2) V\u00e9ase Brecha, 8-IX-19.<\/p>\n","protected":false},"excerpt":{"rendered":"<p>Etos partidos (de extrema derecha) crecen en reacci\u00f3n a movimientos anteriores, como el feminista o los derechos conquistados por la comunidad Lgbt. Y hay tambi\u00e9n otro punto com\u00fan a gran n\u00famero de ellos: una vuelta al fundamentalismo religioso, que puede ser cat\u00f3lico en Espa\u00f1a o Polonia, evangelista en la mayor parte de Am\u00e9rica Latina y parcialmente en Estados Unidos, hinduista en India&#8230;<\/p>\n","protected":false},"author":102520410,"featured_media":11258,"comment_status":"closed","ping_status":"closed","sticky":false,"template":"","format":"aside","meta":{"_coblocks_attr":"","_coblocks_dimensions":"","_coblocks_responsive_height":"","_coblocks_accordion_ie_support":"","advanced_seo_description":"","jetpack_seo_html_title":"","jetpack_seo_noindex":false,"jetpack_seo_schema_type":"","_jetpack_newsletter_access":"","_jetpack_dont_email_post_to_subs":false,"_jetpack_newsletter_tier_id":0,"_jetpack_memberships_contains_paywalled_content":false,"_wpcom_ai_launchpad_first_post":false,"_jetpack_feature_clip_id":0,"_jetpack_memberships_contains_paid_content":false,"footnotes":"","jetpack_post_was_ever_published":false},"categories":[1280792,288368],"tags":[88953392],"class_list":["post-11256","post","type-post","status-publish","format-aside","has-post-thumbnail","hentry","category-estado-espanol","category-izquierda","tag-bloque-de-izquierda","post_format-post-format-aside","fallback-thumbnail"],"jetpack_likes_enabled":false,"jetpack_sharing_enabled":true,"jetpack_shortlink":"https:\/\/wp.me\/p7lt2C-2Vy","amp_enabled":true,"jetpack_featured_media_url":"https:\/\/i0.wp.com\/correspondenciadeprensa.com\/wp-content\/uploads\/2020\/03\/miguel-urbc381n-e1584296245476.jpg?fit=752%2C456&ssl=1","_links":{"self":[{"href":"https:\/\/correspondenciadeprensa.com\/index.php?rest_route=\/wp\/v2\/posts\/11256","targetHints":{"allow":["GET"]}}],"collection":[{"href":"https:\/\/correspondenciadeprensa.com\/index.php?rest_route=\/wp\/v2\/posts"}],"about":[{"href":"https:\/\/correspondenciadeprensa.com\/index.php?rest_route=\/wp\/v2\/types\/post"}],"author":[{"embeddable":true,"href":"https:\/\/correspondenciadeprensa.com\/index.php?rest_route=\/wp\/v2\/users\/102520410"}],"replies":[{"embeddable":true,"href":"https:\/\/correspondenciadeprensa.com\/index.php?rest_route=%2Fwp%2Fv2%2Fcomments&post=11256"}],"version-history":[{"count":5,"href":"https:\/\/correspondenciadeprensa.com\/index.php?rest_route=\/wp\/v2\/posts\/11256\/revisions"}],"predecessor-version":[{"id":11262,"href":"https:\/\/correspondenciadeprensa.com\/index.php?rest_route=\/wp\/v2\/posts\/11256\/revisions\/11262"}],"wp:featuredmedia":[{"embeddable":true,"href":"https:\/\/correspondenciadeprensa.com\/index.php?rest_route=\/wp\/v2\/media\/11258"}],"wp:attachment":[{"href":"https:\/\/correspondenciadeprensa.com\/index.php?rest_route=%2Fwp%2Fv2%2Fmedia&parent=11256"}],"wp:term":[{"taxonomy":"category","embeddable":true,"href":"https:\/\/correspondenciadeprensa.com\/index.php?rest_route=%2Fwp%2Fv2%2Fcategories&post=11256"},{"taxonomy":"post_tag","embeddable":true,"href":"https:\/\/correspondenciadeprensa.com\/index.php?rest_route=%2Fwp%2Fv2%2Ftags&post=11256"}],"curies":[{"name":"wp","href":"https:\/\/api.w.org\/{rel}","templated":true}]}}