{"id":11229,"date":"2020-03-15T09:07:24","date_gmt":"2020-03-15T08:07:24","guid":{"rendered":"http:\/\/correspondenciadeprensa.com\/?p=11229"},"modified":"2020-03-15T09:19:17","modified_gmt":"2020-03-15T08:19:17","slug":"italia-de-la-emergencia-sanitaria-a-la-crisis-social","status":"publish","type":"post","link":"https:\/\/correspondenciadeprensa.com\/?p=11229","title":{"rendered":"Italia &#8211; De la emergencia sanitaria a la crisis social.   [Marta Autore\/Salvatore Corizzo]"},"content":{"rendered":"<p><strong>Traducci\u00f3n de <a href=\"https:\/\/www.vientosur.info\/\">Viento Sur<\/a>, 14-3-2020<\/strong><\/p>\n<p><strong><a href=\"https:\/\/correspondenciadeprensa.com\/\">Correspondencia de Prensa<\/a>, 15-3-2020<br \/>\n<\/strong><\/p>\n<p style=\"text-align:justify;\">La emergencia que experimentamos en las \u00faltimas semanas en Italia tiene un car\u00e1cter sanitario, econ\u00f3mico y social en un sentido amplio, que pronto podr\u00eda convertirse en una crisis real, con marcos de seguridad.<\/p>\n<p style=\"text-align:justify;\">Mientras escribimos (datos actualizados en la tarde del 11 de marzo) en Italia hay 12.462 infectados, mientras que los muertos son 827. Desafortunadamente, estos datos aumentan constantemente, lo que parece seguir una tendencia exponencial\u00a0 1\/.<\/p>\n<p style=\"text-align:justify;\">Pero para comprender d\u00f3nde estamos hoy y d\u00f3nde podr\u00edamos estar en unas pocas horas, d\u00edas o semanas, es necesario dar un paso atr\u00e1s para definir las caracter\u00edsticas de la fase pol\u00edtico-social particular que estamos atravesando.<\/p>\n<p style=\"text-align:center;\"><strong>El comienzo de la infecci\u00f3n<\/strong><\/p>\n<p style=\"text-align:justify;\">El 21 de febrero de 2020 se detect\u00f3 el primer caso de Coronavirus en Italia: un paciente de 38 a\u00f1os hospitalizado en el hospital Codogno, un pueblo con poco m\u00e1s de 15.000 habitantes en la provincia de Lodi (Lombard\u00eda, en el norte del pa\u00eds) que hoy es el principal brote de la epidemia en nuestro pa\u00eds.<\/p>\n<p style=\"text-align:justify;\">En unos pocos d\u00edas, los casos de infecci\u00f3n se extendieron r\u00e1pidamente por todo el norte de Italia, afectando particularmente a Lombard\u00eda, seguidos por Veneto y Emilia Romagna, que a\u00fan registran hoy m\u00e1s del 80% de los casos nacionales. Inicialmente hubo una subestimaci\u00f3n de las posibles consecuencias derivadas de la propagaci\u00f3n del virus, entre los gobernadores que invitaban a vivir normalmente para no detener el crecimiento econ\u00f3mico\u00a0 2\/ y una opini\u00f3n p\u00fablica que hablaba del Coronavirus como poco m\u00e1s que una gripe normal. Las medidas adoptadas inicialmente en las regiones mencionadas arriba, como el requisito de una m\u00e1scara y guantes, el requisito de al menos un metro de distancia entre las personas, as\u00ed como la reducci\u00f3n de la afluencia de personas en oficinas p\u00fablicas como hospitales y tribunales y la limitaci\u00f3n de los movimientos de los residentes de un municipio a otro, resultaron tard\u00edas para retrasar o detener la propagaci\u00f3n de la epidemia, hoy en d\u00eda presente en todo el territorio nacional.<\/p>\n<p style=\"text-align:center;\"><strong>Un sistema de salud al borde del colapso<\/strong><\/p>\n<p style=\"text-align:justify;\">COVID-19 asusta y es necesario ralentizar su propagaci\u00f3n. Lo encontramos explicado en varios art\u00edculos, dibujos y tutoriales: Flatten the curve, ralentizar los contagios para distribuirlos durante un per\u00edodo de tiempo m\u00e1s largo, para no colapsar el Sistema Nacional de Salud (SNS). Porque este virus en nuestro pa\u00eds env\u00eda alrededor del 15% de los casos hospitalizados a la UCI, un porcentaje decididamente mayor que el de hospitalizaciones por gripes estacional, a causa de un virus, adem\u00e1s, m\u00e1s contagioso que la gripe estacional.<\/p>\n<p style=\"text-align:justify;\">Por otro lado, la epidemia se da en un contexto de subfinanciacion cr\u00f3nica del SNS, que ha llevado a una reducci\u00f3n del 50% en las camas de hospital de 1997 a 2015 (pasando de 575 camas por cada 100 mil habitantes a las 275 actuales)\u00a0 3\/ y disminuyendo 46.000 empleados hospitalarios entre 2009 y 2017.<\/p>\n<p style=\"text-align:justify;\">Por tanto, al comienzo de la emergencia, Italia ten\u00eda 5.090 plazas de cuidados intensivos (UCI), de las cuales, al menos normalmente, el 80% ya se utiliza para casos ordinarios. De entrada, est\u00e1 claro que un escenario de colapso es m\u00e1s que real. A principios de mes, el Ministerio de Salud lanz\u00f3 un plan para aumentar los puestos de UCI en territorio nacional en un 50%, y en las salas de neumolog\u00eda y enfermedades infecciosas en un 100%, posiblemente liberando puestos a trav\u00e9s de la transferencia de pacientes a instalaciones privadas.<\/p>\n<p style=\"text-align:justify;\">En este contexto, a partir del 11 de marzo ya registramos 12.462 infecciones, de las cuales 10.590 son actualmente positivas, 1.038 hospitalizaciones en UCI y 827 muertes.<\/p>\n<p style=\"text-align:justify;\">Si los datos nacionales ya indican una situaci\u00f3n de emergencia de salud fuerte, son los datos de algunas regiones los que dan una imagen a\u00fan m\u00e1s complicada. En Lombard\u00eda, donde el virus est\u00e1 m\u00e1s extendido, los n\u00fameros son los siguientes: 4.400 hospitalizados de los cuales 560 en TI (15 ya clasificados en otras regiones), poco menos del 13% de los hospitalizados. En resumen, la rigidez del sistema est\u00e1 al borde del colapso, si no m\u00e1s all\u00e1, a pesar de los esfuerzos para aumentar las plazas en UCI, como se muestra en el gr\u00e1fico:<img data-recalc-dims=\"1\" loading=\"lazy\" decoding=\"async\" data-attachment-id=\"11234\" data-permalink=\"https:\/\/correspondenciadeprensa.com\/?attachment_id=11234\" data-orig-file=\"https:\/\/i0.wp.com\/correspondenciadeprensa.com\/wp-content\/uploads\/2020\/03\/italia1503-ii.jpg?fit=1384%2C802&amp;ssl=1\" data-orig-size=\"1384,802\" data-comments-opened=\"0\" data-image-title=\"Italia1503 II\" data-image-description=\"\" data-image-caption=\"\" data-large-file=\"https:\/\/i0.wp.com\/correspondenciadeprensa.com\/wp-content\/uploads\/2020\/03\/italia1503-ii.jpg?fit=656%2C380&amp;ssl=1\" class=\" size-full wp-image-11234 aligncenter\" src=\"https:\/\/i0.wp.com\/correspondenciadeprensa.com\/wp-content\/uploads\/2020\/03\/italia1503-ii.jpg?resize=656%2C380&#038;ssl=1\" alt=\"Italia1503 II\" width=\"656\" height=\"380\" \/><\/p>\n<p style=\"text-align:justify;\">Y debemos considerar que Lombard\u00eda es una regi\u00f3n punta en materia de salud, en un pa\u00eds donde la gesti\u00f3n de la salud p\u00fablica es estatal-regional, con fuertes disparidades Norte-Sur. Un impacto similar del virus en las regiones del sur del pa\u00eds tendr\u00eda efectos a\u00fan m\u00e1s devastadores.<\/p>\n<p style=\"text-align:justify;\">Mientras el gobierno se postula para cubrirse, tratando de parchear un sistema de salud definido, el crecimiento exponencial de infecciones y muertes impone la necesidad de alg\u00fan tipo de contenci\u00f3n de la infecci\u00f3n.<\/p>\n<p style=\"text-align:center;\"><strong>Las medidas de contenci\u00f3n y el \u00e1rea roja que se ensancha<\/strong><\/p>\n<p style=\"text-align:justify;\">La propagaci\u00f3n del virus llev\u00f3 al gobierno italiano a adoptar una serie de decretos legislativos, que inicialmente se refer\u00edan a los territorios de las regiones del norte donde hab\u00eda brotes de personas infectadas (decreto del 23 de febrero), luego se extendi\u00f3 gradualmente a las regiones del norte (8 de marzo) y, por \u00faltimo, a todo el territorio nacional (10 de marzo), que prev\u00e9 una serie de medidas restrictivas que pueden resumirse como sigue:<\/p>\n<p>1- Prohibici\u00f3n de la salida del municipio o \u00e1rea en cuesti\u00f3n por parte de todas las personas que est\u00e1n dentro;<\/p>\n<p>2- Prohibici\u00f3n de acceso a la municipalidad o \u00e1rea en cuesti\u00f3n;<\/p>\n<p>3- Suspensi\u00f3n de eventos o iniciativas de cualquier naturaleza, de eventos y de cualquier forma de reuni\u00f3n en un lugar p\u00fablico o privado, incluidos los de naturaleza cultural, recreativa, deportiva y religiosa, incluso si se llevan a cabo en lugares cerrados abiertos al p\u00fablico.<\/p>\n<p style=\"text-align:justify;\">Adem\u00e1s, las escuelas, cines y museos est\u00e1n cerrados.<\/p>\n<p style=\"text-align:justify;\">Finalmente, por decreto del Primer Ministro el 11 de marzo de 2020, se declara el cierre de ciertas actividades hasta el 25 de marzo de 2020, como bares, restaurantes, cantinas, gimnasios, centros de belleza, peluquer\u00edas, etc. Si bien los sectores que se consideran productivos, como la industria y los grandes minoristas, siguen abiertos.<\/p>\n<p style=\"text-align:justify;\">Est\u00e1 claro que desde un punto de vista institucional, econ\u00f3mico, de salud y social, estamos en una situaci\u00f3n sin precedentes en la historia republicana italiana.<\/p>\n<p style=\"text-align:center;\"><strong>Los efectos<\/strong><\/p>\n<p style=\"text-align:justify;\">Primero, est\u00e1 bastante claro que las medidas tomadas por el gobierno se traducen en una suspensi\u00f3n parcial del Estado de Derecho y en la suspensi\u00f3n de una serie de derechos garantizados constitucionalmente.<\/p>\n<p style=\"text-align:justify;\">Desde este punto de vista, el debate en la opini\u00f3n p\u00fablica y, en particular, en la izquierda, se ha centrado en el riesgo autoritario y permanente de estas medidas; en particular el profesor Agamben destac\u00f3 el riesgo de establecer un Estado de excepci\u00f3n\u00a0 4\/. Sin embargo, esta tesis no nos convence y la impresi\u00f3n es que estas medidas son el resultado de un inicial estado de confusi\u00f3n del gobierno, que gestion\u00f3 de forma confusa e irresponsable las primeras fases de la infecci\u00f3n y que no ha previsto el riesgo para la salud publica derivado de la propagaci\u00f3n de Covid-19 y que, por lo tanto, para bloquearlo y evitar el colapso del sistema de salud italiano, tuvo que adoptar medidas autoritarias, como se puede ver claramente en las medidas descritas en el p\u00e1rrafo anterior.<\/p>\n<p style=\"text-align:justify;\">La movilidad individual est\u00e1 sujeta a una vigilancia constante por parte de las fuerzas del orden, que pueden evitar el movimiento de personas si no salen por motivos laborales, de salud o de necesidad (decreto del 11 marzo). Por tanto, las y los agentes pueden impugnar e informar a las autoridades judiciales sobre personas que salen por razones que van m\u00e1s all\u00e1 del trabajo, la salud y la necesidad, sin que se cometa ning\u00fan tipo de delito. No hace falta decir que se concentra un poder arbitrario en manos de las fuerzas del orden p\u00fablico que, como ya est\u00e1 sucediendo, puede conducir al abuso y la intimidaci\u00f3n.<\/p>\n<p style=\"text-align:justify;\">Adem\u00e1s del posible giro autoritario de nuestro sistema democr\u00e1tico, el riesgo de una profunda crisis econ\u00f3mica es grave. Italia, como todos los pa\u00edses del \u00e1rea de la UE (y m\u00e1s all\u00e1) ha experimentado un estancamiento econ\u00f3mico durante a\u00f1os y la epidemia que estamos experimentando solo agravar\u00e1 la salud de nuestra fr\u00e1gil econom\u00eda.<\/p>\n<p style=\"text-align:justify;\">Debido al bloqueo decretado por el gobierno, muchos sectores del pa\u00eds est\u00e1n parados y, en particular, han cerrado jardines de infancia, escuelas y universidades, museos, teatros y cines, gimnasios, tiendas, bares. El turismo, tanto interno como externo, se ha reducido radicalmente y ahora lugares como restaurantes y hoteles est\u00e1n cerrados y vac\u00edos, muchos trabajadores y trabajadores dom\u00e9sticos se ven obligados a no trabajar y quedarse en casa, as\u00ed como a los trabajadores temporales con IVA, aut\u00f3nomos, freelance, intermitentes\u2026, mientras que muchos otros trabajadores de empresas p\u00fablicas y grandes se ven obligados a trabajar en un r\u00e9gimen de trabajo inteligente. Finalmente, todos los trabajadores ilegales (trabajadores en negro) debido a los l\u00edmites de movilidad, de hecho, ya no encuentran trabajo para mantenerse.<\/p>\n<p style=\"text-align:justify;\">En resumen, una parte sustancial del tejido de producci\u00f3n italiano est\u00e1 bloqueado de hecho, con terribles consecuencias en la vida de muchos trabajadores hombres y mujeres, en particular con muchos despidos de trabajadores y trabajadoras, particularmente en el sector de restaurantes, hoteles y turismo. Aquellos que trabajan en el sector social, hotelero o de entretenimiento y que se quedan en casa, no reciben ninguna remuneraci\u00f3n\/ingreso, al igual que quienes trabajan por IVA, de manera aut\u00f3noma o con contratos por ETT, o aquellos que sobreviven con trabajos irregulares o ilegales.<\/p>\n<p style=\"text-align:justify;\">Las consecuencias de estas medidas laborales afectan en realidad a la vida de muchas personas. En estas condiciones es probable que pagar alquileres, hipotecas, facturas, poder continuar comprando y cubrir necesidades b\u00e1sicas como medicamentos, toallas sanitarias, pa\u00f1ales y ropa, sea cada vez m\u00e1s complicado y exigente. Existe un grave riesgo de que muchas personas no puedan asegurar estos bienes y gastos necesarios para su supervivencia.<\/p>\n<p style=\"text-align:justify;\">Si bien en este momento no parece haber riesgo de una grieta financiera italiana, el riesgo de una debacle econ\u00f3mica es absolutamente realista y en las \u00faltimas horas, el gobierno est\u00e1 preparando un plan econ\u00f3mico. El Consejo de Ministros ha elevado a 25 mil millones de euros la asignaci\u00f3n para hacer frente a la situaci\u00f3n extraordinaria que est\u00e1 experimentando el pa\u00eds. Estas medidas econ\u00f3micas deber\u00edan referirse a la asignaci\u00f3n de fondos para el fortalecimiento del Servicio Nacional de Salud y la protecci\u00f3n civil, as\u00ed como a la adopci\u00f3n de medidas econ\u00f3micas que puedan permitir la extensi\u00f3n de las redes de seguridad social, del fondo de integraci\u00f3n salarial, del despido en derogaci\u00f3n para todo, as\u00ed como el permiso parental especial. Por el momento no hay comunicaci\u00f3n oficial del gobierno sobre estas medidas, solo rumores alimentados por los medios nacionales.<\/p>\n<p style=\"text-align:center;\"><strong>Parar todo&#8230; \u00a1pero jam\u00e1s las ganancias de las grandes f\u00e1bricas!<\/strong><\/p>\n<p style=\"text-align:justify;\">Italia cierra&#8230; las f\u00e1bricas no. Mientras que el decreto del 11 de marzo cierra todos los negocios\/tiendas no esenciales, mientras que la mayor\u00eda de las y los ciudadanos est\u00e1n cerrados en sus hogares entre el teletrabajo, el desempleo, los ni\u00f1os y los ancianos para ser tratados, las f\u00e1bricas y las grandes cadenas de producci\u00f3n permanecen completamente abiertas y a r\u00e9gimen, sin reducciones de producci\u00f3n planificadas, sin convincentes directivas espec\u00edficas de las empresas para proteger la salud de los trabajadores y las trabajadoras, que trabajan en f\u00e1bricas con miles de empleados todos los d\u00edas.<\/p>\n<p style=\"text-align:justify;\">A causa de ello, se han dado huelgas espont\u00e1neas a lo largo de las l\u00edneas de montaje de grandes plantas metal\u00fargicas. A las 14:00 horas del 11 de marzo tuvo lugar la primera huelga, en la Fiat de Pomigliano, en Campania, donde 5.000 trabajadores y trabajadoras se re\u00fanen todos los d\u00edas para la producci\u00f3n del Panda, el auto m\u00e1s vendido en Italia. El 12 de marzo, la ola de huelgas se traslad\u00f3 a las provincias del norte: Mantua, Brescia, algunas de las zonas m\u00e1s afectadas por la emergencia sanitaria. Piden medidas de seguridad, 10 d\u00edas de cierre para desinfectar el medio ambiente y solicitan palabras claras del gobierno sobre redes de seguridad social que garanticen una desaceleraci\u00f3n para proteger la salud.<\/p>\n<p style=\"text-align:center;\"><strong>Las c\u00e1rceles: una revuelta dram\u00e1tica<\/strong><\/p>\n<p style=\"text-align:justify;\">En los \u00faltimos 3 d\u00edas ha habido 27 disturbios carcelarios en todo el pa\u00eds. El sistema penitenciario italiano tiene una sobrepoblaci\u00f3n de unas 10.000 personas, llegando a hacinarse hasta 10 personas por celda, las condiciones sanitarias son muy precarias y las infecciones y diversas enfermedades est\u00e1n en la agenda. Adem\u00e1s, el servicio de salud dentro de los centros de detenci\u00f3n no satisface las necesidades m\u00ednimas de ninguna persona. De hecho, tal situaci\u00f3n pone a miles de personas detenidas en grave riesgo de contagio, con el riesgo de comprometer seriamente sus vidas. Finalmente, la chispa que encendi\u00f3 la pradera fueron las absurdas medidas antivirus tomadas por el Ministro de Justicia, que suspendi\u00f3 la posibilidad de usar permisos de trabajo, visitas de los padres a la prisi\u00f3n, as\u00ed como tambi\u00e9n suspendi\u00f3 el acceso de trabajadores sociales y voluntarios. Frente a estas medidas absurdas e inhumanas ha habido muchas explosiones de ira y disturbios, en los que desafortunadamente 15 personas han muerto. El estado italiano afirma que los detenidos murieron por una sobredosis, pero hay muchas dudas sobre esta versi\u00f3n y no se puede excluir que estas personas murieran por razones represivas y\/o arreglos de cuentas internas.<\/p>\n<p style=\"text-align:justify;\">Si bien la protesta no ha servido para que el gobierno cambie su l\u00ednea en este campo, a nivel de la opini\u00f3n p\u00fablica ha tenido el m\u00e9rito de abrir un debate, y desde muchas partes est\u00e1n pidiendo que se aplique la amnist\u00eda para algunos tipos de delitos o un indulto, o que muchos prisioneros tengan la oportunidad de aprovechar medidas alternativas a la detenci\u00f3n carcelaria. Estas peticiones, adem\u00e1s de por activistas, est\u00e1n protagonizadas por abogados, asociaciones de derechos humanos, periodistas, y peri\u00f3dicos nacionales como Manifesto y Riformista.<\/p>\n<p style=\"text-align:center;\"><strong>8 y 9 de marzo: o c\u00f3mo reaccion\u00f3 el movimiento feminista ante la emergencia<\/strong><\/p>\n<p style=\"text-align:justify;\">\u201cEl 8 de marzo lleg\u00f3 en el contexto de la emergencia de salud que ten\u00edamos y con la que quer\u00edamos lidiar. Asumiendo plenamente la responsabilidad colectiva de proteger la salud de todes, el 8 de marzo en muchas ciudades de Italia a\u00fan consideramos importante marcar el espacio p\u00fablico con acciones colectivas y formas de huelga alternativas y en red, que hemos ideado para no sentirnos solas y sentirnos parte de la huelga global. Porque la emergencia no cancela, sino que confirma, la urgencia de nuestra lucha\u00bb.<\/p>\n<p style=\"text-align:justify;\">Esas son las palabras mencionadas en una de las publicaciones en redes sociales por el movimiento feminista Non Una Di Meno.<\/p>\n<p style=\"text-align:justify;\">La movilizaci\u00f3n hab\u00eda sido anunciada y preparada para el 8 y 9 de marzo, con acciones que se extend\u00edan por todo el territorio para el domingo 8 de marzo y convocatoria de huelga feminista el lunes 9, con cobertura sindical provista por varios sindicatos de base despu\u00e9s del llamamiento lanzado por el movimiento. Pero ya a finales de febrero surgieron las primeras medidas restrictivas, comenzando con la prohibici\u00f3n de la huelga por parte de la Comisi\u00f3n de Garant\u00edas. Despu\u00e9s lleg\u00f3 la prohibici\u00f3n de reunirse en lugares cerrados, y finalmente la prohibici\u00f3n de reunirse en lugares abiertos, a medida que aumentaba el n\u00famero de contagios. El movimiento feminista Non Una Di Meno tuvo y quiso enfrentar una emergencia de salud con enormes implicaciones sociales. Porque \u00abla emergencia no cancela, sino que confirma, la urgencia de nuestra lucha\u00bb. De hecho, las mujeres pagan el precio de las medidas de contenci\u00f3n: las mujeres que deben quedarse en casa para el cuidado de sus hijos con escuelas cerradas o de ancianos; las trabajadoras que se ven despedidas u obligadas a gastar sus vacaciones; los sectores de cuidado y reproducci\u00f3n, altamente precarios y feminizados, forzados a turnos agotadores; las trabajadoras dom\u00e9sticas y de cuidados, a menudo migrantes, que viven con sus empleadores, etc.<\/p>\n<p style=\"text-align:justify;\">Por no mencionar la violencia dom\u00e9stica. La cuarentena forzada y el aislamiento durante semanas en el hogar corren el riesgo de ser una bomba en tiempo real para casos de violencia dom\u00e9stica, como muestra el caso chino\u00a0 5\/. Para algunas, quedarse en casa suena m\u00e1s como una amenaza que un consuelo.<img data-recalc-dims=\"1\" loading=\"lazy\" decoding=\"async\" data-attachment-id=\"11238\" data-permalink=\"https:\/\/correspondenciadeprensa.com\/?attachment_id=11238\" data-orig-file=\"https:\/\/i0.wp.com\/correspondenciadeprensa.com\/wp-content\/uploads\/2020\/03\/italia1503-iii.jpg?fit=588%2C294&amp;ssl=1\" data-orig-size=\"588,294\" data-comments-opened=\"0\" data-image-title=\"Italia1503 III\" data-image-description=\"\" data-image-caption=\"\" data-large-file=\"https:\/\/i0.wp.com\/correspondenciadeprensa.com\/wp-content\/uploads\/2020\/03\/italia1503-iii.jpg?fit=588%2C294&amp;ssl=1\" class=\" size-full wp-image-11238 aligncenter\" src=\"https:\/\/i0.wp.com\/correspondenciadeprensa.com\/wp-content\/uploads\/2020\/03\/italia1503-iii.jpg?resize=588%2C294&#038;ssl=1\" alt=\"Italia1503 III\" width=\"588\" height=\"294\" \/><\/p>\n<p style=\"text-align:justify;\">Y luego es necesario gritar m\u00e1s fuerte, con la capacidad de ocupar todo el espacio posible, sabiendo sin embargo que el cuidado mutuo y la solidaridad son una parte integral de nuestra lucha. Y para esto hubo una r\u00e1pida recalibraci\u00f3n de los d\u00edas de protesta, que vieron flashmobs, acciones desplazadas, campa\u00f1as sociales, creaci\u00f3n de radios feministas y mecanismos de amplificaci\u00f3n de las historias de mujeres que en estos d\u00edas enfrentan la emergencia del coronavirus entre mil obst\u00e1culos y dificultades.<\/p>\n<p style=\"text-align:center;\"><strong>Solidaridad desde abajo y campa\u00f1as sociales a favor de una sanidad p\u00fablica gratuita y por ingresos de cuarentena<\/strong><\/p>\n<p style=\"text-align:justify;\">Indudablemente, esta fase de emergencia representa una ruptura entre un antes y un despu\u00e9s. De hecho, la percepci\u00f3n de la gente sobre la correcci\u00f3n o no de algunas opciones pol\u00edticas, econ\u00f3micas y sociales podr\u00eda cambiar, como en parte ya est\u00e1 sucediendo. Se levantan voces cr\u00edticas desde muchos lados sobre el proceso de desmantelamiento de la sanidad p\u00fablica y sobre el papel parasitario de la privada, as\u00ed como sobre la decisiones en torno a las pol\u00edticas laborales y el gasto p\u00fablico.<\/p>\n<p style=\"text-align:justify;\">En esta delicada fase, los \u00e1mbitos pol\u00edtico y social (espacios ocupados, colectivos feministas y LGBTQ+, asociaciones, realidades de base y sindicalismo social, activistas individuales y colectivos) est\u00e1n tratando de influir en la opini\u00f3n p\u00fablica a trav\u00e9s de reclamos y pr\u00e1cticas desde abajo, para apoyar a los sectores subordinados que corren el riesgo de pagar mucho por esta crisis sanitaria, econ\u00f3mica y social.<\/p>\n<p style=\"text-align:justify;\">En todo el pa\u00eds nacieron redes territoriales solidarias que se ocupan del apoyo de quienes viven en condiciones fr\u00e1giles de salud, econ\u00f3mica y social. Los activistas y los espacios, asociaciones e individuos se encargan de hacer la compra y entregarla en casa todos los d\u00edas, para aquellos que est\u00e1n en condiciones de aislamiento y no pueden salir de la casa por razones de salud y edad. Adem\u00e1s, las l\u00edneas telef\u00f3nicas utilizadas para hablar y hacer compa\u00f1\u00eda o para se\u00f1alar una emergencia se est\u00e1n activando, y desde este punto de vista, las radios autogestionadas y m\u00f3viles est\u00e1n haciendo un gran trabajo de escucha y cuidado, dando espacio a las solicitudes que provienen de quienes est\u00e1 relegados a una condici\u00f3n de aislamiento y soledad.<\/p>\n<p style=\"text-align:justify;\">A nivel pol\u00edtico general, naci\u00f3 una campa\u00f1a social (en estos d\u00edas) para solicitar una renta b\u00e1sica de cuarentena para garantizar la continuidad del ingreso y la abstenci\u00f3n del trabajo para todos\u00a0 6\/.<\/p>\n<p style=\"text-align:justify;\">Esta campa\u00f1a est\u00e1 teniendo una gran difusi\u00f3n en las redes sociales con miles de trabajadores precarios que la apoyan y la alimentan, y discuten c\u00f3mo encontrar formas alternativas e innovadoras de movilizaci\u00f3n con respecto a los l\u00edmites de movilidad que estamos experimentando. Muchos espacios pol\u00edticos, sindicatos, bases, espacios sociales y ocupados, hombres y mujeres trabajadores individuales, se re\u00fanen semanalmente en una conferencia telef\u00f3nica para decidir juntos las reivindicaciones pol\u00edticas que se activar\u00e1n. En torno a la solicitud de la renta se han articulado otras propuestas, tales como: el bloqueo de despidos, la extensi\u00f3n del paro t\u00e9cnico, la suspensi\u00f3n del pago del alquiler, las facturas de la hipoteca, o la distribuci\u00f3n gratuita de art\u00edculos b\u00e1sicos como tampones, pa\u00f1ales, medicamentos, ropa y alimentos.<\/p>\n<p style=\"text-align:justify;\">Todav\u00eda no est\u00e1 claro a d\u00f3nde llevar\u00e1 esta campa\u00f1a; sin embargo, la sensaci\u00f3n es que este debate podr\u00eda ir m\u00e1s all\u00e1 del problema de emergencia y plantear un problema general con respecto a las pol\u00edticas que afectan la producci\u00f3n y la reproducci\u00f3n social.<\/p>\n<p><strong>&#8211; Marta Autore<\/strong> y <strong>Salvatore Corizzo<\/strong> son militantes de Communia en Roma.<\/p>\n<p><strong><u>Notas<\/u><\/strong><\/p>\n<p>1\/\u00a0 Para datos actualizados a diario: <a href=\"http:\/\/opendatadpc.maps.arcgis.com\/apps\/opsdashboard\/index.html#\/b0c68bce2cce478eaac82fe38d4138b1\">http:\/\/opendatadpc.maps.arcgis.com\/apps\/opsdashboard\/index.html#\/b0c68bce2cce478eaac82fe38d4138b1 \u00a0<\/a><\/p>\n<p>2\/\u00a0 V\u00e9ase, por ejemplo, esta iniciativa del Partido Dem\u00f3crata: <a href=\"https:\/\/www.repubblica.it\/politica\/2020\/02\/27\/news\/coronavirus_zingaretti_contro_il_panico-249718891\/?ref=RHPPTP-BH-I249675643-C8-P1-S3.3-T2\">https:\/\/www.repubblica.it\/politica\/2020\/02\/27\/news\/coronavirus_zingaretti_contro_il_panico-249718891\/?ref=RHPPTP-BH-I249675643-C8-P1-S3.3-T2<\/a><\/p>\n<p>3\/\u00a0 Datos de la OMS: <a href=\"https:\/\/gateway.euro.who.int\/en\/indicators\/hfa_478-5060-acute-care-hospital-beds-per-100-000\/visualizations\/#id=19535&amp;tab=graph\">https:\/\/gateway.euro.who.int\/en\/indicators\/hfa_478-5060-acute-care-hospital-beds-per-100-000\/visualizations\/#id=19535&amp;tab=graph<\/a><\/p>\n<p>4\/\u00a0 <a href=\"https:\/\/ilmanifesto.it\/lo-stato-deccezione-provocato-da-unemergenza-immotivata\/\">https:\/\/ilmanifesto.it\/lo-stato-deccezione-provocato-da-unemergenza-immotivata\/)<\/a><\/p>\n<p>5\/\u00a0 <a href=\"https:\/\/www.huffingtonpost.it\/entry\/violenza-domestica-e-divorzi-la-quarantena-cinese-provoca-unimpennata_it_5e67c694c5b60557280c82e2\">https:\/\/www.huffingtonpost.it\/entry\/violenza-domestica-e-divorzi-la-quarantena-cinese-provoca-unimpennata_it_5e67c694c5b60557280c82e2)<\/a><\/p>\n<p>6\/\u00a0 <a href=\"https:\/\/www.facebook.com\/REDDITODIQUARANTENA\/\">https:\/\/www.facebook.com\/REDDITODIQUARANTENA\/<\/a><\/p>\n","protected":false},"excerpt":{"rendered":"<p>La epidemia se da en un contexto de subfinanciacion cr\u00f3nica del Sistema Nacional de Salud, que ha llevado a una reducci\u00f3n del 50% en las camas de hospital de 1997 a 2015 (pasando de 575 camas por cada 100 mil habitantes a las 275 actuales) y disminuyendo 46.000 empleados hospitalarios entre 2009 y 2017&#8230;<\/p>\n","protected":false},"author":102520410,"featured_media":11232,"comment_status":"closed","ping_status":"closed","sticky":false,"template":"","format":"aside","meta":{"_coblocks_attr":"","_coblocks_dimensions":"","_coblocks_responsive_height":"","_coblocks_accordion_ie_support":"","advanced_seo_description":"","jetpack_seo_html_title":"","jetpack_seo_noindex":false,"jetpack_seo_schema_type":"","_jetpack_newsletter_access":"","_jetpack_dont_email_post_to_subs":false,"_jetpack_newsletter_tier_id":0,"_jetpack_memberships_contains_paywalled_content":false,"_wpcom_ai_launchpad_first_post":false,"_jetpack_feature_clip_id":0,"_jetpack_memberships_contains_paid_content":false,"footnotes":"","jetpack_post_was_ever_published":false},"categories":[21862,2127],"tags":[1849896,541751873,2739396],"class_list":["post-11229","post","type-post","status-publish","format-aside","has-post-thumbnail","hentry","category-italia","category-salud","tag-estado-de-excepcion","tag-non-una-di-meno","tag-sistema-nacional-de-salud","post_format-post-format-aside","fallback-thumbnail"],"jetpack_likes_enabled":false,"jetpack_sharing_enabled":true,"jetpack_shortlink":"https:\/\/wp.me\/p7lt2C-2V7","amp_enabled":true,"jetpack_featured_media_url":"https:\/\/i0.wp.com\/correspondenciadeprensa.com\/wp-content\/uploads\/2020\/03\/italia1503-i.jpg?fit=660%2C371&ssl=1","_links":{"self":[{"href":"https:\/\/correspondenciadeprensa.com\/index.php?rest_route=\/wp\/v2\/posts\/11229","targetHints":{"allow":["GET"]}}],"collection":[{"href":"https:\/\/correspondenciadeprensa.com\/index.php?rest_route=\/wp\/v2\/posts"}],"about":[{"href":"https:\/\/correspondenciadeprensa.com\/index.php?rest_route=\/wp\/v2\/types\/post"}],"author":[{"embeddable":true,"href":"https:\/\/correspondenciadeprensa.com\/index.php?rest_route=\/wp\/v2\/users\/102520410"}],"replies":[{"embeddable":true,"href":"https:\/\/correspondenciadeprensa.com\/index.php?rest_route=%2Fwp%2Fv2%2Fcomments&post=11229"}],"version-history":[{"count":7,"href":"https:\/\/correspondenciadeprensa.com\/index.php?rest_route=\/wp\/v2\/posts\/11229\/revisions"}],"predecessor-version":[{"id":11239,"href":"https:\/\/correspondenciadeprensa.com\/index.php?rest_route=\/wp\/v2\/posts\/11229\/revisions\/11239"}],"wp:featuredmedia":[{"embeddable":true,"href":"https:\/\/correspondenciadeprensa.com\/index.php?rest_route=\/wp\/v2\/media\/11232"}],"wp:attachment":[{"href":"https:\/\/correspondenciadeprensa.com\/index.php?rest_route=%2Fwp%2Fv2%2Fmedia&parent=11229"}],"wp:term":[{"taxonomy":"category","embeddable":true,"href":"https:\/\/correspondenciadeprensa.com\/index.php?rest_route=%2Fwp%2Fv2%2Fcategories&post=11229"},{"taxonomy":"post_tag","embeddable":true,"href":"https:\/\/correspondenciadeprensa.com\/index.php?rest_route=%2Fwp%2Fv2%2Ftags&post=11229"}],"curies":[{"name":"wp","href":"https:\/\/api.w.org\/{rel}","templated":true}]}}